
{"id":6176,"date":"2023-01-30T09:54:58","date_gmt":"2023-01-30T08:54:58","guid":{"rendered":"https:\/\/blog.vida.at\/pensionisten\/?p=6176"},"modified":"2023-01-30T09:56:33","modified_gmt":"2023-01-30T08:56:33","slug":"og-villach-hat-gewaehlt","status":"publish","type":"post","link":"https:\/\/blog.vida.at\/pensionisten\/2023\/01\/30\/og-villach-hat-gewaehlt\/","title":{"rendered":"OG Villach hat gew\u00e4hlt"},"content":{"rendered":"\n<div class=\"wp-block-group Container advgb-dyn-6d6aa993\"><div class=\"wp-block-group__inner-container is-layout-flow wp-block-group-is-layout-flow\">\n<h4 class=\"wp-block-heading\">Mitgliederversammlung und Neuwahl vom 27.1.2023.<\/h4>\n\n\n\n<br>\n\n\n\n<p><\/p>\n\n\n\n<!--more-->\n\n\n\n<p><\/p>\n\n\n\n<p>Am 27. J\u00e4nner 2023 fanden die <strong>Mitgliederversammlung und Neuwahl<\/strong> der vida-PensionistInnen der OG Villach statt.<\/p>\n\n\n\n<p>Zahlreiche Mitglieder waren ins Villacher Rathaus gekommen. Unter den anwesenden G\u00e4sten waren u.a. die Landesvorsitzende der vida K\u00e4rnten, <strong>Uschi Heitzer<\/strong>, der ehemalige Landesvorsitzende der vida K\u00e4rnten, <strong>LAbg. Hermann Lipitsch<\/strong>, <strong>GR Mag.a Nicole Schojer<\/strong>, der Landesvorsitzende der vida-PensionistInnen K\u00e4rnten, <strong>Roman Kobald<\/strong>, sowie Vertreter der BVAEB und der \u00d6BV.<\/p>\n\n\n\n<p><strong>Heinz K\u00d6CHL<\/strong> wurde einstimmig zum neuen <strong>OG-Vorsitzenden<\/strong> gew\u00e4hlt. Zu seinem <strong>Vertreter<\/strong> wurde <strong>Rudolf TURNER <\/strong>und als <strong>Kassier Adolf MADL<\/strong> wiedergew\u00e4hlt. <\/p>\n\n\n\n<p><span style=\"color: #f80404\" class=\"stk-highlight\"><strong>Wir w\u00fcnschen dem gesamten Team viel Erfolg f\u00fcr die n\u00e4chsten f\u00fcnf Jahre.<\/strong><\/span><\/p>\n\n\n<div class=\"wp-block-image is-style-default\">\n<figure class=\"aligncenter size-large\"><img loading=\"lazy\" decoding=\"async\" width=\"1024\" height=\"683\" src=\"https:\/\/blog.vida.at\/pensionisten\/wp-content\/uploads\/sites\/10\/2023\/01\/OG_Villach_Mitgliederversammlung_1-1024x683.jpg\" alt=\"\" class=\"wp-image-6178\" srcset=\"https:\/\/blog.vida.at\/pensionisten\/wp-content\/uploads\/sites\/10\/2023\/01\/OG_Villach_Mitgliederversammlung_1-1024x683.jpg 1024w, https:\/\/blog.vida.at\/pensionisten\/wp-content\/uploads\/sites\/10\/2023\/01\/OG_Villach_Mitgliederversammlung_1-300x200.jpg 300w, https:\/\/blog.vida.at\/pensionisten\/wp-content\/uploads\/sites\/10\/2023\/01\/OG_Villach_Mitgliederversammlung_1-768x512.jpg 768w, https:\/\/blog.vida.at\/pensionisten\/wp-content\/uploads\/sites\/10\/2023\/01\/OG_Villach_Mitgliederversammlung_1-1536x1024.jpg 1536w, https:\/\/blog.vida.at\/pensionisten\/wp-content\/uploads\/sites\/10\/2023\/01\/OG_Villach_Mitgliederversammlung_1-2048x1365.jpg 2048w, https:\/\/blog.vida.at\/pensionisten\/wp-content\/uploads\/sites\/10\/2023\/01\/OG_Villach_Mitgliederversammlung_1-500x333.jpg 500w, https:\/\/blog.vida.at\/pensionisten\/wp-content\/uploads\/sites\/10\/2023\/01\/OG_Villach_Mitgliederversammlung_1-800x533.jpg 800w, https:\/\/blog.vida.at\/pensionisten\/wp-content\/uploads\/sites\/10\/2023\/01\/OG_Villach_Mitgliederversammlung_1-1280x853.jpg 1280w, https:\/\/blog.vida.at\/pensionisten\/wp-content\/uploads\/sites\/10\/2023\/01\/OG_Villach_Mitgliederversammlung_1-1920x1280.jpg 1920w, https:\/\/blog.vida.at\/pensionisten\/wp-content\/uploads\/sites\/10\/2023\/01\/OG_Villach_Mitgliederversammlung_1-600x400.jpg 600w, https:\/\/blog.vida.at\/pensionisten\/wp-content\/uploads\/sites\/10\/2023\/01\/OG_Villach_Mitgliederversammlung_1-1568x1045.jpg 1568w\" sizes=\"auto, (max-width: 1024px) 100vw, 1024px\" \/><figcaption class=\"wp-element-caption\">Im Bild von links nach rechts: Adolf Madl, Roman Kobald, Rudolf Turner, Heinz K\u00f6chl und Uschi Heitzer<\/figcaption><\/figure>\n<\/div><\/div><\/div>\n\n\n<div class=\"wp-block-image\">\n<figure class=\"aligncenter size-large\"><img loading=\"lazy\" decoding=\"async\" width=\"1024\" height=\"683\" src=\"https:\/\/blog.vida.at\/pensionisten\/wp-content\/uploads\/sites\/10\/2023\/01\/OG_Villach_Mitgliederversammlung_2-1024x683.jpg\" alt=\"\" class=\"wp-image-6177\" srcset=\"https:\/\/blog.vida.at\/pensionisten\/wp-content\/uploads\/sites\/10\/2023\/01\/OG_Villach_Mitgliederversammlung_2-1024x683.jpg 1024w, https:\/\/blog.vida.at\/pensionisten\/wp-content\/uploads\/sites\/10\/2023\/01\/OG_Villach_Mitgliederversammlung_2-300x200.jpg 300w, https:\/\/blog.vida.at\/pensionisten\/wp-content\/uploads\/sites\/10\/2023\/01\/OG_Villach_Mitgliederversammlung_2-768x512.jpg 768w, https:\/\/blog.vida.at\/pensionisten\/wp-content\/uploads\/sites\/10\/2023\/01\/OG_Villach_Mitgliederversammlung_2-1536x1024.jpg 1536w, https:\/\/blog.vida.at\/pensionisten\/wp-content\/uploads\/sites\/10\/2023\/01\/OG_Villach_Mitgliederversammlung_2-2048x1366.jpg 2048w, https:\/\/blog.vida.at\/pensionisten\/wp-content\/uploads\/sites\/10\/2023\/01\/OG_Villach_Mitgliederversammlung_2-500x333.jpg 500w, https:\/\/blog.vida.at\/pensionisten\/wp-content\/uploads\/sites\/10\/2023\/01\/OG_Villach_Mitgliederversammlung_2-800x533.jpg 800w, https:\/\/blog.vida.at\/pensionisten\/wp-content\/uploads\/sites\/10\/2023\/01\/OG_Villach_Mitgliederversammlung_2-1280x854.jpg 1280w, https:\/\/blog.vida.at\/pensionisten\/wp-content\/uploads\/sites\/10\/2023\/01\/OG_Villach_Mitgliederversammlung_2-1920x1280.jpg 1920w, https:\/\/blog.vida.at\/pensionisten\/wp-content\/uploads\/sites\/10\/2023\/01\/OG_Villach_Mitgliederversammlung_2-600x400.jpg 600w, https:\/\/blog.vida.at\/pensionisten\/wp-content\/uploads\/sites\/10\/2023\/01\/OG_Villach_Mitgliederversammlung_2-1568x1046.jpg 1568w\" sizes=\"auto, (max-width: 1024px) 100vw, 1024px\" \/><figcaption class=\"wp-element-caption\">im Bild von links nach rechts: Roman Kobald, Rudolf Turner, Siegfried Pfeiffer von der \u00d6BV, Norbert Picker (Gewinner \u00d6BV-Gewinnspiel), Uschi Heitzer und  Heinz K\u00f6chl<\/figcaption><\/figure>\n<\/div>","protected":false},"excerpt":{"rendered":"<p>Mitgliederversammlung und Neuwahl vom 27.1.2023.<\/p>\n","protected":false},"author":8,"featured_media":6178,"comment_status":"open","ping_status":"open","sticky":false,"template":"","format":"standard","meta":{"_uag_custom_page_level_css":"","advgb_blocks_editor_width":"","advgb_blocks_columns_visual_guide":"","footnotes":""},"categories":[1,56,49],"tags":[],"Orte":[],"activitytype":[],"class_list":["post-6176","post","type-post","status-publish","format-standard","has-post-thumbnail","hentry","category-allgemein","category-kaernten","category-ortsgruppen","entry"],"featured_image_urls":{"full":["https:\/\/blog.vida.at\/pensionisten\/wp-content\/uploads\/sites\/10\/2023\/01\/OG_Villach_Mitgliederversammlung_1-scaled.jpg",2560,1706,false],"thumbnail":["https:\/\/blog.vida.at\/pensionisten\/wp-content\/uploads\/sites\/10\/2023\/01\/OG_Villach_Mitgliederversammlung_1-150x150.jpg",150,150,true],"medium":["https:\/\/blog.vida.at\/pensionisten\/wp-content\/uploads\/sites\/10\/2023\/01\/OG_Villach_Mitgliederversammlung_1-300x200.jpg",300,200,true],"medium_large":["https:\/\/blog.vida.at\/pensionisten\/wp-content\/uploads\/sites\/10\/2023\/01\/OG_Villach_Mitgliederversammlung_1-768x512.jpg",640,427,true],"large":["https:\/\/blog.vida.at\/pensionisten\/wp-content\/uploads\/sites\/10\/2023\/01\/OG_Villach_Mitgliederversammlung_1-1024x683.jpg",640,427,true],"1536x1536":["https:\/\/blog.vida.at\/pensionisten\/wp-content\/uploads\/sites\/10\/2023\/01\/OG_Villach_Mitgliederversammlung_1-1536x1024.jpg",1536,1024,true],"2048x2048":["https:\/\/blog.vida.at\/pensionisten\/wp-content\/uploads\/sites\/10\/2023\/01\/OG_Villach_Mitgliederversammlung_1-2048x1365.jpg",2048,1365,true],"ab-block-post-grid-landscape":["https:\/\/blog.vida.at\/pensionisten\/wp-content\/uploads\/sites\/10\/2023\/01\/OG_Villach_Mitgliederversammlung_1-600x400.jpg",600,400,true],"ab-block-post-grid-square":["https:\/\/blog.vida.at\/pensionisten\/wp-content\/uploads\/sites\/10\/2023\/01\/OG_Villach_Mitgliederversammlung_1-600x600.jpg",600,600,true],"post-thumbnail":["https:\/\/blog.vida.at\/pensionisten\/wp-content\/uploads\/sites\/10\/2023\/01\/OG_Villach_Mitgliederversammlung_1-1568x1045.jpg",1568,1045,true],"awb_sm":["https:\/\/blog.vida.at\/pensionisten\/wp-content\/uploads\/sites\/10\/2023\/01\/OG_Villach_Mitgliederversammlung_1-500x333.jpg",500,333,true],"awb_md":["https:\/\/blog.vida.at\/pensionisten\/wp-content\/uploads\/sites\/10\/2023\/01\/OG_Villach_Mitgliederversammlung_1-800x533.jpg",800,533,true],"awb_lg":["https:\/\/blog.vida.at\/pensionisten\/wp-content\/uploads\/sites\/10\/2023\/01\/OG_Villach_Mitgliederversammlung_1-1280x853.jpg",1280,853,true],"awb_xl":["https:\/\/blog.vida.at\/pensionisten\/wp-content\/uploads\/sites\/10\/2023\/01\/OG_Villach_Mitgliederversammlung_1-1920x1280.jpg",1920,1280,true]},"post_excerpt_stackable":"<p>Mitgliederversammlung und Neuwahl vom 27.1.2023. Am 27. J\u00e4nner 2023 fanden die Mitgliederversammlung und Neuwahl der vida-PensionistInnen der OG Villach statt. Zahlreiche Mitglieder waren ins Villacher Rathaus gekommen. Unter den anwesenden G\u00e4sten waren u.a. die Landesvorsitzende der vida K\u00e4rnten, Uschi Heitzer, der ehemalige Landesvorsitzende der vida K\u00e4rnten, LAbg. Hermann Lipitsch, GR Mag.a Nicole Schojer, der Landesvorsitzende der vida-PensionistInnen K\u00e4rnten, Roman Kobald, sowie Vertreter der BVAEB und der \u00d6BV. Heinz K\u00d6CHL wurde einstimmig zum neuen OG-Vorsitzenden gew\u00e4hlt. Zu seinem Vertreter wurde Rudolf TURNER und als Kassier Adolf MADL wiedergew\u00e4hlt. Wir w\u00fcnschen dem gesamten Team viel Erfolg f\u00fcr die n\u00e4chsten f\u00fcnf Jahre. Im&hellip;<\/p>\n","category_list":"<a href=\"https:\/\/blog.vida.at\/pensionisten\/category\/allgemein\/\" rel=\"category tag\">Allgemein<\/a>, <a href=\"https:\/\/blog.vida.at\/pensionisten\/category\/ortsgruppen\/kaernten\/\" rel=\"category tag\">K\u00e4rnten<\/a>, <a href=\"https:\/\/blog.vida.at\/pensionisten\/category\/ortsgruppen\/\" rel=\"category tag\">Ortsgruppen<\/a>","author_info":{"display_name":"mariontobola","author_link":"https:\/\/blog.vida.at\/pensionisten\/author\/mariontobola\/"},"comments_num":"0 comments","featured_image_urls_v2":{"full":["https:\/\/blog.vida.at\/pensionisten\/wp-content\/uploads\/sites\/10\/2023\/01\/OG_Villach_Mitgliederversammlung_1-scaled.jpg",2560,1706,false],"thumbnail":["https:\/\/blog.vida.at\/pensionisten\/wp-content\/uploads\/sites\/10\/2023\/01\/OG_Villach_Mitgliederversammlung_1-150x150.jpg",150,150,true],"medium":["https:\/\/blog.vida.at\/pensionisten\/wp-content\/uploads\/sites\/10\/2023\/01\/OG_Villach_Mitgliederversammlung_1-300x200.jpg",300,200,true],"medium_large":["https:\/\/blog.vida.at\/pensionisten\/wp-content\/uploads\/sites\/10\/2023\/01\/OG_Villach_Mitgliederversammlung_1-768x512.jpg",640,427,true],"large":["https:\/\/blog.vida.at\/pensionisten\/wp-content\/uploads\/sites\/10\/2023\/01\/OG_Villach_Mitgliederversammlung_1-1024x683.jpg",640,427,true],"1536x1536":["https:\/\/blog.vida.at\/pensionisten\/wp-content\/uploads\/sites\/10\/2023\/01\/OG_Villach_Mitgliederversammlung_1-1536x1024.jpg",1536,1024,true],"2048x2048":["https:\/\/blog.vida.at\/pensionisten\/wp-content\/uploads\/sites\/10\/2023\/01\/OG_Villach_Mitgliederversammlung_1-2048x1365.jpg",2048,1365,true],"ab-block-post-grid-landscape":["https:\/\/blog.vida.at\/pensionisten\/wp-content\/uploads\/sites\/10\/2023\/01\/OG_Villach_Mitgliederversammlung_1-600x400.jpg",600,400,true],"ab-block-post-grid-square":["https:\/\/blog.vida.at\/pensionisten\/wp-content\/uploads\/sites\/10\/2023\/01\/OG_Villach_Mitgliederversammlung_1-600x600.jpg",600,600,true],"post-thumbnail":["https:\/\/blog.vida.at\/pensionisten\/wp-content\/uploads\/sites\/10\/2023\/01\/OG_Villach_Mitgliederversammlung_1-1568x1045.jpg",1568,1045,true],"awb_sm":["https:\/\/blog.vida.at\/pensionisten\/wp-content\/uploads\/sites\/10\/2023\/01\/OG_Villach_Mitgliederversammlung_1-500x333.jpg",500,333,true],"awb_md":["https:\/\/blog.vida.at\/pensionisten\/wp-content\/uploads\/sites\/10\/2023\/01\/OG_Villach_Mitgliederversammlung_1-800x533.jpg",800,533,true],"awb_lg":["https:\/\/blog.vida.at\/pensionisten\/wp-content\/uploads\/sites\/10\/2023\/01\/OG_Villach_Mitgliederversammlung_1-1280x853.jpg",1280,853,true],"awb_xl":["https:\/\/blog.vida.at\/pensionisten\/wp-content\/uploads\/sites\/10\/2023\/01\/OG_Villach_Mitgliederversammlung_1-1920x1280.jpg",1920,1280,true]},"post_excerpt_stackable_v2":"<p>Mitgliederversammlung und Neuwahl vom 27.1.2023. Am 27. J\u00e4nner 2023 fanden die Mitgliederversammlung und Neuwahl der vida-PensionistInnen der OG Villach statt. Zahlreiche Mitglieder waren ins Villacher Rathaus gekommen. Unter den anwesenden G\u00e4sten waren u.a. die Landesvorsitzende der vida K\u00e4rnten, Uschi Heitzer, der ehemalige Landesvorsitzende der vida K\u00e4rnten, LAbg. Hermann Lipitsch, GR Mag.a Nicole Schojer, der Landesvorsitzende der vida-PensionistInnen K\u00e4rnten, Roman Kobald, sowie Vertreter der BVAEB und der \u00d6BV. Heinz K\u00d6CHL wurde einstimmig zum neuen OG-Vorsitzenden gew\u00e4hlt. Zu seinem Vertreter wurde Rudolf TURNER und als Kassier Adolf MADL wiedergew\u00e4hlt. Wir w\u00fcnschen dem gesamten Team viel Erfolg f\u00fcr die n\u00e4chsten f\u00fcnf Jahre. Im&hellip;<\/p>\n","category_list_v2":"<a href=\"https:\/\/blog.vida.at\/pensionisten\/category\/allgemein\/\" rel=\"category tag\">Allgemein<\/a>, <a href=\"https:\/\/blog.vida.at\/pensionisten\/category\/ortsgruppen\/kaernten\/\" rel=\"category tag\">K\u00e4rnten<\/a>, <a href=\"https:\/\/blog.vida.at\/pensionisten\/category\/ortsgruppen\/\" rel=\"category tag\">Ortsgruppen<\/a>","author_info_v2":{"name":"mariontobola","url":"https:\/\/blog.vida.at\/pensionisten\/author\/mariontobola\/"},"comments_num_v2":"0 comments","yoast_head":"<!-- This site is optimized with the Yoast SEO plugin v27.3 - https:\/\/yoast.com\/product\/yoast-seo-wordpress\/ -->\n<title>OG Villach hat gew\u00e4hlt<\/title>\n<meta name=\"robots\" content=\"index, follow, max-snippet:-1, max-image-preview:large, max-video-preview:-1\" \/>\n<link rel=\"canonical\" href=\"https:\/\/blog.vida.at\/pensionisten\/2023\/01\/30\/og-villach-hat-gewaehlt\/\" \/>\n<meta property=\"og:locale\" content=\"de_DE\" \/>\n<meta property=\"og:type\" content=\"article\" \/>\n<meta property=\"og:title\" content=\"OG Villach hat gew\u00e4hlt\" \/>\n<meta property=\"og:description\" content=\"Mitgliederversammlung und Neuwahl vom 27.1.2023.\" \/>\n<meta property=\"og:url\" content=\"https:\/\/blog.vida.at\/pensionisten\/2023\/01\/30\/og-villach-hat-gewaehlt\/\" \/>\n<meta property=\"og:site_name\" content=\"vida Pensionisten\" \/>\n<meta property=\"article:published_time\" content=\"2023-01-30T08:54:58+00:00\" \/>\n<meta property=\"article:modified_time\" content=\"2023-01-30T08:56:33+00:00\" \/>\n<meta property=\"og:image\" content=\"https:\/\/blog.vida.at\/pensionisten\/wp-content\/uploads\/sites\/10\/2023\/01\/OG_Villach_Mitgliederversammlung_1-scaled.jpg\" \/>\n\t<meta property=\"og:image:width\" content=\"2560\" \/>\n\t<meta property=\"og:image:height\" content=\"1706\" \/>\n\t<meta property=\"og:image:type\" content=\"image\/jpeg\" \/>\n<meta name=\"author\" content=\"mariontobola\" \/>\n<meta name=\"twitter:card\" content=\"summary_large_image\" \/>\n<meta name=\"twitter:label1\" content=\"Verfasst von\" \/>\n\t<meta name=\"twitter:data1\" content=\"mariontobola\" \/>\n\t<meta name=\"twitter:label2\" content=\"Gesch\u00e4tzte Lesezeit\" \/>\n\t<meta name=\"twitter:data2\" content=\"2\u00a0Minuten\" \/>\n<script type=\"application\/ld+json\" class=\"yoast-schema-graph\">{\"@context\":\"https:\\\/\\\/schema.org\",\"@graph\":[{\"@type\":\"Article\",\"@id\":\"https:\\\/\\\/blog.vida.at\\\/pensionisten\\\/2023\\\/01\\\/30\\\/og-villach-hat-gewaehlt\\\/#article\",\"isPartOf\":{\"@id\":\"https:\\\/\\\/blog.vida.at\\\/pensionisten\\\/2023\\\/01\\\/30\\\/og-villach-hat-gewaehlt\\\/\"},\"author\":{\"name\":\"mariontobola\",\"@id\":\"https:\\\/\\\/blog.vida.at\\\/pensionisten\\\/#\\\/schema\\\/person\\\/88cee3ee93b9afdc51c92f5f63f38b8a\"},\"headline\":\"OG Villach hat gew\u00e4hlt\",\"datePublished\":\"2023-01-30T08:54:58+00:00\",\"dateModified\":\"2023-01-30T08:56:33+00:00\",\"mainEntityOfPage\":{\"@id\":\"https:\\\/\\\/blog.vida.at\\\/pensionisten\\\/2023\\\/01\\\/30\\\/og-villach-hat-gewaehlt\\\/\"},\"wordCount\":158,\"commentCount\":0,\"image\":{\"@id\":\"https:\\\/\\\/blog.vida.at\\\/pensionisten\\\/2023\\\/01\\\/30\\\/og-villach-hat-gewaehlt\\\/#primaryimage\"},\"thumbnailUrl\":\"https:\\\/\\\/blog.vida.at\\\/pensionisten\\\/wp-content\\\/uploads\\\/sites\\\/10\\\/2023\\\/01\\\/OG_Villach_Mitgliederversammlung_1-scaled.jpg\",\"articleSection\":{\"1\":\"K\u00e4rnten\",\"2\":\"Ortsgruppen\"},\"inLanguage\":\"de\",\"potentialAction\":[{\"@type\":\"CommentAction\",\"name\":\"Comment\",\"target\":[\"https:\\\/\\\/blog.vida.at\\\/pensionisten\\\/2023\\\/01\\\/30\\\/og-villach-hat-gewaehlt\\\/#respond\"]}]},{\"@type\":\"WebPage\",\"@id\":\"https:\\\/\\\/blog.vida.at\\\/pensionisten\\\/2023\\\/01\\\/30\\\/og-villach-hat-gewaehlt\\\/\",\"url\":\"https:\\\/\\\/blog.vida.at\\\/pensionisten\\\/2023\\\/01\\\/30\\\/og-villach-hat-gewaehlt\\\/\",\"name\":\"OG Villach hat gew\u00e4hlt\",\"isPartOf\":{\"@id\":\"https:\\\/\\\/blog.vida.at\\\/pensionisten\\\/#website\"},\"primaryImageOfPage\":{\"@id\":\"https:\\\/\\\/blog.vida.at\\\/pensionisten\\\/2023\\\/01\\\/30\\\/og-villach-hat-gewaehlt\\\/#primaryimage\"},\"image\":{\"@id\":\"https:\\\/\\\/blog.vida.at\\\/pensionisten\\\/2023\\\/01\\\/30\\\/og-villach-hat-gewaehlt\\\/#primaryimage\"},\"thumbnailUrl\":\"https:\\\/\\\/blog.vida.at\\\/pensionisten\\\/wp-content\\\/uploads\\\/sites\\\/10\\\/2023\\\/01\\\/OG_Villach_Mitgliederversammlung_1-scaled.jpg\",\"datePublished\":\"2023-01-30T08:54:58+00:00\",\"dateModified\":\"2023-01-30T08:56:33+00:00\",\"author\":{\"@id\":\"https:\\\/\\\/blog.vida.at\\\/pensionisten\\\/#\\\/schema\\\/person\\\/88cee3ee93b9afdc51c92f5f63f38b8a\"},\"breadcrumb\":{\"@id\":\"https:\\\/\\\/blog.vida.at\\\/pensionisten\\\/2023\\\/01\\\/30\\\/og-villach-hat-gewaehlt\\\/#breadcrumb\"},\"inLanguage\":\"de\",\"potentialAction\":[{\"@type\":\"ReadAction\",\"target\":[\"https:\\\/\\\/blog.vida.at\\\/pensionisten\\\/2023\\\/01\\\/30\\\/og-villach-hat-gewaehlt\\\/\"]}]},{\"@type\":\"ImageObject\",\"inLanguage\":\"de\",\"@id\":\"https:\\\/\\\/blog.vida.at\\\/pensionisten\\\/2023\\\/01\\\/30\\\/og-villach-hat-gewaehlt\\\/#primaryimage\",\"url\":\"https:\\\/\\\/blog.vida.at\\\/pensionisten\\\/wp-content\\\/uploads\\\/sites\\\/10\\\/2023\\\/01\\\/OG_Villach_Mitgliederversammlung_1-scaled.jpg\",\"contentUrl\":\"https:\\\/\\\/blog.vida.at\\\/pensionisten\\\/wp-content\\\/uploads\\\/sites\\\/10\\\/2023\\\/01\\\/OG_Villach_Mitgliederversammlung_1-scaled.jpg\",\"width\":2560,\"height\":1706},{\"@type\":\"BreadcrumbList\",\"@id\":\"https:\\\/\\\/blog.vida.at\\\/pensionisten\\\/2023\\\/01\\\/30\\\/og-villach-hat-gewaehlt\\\/#breadcrumb\",\"itemListElement\":[{\"@type\":\"ListItem\",\"position\":1,\"name\":\"Startseite\",\"item\":\"https:\\\/\\\/blog.vida.at\\\/pensionisten\\\/\"},{\"@type\":\"ListItem\",\"position\":2,\"name\":\"OG Villach hat gew\u00e4hlt\"}]},{\"@type\":\"WebSite\",\"@id\":\"https:\\\/\\\/blog.vida.at\\\/pensionisten\\\/#website\",\"url\":\"https:\\\/\\\/blog.vida.at\\\/pensionisten\\\/\",\"name\":\"vida Pensionisten\",\"description\":\"\",\"potentialAction\":[{\"@type\":\"SearchAction\",\"target\":{\"@type\":\"EntryPoint\",\"urlTemplate\":\"https:\\\/\\\/blog.vida.at\\\/pensionisten\\\/?s={search_term_string}\"},\"query-input\":{\"@type\":\"PropertyValueSpecification\",\"valueRequired\":true,\"valueName\":\"search_term_string\"}}],\"inLanguage\":\"de\"},{\"@type\":\"Person\",\"@id\":\"https:\\\/\\\/blog.vida.at\\\/pensionisten\\\/#\\\/schema\\\/person\\\/88cee3ee93b9afdc51c92f5f63f38b8a\",\"name\":\"mariontobola\",\"image\":{\"@type\":\"ImageObject\",\"inLanguage\":\"de\",\"@id\":\"https:\\\/\\\/secure.gravatar.com\\\/avatar\\\/5d2c516985e4eda61bca05bd3b4359b4358135bd1e1a5b08c539e9cd1edd6528?s=96&d=mm&r=g\",\"url\":\"https:\\\/\\\/secure.gravatar.com\\\/avatar\\\/5d2c516985e4eda61bca05bd3b4359b4358135bd1e1a5b08c539e9cd1edd6528?s=96&d=mm&r=g\",\"contentUrl\":\"https:\\\/\\\/secure.gravatar.com\\\/avatar\\\/5d2c516985e4eda61bca05bd3b4359b4358135bd1e1a5b08c539e9cd1edd6528?s=96&d=mm&r=g\",\"caption\":\"mariontobola\"},\"url\":\"https:\\\/\\\/blog.vida.at\\\/pensionisten\\\/author\\\/mariontobola\\\/\"}]}<\/script>\n<!-- \/ Yoast SEO plugin. -->","yoast_head_json":{"title":"OG Villach hat gew\u00e4hlt","robots":{"index":"index","follow":"follow","max-snippet":"max-snippet:-1","max-image-preview":"max-image-preview:large","max-video-preview":"max-video-preview:-1"},"canonical":"https:\/\/blog.vida.at\/pensionisten\/2023\/01\/30\/og-villach-hat-gewaehlt\/","og_locale":"de_DE","og_type":"article","og_title":"OG Villach hat gew\u00e4hlt","og_description":"Mitgliederversammlung und Neuwahl vom 27.1.2023.","og_url":"https:\/\/blog.vida.at\/pensionisten\/2023\/01\/30\/og-villach-hat-gewaehlt\/","og_site_name":"vida Pensionisten","article_published_time":"2023-01-30T08:54:58+00:00","article_modified_time":"2023-01-30T08:56:33+00:00","og_image":[{"width":2560,"height":1706,"url":"https:\/\/blog.vida.at\/pensionisten\/wp-content\/uploads\/sites\/10\/2023\/01\/OG_Villach_Mitgliederversammlung_1-scaled.jpg","type":"image\/jpeg"}],"author":"mariontobola","twitter_card":"summary_large_image","twitter_misc":{"Verfasst von":"mariontobola","Gesch\u00e4tzte Lesezeit":"2\u00a0Minuten"},"schema":{"@context":"https:\/\/schema.org","@graph":[{"@type":"Article","@id":"https:\/\/blog.vida.at\/pensionisten\/2023\/01\/30\/og-villach-hat-gewaehlt\/#article","isPartOf":{"@id":"https:\/\/blog.vida.at\/pensionisten\/2023\/01\/30\/og-villach-hat-gewaehlt\/"},"author":{"name":"mariontobola","@id":"https:\/\/blog.vida.at\/pensionisten\/#\/schema\/person\/88cee3ee93b9afdc51c92f5f63f38b8a"},"headline":"OG Villach hat gew\u00e4hlt","datePublished":"2023-01-30T08:54:58+00:00","dateModified":"2023-01-30T08:56:33+00:00","mainEntityOfPage":{"@id":"https:\/\/blog.vida.at\/pensionisten\/2023\/01\/30\/og-villach-hat-gewaehlt\/"},"wordCount":158,"commentCount":0,"image":{"@id":"https:\/\/blog.vida.at\/pensionisten\/2023\/01\/30\/og-villach-hat-gewaehlt\/#primaryimage"},"thumbnailUrl":"https:\/\/blog.vida.at\/pensionisten\/wp-content\/uploads\/sites\/10\/2023\/01\/OG_Villach_Mitgliederversammlung_1-scaled.jpg","articleSection":{"1":"K\u00e4rnten","2":"Ortsgruppen"},"inLanguage":"de","potentialAction":[{"@type":"CommentAction","name":"Comment","target":["https:\/\/blog.vida.at\/pensionisten\/2023\/01\/30\/og-villach-hat-gewaehlt\/#respond"]}]},{"@type":"WebPage","@id":"https:\/\/blog.vida.at\/pensionisten\/2023\/01\/30\/og-villach-hat-gewaehlt\/","url":"https:\/\/blog.vida.at\/pensionisten\/2023\/01\/30\/og-villach-hat-gewaehlt\/","name":"OG Villach hat gew\u00e4hlt","isPartOf":{"@id":"https:\/\/blog.vida.at\/pensionisten\/#website"},"primaryImageOfPage":{"@id":"https:\/\/blog.vida.at\/pensionisten\/2023\/01\/30\/og-villach-hat-gewaehlt\/#primaryimage"},"image":{"@id":"https:\/\/blog.vida.at\/pensionisten\/2023\/01\/30\/og-villach-hat-gewaehlt\/#primaryimage"},"thumbnailUrl":"https:\/\/blog.vida.at\/pensionisten\/wp-content\/uploads\/sites\/10\/2023\/01\/OG_Villach_Mitgliederversammlung_1-scaled.jpg","datePublished":"2023-01-30T08:54:58+00:00","dateModified":"2023-01-30T08:56:33+00:00","author":{"@id":"https:\/\/blog.vida.at\/pensionisten\/#\/schema\/person\/88cee3ee93b9afdc51c92f5f63f38b8a"},"breadcrumb":{"@id":"https:\/\/blog.vida.at\/pensionisten\/2023\/01\/30\/og-villach-hat-gewaehlt\/#breadcrumb"},"inLanguage":"de","potentialAction":[{"@type":"ReadAction","target":["https:\/\/blog.vida.at\/pensionisten\/2023\/01\/30\/og-villach-hat-gewaehlt\/"]}]},{"@type":"ImageObject","inLanguage":"de","@id":"https:\/\/blog.vida.at\/pensionisten\/2023\/01\/30\/og-villach-hat-gewaehlt\/#primaryimage","url":"https:\/\/blog.vida.at\/pensionisten\/wp-content\/uploads\/sites\/10\/2023\/01\/OG_Villach_Mitgliederversammlung_1-scaled.jpg","contentUrl":"https:\/\/blog.vida.at\/pensionisten\/wp-content\/uploads\/sites\/10\/2023\/01\/OG_Villach_Mitgliederversammlung_1-scaled.jpg","width":2560,"height":1706},{"@type":"BreadcrumbList","@id":"https:\/\/blog.vida.at\/pensionisten\/2023\/01\/30\/og-villach-hat-gewaehlt\/#breadcrumb","itemListElement":[{"@type":"ListItem","position":1,"name":"Startseite","item":"https:\/\/blog.vida.at\/pensionisten\/"},{"@type":"ListItem","position":2,"name":"OG Villach hat gew\u00e4hlt"}]},{"@type":"WebSite","@id":"https:\/\/blog.vida.at\/pensionisten\/#website","url":"https:\/\/blog.vida.at\/pensionisten\/","name":"vida Pensionisten","description":"","potentialAction":[{"@type":"SearchAction","target":{"@type":"EntryPoint","urlTemplate":"https:\/\/blog.vida.at\/pensionisten\/?s={search_term_string}"},"query-input":{"@type":"PropertyValueSpecification","valueRequired":true,"valueName":"search_term_string"}}],"inLanguage":"de"},{"@type":"Person","@id":"https:\/\/blog.vida.at\/pensionisten\/#\/schema\/person\/88cee3ee93b9afdc51c92f5f63f38b8a","name":"mariontobola","image":{"@type":"ImageObject","inLanguage":"de","@id":"https:\/\/secure.gravatar.com\/avatar\/5d2c516985e4eda61bca05bd3b4359b4358135bd1e1a5b08c539e9cd1edd6528?s=96&d=mm&r=g","url":"https:\/\/secure.gravatar.com\/avatar\/5d2c516985e4eda61bca05bd3b4359b4358135bd1e1a5b08c539e9cd1edd6528?s=96&d=mm&r=g","contentUrl":"https:\/\/secure.gravatar.com\/avatar\/5d2c516985e4eda61bca05bd3b4359b4358135bd1e1a5b08c539e9cd1edd6528?s=96&d=mm&r=g","caption":"mariontobola"},"url":"https:\/\/blog.vida.at\/pensionisten\/author\/mariontobola\/"}]}},"author_meta":{"display_name":"mariontobola","author_link":"https:\/\/blog.vida.at\/pensionisten\/author\/mariontobola\/"},"featured_img":"https:\/\/blog.vida.at\/pensionisten\/wp-content\/uploads\/sites\/10\/2023\/01\/OG_Villach_Mitgliederversammlung_1-300x200.jpg","featured_image_src":"https:\/\/blog.vida.at\/pensionisten\/wp-content\/uploads\/sites\/10\/2023\/01\/OG_Villach_Mitgliederversammlung_1-600x400.jpg","featured_image_src_square":"https:\/\/blog.vida.at\/pensionisten\/wp-content\/uploads\/sites\/10\/2023\/01\/OG_Villach_Mitgliederversammlung_1-600x600.jpg","uagb_featured_image_src":{"full":["https:\/\/blog.vida.at\/pensionisten\/wp-content\/uploads\/sites\/10\/2023\/01\/OG_Villach_Mitgliederversammlung_1-scaled.jpg",2560,1706,false],"thumbnail":["https:\/\/blog.vida.at\/pensionisten\/wp-content\/uploads\/sites\/10\/2023\/01\/OG_Villach_Mitgliederversammlung_1-150x150.jpg",150,150,true],"medium":["https:\/\/blog.vida.at\/pensionisten\/wp-content\/uploads\/sites\/10\/2023\/01\/OG_Villach_Mitgliederversammlung_1-300x200.jpg",300,200,true],"medium_large":["https:\/\/blog.vida.at\/pensionisten\/wp-content\/uploads\/sites\/10\/2023\/01\/OG_Villach_Mitgliederversammlung_1-768x512.jpg",640,427,true],"large":["https:\/\/blog.vida.at\/pensionisten\/wp-content\/uploads\/sites\/10\/2023\/01\/OG_Villach_Mitgliederversammlung_1-1024x683.jpg",640,427,true],"1536x1536":["https:\/\/blog.vida.at\/pensionisten\/wp-content\/uploads\/sites\/10\/2023\/01\/OG_Villach_Mitgliederversammlung_1-1536x1024.jpg",1536,1024,true],"2048x2048":["https:\/\/blog.vida.at\/pensionisten\/wp-content\/uploads\/sites\/10\/2023\/01\/OG_Villach_Mitgliederversammlung_1-2048x1365.jpg",2048,1365,true],"ab-block-post-grid-landscape":["https:\/\/blog.vida.at\/pensionisten\/wp-content\/uploads\/sites\/10\/2023\/01\/OG_Villach_Mitgliederversammlung_1-600x400.jpg",600,400,true],"ab-block-post-grid-square":["https:\/\/blog.vida.at\/pensionisten\/wp-content\/uploads\/sites\/10\/2023\/01\/OG_Villach_Mitgliederversammlung_1-600x600.jpg",600,600,true],"post-thumbnail":["https:\/\/blog.vida.at\/pensionisten\/wp-content\/uploads\/sites\/10\/2023\/01\/OG_Villach_Mitgliederversammlung_1-1568x1045.jpg",1568,1045,true],"awb_sm":["https:\/\/blog.vida.at\/pensionisten\/wp-content\/uploads\/sites\/10\/2023\/01\/OG_Villach_Mitgliederversammlung_1-500x333.jpg",500,333,true],"awb_md":["https:\/\/blog.vida.at\/pensionisten\/wp-content\/uploads\/sites\/10\/2023\/01\/OG_Villach_Mitgliederversammlung_1-800x533.jpg",800,533,true],"awb_lg":["https:\/\/blog.vida.at\/pensionisten\/wp-content\/uploads\/sites\/10\/2023\/01\/OG_Villach_Mitgliederversammlung_1-1280x853.jpg",1280,853,true],"awb_xl":["https:\/\/blog.vida.at\/pensionisten\/wp-content\/uploads\/sites\/10\/2023\/01\/OG_Villach_Mitgliederversammlung_1-1920x1280.jpg",1920,1280,true]},"uagb_author_info":{"display_name":"mariontobola","author_link":"https:\/\/blog.vida.at\/pensionisten\/author\/mariontobola\/"},"uagb_comment_info":0,"uagb_excerpt":"Mitgliederversammlung und Neuwahl vom 27.1.2023.","coauthors":[],"tax_additional":{"categories":{"linked":["<a href=\"https:\/\/blog.vida.at\/pensionisten\/category\/allgemein\/\" class=\"advgb-post-tax-term\">Allgemein<\/a>","<a href=\"https:\/\/blog.vida.at\/pensionisten\/category\/ortsgruppen\/kaernten\/\" class=\"advgb-post-tax-term\">K\u00e4rnten<\/a>","<a href=\"https:\/\/blog.vida.at\/pensionisten\/category\/ortsgruppen\/\" class=\"advgb-post-tax-term\">Ortsgruppen<\/a>"],"unlinked":["<span class=\"advgb-post-tax-term\">Allgemein<\/span>","<span class=\"advgb-post-tax-term\">K\u00e4rnten<\/span>","<span class=\"advgb-post-tax-term\">Ortsgruppen<\/span>"]}},"comment_count":"0","relative_dates":{"created":"Ver\u00f6ffentlicht 3\u00a0Jahren vor","modified":"Aktualisiert 3\u00a0Jahren vor"},"absolute_dates":{"created":"Ver\u00f6ffentlicht am 30. Januar 2023","modified":"Aktualisiert am 30. Januar 2023"},"absolute_dates_time":{"created":"Ver\u00f6ffentlicht am 30. Januar 2023 9:54","modified":"Aktualisiert am 30. Januar 2023 9:56"},"featured_img_caption":"","series_order":"","_links":{"self":[{"href":"https:\/\/blog.vida.at\/pensionisten\/wp-json\/wp\/v2\/posts\/6176","targetHints":{"allow":["GET"]}}],"collection":[{"href":"https:\/\/blog.vida.at\/pensionisten\/wp-json\/wp\/v2\/posts"}],"about":[{"href":"https:\/\/blog.vida.at\/pensionisten\/wp-json\/wp\/v2\/types\/post"}],"author":[{"embeddable":true,"href":"https:\/\/blog.vida.at\/pensionisten\/wp-json\/wp\/v2\/users\/8"}],"replies":[{"embeddable":true,"href":"https:\/\/blog.vida.at\/pensionisten\/wp-json\/wp\/v2\/comments?post=6176"}],"version-history":[{"count":3,"href":"https:\/\/blog.vida.at\/pensionisten\/wp-json\/wp\/v2\/posts\/6176\/revisions"}],"predecessor-version":[{"id":6182,"href":"https:\/\/blog.vida.at\/pensionisten\/wp-json\/wp\/v2\/posts\/6176\/revisions\/6182"}],"wp:featuredmedia":[{"embeddable":true,"href":"https:\/\/blog.vida.at\/pensionisten\/wp-json\/wp\/v2\/media\/6178"}],"wp:attachment":[{"href":"https:\/\/blog.vida.at\/pensionisten\/wp-json\/wp\/v2\/media?parent=6176"}],"wp:term":[{"taxonomy":"category","embeddable":true,"href":"https:\/\/blog.vida.at\/pensionisten\/wp-json\/wp\/v2\/categories?post=6176"},{"taxonomy":"post_tag","embeddable":true,"href":"https:\/\/blog.vida.at\/pensionisten\/wp-json\/wp\/v2\/tags?post=6176"},{"taxonomy":"Orte","embeddable":true,"href":"https:\/\/blog.vida.at\/pensionisten\/wp-json\/wp\/v2\/Orte?post=6176"},{"taxonomy":"activitytype","embeddable":true,"href":"https:\/\/blog.vida.at\/pensionisten\/wp-json\/wp\/v2\/activitytype?post=6176"}],"curies":[{"name":"wp","href":"https:\/\/api.w.org\/{rel}","templated":true}]}}