
{"id":6201,"date":"2023-02-06T11:08:14","date_gmt":"2023-02-06T10:08:14","guid":{"rendered":"https:\/\/blog.vida.at\/pensionisten\/?p=6201"},"modified":"2023-05-09T11:36:35","modified_gmt":"2023-05-09T09:36:35","slug":"die-geschichte-der-erzbergbahn","status":"publish","type":"post","link":"https:\/\/blog.vida.at\/pensionisten\/2023\/02\/06\/die-geschichte-der-erzbergbahn\/","title":{"rendered":"Die Geschichte der Erzbergbahn"},"content":{"rendered":"\n<div class=\"wp-block-group Container advgb-dyn-b6b47f2a\"><div class=\"wp-block-group__inner-container is-layout-flow wp-block-group-is-layout-flow\">\n<p>Lichtbildervortrag von <strong>Buchautor Franz Haas<\/strong> im &#8222;<strong>Verein Eisenbahnerheim<\/strong>&#8222;.<\/p>\n\n\n\n<p>Sei dabei am<strong> 20. Februar 2023 <\/strong>und erfahre mehr \u00fcber die bewegende Geschichte der Erzbergbahn.<\/p>\n\n\n\n<!--more-->\n\n\n\n<figure class=\"wp-block-image size-large is-style-default\"><img loading=\"lazy\" decoding=\"async\" width=\"1024\" height=\"724\" src=\"https:\/\/blog.vida.at\/pensionisten\/wp-content\/uploads\/sites\/10\/2023\/02\/Plakat-Erzbergbahn-Franz-Haas-1024x724.jpg\" alt=\"\" class=\"wp-image-6209\" srcset=\"https:\/\/blog.vida.at\/pensionisten\/wp-content\/uploads\/sites\/10\/2023\/02\/Plakat-Erzbergbahn-Franz-Haas-1024x724.jpg 1024w, https:\/\/blog.vida.at\/pensionisten\/wp-content\/uploads\/sites\/10\/2023\/02\/Plakat-Erzbergbahn-Franz-Haas-300x212.jpg 300w, https:\/\/blog.vida.at\/pensionisten\/wp-content\/uploads\/sites\/10\/2023\/02\/Plakat-Erzbergbahn-Franz-Haas-768x543.jpg 768w, https:\/\/blog.vida.at\/pensionisten\/wp-content\/uploads\/sites\/10\/2023\/02\/Plakat-Erzbergbahn-Franz-Haas-1536x1086.jpg 1536w, https:\/\/blog.vida.at\/pensionisten\/wp-content\/uploads\/sites\/10\/2023\/02\/Plakat-Erzbergbahn-Franz-Haas-2048x1448.jpg 2048w, https:\/\/blog.vida.at\/pensionisten\/wp-content\/uploads\/sites\/10\/2023\/02\/Plakat-Erzbergbahn-Franz-Haas-500x354.jpg 500w, https:\/\/blog.vida.at\/pensionisten\/wp-content\/uploads\/sites\/10\/2023\/02\/Plakat-Erzbergbahn-Franz-Haas-800x566.jpg 800w, https:\/\/blog.vida.at\/pensionisten\/wp-content\/uploads\/sites\/10\/2023\/02\/Plakat-Erzbergbahn-Franz-Haas-1280x905.jpg 1280w, https:\/\/blog.vida.at\/pensionisten\/wp-content\/uploads\/sites\/10\/2023\/02\/Plakat-Erzbergbahn-Franz-Haas-1920x1358.jpg 1920w, https:\/\/blog.vida.at\/pensionisten\/wp-content\/uploads\/sites\/10\/2023\/02\/Plakat-Erzbergbahn-Franz-Haas-1568x1109.jpg 1568w\" sizes=\"auto, (max-width: 1024px) 100vw, 1024px\" \/><\/figure>\n\n\n\n<p>Buchautor Franz Haas wird bei seinem Lichtbildervortrag im <a href=\"https:\/\/www.eisenbahnerheim.at\/\" target=\"_blank\" rel=\"noreferrer noopener\">Verein Eisenbahnerheim <\/a>Einblick geben in die Geschichte der <strong>Erzbergbahn vom Beginn und Betrieb<\/strong>, bis zur <strong>Stilllegung<\/strong> und vom anschlie\u00dfenden <strong>Museumsbetrieb<\/strong>.<\/p>\n\n\n\n<p><strong><span style=\"color: #0073a8\" class=\"stk-highlight\">Wann: <\/span><\/strong>20. Februar 2023, ab 17:00 Uhr<br><strong><span style=\"color: #0073a8\" class=\"stk-highlight\">Wo:<\/span><\/strong> Verein Eisenbahnerheim &#8211; Zentrum 166, Margaretenstra\u00dfe 166, 4. Stock, 1050 Wien<\/p>\n\n\n\n<p><strong><span style=\"color: #0073a8\" class=\"stk-highlight\">Programm:<\/span><\/strong><br>17:00 Uhr: <strong><span style=\"color: #fe0505\" class=\"stk-highlight\">Begr\u00fc\u00dfung und Vorstellung des Autors <\/span><\/strong>durch Werner Harrer, VS Verein Eisenbahnerheim <br>17:10 Uhr: <strong><span style=\"color: #fa0707\" class=\"stk-highlight\">Lichtbildervortrag<\/span><\/strong> von Buchautor Franz Haas <br>18:30 Uhr: <span style=\"color: #fa0505\" class=\"stk-highlight\"><strong>gem\u00fctlicher Ausklang<\/strong><\/span> bei Br\u00f6tchen &amp; Wein<\/p>\n\n\n\n<p><strong>Infos und Anmeldung:<\/strong> <a href=\"mailto:verein@eisenbahnerheim.at\" target=\"_blank\" rel=\"noreferrer noopener\">verein@eisenbahnerheim.at<\/a><\/p>\n\n\n\n<p><span style=\"color: #fd0404\" class=\"stk-highlight\"><strong>Wir freuen uns \u00fcber deine Teilnahme!<\/strong><\/span><\/p>\n\n\n\n<p><\/p>\n\n\n\n<p><\/p>\n<\/div><\/div>\n\n\n\n<p><br><\/p>\n","protected":false},"excerpt":{"rendered":"<p>Lichtbildervortrag von Buchautor Franz Haas im &#8222;Verein Eisenbahnerheim&#8222;. Sei dabei am 20. Februar 2023 und erfahre mehr \u00fcber die bewegende Geschichte der Erzbergbahn.<\/p>\n","protected":false},"author":8,"featured_media":6204,"comment_status":"open","ping_status":"open","sticky":false,"template":"","format":"standard","meta":{"_uag_custom_page_level_css":"","advgb_blocks_editor_width":"","advgb_blocks_columns_visual_guide":"","footnotes":""},"categories":[4,1,32,31,41],"tags":[],"Orte":[],"activitytype":[],"class_list":["post-6201","post","type-post","status-publish","format-standard","has-post-thumbnail","hentry","category-aktuelles","category-allgemein","category-top-aktuelles","category-top-veranstaltungen","category-veranstaltungen","entry"],"featured_image_urls":{"full":["https:\/\/blog.vida.at\/pensionisten\/wp-content\/uploads\/sites\/10\/2023\/02\/Erzbergbahn.jpg",813,539,false],"thumbnail":["https:\/\/blog.vida.at\/pensionisten\/wp-content\/uploads\/sites\/10\/2023\/02\/Erzbergbahn-150x150.jpg",150,150,true],"medium":["https:\/\/blog.vida.at\/pensionisten\/wp-content\/uploads\/sites\/10\/2023\/02\/Erzbergbahn-300x199.jpg",300,199,true],"medium_large":["https:\/\/blog.vida.at\/pensionisten\/wp-content\/uploads\/sites\/10\/2023\/02\/Erzbergbahn-768x509.jpg",640,424,true],"large":["https:\/\/blog.vida.at\/pensionisten\/wp-content\/uploads\/sites\/10\/2023\/02\/Erzbergbahn.jpg",640,424,false],"1536x1536":["https:\/\/blog.vida.at\/pensionisten\/wp-content\/uploads\/sites\/10\/2023\/02\/Erzbergbahn.jpg",813,539,false],"2048x2048":["https:\/\/blog.vida.at\/pensionisten\/wp-content\/uploads\/sites\/10\/2023\/02\/Erzbergbahn.jpg",813,539,false],"ab-block-post-grid-landscape":["https:\/\/blog.vida.at\/pensionisten\/wp-content\/uploads\/sites\/10\/2023\/02\/Erzbergbahn-600x400.jpg",600,400,true],"ab-block-post-grid-square":["https:\/\/blog.vida.at\/pensionisten\/wp-content\/uploads\/sites\/10\/2023\/02\/Erzbergbahn-600x539.jpg",600,539,true],"post-thumbnail":["https:\/\/blog.vida.at\/pensionisten\/wp-content\/uploads\/sites\/10\/2023\/02\/Erzbergbahn.jpg",813,539,false],"awb_sm":["https:\/\/blog.vida.at\/pensionisten\/wp-content\/uploads\/sites\/10\/2023\/02\/Erzbergbahn-500x331.jpg",500,331,true],"awb_md":["https:\/\/blog.vida.at\/pensionisten\/wp-content\/uploads\/sites\/10\/2023\/02\/Erzbergbahn-800x530.jpg",800,530,true],"awb_lg":["https:\/\/blog.vida.at\/pensionisten\/wp-content\/uploads\/sites\/10\/2023\/02\/Erzbergbahn.jpg",813,539,false],"awb_xl":["https:\/\/blog.vida.at\/pensionisten\/wp-content\/uploads\/sites\/10\/2023\/02\/Erzbergbahn.jpg",813,539,false]},"post_excerpt_stackable":"<p>Lichtbildervortrag von Buchautor Franz Haas im &#8222;Verein Eisenbahnerheim&#8222;. Sei dabei am 20. Februar 2023 und erfahre mehr \u00fcber die bewegende Geschichte der Erzbergbahn. Buchautor Franz Haas wird bei seinem Lichtbildervortrag im Verein Eisenbahnerheim Einblick geben in die Geschichte der Erzbergbahn vom Beginn und Betrieb, bis zur Stilllegung und vom anschlie\u00dfenden Museumsbetrieb. Wann: 20. Februar 2023, ab 17:00 UhrWo: Verein Eisenbahnerheim &#8211; Zentrum 166, Margaretenstra\u00dfe 166, 4. Stock, 1050 Wien Programm:17:00 Uhr: Begr\u00fc\u00dfung und Vorstellung des Autors durch Werner Harrer, VS Verein Eisenbahnerheim 17:10 Uhr: Lichtbildervortrag von Buchautor Franz Haas 18:30 Uhr: gem\u00fctlicher Ausklang bei Br\u00f6tchen &amp; Wein Infos und Anmeldung:&hellip;<\/p>\n","category_list":"<a href=\"https:\/\/blog.vida.at\/pensionisten\/category\/aktuelles\/\" rel=\"category tag\">Aktuelles<\/a>, <a href=\"https:\/\/blog.vida.at\/pensionisten\/category\/allgemein\/\" rel=\"category tag\">Allgemein<\/a>, <a href=\"https:\/\/blog.vida.at\/pensionisten\/category\/top-aktuelles\/\" rel=\"category tag\">Top Aktuelles<\/a>, <a href=\"https:\/\/blog.vida.at\/pensionisten\/category\/top-veranstaltungen\/\" rel=\"category tag\">Top Veranstaltungen<\/a>, <a href=\"https:\/\/blog.vida.at\/pensionisten\/category\/veranstaltungen\/\" rel=\"category tag\">Veranstaltungen<\/a>","author_info":{"display_name":"mariontobola","author_link":"https:\/\/blog.vida.at\/pensionisten\/author\/mariontobola\/"},"comments_num":"0 comments","featured_image_urls_v2":{"full":["https:\/\/blog.vida.at\/pensionisten\/wp-content\/uploads\/sites\/10\/2023\/02\/Erzbergbahn.jpg",813,539,false],"thumbnail":["https:\/\/blog.vida.at\/pensionisten\/wp-content\/uploads\/sites\/10\/2023\/02\/Erzbergbahn-150x150.jpg",150,150,true],"medium":["https:\/\/blog.vida.at\/pensionisten\/wp-content\/uploads\/sites\/10\/2023\/02\/Erzbergbahn-300x199.jpg",300,199,true],"medium_large":["https:\/\/blog.vida.at\/pensionisten\/wp-content\/uploads\/sites\/10\/2023\/02\/Erzbergbahn-768x509.jpg",640,424,true],"large":["https:\/\/blog.vida.at\/pensionisten\/wp-content\/uploads\/sites\/10\/2023\/02\/Erzbergbahn.jpg",640,424,false],"1536x1536":["https:\/\/blog.vida.at\/pensionisten\/wp-content\/uploads\/sites\/10\/2023\/02\/Erzbergbahn.jpg",813,539,false],"2048x2048":["https:\/\/blog.vida.at\/pensionisten\/wp-content\/uploads\/sites\/10\/2023\/02\/Erzbergbahn.jpg",813,539,false],"ab-block-post-grid-landscape":["https:\/\/blog.vida.at\/pensionisten\/wp-content\/uploads\/sites\/10\/2023\/02\/Erzbergbahn-600x400.jpg",600,400,true],"ab-block-post-grid-square":["https:\/\/blog.vida.at\/pensionisten\/wp-content\/uploads\/sites\/10\/2023\/02\/Erzbergbahn-600x539.jpg",600,539,true],"post-thumbnail":["https:\/\/blog.vida.at\/pensionisten\/wp-content\/uploads\/sites\/10\/2023\/02\/Erzbergbahn.jpg",813,539,false],"awb_sm":["https:\/\/blog.vida.at\/pensionisten\/wp-content\/uploads\/sites\/10\/2023\/02\/Erzbergbahn-500x331.jpg",500,331,true],"awb_md":["https:\/\/blog.vida.at\/pensionisten\/wp-content\/uploads\/sites\/10\/2023\/02\/Erzbergbahn-800x530.jpg",800,530,true],"awb_lg":["https:\/\/blog.vida.at\/pensionisten\/wp-content\/uploads\/sites\/10\/2023\/02\/Erzbergbahn.jpg",813,539,false],"awb_xl":["https:\/\/blog.vida.at\/pensionisten\/wp-content\/uploads\/sites\/10\/2023\/02\/Erzbergbahn.jpg",813,539,false]},"post_excerpt_stackable_v2":"<p>Lichtbildervortrag von Buchautor Franz Haas im &#8222;Verein Eisenbahnerheim&#8222;. Sei dabei am 20. Februar 2023 und erfahre mehr \u00fcber die bewegende Geschichte der Erzbergbahn. Buchautor Franz Haas wird bei seinem Lichtbildervortrag im Verein Eisenbahnerheim Einblick geben in die Geschichte der Erzbergbahn vom Beginn und Betrieb, bis zur Stilllegung und vom anschlie\u00dfenden Museumsbetrieb. Wann: 20. Februar 2023, ab 17:00 UhrWo: Verein Eisenbahnerheim &#8211; Zentrum 166, Margaretenstra\u00dfe 166, 4. Stock, 1050 Wien Programm:17:00 Uhr: Begr\u00fc\u00dfung und Vorstellung des Autors durch Werner Harrer, VS Verein Eisenbahnerheim 17:10 Uhr: Lichtbildervortrag von Buchautor Franz Haas 18:30 Uhr: gem\u00fctlicher Ausklang bei Br\u00f6tchen &amp; Wein Infos und Anmeldung:&hellip;<\/p>\n","category_list_v2":"<a href=\"https:\/\/blog.vida.at\/pensionisten\/category\/aktuelles\/\" rel=\"category tag\">Aktuelles<\/a>, <a href=\"https:\/\/blog.vida.at\/pensionisten\/category\/allgemein\/\" rel=\"category tag\">Allgemein<\/a>, <a href=\"https:\/\/blog.vida.at\/pensionisten\/category\/top-aktuelles\/\" rel=\"category tag\">Top Aktuelles<\/a>, <a href=\"https:\/\/blog.vida.at\/pensionisten\/category\/top-veranstaltungen\/\" rel=\"category tag\">Top Veranstaltungen<\/a>, <a href=\"https:\/\/blog.vida.at\/pensionisten\/category\/veranstaltungen\/\" rel=\"category tag\">Veranstaltungen<\/a>","author_info_v2":{"name":"mariontobola","url":"https:\/\/blog.vida.at\/pensionisten\/author\/mariontobola\/"},"comments_num_v2":"0 comments","yoast_head":"<!-- This site is optimized with the Yoast SEO plugin v27.3 - https:\/\/yoast.com\/product\/yoast-seo-wordpress\/ -->\n<title>Die Geschichte der Erzbergbahn<\/title>\n<meta name=\"robots\" content=\"index, follow, max-snippet:-1, max-image-preview:large, max-video-preview:-1\" \/>\n<link rel=\"canonical\" href=\"https:\/\/blog.vida.at\/pensionisten\/2023\/02\/06\/die-geschichte-der-erzbergbahn\/\" \/>\n<meta property=\"og:locale\" content=\"de_DE\" \/>\n<meta property=\"og:type\" content=\"article\" \/>\n<meta property=\"og:title\" content=\"Die Geschichte der Erzbergbahn\" \/>\n<meta property=\"og:description\" content=\"Lichtbildervortrag von Buchautor Franz Haas im &#8222;Verein Eisenbahnerheim&#8222;. Sei dabei am 20. Februar 2023 und erfahre mehr \u00fcber die bewegende Geschichte der Erzbergbahn.\" \/>\n<meta property=\"og:url\" content=\"https:\/\/blog.vida.at\/pensionisten\/2023\/02\/06\/die-geschichte-der-erzbergbahn\/\" \/>\n<meta property=\"og:site_name\" content=\"vida Pensionisten\" \/>\n<meta property=\"article:published_time\" content=\"2023-02-06T10:08:14+00:00\" \/>\n<meta property=\"article:modified_time\" content=\"2023-05-09T09:36:35+00:00\" \/>\n<meta property=\"og:image\" content=\"https:\/\/blog.vida.at\/pensionisten\/wp-content\/uploads\/sites\/10\/2023\/02\/Erzbergbahn.jpg\" \/>\n\t<meta property=\"og:image:width\" content=\"813\" \/>\n\t<meta property=\"og:image:height\" content=\"539\" \/>\n\t<meta property=\"og:image:type\" content=\"image\/jpeg\" \/>\n<meta name=\"author\" content=\"mariontobola\" \/>\n<meta name=\"twitter:card\" content=\"summary_large_image\" \/>\n<meta name=\"twitter:label1\" content=\"Verfasst von\" \/>\n\t<meta name=\"twitter:data1\" content=\"mariontobola\" \/>\n\t<meta name=\"twitter:label2\" content=\"Gesch\u00e4tzte Lesezeit\" \/>\n\t<meta name=\"twitter:data2\" content=\"1\u00a0Minute\" \/>\n<script type=\"application\/ld+json\" class=\"yoast-schema-graph\">{\"@context\":\"https:\\\/\\\/schema.org\",\"@graph\":[{\"@type\":\"Article\",\"@id\":\"https:\\\/\\\/blog.vida.at\\\/pensionisten\\\/2023\\\/02\\\/06\\\/die-geschichte-der-erzbergbahn\\\/#article\",\"isPartOf\":{\"@id\":\"https:\\\/\\\/blog.vida.at\\\/pensionisten\\\/2023\\\/02\\\/06\\\/die-geschichte-der-erzbergbahn\\\/\"},\"author\":{\"name\":\"mariontobola\",\"@id\":\"https:\\\/\\\/blog.vida.at\\\/pensionisten\\\/#\\\/schema\\\/person\\\/88cee3ee93b9afdc51c92f5f63f38b8a\"},\"headline\":\"Die Geschichte der Erzbergbahn\",\"datePublished\":\"2023-02-06T10:08:14+00:00\",\"dateModified\":\"2023-05-09T09:36:35+00:00\",\"mainEntityOfPage\":{\"@id\":\"https:\\\/\\\/blog.vida.at\\\/pensionisten\\\/2023\\\/02\\\/06\\\/die-geschichte-der-erzbergbahn\\\/\"},\"wordCount\":108,\"commentCount\":0,\"image\":{\"@id\":\"https:\\\/\\\/blog.vida.at\\\/pensionisten\\\/2023\\\/02\\\/06\\\/die-geschichte-der-erzbergbahn\\\/#primaryimage\"},\"thumbnailUrl\":\"https:\\\/\\\/blog.vida.at\\\/pensionisten\\\/wp-content\\\/uploads\\\/sites\\\/10\\\/2023\\\/02\\\/Erzbergbahn.jpg\",\"articleSection\":{\"0\":\"Aktuelles\",\"2\":\"Top Aktuelles\",\"3\":\"Top Veranstaltungen\",\"4\":\"Veranstaltungen\"},\"inLanguage\":\"de\",\"potentialAction\":[{\"@type\":\"CommentAction\",\"name\":\"Comment\",\"target\":[\"https:\\\/\\\/blog.vida.at\\\/pensionisten\\\/2023\\\/02\\\/06\\\/die-geschichte-der-erzbergbahn\\\/#respond\"]}]},{\"@type\":\"WebPage\",\"@id\":\"https:\\\/\\\/blog.vida.at\\\/pensionisten\\\/2023\\\/02\\\/06\\\/die-geschichte-der-erzbergbahn\\\/\",\"url\":\"https:\\\/\\\/blog.vida.at\\\/pensionisten\\\/2023\\\/02\\\/06\\\/die-geschichte-der-erzbergbahn\\\/\",\"name\":\"Die Geschichte der Erzbergbahn\",\"isPartOf\":{\"@id\":\"https:\\\/\\\/blog.vida.at\\\/pensionisten\\\/#website\"},\"primaryImageOfPage\":{\"@id\":\"https:\\\/\\\/blog.vida.at\\\/pensionisten\\\/2023\\\/02\\\/06\\\/die-geschichte-der-erzbergbahn\\\/#primaryimage\"},\"image\":{\"@id\":\"https:\\\/\\\/blog.vida.at\\\/pensionisten\\\/2023\\\/02\\\/06\\\/die-geschichte-der-erzbergbahn\\\/#primaryimage\"},\"thumbnailUrl\":\"https:\\\/\\\/blog.vida.at\\\/pensionisten\\\/wp-content\\\/uploads\\\/sites\\\/10\\\/2023\\\/02\\\/Erzbergbahn.jpg\",\"datePublished\":\"2023-02-06T10:08:14+00:00\",\"dateModified\":\"2023-05-09T09:36:35+00:00\",\"author\":{\"@id\":\"https:\\\/\\\/blog.vida.at\\\/pensionisten\\\/#\\\/schema\\\/person\\\/88cee3ee93b9afdc51c92f5f63f38b8a\"},\"breadcrumb\":{\"@id\":\"https:\\\/\\\/blog.vida.at\\\/pensionisten\\\/2023\\\/02\\\/06\\\/die-geschichte-der-erzbergbahn\\\/#breadcrumb\"},\"inLanguage\":\"de\",\"potentialAction\":[{\"@type\":\"ReadAction\",\"target\":[\"https:\\\/\\\/blog.vida.at\\\/pensionisten\\\/2023\\\/02\\\/06\\\/die-geschichte-der-erzbergbahn\\\/\"]}]},{\"@type\":\"ImageObject\",\"inLanguage\":\"de\",\"@id\":\"https:\\\/\\\/blog.vida.at\\\/pensionisten\\\/2023\\\/02\\\/06\\\/die-geschichte-der-erzbergbahn\\\/#primaryimage\",\"url\":\"https:\\\/\\\/blog.vida.at\\\/pensionisten\\\/wp-content\\\/uploads\\\/sites\\\/10\\\/2023\\\/02\\\/Erzbergbahn.jpg\",\"contentUrl\":\"https:\\\/\\\/blog.vida.at\\\/pensionisten\\\/wp-content\\\/uploads\\\/sites\\\/10\\\/2023\\\/02\\\/Erzbergbahn.jpg\",\"width\":813,\"height\":539},{\"@type\":\"BreadcrumbList\",\"@id\":\"https:\\\/\\\/blog.vida.at\\\/pensionisten\\\/2023\\\/02\\\/06\\\/die-geschichte-der-erzbergbahn\\\/#breadcrumb\",\"itemListElement\":[{\"@type\":\"ListItem\",\"position\":1,\"name\":\"Startseite\",\"item\":\"https:\\\/\\\/blog.vida.at\\\/pensionisten\\\/\"},{\"@type\":\"ListItem\",\"position\":2,\"name\":\"Die Geschichte der Erzbergbahn\"}]},{\"@type\":\"WebSite\",\"@id\":\"https:\\\/\\\/blog.vida.at\\\/pensionisten\\\/#website\",\"url\":\"https:\\\/\\\/blog.vida.at\\\/pensionisten\\\/\",\"name\":\"vida Pensionisten\",\"description\":\"\",\"potentialAction\":[{\"@type\":\"SearchAction\",\"target\":{\"@type\":\"EntryPoint\",\"urlTemplate\":\"https:\\\/\\\/blog.vida.at\\\/pensionisten\\\/?s={search_term_string}\"},\"query-input\":{\"@type\":\"PropertyValueSpecification\",\"valueRequired\":true,\"valueName\":\"search_term_string\"}}],\"inLanguage\":\"de\"},{\"@type\":\"Person\",\"@id\":\"https:\\\/\\\/blog.vida.at\\\/pensionisten\\\/#\\\/schema\\\/person\\\/88cee3ee93b9afdc51c92f5f63f38b8a\",\"name\":\"mariontobola\",\"image\":{\"@type\":\"ImageObject\",\"inLanguage\":\"de\",\"@id\":\"https:\\\/\\\/secure.gravatar.com\\\/avatar\\\/5d2c516985e4eda61bca05bd3b4359b4358135bd1e1a5b08c539e9cd1edd6528?s=96&d=mm&r=g\",\"url\":\"https:\\\/\\\/secure.gravatar.com\\\/avatar\\\/5d2c516985e4eda61bca05bd3b4359b4358135bd1e1a5b08c539e9cd1edd6528?s=96&d=mm&r=g\",\"contentUrl\":\"https:\\\/\\\/secure.gravatar.com\\\/avatar\\\/5d2c516985e4eda61bca05bd3b4359b4358135bd1e1a5b08c539e9cd1edd6528?s=96&d=mm&r=g\",\"caption\":\"mariontobola\"},\"url\":\"https:\\\/\\\/blog.vida.at\\\/pensionisten\\\/author\\\/mariontobola\\\/\"}]}<\/script>\n<!-- \/ Yoast SEO plugin. -->","yoast_head_json":{"title":"Die Geschichte der Erzbergbahn","robots":{"index":"index","follow":"follow","max-snippet":"max-snippet:-1","max-image-preview":"max-image-preview:large","max-video-preview":"max-video-preview:-1"},"canonical":"https:\/\/blog.vida.at\/pensionisten\/2023\/02\/06\/die-geschichte-der-erzbergbahn\/","og_locale":"de_DE","og_type":"article","og_title":"Die Geschichte der Erzbergbahn","og_description":"Lichtbildervortrag von Buchautor Franz Haas im &#8222;Verein Eisenbahnerheim&#8222;. Sei dabei am 20. Februar 2023 und erfahre mehr \u00fcber die bewegende Geschichte der Erzbergbahn.","og_url":"https:\/\/blog.vida.at\/pensionisten\/2023\/02\/06\/die-geschichte-der-erzbergbahn\/","og_site_name":"vida Pensionisten","article_published_time":"2023-02-06T10:08:14+00:00","article_modified_time":"2023-05-09T09:36:35+00:00","og_image":[{"width":813,"height":539,"url":"https:\/\/blog.vida.at\/pensionisten\/wp-content\/uploads\/sites\/10\/2023\/02\/Erzbergbahn.jpg","type":"image\/jpeg"}],"author":"mariontobola","twitter_card":"summary_large_image","twitter_misc":{"Verfasst von":"mariontobola","Gesch\u00e4tzte Lesezeit":"1\u00a0Minute"},"schema":{"@context":"https:\/\/schema.org","@graph":[{"@type":"Article","@id":"https:\/\/blog.vida.at\/pensionisten\/2023\/02\/06\/die-geschichte-der-erzbergbahn\/#article","isPartOf":{"@id":"https:\/\/blog.vida.at\/pensionisten\/2023\/02\/06\/die-geschichte-der-erzbergbahn\/"},"author":{"name":"mariontobola","@id":"https:\/\/blog.vida.at\/pensionisten\/#\/schema\/person\/88cee3ee93b9afdc51c92f5f63f38b8a"},"headline":"Die Geschichte der Erzbergbahn","datePublished":"2023-02-06T10:08:14+00:00","dateModified":"2023-05-09T09:36:35+00:00","mainEntityOfPage":{"@id":"https:\/\/blog.vida.at\/pensionisten\/2023\/02\/06\/die-geschichte-der-erzbergbahn\/"},"wordCount":108,"commentCount":0,"image":{"@id":"https:\/\/blog.vida.at\/pensionisten\/2023\/02\/06\/die-geschichte-der-erzbergbahn\/#primaryimage"},"thumbnailUrl":"https:\/\/blog.vida.at\/pensionisten\/wp-content\/uploads\/sites\/10\/2023\/02\/Erzbergbahn.jpg","articleSection":{"0":"Aktuelles","2":"Top Aktuelles","3":"Top Veranstaltungen","4":"Veranstaltungen"},"inLanguage":"de","potentialAction":[{"@type":"CommentAction","name":"Comment","target":["https:\/\/blog.vida.at\/pensionisten\/2023\/02\/06\/die-geschichte-der-erzbergbahn\/#respond"]}]},{"@type":"WebPage","@id":"https:\/\/blog.vida.at\/pensionisten\/2023\/02\/06\/die-geschichte-der-erzbergbahn\/","url":"https:\/\/blog.vida.at\/pensionisten\/2023\/02\/06\/die-geschichte-der-erzbergbahn\/","name":"Die Geschichte der Erzbergbahn","isPartOf":{"@id":"https:\/\/blog.vida.at\/pensionisten\/#website"},"primaryImageOfPage":{"@id":"https:\/\/blog.vida.at\/pensionisten\/2023\/02\/06\/die-geschichte-der-erzbergbahn\/#primaryimage"},"image":{"@id":"https:\/\/blog.vida.at\/pensionisten\/2023\/02\/06\/die-geschichte-der-erzbergbahn\/#primaryimage"},"thumbnailUrl":"https:\/\/blog.vida.at\/pensionisten\/wp-content\/uploads\/sites\/10\/2023\/02\/Erzbergbahn.jpg","datePublished":"2023-02-06T10:08:14+00:00","dateModified":"2023-05-09T09:36:35+00:00","author":{"@id":"https:\/\/blog.vida.at\/pensionisten\/#\/schema\/person\/88cee3ee93b9afdc51c92f5f63f38b8a"},"breadcrumb":{"@id":"https:\/\/blog.vida.at\/pensionisten\/2023\/02\/06\/die-geschichte-der-erzbergbahn\/#breadcrumb"},"inLanguage":"de","potentialAction":[{"@type":"ReadAction","target":["https:\/\/blog.vida.at\/pensionisten\/2023\/02\/06\/die-geschichte-der-erzbergbahn\/"]}]},{"@type":"ImageObject","inLanguage":"de","@id":"https:\/\/blog.vida.at\/pensionisten\/2023\/02\/06\/die-geschichte-der-erzbergbahn\/#primaryimage","url":"https:\/\/blog.vida.at\/pensionisten\/wp-content\/uploads\/sites\/10\/2023\/02\/Erzbergbahn.jpg","contentUrl":"https:\/\/blog.vida.at\/pensionisten\/wp-content\/uploads\/sites\/10\/2023\/02\/Erzbergbahn.jpg","width":813,"height":539},{"@type":"BreadcrumbList","@id":"https:\/\/blog.vida.at\/pensionisten\/2023\/02\/06\/die-geschichte-der-erzbergbahn\/#breadcrumb","itemListElement":[{"@type":"ListItem","position":1,"name":"Startseite","item":"https:\/\/blog.vida.at\/pensionisten\/"},{"@type":"ListItem","position":2,"name":"Die Geschichte der Erzbergbahn"}]},{"@type":"WebSite","@id":"https:\/\/blog.vida.at\/pensionisten\/#website","url":"https:\/\/blog.vida.at\/pensionisten\/","name":"vida Pensionisten","description":"","potentialAction":[{"@type":"SearchAction","target":{"@type":"EntryPoint","urlTemplate":"https:\/\/blog.vida.at\/pensionisten\/?s={search_term_string}"},"query-input":{"@type":"PropertyValueSpecification","valueRequired":true,"valueName":"search_term_string"}}],"inLanguage":"de"},{"@type":"Person","@id":"https:\/\/blog.vida.at\/pensionisten\/#\/schema\/person\/88cee3ee93b9afdc51c92f5f63f38b8a","name":"mariontobola","image":{"@type":"ImageObject","inLanguage":"de","@id":"https:\/\/secure.gravatar.com\/avatar\/5d2c516985e4eda61bca05bd3b4359b4358135bd1e1a5b08c539e9cd1edd6528?s=96&d=mm&r=g","url":"https:\/\/secure.gravatar.com\/avatar\/5d2c516985e4eda61bca05bd3b4359b4358135bd1e1a5b08c539e9cd1edd6528?s=96&d=mm&r=g","contentUrl":"https:\/\/secure.gravatar.com\/avatar\/5d2c516985e4eda61bca05bd3b4359b4358135bd1e1a5b08c539e9cd1edd6528?s=96&d=mm&r=g","caption":"mariontobola"},"url":"https:\/\/blog.vida.at\/pensionisten\/author\/mariontobola\/"}]}},"author_meta":{"display_name":"mariontobola","author_link":"https:\/\/blog.vida.at\/pensionisten\/author\/mariontobola\/"},"featured_img":"https:\/\/blog.vida.at\/pensionisten\/wp-content\/uploads\/sites\/10\/2023\/02\/Erzbergbahn-300x199.jpg","featured_image_src":"https:\/\/blog.vida.at\/pensionisten\/wp-content\/uploads\/sites\/10\/2023\/02\/Erzbergbahn-600x400.jpg","featured_image_src_square":"https:\/\/blog.vida.at\/pensionisten\/wp-content\/uploads\/sites\/10\/2023\/02\/Erzbergbahn-600x539.jpg","uagb_featured_image_src":{"full":["https:\/\/blog.vida.at\/pensionisten\/wp-content\/uploads\/sites\/10\/2023\/02\/Erzbergbahn.jpg",813,539,false],"thumbnail":["https:\/\/blog.vida.at\/pensionisten\/wp-content\/uploads\/sites\/10\/2023\/02\/Erzbergbahn-150x150.jpg",150,150,true],"medium":["https:\/\/blog.vida.at\/pensionisten\/wp-content\/uploads\/sites\/10\/2023\/02\/Erzbergbahn-300x199.jpg",300,199,true],"medium_large":["https:\/\/blog.vida.at\/pensionisten\/wp-content\/uploads\/sites\/10\/2023\/02\/Erzbergbahn-768x509.jpg",640,424,true],"large":["https:\/\/blog.vida.at\/pensionisten\/wp-content\/uploads\/sites\/10\/2023\/02\/Erzbergbahn.jpg",640,424,false],"1536x1536":["https:\/\/blog.vida.at\/pensionisten\/wp-content\/uploads\/sites\/10\/2023\/02\/Erzbergbahn.jpg",813,539,false],"2048x2048":["https:\/\/blog.vida.at\/pensionisten\/wp-content\/uploads\/sites\/10\/2023\/02\/Erzbergbahn.jpg",813,539,false],"ab-block-post-grid-landscape":["https:\/\/blog.vida.at\/pensionisten\/wp-content\/uploads\/sites\/10\/2023\/02\/Erzbergbahn-600x400.jpg",600,400,true],"ab-block-post-grid-square":["https:\/\/blog.vida.at\/pensionisten\/wp-content\/uploads\/sites\/10\/2023\/02\/Erzbergbahn-600x539.jpg",600,539,true],"post-thumbnail":["https:\/\/blog.vida.at\/pensionisten\/wp-content\/uploads\/sites\/10\/2023\/02\/Erzbergbahn.jpg",813,539,false],"awb_sm":["https:\/\/blog.vida.at\/pensionisten\/wp-content\/uploads\/sites\/10\/2023\/02\/Erzbergbahn-500x331.jpg",500,331,true],"awb_md":["https:\/\/blog.vida.at\/pensionisten\/wp-content\/uploads\/sites\/10\/2023\/02\/Erzbergbahn-800x530.jpg",800,530,true],"awb_lg":["https:\/\/blog.vida.at\/pensionisten\/wp-content\/uploads\/sites\/10\/2023\/02\/Erzbergbahn.jpg",813,539,false],"awb_xl":["https:\/\/blog.vida.at\/pensionisten\/wp-content\/uploads\/sites\/10\/2023\/02\/Erzbergbahn.jpg",813,539,false]},"uagb_author_info":{"display_name":"mariontobola","author_link":"https:\/\/blog.vida.at\/pensionisten\/author\/mariontobola\/"},"uagb_comment_info":0,"uagb_excerpt":"Lichtbildervortrag von Buchautor Franz Haas im &#8222;Verein Eisenbahnerheim&#8222;. Sei dabei am 20. Februar 2023 und erfahre mehr \u00fcber die bewegende Geschichte der Erzbergbahn.","coauthors":[],"tax_additional":{"categories":{"linked":["<a href=\"https:\/\/blog.vida.at\/pensionisten\/category\/aktuelles\/\" class=\"advgb-post-tax-term\">Aktuelles<\/a>","<a href=\"https:\/\/blog.vida.at\/pensionisten\/category\/allgemein\/\" class=\"advgb-post-tax-term\">Allgemein<\/a>","<a href=\"https:\/\/blog.vida.at\/pensionisten\/category\/top-aktuelles\/\" class=\"advgb-post-tax-term\">Top Aktuelles<\/a>","<a href=\"https:\/\/blog.vida.at\/pensionisten\/category\/top-veranstaltungen\/\" class=\"advgb-post-tax-term\">Top Veranstaltungen<\/a>","<a href=\"https:\/\/blog.vida.at\/pensionisten\/category\/veranstaltungen\/\" class=\"advgb-post-tax-term\">Veranstaltungen<\/a>"],"unlinked":["<span class=\"advgb-post-tax-term\">Aktuelles<\/span>","<span class=\"advgb-post-tax-term\">Allgemein<\/span>","<span class=\"advgb-post-tax-term\">Top Aktuelles<\/span>","<span class=\"advgb-post-tax-term\">Top Veranstaltungen<\/span>","<span class=\"advgb-post-tax-term\">Veranstaltungen<\/span>"]}},"comment_count":"0","relative_dates":{"created":"Ver\u00f6ffentlicht 3\u00a0Jahren vor","modified":"Aktualisiert 3\u00a0Jahren vor"},"absolute_dates":{"created":"Ver\u00f6ffentlicht am 6. Februar 2023","modified":"Aktualisiert am 9. Mai 2023"},"absolute_dates_time":{"created":"Ver\u00f6ffentlicht am 6. Februar 2023 11:08","modified":"Aktualisiert am 9. Mai 2023 11:36"},"featured_img_caption":"","series_order":"","_links":{"self":[{"href":"https:\/\/blog.vida.at\/pensionisten\/wp-json\/wp\/v2\/posts\/6201","targetHints":{"allow":["GET"]}}],"collection":[{"href":"https:\/\/blog.vida.at\/pensionisten\/wp-json\/wp\/v2\/posts"}],"about":[{"href":"https:\/\/blog.vida.at\/pensionisten\/wp-json\/wp\/v2\/types\/post"}],"author":[{"embeddable":true,"href":"https:\/\/blog.vida.at\/pensionisten\/wp-json\/wp\/v2\/users\/8"}],"replies":[{"embeddable":true,"href":"https:\/\/blog.vida.at\/pensionisten\/wp-json\/wp\/v2\/comments?post=6201"}],"version-history":[{"count":8,"href":"https:\/\/blog.vida.at\/pensionisten\/wp-json\/wp\/v2\/posts\/6201\/revisions"}],"predecessor-version":[{"id":6769,"href":"https:\/\/blog.vida.at\/pensionisten\/wp-json\/wp\/v2\/posts\/6201\/revisions\/6769"}],"wp:featuredmedia":[{"embeddable":true,"href":"https:\/\/blog.vida.at\/pensionisten\/wp-json\/wp\/v2\/media\/6204"}],"wp:attachment":[{"href":"https:\/\/blog.vida.at\/pensionisten\/wp-json\/wp\/v2\/media?parent=6201"}],"wp:term":[{"taxonomy":"category","embeddable":true,"href":"https:\/\/blog.vida.at\/pensionisten\/wp-json\/wp\/v2\/categories?post=6201"},{"taxonomy":"post_tag","embeddable":true,"href":"https:\/\/blog.vida.at\/pensionisten\/wp-json\/wp\/v2\/tags?post=6201"},{"taxonomy":"Orte","embeddable":true,"href":"https:\/\/blog.vida.at\/pensionisten\/wp-json\/wp\/v2\/Orte?post=6201"},{"taxonomy":"activitytype","embeddable":true,"href":"https:\/\/blog.vida.at\/pensionisten\/wp-json\/wp\/v2\/activitytype?post=6201"}],"curies":[{"name":"wp","href":"https:\/\/api.w.org\/{rel}","templated":true}]}}