
{"id":6302,"date":"2023-02-24T14:26:36","date_gmt":"2023-02-24T13:26:36","guid":{"rendered":"https:\/\/blog.vida.at\/pensionisten\/?p=6302"},"modified":"2023-05-09T11:35:01","modified_gmt":"2023-05-09T09:35:01","slug":"vida-reise-fuer-junggebliebene","status":"publish","type":"post","link":"https:\/\/blog.vida.at\/pensionisten\/2023\/02\/24\/vida-reise-fuer-junggebliebene\/","title":{"rendered":"vida-Reise f\u00fcr Junggebliebene"},"content":{"rendered":"\n<div class=\"wp-block-group Container advgb-dyn-c496fbc5\"><div class=\"wp-block-group__inner-container is-layout-flow wp-block-group-is-layout-flow\">\n<p><strong>Mit deiner vida ab ins Drautal nach K\u00e4rnten. Melde dich schnell an.<\/strong><\/p>\n\n\n\n<p>Deine vida-PensionistInnen haben f\u00fcr dich ein<strong> interessantes Reiseangebot<\/strong>. Wir fahren ins Drautal vom 25.-29. Juni 2023. Sei dabei!<\/p>\n\n\n\n<!--more-->\n\n\n\n<p><strong><span style=\"color: #0073a8\" class=\"stk-highlight\">Du bist reiselustig, interessiert an Information und m\u00f6chtest Leute kennenlernen?<\/span><\/strong><\/p>\n\n\n\n<p>Die <strong>PensionistInnen vida Wien<\/strong> und <strong>vida Nieder\u00f6sterreich<\/strong> starten den erstmaligen Versuch einer <strong>Reiseveranstaltung \u00fcber Ortsgruppen- und Landesgrenzen hinweg<\/strong> und bieten daher mit <strong>Zustiegsstellen entlang der West- und S\u00fcdautobahn <\/strong>ein neues Angebot an: <\/p>\n\n\n\n<p class=\"has-text-align-center\"><strong><span style=\"color: #fb0303\" class=\"stk-highlight\">\u201eEine Reise f\u00fcr Junggebliebene nach K\u00e4rnten im Drautal <br>in der Zeit vom 25.6. bis 29.6.2023\u201c<\/span><\/strong><\/p>\n\n\n<div class=\"wp-block-image is-style-rounded\">\n<figure class=\"aligncenter size-large\"><img loading=\"lazy\" decoding=\"async\" width=\"1024\" height=\"682\" src=\"https:\/\/blog.vida.at\/pensionisten\/wp-content\/uploads\/sites\/10\/2023\/02\/Glocknerhof-1-1024x682.jpg\" alt=\"\" class=\"wp-image-6312\" srcset=\"https:\/\/blog.vida.at\/pensionisten\/wp-content\/uploads\/sites\/10\/2023\/02\/Glocknerhof-1-1024x682.jpg 1024w, https:\/\/blog.vida.at\/pensionisten\/wp-content\/uploads\/sites\/10\/2023\/02\/Glocknerhof-1-300x200.jpg 300w, https:\/\/blog.vida.at\/pensionisten\/wp-content\/uploads\/sites\/10\/2023\/02\/Glocknerhof-1-768x512.jpg 768w, https:\/\/blog.vida.at\/pensionisten\/wp-content\/uploads\/sites\/10\/2023\/02\/Glocknerhof-1-500x333.jpg 500w, https:\/\/blog.vida.at\/pensionisten\/wp-content\/uploads\/sites\/10\/2023\/02\/Glocknerhof-1-800x533.jpg 800w, https:\/\/blog.vida.at\/pensionisten\/wp-content\/uploads\/sites\/10\/2023\/02\/Glocknerhof-1-600x400.jpg 600w, https:\/\/blog.vida.at\/pensionisten\/wp-content\/uploads\/sites\/10\/2023\/02\/Glocknerhof-1.jpg 1228w\" sizes=\"auto, (max-width: 1024px) 100vw, 1024px\" \/><figcaption class=\"wp-element-caption\">(c) www.glocknerhof.at<\/figcaption><\/figure>\n<\/div>\n\n\n<p>Wir bieten dir ein <strong>spannendes Reiseangebot<\/strong> mit Aktivit\u00e4ten wie Radfahren, Wandern, Wellness, Kultur, Tanz, Karten- oder Kegelspiel, mit einem einmaligen Preisangebot in einem <strong>4-Sterne-Hotel<\/strong>.<\/p>\n\n\n\n<div class=\"wp-block-uagb-buttons uagb-buttons__outer-wrap uagb-btn__default-btn uagb-btn-tablet__default-btn uagb-btn-mobile__default-btn uagb-block-ccf45a97\"><div class=\"uagb-buttons__wrap uagb-buttons-layout-wrap\">\n<div class=\"wp-block-uagb-buttons-child uagb-buttons__outer-wrap uagb-block-cefd8ff0 wp-block-button is-style-outline advgb-block-cefd8ff0\"><div class=\"uagb-button__wrapper\"><a class=\"uagb-buttons-repeater wp-block-button__link\" href=\"#\" rel=\"follow noopener\" target=\"_self\"><div class=\"uagb-button__link\">Reiseprogramm &amp; Angebot<\/div><\/a><\/div><\/div>\n<\/div><\/div>\n\n\n\n<p><strong><span style=\"color: #0073a8\" class=\"stk-highlight\">Du hast Freunde, die nicht vida-Mitglied sind?<\/span><\/strong> <\/p>\n\n\n\n<p><span style=\"color: #f60303\" class=\"stk-highlight\">Nimm sie mit und wirb sie als Mitglied!<\/span> <\/p>\n\n\n\n<p><strong>Du erh\u00e4ltst daf\u00fcr einen Getr\u00e4nkegutschein im Wert von \u20ac 20,&#8211; einl\u00f6sbar im Hotel. <\/strong>Das geworbene Mitglied bekommt bei Vorlage der Mitgliedsanmeldung ebenfalls einen Gutschein.<\/p>\n\n\n\n<p><span style=\"color: #fb0101\" class=\"stk-highlight\"><strong>Also rasch anmelden<\/strong> <\/span>\u2013 begrenzte TeilnehmerInnenanzahl!<\/p>\n\n\n\n<p><strong>Anmeldung bis sp\u00e4testens 15. M\u00e4rz 2023, bei:<\/strong><\/p>\n\n\n\n<p><span style=\"color: #fd0303\" class=\"stk-highlight\">Helene Starzer, vida Wien<\/span><br>E-Mail: <a href=\"mailto:pensionistinnen.wien@vida.at\">pensionistinnen.wien@vida.at<\/a>, Tel.: 0664\/6145659<\/p>\n\n\n\n<p><span style=\"color: #fa0404\" class=\"stk-highlight\">Josef Mayer, vida N\u00d6<\/span><br>E-Mail: <a href=\"mailto:pensionistinnen.noe@vida.at\">pensionistinnen.noe@vida.at<\/a>, Tel.: 0664\/6145584<\/p>\n\n\n\n<p><br><\/p>\n<\/div><\/div>\n","protected":false},"excerpt":{"rendered":"<p>Mit deiner vida ab ins Drautal nach K\u00e4rnten. Melde dich schnell an. Deine vida-PensionistInnen haben f\u00fcr dich ein interessantes Reiseangebot. Wir fahren ins Drautal vom 25.-29. Juni 2023. Sei dabei!<\/p>\n","protected":false},"author":8,"featured_media":6316,"comment_status":"open","ping_status":"open","sticky":false,"template":"","format":"standard","meta":{"_uag_custom_page_level_css":"","advgb_blocks_editor_width":"","advgb_blocks_columns_visual_guide":"","footnotes":""},"categories":[4,1,42,32],"tags":[],"Orte":[],"activitytype":[],"class_list":["post-6302","post","type-post","status-publish","format-standard","has-post-thumbnail","hentry","category-aktuelles","category-allgemein","category-reisen","category-top-aktuelles","entry"],"featured_image_urls":{"full":["https:\/\/blog.vida.at\/pensionisten\/wp-content\/uploads\/sites\/10\/2023\/02\/Hotel-Glocknerhof-Kaernten-Urlaub.jpg",1920,1080,false],"thumbnail":["https:\/\/blog.vida.at\/pensionisten\/wp-content\/uploads\/sites\/10\/2023\/02\/Hotel-Glocknerhof-Kaernten-Urlaub-150x150.jpg",150,150,true],"medium":["https:\/\/blog.vida.at\/pensionisten\/wp-content\/uploads\/sites\/10\/2023\/02\/Hotel-Glocknerhof-Kaernten-Urlaub-300x169.jpg",300,169,true],"medium_large":["https:\/\/blog.vida.at\/pensionisten\/wp-content\/uploads\/sites\/10\/2023\/02\/Hotel-Glocknerhof-Kaernten-Urlaub-768x432.jpg",640,360,true],"large":["https:\/\/blog.vida.at\/pensionisten\/wp-content\/uploads\/sites\/10\/2023\/02\/Hotel-Glocknerhof-Kaernten-Urlaub-1024x576.jpg",640,360,true],"1536x1536":["https:\/\/blog.vida.at\/pensionisten\/wp-content\/uploads\/sites\/10\/2023\/02\/Hotel-Glocknerhof-Kaernten-Urlaub-1536x864.jpg",1536,864,true],"2048x2048":["https:\/\/blog.vida.at\/pensionisten\/wp-content\/uploads\/sites\/10\/2023\/02\/Hotel-Glocknerhof-Kaernten-Urlaub.jpg",1920,1080,false],"ab-block-post-grid-landscape":["https:\/\/blog.vida.at\/pensionisten\/wp-content\/uploads\/sites\/10\/2023\/02\/Hotel-Glocknerhof-Kaernten-Urlaub-600x400.jpg",600,400,true],"ab-block-post-grid-square":["https:\/\/blog.vida.at\/pensionisten\/wp-content\/uploads\/sites\/10\/2023\/02\/Hotel-Glocknerhof-Kaernten-Urlaub-600x600.jpg",600,600,true],"post-thumbnail":["https:\/\/blog.vida.at\/pensionisten\/wp-content\/uploads\/sites\/10\/2023\/02\/Hotel-Glocknerhof-Kaernten-Urlaub-1568x882.jpg",1568,882,true],"awb_sm":["https:\/\/blog.vida.at\/pensionisten\/wp-content\/uploads\/sites\/10\/2023\/02\/Hotel-Glocknerhof-Kaernten-Urlaub-500x281.jpg",500,281,true],"awb_md":["https:\/\/blog.vida.at\/pensionisten\/wp-content\/uploads\/sites\/10\/2023\/02\/Hotel-Glocknerhof-Kaernten-Urlaub-800x450.jpg",800,450,true],"awb_lg":["https:\/\/blog.vida.at\/pensionisten\/wp-content\/uploads\/sites\/10\/2023\/02\/Hotel-Glocknerhof-Kaernten-Urlaub-1280x720.jpg",1280,720,true],"awb_xl":["https:\/\/blog.vida.at\/pensionisten\/wp-content\/uploads\/sites\/10\/2023\/02\/Hotel-Glocknerhof-Kaernten-Urlaub.jpg",1920,1080,false]},"post_excerpt_stackable":"<p>Mit deiner vida ab ins Drautal nach K\u00e4rnten. Melde dich schnell an. Deine vida-PensionistInnen haben f\u00fcr dich ein interessantes Reiseangebot. Wir fahren ins Drautal vom 25.-29. Juni 2023. Sei dabei! Du bist reiselustig, interessiert an Information und m\u00f6chtest Leute kennenlernen? Die PensionistInnen vida Wien und vida Nieder\u00f6sterreich starten den erstmaligen Versuch einer Reiseveranstaltung \u00fcber Ortsgruppen- und Landesgrenzen hinweg und bieten daher mit Zustiegsstellen entlang der West- und S\u00fcdautobahn ein neues Angebot an: \u201eEine Reise f\u00fcr Junggebliebene nach K\u00e4rnten im Drautal in der Zeit vom 25.6. bis 29.6.2023\u201c (c) www.glocknerhof.at Wir bieten dir ein spannendes Reiseangebot mit Aktivit\u00e4ten wie Radfahren, Wandern,&hellip;<\/p>\n","category_list":"<a href=\"https:\/\/blog.vida.at\/pensionisten\/category\/aktuelles\/\" rel=\"category tag\">Aktuelles<\/a>, <a href=\"https:\/\/blog.vida.at\/pensionisten\/category\/allgemein\/\" rel=\"category tag\">Allgemein<\/a>, <a href=\"https:\/\/blog.vida.at\/pensionisten\/category\/reisen\/\" rel=\"category tag\">Reisen<\/a>, <a href=\"https:\/\/blog.vida.at\/pensionisten\/category\/top-aktuelles\/\" rel=\"category tag\">Top Aktuelles<\/a>","author_info":{"display_name":"mariontobola","author_link":"https:\/\/blog.vida.at\/pensionisten\/author\/mariontobola\/"},"comments_num":"0 comments","featured_image_urls_v2":{"full":["https:\/\/blog.vida.at\/pensionisten\/wp-content\/uploads\/sites\/10\/2023\/02\/Hotel-Glocknerhof-Kaernten-Urlaub.jpg",1920,1080,false],"thumbnail":["https:\/\/blog.vida.at\/pensionisten\/wp-content\/uploads\/sites\/10\/2023\/02\/Hotel-Glocknerhof-Kaernten-Urlaub-150x150.jpg",150,150,true],"medium":["https:\/\/blog.vida.at\/pensionisten\/wp-content\/uploads\/sites\/10\/2023\/02\/Hotel-Glocknerhof-Kaernten-Urlaub-300x169.jpg",300,169,true],"medium_large":["https:\/\/blog.vida.at\/pensionisten\/wp-content\/uploads\/sites\/10\/2023\/02\/Hotel-Glocknerhof-Kaernten-Urlaub-768x432.jpg",640,360,true],"large":["https:\/\/blog.vida.at\/pensionisten\/wp-content\/uploads\/sites\/10\/2023\/02\/Hotel-Glocknerhof-Kaernten-Urlaub-1024x576.jpg",640,360,true],"1536x1536":["https:\/\/blog.vida.at\/pensionisten\/wp-content\/uploads\/sites\/10\/2023\/02\/Hotel-Glocknerhof-Kaernten-Urlaub-1536x864.jpg",1536,864,true],"2048x2048":["https:\/\/blog.vida.at\/pensionisten\/wp-content\/uploads\/sites\/10\/2023\/02\/Hotel-Glocknerhof-Kaernten-Urlaub.jpg",1920,1080,false],"ab-block-post-grid-landscape":["https:\/\/blog.vida.at\/pensionisten\/wp-content\/uploads\/sites\/10\/2023\/02\/Hotel-Glocknerhof-Kaernten-Urlaub-600x400.jpg",600,400,true],"ab-block-post-grid-square":["https:\/\/blog.vida.at\/pensionisten\/wp-content\/uploads\/sites\/10\/2023\/02\/Hotel-Glocknerhof-Kaernten-Urlaub-600x600.jpg",600,600,true],"post-thumbnail":["https:\/\/blog.vida.at\/pensionisten\/wp-content\/uploads\/sites\/10\/2023\/02\/Hotel-Glocknerhof-Kaernten-Urlaub-1568x882.jpg",1568,882,true],"awb_sm":["https:\/\/blog.vida.at\/pensionisten\/wp-content\/uploads\/sites\/10\/2023\/02\/Hotel-Glocknerhof-Kaernten-Urlaub-500x281.jpg",500,281,true],"awb_md":["https:\/\/blog.vida.at\/pensionisten\/wp-content\/uploads\/sites\/10\/2023\/02\/Hotel-Glocknerhof-Kaernten-Urlaub-800x450.jpg",800,450,true],"awb_lg":["https:\/\/blog.vida.at\/pensionisten\/wp-content\/uploads\/sites\/10\/2023\/02\/Hotel-Glocknerhof-Kaernten-Urlaub-1280x720.jpg",1280,720,true],"awb_xl":["https:\/\/blog.vida.at\/pensionisten\/wp-content\/uploads\/sites\/10\/2023\/02\/Hotel-Glocknerhof-Kaernten-Urlaub.jpg",1920,1080,false]},"post_excerpt_stackable_v2":"<p>Mit deiner vida ab ins Drautal nach K\u00e4rnten. Melde dich schnell an. Deine vida-PensionistInnen haben f\u00fcr dich ein interessantes Reiseangebot. Wir fahren ins Drautal vom 25.-29. Juni 2023. Sei dabei! Du bist reiselustig, interessiert an Information und m\u00f6chtest Leute kennenlernen? Die PensionistInnen vida Wien und vida Nieder\u00f6sterreich starten den erstmaligen Versuch einer Reiseveranstaltung \u00fcber Ortsgruppen- und Landesgrenzen hinweg und bieten daher mit Zustiegsstellen entlang der West- und S\u00fcdautobahn ein neues Angebot an: \u201eEine Reise f\u00fcr Junggebliebene nach K\u00e4rnten im Drautal in der Zeit vom 25.6. bis 29.6.2023\u201c (c) www.glocknerhof.at Wir bieten dir ein spannendes Reiseangebot mit Aktivit\u00e4ten wie Radfahren, Wandern,&hellip;<\/p>\n","category_list_v2":"<a href=\"https:\/\/blog.vida.at\/pensionisten\/category\/aktuelles\/\" rel=\"category tag\">Aktuelles<\/a>, <a href=\"https:\/\/blog.vida.at\/pensionisten\/category\/allgemein\/\" rel=\"category tag\">Allgemein<\/a>, <a href=\"https:\/\/blog.vida.at\/pensionisten\/category\/reisen\/\" rel=\"category tag\">Reisen<\/a>, <a href=\"https:\/\/blog.vida.at\/pensionisten\/category\/top-aktuelles\/\" rel=\"category tag\">Top Aktuelles<\/a>","author_info_v2":{"name":"mariontobola","url":"https:\/\/blog.vida.at\/pensionisten\/author\/mariontobola\/"},"comments_num_v2":"0 comments","yoast_head":"<!-- This site is optimized with the Yoast SEO plugin v27.3 - https:\/\/yoast.com\/product\/yoast-seo-wordpress\/ -->\n<title>vida-Reise f\u00fcr Junggebliebene<\/title>\n<meta name=\"robots\" content=\"index, follow, max-snippet:-1, max-image-preview:large, max-video-preview:-1\" \/>\n<link rel=\"canonical\" href=\"https:\/\/blog.vida.at\/pensionisten\/2023\/02\/24\/vida-reise-fuer-junggebliebene\/\" \/>\n<meta property=\"og:locale\" content=\"de_DE\" \/>\n<meta property=\"og:type\" content=\"article\" \/>\n<meta property=\"og:title\" content=\"vida-Reise f\u00fcr Junggebliebene\" \/>\n<meta property=\"og:description\" content=\"Mit deiner vida ab ins Drautal nach K\u00e4rnten. Melde dich schnell an. Deine vida-PensionistInnen haben f\u00fcr dich ein interessantes Reiseangebot. Wir fahren ins Drautal vom 25.-29. Juni 2023. Sei dabei!\" \/>\n<meta property=\"og:url\" content=\"https:\/\/blog.vida.at\/pensionisten\/2023\/02\/24\/vida-reise-fuer-junggebliebene\/\" \/>\n<meta property=\"og:site_name\" content=\"vida Pensionisten\" \/>\n<meta property=\"article:published_time\" content=\"2023-02-24T13:26:36+00:00\" \/>\n<meta property=\"article:modified_time\" content=\"2023-05-09T09:35:01+00:00\" \/>\n<meta property=\"og:image\" content=\"https:\/\/blog.vida.at\/pensionisten\/wp-content\/uploads\/sites\/10\/2023\/02\/Hotel-Glocknerhof-Kaernten-Urlaub.jpg\" \/>\n\t<meta property=\"og:image:width\" content=\"1920\" \/>\n\t<meta property=\"og:image:height\" content=\"1080\" \/>\n\t<meta property=\"og:image:type\" content=\"image\/jpeg\" \/>\n<meta name=\"author\" content=\"mariontobola\" \/>\n<meta name=\"twitter:card\" content=\"summary_large_image\" \/>\n<meta name=\"twitter:label1\" content=\"Verfasst von\" \/>\n\t<meta name=\"twitter:data1\" content=\"mariontobola\" \/>\n\t<meta name=\"twitter:label2\" content=\"Gesch\u00e4tzte Lesezeit\" \/>\n\t<meta name=\"twitter:data2\" content=\"2\u00a0Minuten\" \/>\n<script type=\"application\/ld+json\" class=\"yoast-schema-graph\">{\"@context\":\"https:\\\/\\\/schema.org\",\"@graph\":[{\"@type\":\"Article\",\"@id\":\"https:\\\/\\\/blog.vida.at\\\/pensionisten\\\/2023\\\/02\\\/24\\\/vida-reise-fuer-junggebliebene\\\/#article\",\"isPartOf\":{\"@id\":\"https:\\\/\\\/blog.vida.at\\\/pensionisten\\\/2023\\\/02\\\/24\\\/vida-reise-fuer-junggebliebene\\\/\"},\"author\":{\"name\":\"mariontobola\",\"@id\":\"https:\\\/\\\/blog.vida.at\\\/pensionisten\\\/#\\\/schema\\\/person\\\/88cee3ee93b9afdc51c92f5f63f38b8a\"},\"headline\":\"vida-Reise f\u00fcr Junggebliebene\",\"datePublished\":\"2023-02-24T13:26:36+00:00\",\"dateModified\":\"2023-05-09T09:35:01+00:00\",\"mainEntityOfPage\":{\"@id\":\"https:\\\/\\\/blog.vida.at\\\/pensionisten\\\/2023\\\/02\\\/24\\\/vida-reise-fuer-junggebliebene\\\/\"},\"wordCount\":201,\"commentCount\":0,\"image\":{\"@id\":\"https:\\\/\\\/blog.vida.at\\\/pensionisten\\\/2023\\\/02\\\/24\\\/vida-reise-fuer-junggebliebene\\\/#primaryimage\"},\"thumbnailUrl\":\"https:\\\/\\\/blog.vida.at\\\/pensionisten\\\/wp-content\\\/uploads\\\/sites\\\/10\\\/2023\\\/02\\\/Hotel-Glocknerhof-Kaernten-Urlaub.jpg\",\"articleSection\":{\"0\":\"Aktuelles\",\"2\":\"Reisen\",\"3\":\"Top Aktuelles\"},\"inLanguage\":\"de\",\"potentialAction\":[{\"@type\":\"CommentAction\",\"name\":\"Comment\",\"target\":[\"https:\\\/\\\/blog.vida.at\\\/pensionisten\\\/2023\\\/02\\\/24\\\/vida-reise-fuer-junggebliebene\\\/#respond\"]}]},{\"@type\":\"WebPage\",\"@id\":\"https:\\\/\\\/blog.vida.at\\\/pensionisten\\\/2023\\\/02\\\/24\\\/vida-reise-fuer-junggebliebene\\\/\",\"url\":\"https:\\\/\\\/blog.vida.at\\\/pensionisten\\\/2023\\\/02\\\/24\\\/vida-reise-fuer-junggebliebene\\\/\",\"name\":\"vida-Reise f\u00fcr Junggebliebene\",\"isPartOf\":{\"@id\":\"https:\\\/\\\/blog.vida.at\\\/pensionisten\\\/#website\"},\"primaryImageOfPage\":{\"@id\":\"https:\\\/\\\/blog.vida.at\\\/pensionisten\\\/2023\\\/02\\\/24\\\/vida-reise-fuer-junggebliebene\\\/#primaryimage\"},\"image\":{\"@id\":\"https:\\\/\\\/blog.vida.at\\\/pensionisten\\\/2023\\\/02\\\/24\\\/vida-reise-fuer-junggebliebene\\\/#primaryimage\"},\"thumbnailUrl\":\"https:\\\/\\\/blog.vida.at\\\/pensionisten\\\/wp-content\\\/uploads\\\/sites\\\/10\\\/2023\\\/02\\\/Hotel-Glocknerhof-Kaernten-Urlaub.jpg\",\"datePublished\":\"2023-02-24T13:26:36+00:00\",\"dateModified\":\"2023-05-09T09:35:01+00:00\",\"author\":{\"@id\":\"https:\\\/\\\/blog.vida.at\\\/pensionisten\\\/#\\\/schema\\\/person\\\/88cee3ee93b9afdc51c92f5f63f38b8a\"},\"breadcrumb\":{\"@id\":\"https:\\\/\\\/blog.vida.at\\\/pensionisten\\\/2023\\\/02\\\/24\\\/vida-reise-fuer-junggebliebene\\\/#breadcrumb\"},\"inLanguage\":\"de\",\"potentialAction\":[{\"@type\":\"ReadAction\",\"target\":[\"https:\\\/\\\/blog.vida.at\\\/pensionisten\\\/2023\\\/02\\\/24\\\/vida-reise-fuer-junggebliebene\\\/\"]}]},{\"@type\":\"ImageObject\",\"inLanguage\":\"de\",\"@id\":\"https:\\\/\\\/blog.vida.at\\\/pensionisten\\\/2023\\\/02\\\/24\\\/vida-reise-fuer-junggebliebene\\\/#primaryimage\",\"url\":\"https:\\\/\\\/blog.vida.at\\\/pensionisten\\\/wp-content\\\/uploads\\\/sites\\\/10\\\/2023\\\/02\\\/Hotel-Glocknerhof-Kaernten-Urlaub.jpg\",\"contentUrl\":\"https:\\\/\\\/blog.vida.at\\\/pensionisten\\\/wp-content\\\/uploads\\\/sites\\\/10\\\/2023\\\/02\\\/Hotel-Glocknerhof-Kaernten-Urlaub.jpg\",\"width\":1920,\"height\":1080},{\"@type\":\"BreadcrumbList\",\"@id\":\"https:\\\/\\\/blog.vida.at\\\/pensionisten\\\/2023\\\/02\\\/24\\\/vida-reise-fuer-junggebliebene\\\/#breadcrumb\",\"itemListElement\":[{\"@type\":\"ListItem\",\"position\":1,\"name\":\"Startseite\",\"item\":\"https:\\\/\\\/blog.vida.at\\\/pensionisten\\\/\"},{\"@type\":\"ListItem\",\"position\":2,\"name\":\"vida-Reise f\u00fcr Junggebliebene\"}]},{\"@type\":\"WebSite\",\"@id\":\"https:\\\/\\\/blog.vida.at\\\/pensionisten\\\/#website\",\"url\":\"https:\\\/\\\/blog.vida.at\\\/pensionisten\\\/\",\"name\":\"vida Pensionisten\",\"description\":\"\",\"potentialAction\":[{\"@type\":\"SearchAction\",\"target\":{\"@type\":\"EntryPoint\",\"urlTemplate\":\"https:\\\/\\\/blog.vida.at\\\/pensionisten\\\/?s={search_term_string}\"},\"query-input\":{\"@type\":\"PropertyValueSpecification\",\"valueRequired\":true,\"valueName\":\"search_term_string\"}}],\"inLanguage\":\"de\"},{\"@type\":\"Person\",\"@id\":\"https:\\\/\\\/blog.vida.at\\\/pensionisten\\\/#\\\/schema\\\/person\\\/88cee3ee93b9afdc51c92f5f63f38b8a\",\"name\":\"mariontobola\",\"image\":{\"@type\":\"ImageObject\",\"inLanguage\":\"de\",\"@id\":\"https:\\\/\\\/secure.gravatar.com\\\/avatar\\\/5d2c516985e4eda61bca05bd3b4359b4358135bd1e1a5b08c539e9cd1edd6528?s=96&d=mm&r=g\",\"url\":\"https:\\\/\\\/secure.gravatar.com\\\/avatar\\\/5d2c516985e4eda61bca05bd3b4359b4358135bd1e1a5b08c539e9cd1edd6528?s=96&d=mm&r=g\",\"contentUrl\":\"https:\\\/\\\/secure.gravatar.com\\\/avatar\\\/5d2c516985e4eda61bca05bd3b4359b4358135bd1e1a5b08c539e9cd1edd6528?s=96&d=mm&r=g\",\"caption\":\"mariontobola\"},\"url\":\"https:\\\/\\\/blog.vida.at\\\/pensionisten\\\/author\\\/mariontobola\\\/\"}]}<\/script>\n<!-- \/ Yoast SEO plugin. -->","yoast_head_json":{"title":"vida-Reise f\u00fcr Junggebliebene","robots":{"index":"index","follow":"follow","max-snippet":"max-snippet:-1","max-image-preview":"max-image-preview:large","max-video-preview":"max-video-preview:-1"},"canonical":"https:\/\/blog.vida.at\/pensionisten\/2023\/02\/24\/vida-reise-fuer-junggebliebene\/","og_locale":"de_DE","og_type":"article","og_title":"vida-Reise f\u00fcr Junggebliebene","og_description":"Mit deiner vida ab ins Drautal nach K\u00e4rnten. Melde dich schnell an. Deine vida-PensionistInnen haben f\u00fcr dich ein interessantes Reiseangebot. Wir fahren ins Drautal vom 25.-29. Juni 2023. Sei dabei!","og_url":"https:\/\/blog.vida.at\/pensionisten\/2023\/02\/24\/vida-reise-fuer-junggebliebene\/","og_site_name":"vida Pensionisten","article_published_time":"2023-02-24T13:26:36+00:00","article_modified_time":"2023-05-09T09:35:01+00:00","og_image":[{"width":1920,"height":1080,"url":"https:\/\/blog.vida.at\/pensionisten\/wp-content\/uploads\/sites\/10\/2023\/02\/Hotel-Glocknerhof-Kaernten-Urlaub.jpg","type":"image\/jpeg"}],"author":"mariontobola","twitter_card":"summary_large_image","twitter_misc":{"Verfasst von":"mariontobola","Gesch\u00e4tzte Lesezeit":"2\u00a0Minuten"},"schema":{"@context":"https:\/\/schema.org","@graph":[{"@type":"Article","@id":"https:\/\/blog.vida.at\/pensionisten\/2023\/02\/24\/vida-reise-fuer-junggebliebene\/#article","isPartOf":{"@id":"https:\/\/blog.vida.at\/pensionisten\/2023\/02\/24\/vida-reise-fuer-junggebliebene\/"},"author":{"name":"mariontobola","@id":"https:\/\/blog.vida.at\/pensionisten\/#\/schema\/person\/88cee3ee93b9afdc51c92f5f63f38b8a"},"headline":"vida-Reise f\u00fcr Junggebliebene","datePublished":"2023-02-24T13:26:36+00:00","dateModified":"2023-05-09T09:35:01+00:00","mainEntityOfPage":{"@id":"https:\/\/blog.vida.at\/pensionisten\/2023\/02\/24\/vida-reise-fuer-junggebliebene\/"},"wordCount":201,"commentCount":0,"image":{"@id":"https:\/\/blog.vida.at\/pensionisten\/2023\/02\/24\/vida-reise-fuer-junggebliebene\/#primaryimage"},"thumbnailUrl":"https:\/\/blog.vida.at\/pensionisten\/wp-content\/uploads\/sites\/10\/2023\/02\/Hotel-Glocknerhof-Kaernten-Urlaub.jpg","articleSection":{"0":"Aktuelles","2":"Reisen","3":"Top Aktuelles"},"inLanguage":"de","potentialAction":[{"@type":"CommentAction","name":"Comment","target":["https:\/\/blog.vida.at\/pensionisten\/2023\/02\/24\/vida-reise-fuer-junggebliebene\/#respond"]}]},{"@type":"WebPage","@id":"https:\/\/blog.vida.at\/pensionisten\/2023\/02\/24\/vida-reise-fuer-junggebliebene\/","url":"https:\/\/blog.vida.at\/pensionisten\/2023\/02\/24\/vida-reise-fuer-junggebliebene\/","name":"vida-Reise f\u00fcr Junggebliebene","isPartOf":{"@id":"https:\/\/blog.vida.at\/pensionisten\/#website"},"primaryImageOfPage":{"@id":"https:\/\/blog.vida.at\/pensionisten\/2023\/02\/24\/vida-reise-fuer-junggebliebene\/#primaryimage"},"image":{"@id":"https:\/\/blog.vida.at\/pensionisten\/2023\/02\/24\/vida-reise-fuer-junggebliebene\/#primaryimage"},"thumbnailUrl":"https:\/\/blog.vida.at\/pensionisten\/wp-content\/uploads\/sites\/10\/2023\/02\/Hotel-Glocknerhof-Kaernten-Urlaub.jpg","datePublished":"2023-02-24T13:26:36+00:00","dateModified":"2023-05-09T09:35:01+00:00","author":{"@id":"https:\/\/blog.vida.at\/pensionisten\/#\/schema\/person\/88cee3ee93b9afdc51c92f5f63f38b8a"},"breadcrumb":{"@id":"https:\/\/blog.vida.at\/pensionisten\/2023\/02\/24\/vida-reise-fuer-junggebliebene\/#breadcrumb"},"inLanguage":"de","potentialAction":[{"@type":"ReadAction","target":["https:\/\/blog.vida.at\/pensionisten\/2023\/02\/24\/vida-reise-fuer-junggebliebene\/"]}]},{"@type":"ImageObject","inLanguage":"de","@id":"https:\/\/blog.vida.at\/pensionisten\/2023\/02\/24\/vida-reise-fuer-junggebliebene\/#primaryimage","url":"https:\/\/blog.vida.at\/pensionisten\/wp-content\/uploads\/sites\/10\/2023\/02\/Hotel-Glocknerhof-Kaernten-Urlaub.jpg","contentUrl":"https:\/\/blog.vida.at\/pensionisten\/wp-content\/uploads\/sites\/10\/2023\/02\/Hotel-Glocknerhof-Kaernten-Urlaub.jpg","width":1920,"height":1080},{"@type":"BreadcrumbList","@id":"https:\/\/blog.vida.at\/pensionisten\/2023\/02\/24\/vida-reise-fuer-junggebliebene\/#breadcrumb","itemListElement":[{"@type":"ListItem","position":1,"name":"Startseite","item":"https:\/\/blog.vida.at\/pensionisten\/"},{"@type":"ListItem","position":2,"name":"vida-Reise f\u00fcr Junggebliebene"}]},{"@type":"WebSite","@id":"https:\/\/blog.vida.at\/pensionisten\/#website","url":"https:\/\/blog.vida.at\/pensionisten\/","name":"vida Pensionisten","description":"","potentialAction":[{"@type":"SearchAction","target":{"@type":"EntryPoint","urlTemplate":"https:\/\/blog.vida.at\/pensionisten\/?s={search_term_string}"},"query-input":{"@type":"PropertyValueSpecification","valueRequired":true,"valueName":"search_term_string"}}],"inLanguage":"de"},{"@type":"Person","@id":"https:\/\/blog.vida.at\/pensionisten\/#\/schema\/person\/88cee3ee93b9afdc51c92f5f63f38b8a","name":"mariontobola","image":{"@type":"ImageObject","inLanguage":"de","@id":"https:\/\/secure.gravatar.com\/avatar\/5d2c516985e4eda61bca05bd3b4359b4358135bd1e1a5b08c539e9cd1edd6528?s=96&d=mm&r=g","url":"https:\/\/secure.gravatar.com\/avatar\/5d2c516985e4eda61bca05bd3b4359b4358135bd1e1a5b08c539e9cd1edd6528?s=96&d=mm&r=g","contentUrl":"https:\/\/secure.gravatar.com\/avatar\/5d2c516985e4eda61bca05bd3b4359b4358135bd1e1a5b08c539e9cd1edd6528?s=96&d=mm&r=g","caption":"mariontobola"},"url":"https:\/\/blog.vida.at\/pensionisten\/author\/mariontobola\/"}]}},"author_meta":{"display_name":"mariontobola","author_link":"https:\/\/blog.vida.at\/pensionisten\/author\/mariontobola\/"},"featured_img":"https:\/\/blog.vida.at\/pensionisten\/wp-content\/uploads\/sites\/10\/2023\/02\/Hotel-Glocknerhof-Kaernten-Urlaub-300x169.jpg","featured_image_src":"https:\/\/blog.vida.at\/pensionisten\/wp-content\/uploads\/sites\/10\/2023\/02\/Hotel-Glocknerhof-Kaernten-Urlaub-600x400.jpg","featured_image_src_square":"https:\/\/blog.vida.at\/pensionisten\/wp-content\/uploads\/sites\/10\/2023\/02\/Hotel-Glocknerhof-Kaernten-Urlaub-600x600.jpg","uagb_featured_image_src":{"full":["https:\/\/blog.vida.at\/pensionisten\/wp-content\/uploads\/sites\/10\/2023\/02\/Hotel-Glocknerhof-Kaernten-Urlaub.jpg",1920,1080,false],"thumbnail":["https:\/\/blog.vida.at\/pensionisten\/wp-content\/uploads\/sites\/10\/2023\/02\/Hotel-Glocknerhof-Kaernten-Urlaub-150x150.jpg",150,150,true],"medium":["https:\/\/blog.vida.at\/pensionisten\/wp-content\/uploads\/sites\/10\/2023\/02\/Hotel-Glocknerhof-Kaernten-Urlaub-300x169.jpg",300,169,true],"medium_large":["https:\/\/blog.vida.at\/pensionisten\/wp-content\/uploads\/sites\/10\/2023\/02\/Hotel-Glocknerhof-Kaernten-Urlaub-768x432.jpg",640,360,true],"large":["https:\/\/blog.vida.at\/pensionisten\/wp-content\/uploads\/sites\/10\/2023\/02\/Hotel-Glocknerhof-Kaernten-Urlaub-1024x576.jpg",640,360,true],"1536x1536":["https:\/\/blog.vida.at\/pensionisten\/wp-content\/uploads\/sites\/10\/2023\/02\/Hotel-Glocknerhof-Kaernten-Urlaub-1536x864.jpg",1536,864,true],"2048x2048":["https:\/\/blog.vida.at\/pensionisten\/wp-content\/uploads\/sites\/10\/2023\/02\/Hotel-Glocknerhof-Kaernten-Urlaub.jpg",1920,1080,false],"ab-block-post-grid-landscape":["https:\/\/blog.vida.at\/pensionisten\/wp-content\/uploads\/sites\/10\/2023\/02\/Hotel-Glocknerhof-Kaernten-Urlaub-600x400.jpg",600,400,true],"ab-block-post-grid-square":["https:\/\/blog.vida.at\/pensionisten\/wp-content\/uploads\/sites\/10\/2023\/02\/Hotel-Glocknerhof-Kaernten-Urlaub-600x600.jpg",600,600,true],"post-thumbnail":["https:\/\/blog.vida.at\/pensionisten\/wp-content\/uploads\/sites\/10\/2023\/02\/Hotel-Glocknerhof-Kaernten-Urlaub-1568x882.jpg",1568,882,true],"awb_sm":["https:\/\/blog.vida.at\/pensionisten\/wp-content\/uploads\/sites\/10\/2023\/02\/Hotel-Glocknerhof-Kaernten-Urlaub-500x281.jpg",500,281,true],"awb_md":["https:\/\/blog.vida.at\/pensionisten\/wp-content\/uploads\/sites\/10\/2023\/02\/Hotel-Glocknerhof-Kaernten-Urlaub-800x450.jpg",800,450,true],"awb_lg":["https:\/\/blog.vida.at\/pensionisten\/wp-content\/uploads\/sites\/10\/2023\/02\/Hotel-Glocknerhof-Kaernten-Urlaub-1280x720.jpg",1280,720,true],"awb_xl":["https:\/\/blog.vida.at\/pensionisten\/wp-content\/uploads\/sites\/10\/2023\/02\/Hotel-Glocknerhof-Kaernten-Urlaub.jpg",1920,1080,false]},"uagb_author_info":{"display_name":"mariontobola","author_link":"https:\/\/blog.vida.at\/pensionisten\/author\/mariontobola\/"},"uagb_comment_info":0,"uagb_excerpt":"Mit deiner vida ab ins Drautal nach K\u00e4rnten. Melde dich schnell an. Deine vida-PensionistInnen haben f\u00fcr dich ein interessantes Reiseangebot. Wir fahren ins Drautal vom 25.-29. Juni 2023. Sei dabei!","coauthors":[],"tax_additional":{"categories":{"linked":["<a href=\"https:\/\/blog.vida.at\/pensionisten\/category\/aktuelles\/\" class=\"advgb-post-tax-term\">Aktuelles<\/a>","<a href=\"https:\/\/blog.vida.at\/pensionisten\/category\/allgemein\/\" class=\"advgb-post-tax-term\">Allgemein<\/a>","<a href=\"https:\/\/blog.vida.at\/pensionisten\/category\/reisen\/\" class=\"advgb-post-tax-term\">Reisen<\/a>","<a href=\"https:\/\/blog.vida.at\/pensionisten\/category\/top-aktuelles\/\" class=\"advgb-post-tax-term\">Top Aktuelles<\/a>"],"unlinked":["<span class=\"advgb-post-tax-term\">Aktuelles<\/span>","<span class=\"advgb-post-tax-term\">Allgemein<\/span>","<span class=\"advgb-post-tax-term\">Reisen<\/span>","<span class=\"advgb-post-tax-term\">Top Aktuelles<\/span>"]}},"comment_count":"0","relative_dates":{"created":"Ver\u00f6ffentlicht 3\u00a0Jahren vor","modified":"Aktualisiert 3\u00a0Jahren vor"},"absolute_dates":{"created":"Ver\u00f6ffentlicht am 24. Februar 2023","modified":"Aktualisiert am 9. Mai 2023"},"absolute_dates_time":{"created":"Ver\u00f6ffentlicht am 24. Februar 2023 14:26","modified":"Aktualisiert am 9. Mai 2023 11:35"},"featured_img_caption":"","series_order":"","_links":{"self":[{"href":"https:\/\/blog.vida.at\/pensionisten\/wp-json\/wp\/v2\/posts\/6302","targetHints":{"allow":["GET"]}}],"collection":[{"href":"https:\/\/blog.vida.at\/pensionisten\/wp-json\/wp\/v2\/posts"}],"about":[{"href":"https:\/\/blog.vida.at\/pensionisten\/wp-json\/wp\/v2\/types\/post"}],"author":[{"embeddable":true,"href":"https:\/\/blog.vida.at\/pensionisten\/wp-json\/wp\/v2\/users\/8"}],"replies":[{"embeddable":true,"href":"https:\/\/blog.vida.at\/pensionisten\/wp-json\/wp\/v2\/comments?post=6302"}],"version-history":[{"count":10,"href":"https:\/\/blog.vida.at\/pensionisten\/wp-json\/wp\/v2\/posts\/6302\/revisions"}],"predecessor-version":[{"id":6767,"href":"https:\/\/blog.vida.at\/pensionisten\/wp-json\/wp\/v2\/posts\/6302\/revisions\/6767"}],"wp:featuredmedia":[{"embeddable":true,"href":"https:\/\/blog.vida.at\/pensionisten\/wp-json\/wp\/v2\/media\/6316"}],"wp:attachment":[{"href":"https:\/\/blog.vida.at\/pensionisten\/wp-json\/wp\/v2\/media?parent=6302"}],"wp:term":[{"taxonomy":"category","embeddable":true,"href":"https:\/\/blog.vida.at\/pensionisten\/wp-json\/wp\/v2\/categories?post=6302"},{"taxonomy":"post_tag","embeddable":true,"href":"https:\/\/blog.vida.at\/pensionisten\/wp-json\/wp\/v2\/tags?post=6302"},{"taxonomy":"Orte","embeddable":true,"href":"https:\/\/blog.vida.at\/pensionisten\/wp-json\/wp\/v2\/Orte?post=6302"},{"taxonomy":"activitytype","embeddable":true,"href":"https:\/\/blog.vida.at\/pensionisten\/wp-json\/wp\/v2\/activitytype?post=6302"}],"curies":[{"name":"wp","href":"https:\/\/api.w.org\/{rel}","templated":true}]}}