
{"id":6559,"date":"2023-04-11T10:54:09","date_gmt":"2023-04-11T08:54:09","guid":{"rendered":"https:\/\/blog.vida.at\/pensionisten\/?p=6559"},"modified":"2023-04-11T10:56:04","modified_gmt":"2023-04-11T08:56:04","slug":"vida-gratuliert-2","status":"publish","type":"post","link":"https:\/\/blog.vida.at\/pensionisten\/2023\/04\/11\/vida-gratuliert-2\/","title":{"rendered":"vida gratuliert"},"content":{"rendered":"\n<p>Der ehemalige Buslenker <strong>Johann Holzer<\/strong> feierte <strong>100. Geburtstag<\/strong>.<\/p>\n\n\n\n<p>Die<strong> OG Graz <\/strong>ehrt den Jubilar und w\u00fcnscht <strong>alles Gute<\/strong>.<\/p>\n\n\n\n<!--more-->\n\n\n\n<p><\/p>\n\n\n\n<p><span style=\"color: #0073a8\" class=\"stk-highlight\"><em><strong>Der Hundertj\u00e4hrige, der noch in den Bus stieg und selbst lenkte \u2026<\/strong><\/em><\/span><\/p>\n\n\n\n<p>Vor Kurzem feierte der <strong><span style=\"color: #f60101\" class=\"stk-highlight\">Steirer Johann Holzer<\/span> <\/strong>seinen 100. Geburtstag \u2013 und das in erstaunlich guter Verfassung. Sein ehemaliger Arbeitgeber, die <strong>Graz Linien<\/strong>, erm\u00f6glichten dem <strong>ehemaligen Buslenker<\/strong> neben einer w\u00fcrdigen Ehrung noch eine <strong>Fahrt mit einem modernen Elektrobus<\/strong> der Graz Linien AG, bei dem der Jubilar <strong>selbst am Steuer<\/strong> sa\u00df.<\/p>\n\n\n\n<p>Der <strong>Vorsitzende der PensionistInnen Ortsgruppe Graz<\/strong>, <strong>Walter Haas<\/strong>, gratulierte Jubilar Johann Holzer gemeinsam mit dem <strong>vida-Regionsvorsitzenden und AK-Vizepr\u00e4sidenten<\/strong>, <strong>Gernot Acko<\/strong>, zum seltenen Ereignis des 100. Geburtstages. <\/p>\n\n\n\n<p><strong><span style=\"color: #f80707\" class=\"stk-highlight\">Wir w\u00fcnschen Johann Holzer noch viele Jahre in bester Gesundheit!<\/span><\/strong><\/p>\n\n\n<div class=\"wp-block-image is-style-rounded\">\n<figure class=\"aligncenter size-large\"><img loading=\"lazy\" decoding=\"async\" width=\"1024\" height=\"683\" src=\"https:\/\/blog.vida.at\/pensionisten\/wp-content\/uploads\/sites\/10\/2023\/04\/Geb_100_Johann_Holzer-1024x683.jpg\" alt=\"\" class=\"wp-image-6560\" srcset=\"https:\/\/blog.vida.at\/pensionisten\/wp-content\/uploads\/sites\/10\/2023\/04\/Geb_100_Johann_Holzer-1024x683.jpg 1024w, https:\/\/blog.vida.at\/pensionisten\/wp-content\/uploads\/sites\/10\/2023\/04\/Geb_100_Johann_Holzer-300x200.jpg 300w, https:\/\/blog.vida.at\/pensionisten\/wp-content\/uploads\/sites\/10\/2023\/04\/Geb_100_Johann_Holzer-768x512.jpg 768w, https:\/\/blog.vida.at\/pensionisten\/wp-content\/uploads\/sites\/10\/2023\/04\/Geb_100_Johann_Holzer-1536x1024.jpg 1536w, https:\/\/blog.vida.at\/pensionisten\/wp-content\/uploads\/sites\/10\/2023\/04\/Geb_100_Johann_Holzer-2048x1365.jpg 2048w, https:\/\/blog.vida.at\/pensionisten\/wp-content\/uploads\/sites\/10\/2023\/04\/Geb_100_Johann_Holzer-500x333.jpg 500w, https:\/\/blog.vida.at\/pensionisten\/wp-content\/uploads\/sites\/10\/2023\/04\/Geb_100_Johann_Holzer-800x533.jpg 800w, https:\/\/blog.vida.at\/pensionisten\/wp-content\/uploads\/sites\/10\/2023\/04\/Geb_100_Johann_Holzer-1280x853.jpg 1280w, https:\/\/blog.vida.at\/pensionisten\/wp-content\/uploads\/sites\/10\/2023\/04\/Geb_100_Johann_Holzer-1920x1280.jpg 1920w, https:\/\/blog.vida.at\/pensionisten\/wp-content\/uploads\/sites\/10\/2023\/04\/Geb_100_Johann_Holzer-600x400.jpg 600w, https:\/\/blog.vida.at\/pensionisten\/wp-content\/uploads\/sites\/10\/2023\/04\/Geb_100_Johann_Holzer-1568x1045.jpg 1568w\" sizes=\"auto, (max-width: 1024px) 100vw, 1024px\" \/><figcaption class=\"wp-element-caption\">Im Bild v. l. n. r.: vida-Regionsvorsitzender und AK-Vizepr\u00e4sidenten Gernot Acko, Jubilar und Geburtstagskind Johann Holzer,<strong> <\/strong><br>Vorsitzender der PensionistInnen Ortsgruppe Graz, Walter Haas.<\/figcaption><\/figure>\n<\/div>\n\n\n<div class=\"wp-block-uagb-buttons uagb-buttons__outer-wrap uagb-btn__default-btn uagb-btn-tablet__default-btn uagb-btn-mobile__default-btn uagb-block-92d0ef2f\"><div class=\"uagb-buttons__wrap uagb-buttons-layout-wrap\"><\/div><\/div>\n","protected":false},"excerpt":{"rendered":"<p>Der ehemalige Buslenker Johann Holzer feierte 100. Geburtstag. Die OG Graz ehrt den Jubilar und w\u00fcnscht alles Gute.<\/p>\n","protected":false},"author":8,"featured_media":6560,"comment_status":"open","ping_status":"open","sticky":false,"template":"","format":"standard","meta":{"_uag_custom_page_level_css":"","advgb_blocks_editor_width":"","advgb_blocks_columns_visual_guide":"","footnotes":""},"categories":[4,1,56,49,32],"tags":[],"Orte":[],"activitytype":[],"class_list":["post-6559","post","type-post","status-publish","format-standard","has-post-thumbnail","hentry","category-aktuelles","category-allgemein","category-kaernten","category-ortsgruppen","category-top-aktuelles","entry"],"featured_image_urls":{"full":["https:\/\/blog.vida.at\/pensionisten\/wp-content\/uploads\/sites\/10\/2023\/04\/Geb_100_Johann_Holzer-scaled.jpg",2560,1706,false],"thumbnail":["https:\/\/blog.vida.at\/pensionisten\/wp-content\/uploads\/sites\/10\/2023\/04\/Geb_100_Johann_Holzer-150x150.jpg",150,150,true],"medium":["https:\/\/blog.vida.at\/pensionisten\/wp-content\/uploads\/sites\/10\/2023\/04\/Geb_100_Johann_Holzer-300x200.jpg",300,200,true],"medium_large":["https:\/\/blog.vida.at\/pensionisten\/wp-content\/uploads\/sites\/10\/2023\/04\/Geb_100_Johann_Holzer-768x512.jpg",640,427,true],"large":["https:\/\/blog.vida.at\/pensionisten\/wp-content\/uploads\/sites\/10\/2023\/04\/Geb_100_Johann_Holzer-1024x683.jpg",640,427,true],"1536x1536":["https:\/\/blog.vida.at\/pensionisten\/wp-content\/uploads\/sites\/10\/2023\/04\/Geb_100_Johann_Holzer-1536x1024.jpg",1536,1024,true],"2048x2048":["https:\/\/blog.vida.at\/pensionisten\/wp-content\/uploads\/sites\/10\/2023\/04\/Geb_100_Johann_Holzer-2048x1365.jpg",2048,1365,true],"ab-block-post-grid-landscape":["https:\/\/blog.vida.at\/pensionisten\/wp-content\/uploads\/sites\/10\/2023\/04\/Geb_100_Johann_Holzer-600x400.jpg",600,400,true],"ab-block-post-grid-square":["https:\/\/blog.vida.at\/pensionisten\/wp-content\/uploads\/sites\/10\/2023\/04\/Geb_100_Johann_Holzer-600x600.jpg",600,600,true],"post-thumbnail":["https:\/\/blog.vida.at\/pensionisten\/wp-content\/uploads\/sites\/10\/2023\/04\/Geb_100_Johann_Holzer-1568x1045.jpg",1568,1045,true],"awb_sm":["https:\/\/blog.vida.at\/pensionisten\/wp-content\/uploads\/sites\/10\/2023\/04\/Geb_100_Johann_Holzer-500x333.jpg",500,333,true],"awb_md":["https:\/\/blog.vida.at\/pensionisten\/wp-content\/uploads\/sites\/10\/2023\/04\/Geb_100_Johann_Holzer-800x533.jpg",800,533,true],"awb_lg":["https:\/\/blog.vida.at\/pensionisten\/wp-content\/uploads\/sites\/10\/2023\/04\/Geb_100_Johann_Holzer-1280x853.jpg",1280,853,true],"awb_xl":["https:\/\/blog.vida.at\/pensionisten\/wp-content\/uploads\/sites\/10\/2023\/04\/Geb_100_Johann_Holzer-1920x1280.jpg",1920,1280,true]},"post_excerpt_stackable":"<p>Der ehemalige Buslenker Johann Holzer feierte 100. Geburtstag. Die OG Graz ehrt den Jubilar und w\u00fcnscht alles Gute. Der Hundertj\u00e4hrige, der noch in den Bus stieg und selbst lenkte \u2026 Vor Kurzem feierte der Steirer Johann Holzer seinen 100. Geburtstag \u2013 und das in erstaunlich guter Verfassung. Sein ehemaliger Arbeitgeber, die Graz Linien, erm\u00f6glichten dem ehemaligen Buslenker neben einer w\u00fcrdigen Ehrung noch eine Fahrt mit einem modernen Elektrobus der Graz Linien AG, bei dem der Jubilar selbst am Steuer sa\u00df. Der Vorsitzende der PensionistInnen Ortsgruppe Graz, Walter Haas, gratulierte Jubilar Johann Holzer gemeinsam mit dem vida-Regionsvorsitzenden und AK-Vizepr\u00e4sidenten, Gernot Acko,&hellip;<\/p>\n","category_list":"<a href=\"https:\/\/blog.vida.at\/pensionisten\/category\/aktuelles\/\" rel=\"category tag\">Aktuelles<\/a>, <a href=\"https:\/\/blog.vida.at\/pensionisten\/category\/allgemein\/\" rel=\"category tag\">Allgemein<\/a>, <a href=\"https:\/\/blog.vida.at\/pensionisten\/category\/ortsgruppen\/kaernten\/\" rel=\"category tag\">K\u00e4rnten<\/a>, <a href=\"https:\/\/blog.vida.at\/pensionisten\/category\/ortsgruppen\/\" rel=\"category tag\">Ortsgruppen<\/a>, <a href=\"https:\/\/blog.vida.at\/pensionisten\/category\/top-aktuelles\/\" rel=\"category tag\">Top Aktuelles<\/a>","author_info":{"display_name":"mariontobola","author_link":"https:\/\/blog.vida.at\/pensionisten\/author\/mariontobola\/"},"comments_num":"0 comments","featured_image_urls_v2":{"full":["https:\/\/blog.vida.at\/pensionisten\/wp-content\/uploads\/sites\/10\/2023\/04\/Geb_100_Johann_Holzer-scaled.jpg",2560,1706,false],"thumbnail":["https:\/\/blog.vida.at\/pensionisten\/wp-content\/uploads\/sites\/10\/2023\/04\/Geb_100_Johann_Holzer-150x150.jpg",150,150,true],"medium":["https:\/\/blog.vida.at\/pensionisten\/wp-content\/uploads\/sites\/10\/2023\/04\/Geb_100_Johann_Holzer-300x200.jpg",300,200,true],"medium_large":["https:\/\/blog.vida.at\/pensionisten\/wp-content\/uploads\/sites\/10\/2023\/04\/Geb_100_Johann_Holzer-768x512.jpg",640,427,true],"large":["https:\/\/blog.vida.at\/pensionisten\/wp-content\/uploads\/sites\/10\/2023\/04\/Geb_100_Johann_Holzer-1024x683.jpg",640,427,true],"1536x1536":["https:\/\/blog.vida.at\/pensionisten\/wp-content\/uploads\/sites\/10\/2023\/04\/Geb_100_Johann_Holzer-1536x1024.jpg",1536,1024,true],"2048x2048":["https:\/\/blog.vida.at\/pensionisten\/wp-content\/uploads\/sites\/10\/2023\/04\/Geb_100_Johann_Holzer-2048x1365.jpg",2048,1365,true],"ab-block-post-grid-landscape":["https:\/\/blog.vida.at\/pensionisten\/wp-content\/uploads\/sites\/10\/2023\/04\/Geb_100_Johann_Holzer-600x400.jpg",600,400,true],"ab-block-post-grid-square":["https:\/\/blog.vida.at\/pensionisten\/wp-content\/uploads\/sites\/10\/2023\/04\/Geb_100_Johann_Holzer-600x600.jpg",600,600,true],"post-thumbnail":["https:\/\/blog.vida.at\/pensionisten\/wp-content\/uploads\/sites\/10\/2023\/04\/Geb_100_Johann_Holzer-1568x1045.jpg",1568,1045,true],"awb_sm":["https:\/\/blog.vida.at\/pensionisten\/wp-content\/uploads\/sites\/10\/2023\/04\/Geb_100_Johann_Holzer-500x333.jpg",500,333,true],"awb_md":["https:\/\/blog.vida.at\/pensionisten\/wp-content\/uploads\/sites\/10\/2023\/04\/Geb_100_Johann_Holzer-800x533.jpg",800,533,true],"awb_lg":["https:\/\/blog.vida.at\/pensionisten\/wp-content\/uploads\/sites\/10\/2023\/04\/Geb_100_Johann_Holzer-1280x853.jpg",1280,853,true],"awb_xl":["https:\/\/blog.vida.at\/pensionisten\/wp-content\/uploads\/sites\/10\/2023\/04\/Geb_100_Johann_Holzer-1920x1280.jpg",1920,1280,true]},"post_excerpt_stackable_v2":"<p>Der ehemalige Buslenker Johann Holzer feierte 100. Geburtstag. Die OG Graz ehrt den Jubilar und w\u00fcnscht alles Gute. Der Hundertj\u00e4hrige, der noch in den Bus stieg und selbst lenkte \u2026 Vor Kurzem feierte der Steirer Johann Holzer seinen 100. Geburtstag \u2013 und das in erstaunlich guter Verfassung. Sein ehemaliger Arbeitgeber, die Graz Linien, erm\u00f6glichten dem ehemaligen Buslenker neben einer w\u00fcrdigen Ehrung noch eine Fahrt mit einem modernen Elektrobus der Graz Linien AG, bei dem der Jubilar selbst am Steuer sa\u00df. Der Vorsitzende der PensionistInnen Ortsgruppe Graz, Walter Haas, gratulierte Jubilar Johann Holzer gemeinsam mit dem vida-Regionsvorsitzenden und AK-Vizepr\u00e4sidenten, Gernot Acko,&hellip;<\/p>\n","category_list_v2":"<a href=\"https:\/\/blog.vida.at\/pensionisten\/category\/aktuelles\/\" rel=\"category tag\">Aktuelles<\/a>, <a href=\"https:\/\/blog.vida.at\/pensionisten\/category\/allgemein\/\" rel=\"category tag\">Allgemein<\/a>, <a href=\"https:\/\/blog.vida.at\/pensionisten\/category\/ortsgruppen\/kaernten\/\" rel=\"category tag\">K\u00e4rnten<\/a>, <a href=\"https:\/\/blog.vida.at\/pensionisten\/category\/ortsgruppen\/\" rel=\"category tag\">Ortsgruppen<\/a>, <a href=\"https:\/\/blog.vida.at\/pensionisten\/category\/top-aktuelles\/\" rel=\"category tag\">Top Aktuelles<\/a>","author_info_v2":{"name":"mariontobola","url":"https:\/\/blog.vida.at\/pensionisten\/author\/mariontobola\/"},"comments_num_v2":"0 comments","yoast_head":"<!-- This site is optimized with the Yoast SEO plugin v27.3 - https:\/\/yoast.com\/product\/yoast-seo-wordpress\/ -->\n<title>vida gratuliert<\/title>\n<meta name=\"robots\" content=\"index, follow, max-snippet:-1, max-image-preview:large, max-video-preview:-1\" \/>\n<link rel=\"canonical\" href=\"https:\/\/blog.vida.at\/pensionisten\/2023\/04\/11\/vida-gratuliert-2\/\" \/>\n<meta property=\"og:locale\" content=\"de_DE\" \/>\n<meta property=\"og:type\" content=\"article\" \/>\n<meta property=\"og:title\" content=\"vida gratuliert\" \/>\n<meta property=\"og:description\" content=\"Der ehemalige Buslenker Johann Holzer feierte 100. Geburtstag. Die OG Graz ehrt den Jubilar und w\u00fcnscht alles Gute.\" \/>\n<meta property=\"og:url\" content=\"https:\/\/blog.vida.at\/pensionisten\/2023\/04\/11\/vida-gratuliert-2\/\" \/>\n<meta property=\"og:site_name\" content=\"vida Pensionisten\" \/>\n<meta property=\"article:published_time\" content=\"2023-04-11T08:54:09+00:00\" \/>\n<meta property=\"article:modified_time\" content=\"2023-04-11T08:56:04+00:00\" \/>\n<meta property=\"og:image\" content=\"https:\/\/blog.vida.at\/pensionisten\/wp-content\/uploads\/sites\/10\/2023\/04\/Geb_100_Johann_Holzer-scaled.jpg\" \/>\n\t<meta property=\"og:image:width\" content=\"2560\" \/>\n\t<meta property=\"og:image:height\" content=\"1706\" \/>\n\t<meta property=\"og:image:type\" content=\"image\/jpeg\" \/>\n<meta name=\"author\" content=\"mariontobola\" \/>\n<meta name=\"twitter:card\" content=\"summary_large_image\" \/>\n<meta name=\"twitter:label1\" content=\"Verfasst von\" \/>\n\t<meta name=\"twitter:data1\" content=\"mariontobola\" \/>\n\t<meta name=\"twitter:label2\" content=\"Gesch\u00e4tzte Lesezeit\" \/>\n\t<meta name=\"twitter:data2\" content=\"1\u00a0Minute\" \/>\n<script type=\"application\/ld+json\" class=\"yoast-schema-graph\">{\"@context\":\"https:\\\/\\\/schema.org\",\"@graph\":[{\"@type\":\"Article\",\"@id\":\"https:\\\/\\\/blog.vida.at\\\/pensionisten\\\/2023\\\/04\\\/11\\\/vida-gratuliert-2\\\/#article\",\"isPartOf\":{\"@id\":\"https:\\\/\\\/blog.vida.at\\\/pensionisten\\\/2023\\\/04\\\/11\\\/vida-gratuliert-2\\\/\"},\"author\":{\"name\":\"mariontobola\",\"@id\":\"https:\\\/\\\/blog.vida.at\\\/pensionisten\\\/#\\\/schema\\\/person\\\/88cee3ee93b9afdc51c92f5f63f38b8a\"},\"headline\":\"vida gratuliert\",\"datePublished\":\"2023-04-11T08:54:09+00:00\",\"dateModified\":\"2023-04-11T08:56:04+00:00\",\"mainEntityOfPage\":{\"@id\":\"https:\\\/\\\/blog.vida.at\\\/pensionisten\\\/2023\\\/04\\\/11\\\/vida-gratuliert-2\\\/\"},\"wordCount\":143,\"commentCount\":0,\"image\":{\"@id\":\"https:\\\/\\\/blog.vida.at\\\/pensionisten\\\/2023\\\/04\\\/11\\\/vida-gratuliert-2\\\/#primaryimage\"},\"thumbnailUrl\":\"https:\\\/\\\/blog.vida.at\\\/pensionisten\\\/wp-content\\\/uploads\\\/sites\\\/10\\\/2023\\\/04\\\/Geb_100_Johann_Holzer-scaled.jpg\",\"articleSection\":{\"0\":\"Aktuelles\",\"2\":\"K\u00e4rnten\",\"3\":\"Ortsgruppen\",\"4\":\"Top Aktuelles\"},\"inLanguage\":\"de\",\"potentialAction\":[{\"@type\":\"CommentAction\",\"name\":\"Comment\",\"target\":[\"https:\\\/\\\/blog.vida.at\\\/pensionisten\\\/2023\\\/04\\\/11\\\/vida-gratuliert-2\\\/#respond\"]}]},{\"@type\":\"WebPage\",\"@id\":\"https:\\\/\\\/blog.vida.at\\\/pensionisten\\\/2023\\\/04\\\/11\\\/vida-gratuliert-2\\\/\",\"url\":\"https:\\\/\\\/blog.vida.at\\\/pensionisten\\\/2023\\\/04\\\/11\\\/vida-gratuliert-2\\\/\",\"name\":\"vida gratuliert\",\"isPartOf\":{\"@id\":\"https:\\\/\\\/blog.vida.at\\\/pensionisten\\\/#website\"},\"primaryImageOfPage\":{\"@id\":\"https:\\\/\\\/blog.vida.at\\\/pensionisten\\\/2023\\\/04\\\/11\\\/vida-gratuliert-2\\\/#primaryimage\"},\"image\":{\"@id\":\"https:\\\/\\\/blog.vida.at\\\/pensionisten\\\/2023\\\/04\\\/11\\\/vida-gratuliert-2\\\/#primaryimage\"},\"thumbnailUrl\":\"https:\\\/\\\/blog.vida.at\\\/pensionisten\\\/wp-content\\\/uploads\\\/sites\\\/10\\\/2023\\\/04\\\/Geb_100_Johann_Holzer-scaled.jpg\",\"datePublished\":\"2023-04-11T08:54:09+00:00\",\"dateModified\":\"2023-04-11T08:56:04+00:00\",\"author\":{\"@id\":\"https:\\\/\\\/blog.vida.at\\\/pensionisten\\\/#\\\/schema\\\/person\\\/88cee3ee93b9afdc51c92f5f63f38b8a\"},\"breadcrumb\":{\"@id\":\"https:\\\/\\\/blog.vida.at\\\/pensionisten\\\/2023\\\/04\\\/11\\\/vida-gratuliert-2\\\/#breadcrumb\"},\"inLanguage\":\"de\",\"potentialAction\":[{\"@type\":\"ReadAction\",\"target\":[\"https:\\\/\\\/blog.vida.at\\\/pensionisten\\\/2023\\\/04\\\/11\\\/vida-gratuliert-2\\\/\"]}]},{\"@type\":\"ImageObject\",\"inLanguage\":\"de\",\"@id\":\"https:\\\/\\\/blog.vida.at\\\/pensionisten\\\/2023\\\/04\\\/11\\\/vida-gratuliert-2\\\/#primaryimage\",\"url\":\"https:\\\/\\\/blog.vida.at\\\/pensionisten\\\/wp-content\\\/uploads\\\/sites\\\/10\\\/2023\\\/04\\\/Geb_100_Johann_Holzer-scaled.jpg\",\"contentUrl\":\"https:\\\/\\\/blog.vida.at\\\/pensionisten\\\/wp-content\\\/uploads\\\/sites\\\/10\\\/2023\\\/04\\\/Geb_100_Johann_Holzer-scaled.jpg\",\"width\":2560,\"height\":1706},{\"@type\":\"BreadcrumbList\",\"@id\":\"https:\\\/\\\/blog.vida.at\\\/pensionisten\\\/2023\\\/04\\\/11\\\/vida-gratuliert-2\\\/#breadcrumb\",\"itemListElement\":[{\"@type\":\"ListItem\",\"position\":1,\"name\":\"Startseite\",\"item\":\"https:\\\/\\\/blog.vida.at\\\/pensionisten\\\/\"},{\"@type\":\"ListItem\",\"position\":2,\"name\":\"vida gratuliert\"}]},{\"@type\":\"WebSite\",\"@id\":\"https:\\\/\\\/blog.vida.at\\\/pensionisten\\\/#website\",\"url\":\"https:\\\/\\\/blog.vida.at\\\/pensionisten\\\/\",\"name\":\"vida Pensionisten\",\"description\":\"\",\"potentialAction\":[{\"@type\":\"SearchAction\",\"target\":{\"@type\":\"EntryPoint\",\"urlTemplate\":\"https:\\\/\\\/blog.vida.at\\\/pensionisten\\\/?s={search_term_string}\"},\"query-input\":{\"@type\":\"PropertyValueSpecification\",\"valueRequired\":true,\"valueName\":\"search_term_string\"}}],\"inLanguage\":\"de\"},{\"@type\":\"Person\",\"@id\":\"https:\\\/\\\/blog.vida.at\\\/pensionisten\\\/#\\\/schema\\\/person\\\/88cee3ee93b9afdc51c92f5f63f38b8a\",\"name\":\"mariontobola\",\"image\":{\"@type\":\"ImageObject\",\"inLanguage\":\"de\",\"@id\":\"https:\\\/\\\/secure.gravatar.com\\\/avatar\\\/5d2c516985e4eda61bca05bd3b4359b4358135bd1e1a5b08c539e9cd1edd6528?s=96&d=mm&r=g\",\"url\":\"https:\\\/\\\/secure.gravatar.com\\\/avatar\\\/5d2c516985e4eda61bca05bd3b4359b4358135bd1e1a5b08c539e9cd1edd6528?s=96&d=mm&r=g\",\"contentUrl\":\"https:\\\/\\\/secure.gravatar.com\\\/avatar\\\/5d2c516985e4eda61bca05bd3b4359b4358135bd1e1a5b08c539e9cd1edd6528?s=96&d=mm&r=g\",\"caption\":\"mariontobola\"},\"url\":\"https:\\\/\\\/blog.vida.at\\\/pensionisten\\\/author\\\/mariontobola\\\/\"}]}<\/script>\n<!-- \/ Yoast SEO plugin. -->","yoast_head_json":{"title":"vida gratuliert","robots":{"index":"index","follow":"follow","max-snippet":"max-snippet:-1","max-image-preview":"max-image-preview:large","max-video-preview":"max-video-preview:-1"},"canonical":"https:\/\/blog.vida.at\/pensionisten\/2023\/04\/11\/vida-gratuliert-2\/","og_locale":"de_DE","og_type":"article","og_title":"vida gratuliert","og_description":"Der ehemalige Buslenker Johann Holzer feierte 100. Geburtstag. Die OG Graz ehrt den Jubilar und w\u00fcnscht alles Gute.","og_url":"https:\/\/blog.vida.at\/pensionisten\/2023\/04\/11\/vida-gratuliert-2\/","og_site_name":"vida Pensionisten","article_published_time":"2023-04-11T08:54:09+00:00","article_modified_time":"2023-04-11T08:56:04+00:00","og_image":[{"width":2560,"height":1706,"url":"https:\/\/blog.vida.at\/pensionisten\/wp-content\/uploads\/sites\/10\/2023\/04\/Geb_100_Johann_Holzer-scaled.jpg","type":"image\/jpeg"}],"author":"mariontobola","twitter_card":"summary_large_image","twitter_misc":{"Verfasst von":"mariontobola","Gesch\u00e4tzte Lesezeit":"1\u00a0Minute"},"schema":{"@context":"https:\/\/schema.org","@graph":[{"@type":"Article","@id":"https:\/\/blog.vida.at\/pensionisten\/2023\/04\/11\/vida-gratuliert-2\/#article","isPartOf":{"@id":"https:\/\/blog.vida.at\/pensionisten\/2023\/04\/11\/vida-gratuliert-2\/"},"author":{"name":"mariontobola","@id":"https:\/\/blog.vida.at\/pensionisten\/#\/schema\/person\/88cee3ee93b9afdc51c92f5f63f38b8a"},"headline":"vida gratuliert","datePublished":"2023-04-11T08:54:09+00:00","dateModified":"2023-04-11T08:56:04+00:00","mainEntityOfPage":{"@id":"https:\/\/blog.vida.at\/pensionisten\/2023\/04\/11\/vida-gratuliert-2\/"},"wordCount":143,"commentCount":0,"image":{"@id":"https:\/\/blog.vida.at\/pensionisten\/2023\/04\/11\/vida-gratuliert-2\/#primaryimage"},"thumbnailUrl":"https:\/\/blog.vida.at\/pensionisten\/wp-content\/uploads\/sites\/10\/2023\/04\/Geb_100_Johann_Holzer-scaled.jpg","articleSection":{"0":"Aktuelles","2":"K\u00e4rnten","3":"Ortsgruppen","4":"Top Aktuelles"},"inLanguage":"de","potentialAction":[{"@type":"CommentAction","name":"Comment","target":["https:\/\/blog.vida.at\/pensionisten\/2023\/04\/11\/vida-gratuliert-2\/#respond"]}]},{"@type":"WebPage","@id":"https:\/\/blog.vida.at\/pensionisten\/2023\/04\/11\/vida-gratuliert-2\/","url":"https:\/\/blog.vida.at\/pensionisten\/2023\/04\/11\/vida-gratuliert-2\/","name":"vida gratuliert","isPartOf":{"@id":"https:\/\/blog.vida.at\/pensionisten\/#website"},"primaryImageOfPage":{"@id":"https:\/\/blog.vida.at\/pensionisten\/2023\/04\/11\/vida-gratuliert-2\/#primaryimage"},"image":{"@id":"https:\/\/blog.vida.at\/pensionisten\/2023\/04\/11\/vida-gratuliert-2\/#primaryimage"},"thumbnailUrl":"https:\/\/blog.vida.at\/pensionisten\/wp-content\/uploads\/sites\/10\/2023\/04\/Geb_100_Johann_Holzer-scaled.jpg","datePublished":"2023-04-11T08:54:09+00:00","dateModified":"2023-04-11T08:56:04+00:00","author":{"@id":"https:\/\/blog.vida.at\/pensionisten\/#\/schema\/person\/88cee3ee93b9afdc51c92f5f63f38b8a"},"breadcrumb":{"@id":"https:\/\/blog.vida.at\/pensionisten\/2023\/04\/11\/vida-gratuliert-2\/#breadcrumb"},"inLanguage":"de","potentialAction":[{"@type":"ReadAction","target":["https:\/\/blog.vida.at\/pensionisten\/2023\/04\/11\/vida-gratuliert-2\/"]}]},{"@type":"ImageObject","inLanguage":"de","@id":"https:\/\/blog.vida.at\/pensionisten\/2023\/04\/11\/vida-gratuliert-2\/#primaryimage","url":"https:\/\/blog.vida.at\/pensionisten\/wp-content\/uploads\/sites\/10\/2023\/04\/Geb_100_Johann_Holzer-scaled.jpg","contentUrl":"https:\/\/blog.vida.at\/pensionisten\/wp-content\/uploads\/sites\/10\/2023\/04\/Geb_100_Johann_Holzer-scaled.jpg","width":2560,"height":1706},{"@type":"BreadcrumbList","@id":"https:\/\/blog.vida.at\/pensionisten\/2023\/04\/11\/vida-gratuliert-2\/#breadcrumb","itemListElement":[{"@type":"ListItem","position":1,"name":"Startseite","item":"https:\/\/blog.vida.at\/pensionisten\/"},{"@type":"ListItem","position":2,"name":"vida gratuliert"}]},{"@type":"WebSite","@id":"https:\/\/blog.vida.at\/pensionisten\/#website","url":"https:\/\/blog.vida.at\/pensionisten\/","name":"vida Pensionisten","description":"","potentialAction":[{"@type":"SearchAction","target":{"@type":"EntryPoint","urlTemplate":"https:\/\/blog.vida.at\/pensionisten\/?s={search_term_string}"},"query-input":{"@type":"PropertyValueSpecification","valueRequired":true,"valueName":"search_term_string"}}],"inLanguage":"de"},{"@type":"Person","@id":"https:\/\/blog.vida.at\/pensionisten\/#\/schema\/person\/88cee3ee93b9afdc51c92f5f63f38b8a","name":"mariontobola","image":{"@type":"ImageObject","inLanguage":"de","@id":"https:\/\/secure.gravatar.com\/avatar\/5d2c516985e4eda61bca05bd3b4359b4358135bd1e1a5b08c539e9cd1edd6528?s=96&d=mm&r=g","url":"https:\/\/secure.gravatar.com\/avatar\/5d2c516985e4eda61bca05bd3b4359b4358135bd1e1a5b08c539e9cd1edd6528?s=96&d=mm&r=g","contentUrl":"https:\/\/secure.gravatar.com\/avatar\/5d2c516985e4eda61bca05bd3b4359b4358135bd1e1a5b08c539e9cd1edd6528?s=96&d=mm&r=g","caption":"mariontobola"},"url":"https:\/\/blog.vida.at\/pensionisten\/author\/mariontobola\/"}]}},"author_meta":{"display_name":"mariontobola","author_link":"https:\/\/blog.vida.at\/pensionisten\/author\/mariontobola\/"},"featured_img":"https:\/\/blog.vida.at\/pensionisten\/wp-content\/uploads\/sites\/10\/2023\/04\/Geb_100_Johann_Holzer-300x200.jpg","featured_image_src":"https:\/\/blog.vida.at\/pensionisten\/wp-content\/uploads\/sites\/10\/2023\/04\/Geb_100_Johann_Holzer-600x400.jpg","featured_image_src_square":"https:\/\/blog.vida.at\/pensionisten\/wp-content\/uploads\/sites\/10\/2023\/04\/Geb_100_Johann_Holzer-600x600.jpg","uagb_featured_image_src":{"full":["https:\/\/blog.vida.at\/pensionisten\/wp-content\/uploads\/sites\/10\/2023\/04\/Geb_100_Johann_Holzer-scaled.jpg",2560,1706,false],"thumbnail":["https:\/\/blog.vida.at\/pensionisten\/wp-content\/uploads\/sites\/10\/2023\/04\/Geb_100_Johann_Holzer-150x150.jpg",150,150,true],"medium":["https:\/\/blog.vida.at\/pensionisten\/wp-content\/uploads\/sites\/10\/2023\/04\/Geb_100_Johann_Holzer-300x200.jpg",300,200,true],"medium_large":["https:\/\/blog.vida.at\/pensionisten\/wp-content\/uploads\/sites\/10\/2023\/04\/Geb_100_Johann_Holzer-768x512.jpg",640,427,true],"large":["https:\/\/blog.vida.at\/pensionisten\/wp-content\/uploads\/sites\/10\/2023\/04\/Geb_100_Johann_Holzer-1024x683.jpg",640,427,true],"1536x1536":["https:\/\/blog.vida.at\/pensionisten\/wp-content\/uploads\/sites\/10\/2023\/04\/Geb_100_Johann_Holzer-1536x1024.jpg",1536,1024,true],"2048x2048":["https:\/\/blog.vida.at\/pensionisten\/wp-content\/uploads\/sites\/10\/2023\/04\/Geb_100_Johann_Holzer-2048x1365.jpg",2048,1365,true],"ab-block-post-grid-landscape":["https:\/\/blog.vida.at\/pensionisten\/wp-content\/uploads\/sites\/10\/2023\/04\/Geb_100_Johann_Holzer-600x400.jpg",600,400,true],"ab-block-post-grid-square":["https:\/\/blog.vida.at\/pensionisten\/wp-content\/uploads\/sites\/10\/2023\/04\/Geb_100_Johann_Holzer-600x600.jpg",600,600,true],"post-thumbnail":["https:\/\/blog.vida.at\/pensionisten\/wp-content\/uploads\/sites\/10\/2023\/04\/Geb_100_Johann_Holzer-1568x1045.jpg",1568,1045,true],"awb_sm":["https:\/\/blog.vida.at\/pensionisten\/wp-content\/uploads\/sites\/10\/2023\/04\/Geb_100_Johann_Holzer-500x333.jpg",500,333,true],"awb_md":["https:\/\/blog.vida.at\/pensionisten\/wp-content\/uploads\/sites\/10\/2023\/04\/Geb_100_Johann_Holzer-800x533.jpg",800,533,true],"awb_lg":["https:\/\/blog.vida.at\/pensionisten\/wp-content\/uploads\/sites\/10\/2023\/04\/Geb_100_Johann_Holzer-1280x853.jpg",1280,853,true],"awb_xl":["https:\/\/blog.vida.at\/pensionisten\/wp-content\/uploads\/sites\/10\/2023\/04\/Geb_100_Johann_Holzer-1920x1280.jpg",1920,1280,true]},"uagb_author_info":{"display_name":"mariontobola","author_link":"https:\/\/blog.vida.at\/pensionisten\/author\/mariontobola\/"},"uagb_comment_info":0,"uagb_excerpt":"Der ehemalige Buslenker Johann Holzer feierte 100. Geburtstag. Die OG Graz ehrt den Jubilar und w\u00fcnscht alles Gute.","coauthors":[],"tax_additional":{"categories":{"linked":["<a href=\"https:\/\/blog.vida.at\/pensionisten\/category\/aktuelles\/\" class=\"advgb-post-tax-term\">Aktuelles<\/a>","<a href=\"https:\/\/blog.vida.at\/pensionisten\/category\/allgemein\/\" class=\"advgb-post-tax-term\">Allgemein<\/a>","<a href=\"https:\/\/blog.vida.at\/pensionisten\/category\/ortsgruppen\/kaernten\/\" class=\"advgb-post-tax-term\">K\u00e4rnten<\/a>","<a href=\"https:\/\/blog.vida.at\/pensionisten\/category\/ortsgruppen\/\" class=\"advgb-post-tax-term\">Ortsgruppen<\/a>","<a href=\"https:\/\/blog.vida.at\/pensionisten\/category\/top-aktuelles\/\" class=\"advgb-post-tax-term\">Top Aktuelles<\/a>"],"unlinked":["<span class=\"advgb-post-tax-term\">Aktuelles<\/span>","<span class=\"advgb-post-tax-term\">Allgemein<\/span>","<span class=\"advgb-post-tax-term\">K\u00e4rnten<\/span>","<span class=\"advgb-post-tax-term\">Ortsgruppen<\/span>","<span class=\"advgb-post-tax-term\">Top Aktuelles<\/span>"]}},"comment_count":"0","relative_dates":{"created":"Ver\u00f6ffentlicht 3\u00a0Jahren vor","modified":"Aktualisiert 3\u00a0Jahren vor"},"absolute_dates":{"created":"Ver\u00f6ffentlicht am 11. April 2023","modified":"Aktualisiert am 11. April 2023"},"absolute_dates_time":{"created":"Ver\u00f6ffentlicht am 11. April 2023 10:54","modified":"Aktualisiert am 11. April 2023 10:56"},"featured_img_caption":"","series_order":"","_links":{"self":[{"href":"https:\/\/blog.vida.at\/pensionisten\/wp-json\/wp\/v2\/posts\/6559","targetHints":{"allow":["GET"]}}],"collection":[{"href":"https:\/\/blog.vida.at\/pensionisten\/wp-json\/wp\/v2\/posts"}],"about":[{"href":"https:\/\/blog.vida.at\/pensionisten\/wp-json\/wp\/v2\/types\/post"}],"author":[{"embeddable":true,"href":"https:\/\/blog.vida.at\/pensionisten\/wp-json\/wp\/v2\/users\/8"}],"replies":[{"embeddable":true,"href":"https:\/\/blog.vida.at\/pensionisten\/wp-json\/wp\/v2\/comments?post=6559"}],"version-history":[{"count":3,"href":"https:\/\/blog.vida.at\/pensionisten\/wp-json\/wp\/v2\/posts\/6559\/revisions"}],"predecessor-version":[{"id":6564,"href":"https:\/\/blog.vida.at\/pensionisten\/wp-json\/wp\/v2\/posts\/6559\/revisions\/6564"}],"wp:featuredmedia":[{"embeddable":true,"href":"https:\/\/blog.vida.at\/pensionisten\/wp-json\/wp\/v2\/media\/6560"}],"wp:attachment":[{"href":"https:\/\/blog.vida.at\/pensionisten\/wp-json\/wp\/v2\/media?parent=6559"}],"wp:term":[{"taxonomy":"category","embeddable":true,"href":"https:\/\/blog.vida.at\/pensionisten\/wp-json\/wp\/v2\/categories?post=6559"},{"taxonomy":"post_tag","embeddable":true,"href":"https:\/\/blog.vida.at\/pensionisten\/wp-json\/wp\/v2\/tags?post=6559"},{"taxonomy":"Orte","embeddable":true,"href":"https:\/\/blog.vida.at\/pensionisten\/wp-json\/wp\/v2\/Orte?post=6559"},{"taxonomy":"activitytype","embeddable":true,"href":"https:\/\/blog.vida.at\/pensionisten\/wp-json\/wp\/v2\/activitytype?post=6559"}],"curies":[{"name":"wp","href":"https:\/\/api.w.org\/{rel}","templated":true}]}}