
{"id":6745,"date":"2023-04-03T11:20:59","date_gmt":"2023-04-03T09:20:59","guid":{"rendered":"https:\/\/blog.vida.at\/pensionisten\/?p=6745"},"modified":"2023-05-09T11:24:36","modified_gmt":"2023-05-09T09:24:36","slug":"im-kaberett-mit-angelika-niedetzky","status":"publish","type":"post","link":"https:\/\/blog.vida.at\/pensionisten\/2023\/04\/03\/im-kaberett-mit-angelika-niedetzky\/","title":{"rendered":"Im Kaberett mit Angelika Niedetzky"},"content":{"rendered":"\n<div class=\"wp-block-group Container advgb-dyn-2df7e839\"><div class=\"wp-block-group__inner-container is-layout-flow wp-block-group-is-layout-flow\">\n<h4 class=\"wp-block-heading advgb-dyn-b9417b71\">Die OG Tulln lud in die Arbeiterkammer St. P\u00f6lten ein.<\/h4>\n\n\n\n<br>\n\n\n\n<p><\/p>\n\n\n\n<!--more-->\n\n\n\n<p><\/p>\n\n\n\n<p>Am 10. M\u00e4rz 2023 fuhren die Kolleginnen und Kollegen der OG Tulln am \u201eFrauentag\u201c mit dem Bus nach St. P\u00f6lten.<\/p>\n\n\n\n<p>Alle freuten sich auf einen launigen Kabarettabend in der Arbeiterkammer&nbsp;St. P\u00f6lten mit Angelika Niedetzky.<\/p>\n\n\n\n<p><span style=\"color: #f80303\" class=\"ugb-highlight\"><strong>Wir freuen uns auf den n\u00e4chsten gemeinsamen Kulturabend!<\/strong><\/span><\/p>\n\n\n\n<figure class=\"wp-block-gallery has-nested-images columns-default is-cropped wp-block-gallery-1 is-layout-flex wp-block-gallery-is-layout-flex\">\n<figure class=\"wp-block-image size-large\"><img loading=\"lazy\" decoding=\"async\" width=\"1024\" height=\"624\" data-id=\"6747\" src=\"https:\/\/blog.vida.at\/pensionisten\/wp-content\/uploads\/sites\/10\/2023\/05\/2023.03.10-Angelika-Niedetzky-2-1024x624.jpg\" alt=\"\" class=\"wp-image-6747\" srcset=\"https:\/\/blog.vida.at\/pensionisten\/wp-content\/uploads\/sites\/10\/2023\/05\/2023.03.10-Angelika-Niedetzky-2-1024x624.jpg 1024w, https:\/\/blog.vida.at\/pensionisten\/wp-content\/uploads\/sites\/10\/2023\/05\/2023.03.10-Angelika-Niedetzky-2-300x183.jpg 300w, https:\/\/blog.vida.at\/pensionisten\/wp-content\/uploads\/sites\/10\/2023\/05\/2023.03.10-Angelika-Niedetzky-2-768x468.jpg 768w, https:\/\/blog.vida.at\/pensionisten\/wp-content\/uploads\/sites\/10\/2023\/05\/2023.03.10-Angelika-Niedetzky-2-500x305.jpg 500w, https:\/\/blog.vida.at\/pensionisten\/wp-content\/uploads\/sites\/10\/2023\/05\/2023.03.10-Angelika-Niedetzky-2-800x488.jpg 800w, https:\/\/blog.vida.at\/pensionisten\/wp-content\/uploads\/sites\/10\/2023\/05\/2023.03.10-Angelika-Niedetzky-2-1280x780.jpg 1280w, https:\/\/blog.vida.at\/pensionisten\/wp-content\/uploads\/sites\/10\/2023\/05\/2023.03.10-Angelika-Niedetzky-2.jpg 1404w\" sizes=\"auto, (max-width: 1024px) 100vw, 1024px\" \/><\/figure>\n\n\n\n<figure class=\"wp-block-image size-large\"><img loading=\"lazy\" decoding=\"async\" width=\"904\" height=\"740\" data-id=\"6746\" src=\"https:\/\/blog.vida.at\/pensionisten\/wp-content\/uploads\/sites\/10\/2023\/05\/2023.03.10-Angelika-Niedetzky-1.jpg\" alt=\"\" class=\"wp-image-6746\" srcset=\"https:\/\/blog.vida.at\/pensionisten\/wp-content\/uploads\/sites\/10\/2023\/05\/2023.03.10-Angelika-Niedetzky-1.jpg 904w, https:\/\/blog.vida.at\/pensionisten\/wp-content\/uploads\/sites\/10\/2023\/05\/2023.03.10-Angelika-Niedetzky-1-300x246.jpg 300w, https:\/\/blog.vida.at\/pensionisten\/wp-content\/uploads\/sites\/10\/2023\/05\/2023.03.10-Angelika-Niedetzky-1-768x629.jpg 768w, https:\/\/blog.vida.at\/pensionisten\/wp-content\/uploads\/sites\/10\/2023\/05\/2023.03.10-Angelika-Niedetzky-1-500x409.jpg 500w, https:\/\/blog.vida.at\/pensionisten\/wp-content\/uploads\/sites\/10\/2023\/05\/2023.03.10-Angelika-Niedetzky-1-800x655.jpg 800w\" sizes=\"auto, (max-width: 904px) 100vw, 904px\" \/><\/figure>\n\n\n\n<figure class=\"wp-block-image size-large\"><img loading=\"lazy\" decoding=\"async\" width=\"1024\" height=\"557\" data-id=\"6748\" src=\"https:\/\/blog.vida.at\/pensionisten\/wp-content\/uploads\/sites\/10\/2023\/05\/2023.03.10-Angelika-Niedetzky-3-1024x557.jpg\" alt=\"\" class=\"wp-image-6748\" srcset=\"https:\/\/blog.vida.at\/pensionisten\/wp-content\/uploads\/sites\/10\/2023\/05\/2023.03.10-Angelika-Niedetzky-3-1024x557.jpg 1024w, https:\/\/blog.vida.at\/pensionisten\/wp-content\/uploads\/sites\/10\/2023\/05\/2023.03.10-Angelika-Niedetzky-3-300x163.jpg 300w, https:\/\/blog.vida.at\/pensionisten\/wp-content\/uploads\/sites\/10\/2023\/05\/2023.03.10-Angelika-Niedetzky-3-768x418.jpg 768w, https:\/\/blog.vida.at\/pensionisten\/wp-content\/uploads\/sites\/10\/2023\/05\/2023.03.10-Angelika-Niedetzky-3-500x272.jpg 500w, https:\/\/blog.vida.at\/pensionisten\/wp-content\/uploads\/sites\/10\/2023\/05\/2023.03.10-Angelika-Niedetzky-3-800x435.jpg 800w, https:\/\/blog.vida.at\/pensionisten\/wp-content\/uploads\/sites\/10\/2023\/05\/2023.03.10-Angelika-Niedetzky-3.jpg 1217w\" sizes=\"auto, (max-width: 1024px) 100vw, 1024px\" \/><\/figure>\n\n\n\n<figure class=\"wp-block-image size-large\"><img loading=\"lazy\" decoding=\"async\" width=\"1024\" height=\"671\" data-id=\"6749\" src=\"https:\/\/blog.vida.at\/pensionisten\/wp-content\/uploads\/sites\/10\/2023\/05\/2023.03.10-Angelika-Niedetzky-4-1024x671.jpg\" alt=\"\" class=\"wp-image-6749\" srcset=\"https:\/\/blog.vida.at\/pensionisten\/wp-content\/uploads\/sites\/10\/2023\/05\/2023.03.10-Angelika-Niedetzky-4-1024x671.jpg 1024w, https:\/\/blog.vida.at\/pensionisten\/wp-content\/uploads\/sites\/10\/2023\/05\/2023.03.10-Angelika-Niedetzky-4-300x196.jpg 300w, https:\/\/blog.vida.at\/pensionisten\/wp-content\/uploads\/sites\/10\/2023\/05\/2023.03.10-Angelika-Niedetzky-4-768x503.jpg 768w, https:\/\/blog.vida.at\/pensionisten\/wp-content\/uploads\/sites\/10\/2023\/05\/2023.03.10-Angelika-Niedetzky-4-500x327.jpg 500w, https:\/\/blog.vida.at\/pensionisten\/wp-content\/uploads\/sites\/10\/2023\/05\/2023.03.10-Angelika-Niedetzky-4-800x524.jpg 800w, https:\/\/blog.vida.at\/pensionisten\/wp-content\/uploads\/sites\/10\/2023\/05\/2023.03.10-Angelika-Niedetzky-4.jpg 1182w\" sizes=\"auto, (max-width: 1024px) 100vw, 1024px\" \/><\/figure>\n\n\n\n<figure class=\"wp-block-image size-large\"><img loading=\"lazy\" decoding=\"async\" width=\"1024\" height=\"748\" data-id=\"6750\" src=\"https:\/\/blog.vida.at\/pensionisten\/wp-content\/uploads\/sites\/10\/2023\/05\/2023.03.10-Angelika-Niedetzky-5-1024x748.jpg\" alt=\"\" class=\"wp-image-6750\" srcset=\"https:\/\/blog.vida.at\/pensionisten\/wp-content\/uploads\/sites\/10\/2023\/05\/2023.03.10-Angelika-Niedetzky-5-1024x748.jpg 1024w, https:\/\/blog.vida.at\/pensionisten\/wp-content\/uploads\/sites\/10\/2023\/05\/2023.03.10-Angelika-Niedetzky-5-300x219.jpg 300w, https:\/\/blog.vida.at\/pensionisten\/wp-content\/uploads\/sites\/10\/2023\/05\/2023.03.10-Angelika-Niedetzky-5-768x561.jpg 768w, https:\/\/blog.vida.at\/pensionisten\/wp-content\/uploads\/sites\/10\/2023\/05\/2023.03.10-Angelika-Niedetzky-5-500x365.jpg 500w, https:\/\/blog.vida.at\/pensionisten\/wp-content\/uploads\/sites\/10\/2023\/05\/2023.03.10-Angelika-Niedetzky-5-800x585.jpg 800w, https:\/\/blog.vida.at\/pensionisten\/wp-content\/uploads\/sites\/10\/2023\/05\/2023.03.10-Angelika-Niedetzky-5.jpg 1040w\" sizes=\"auto, (max-width: 1024px) 100vw, 1024px\" \/><\/figure>\n\n\n\n<figure class=\"wp-block-image size-large\"><img loading=\"lazy\" decoding=\"async\" width=\"976\" height=\"851\" data-id=\"6752\" src=\"https:\/\/blog.vida.at\/pensionisten\/wp-content\/uploads\/sites\/10\/2023\/05\/2023.03.10-Angelika-Niedetzky-6.jpg\" alt=\"\" class=\"wp-image-6752\" srcset=\"https:\/\/blog.vida.at\/pensionisten\/wp-content\/uploads\/sites\/10\/2023\/05\/2023.03.10-Angelika-Niedetzky-6.jpg 976w, https:\/\/blog.vida.at\/pensionisten\/wp-content\/uploads\/sites\/10\/2023\/05\/2023.03.10-Angelika-Niedetzky-6-300x262.jpg 300w, https:\/\/blog.vida.at\/pensionisten\/wp-content\/uploads\/sites\/10\/2023\/05\/2023.03.10-Angelika-Niedetzky-6-768x670.jpg 768w, https:\/\/blog.vida.at\/pensionisten\/wp-content\/uploads\/sites\/10\/2023\/05\/2023.03.10-Angelika-Niedetzky-6-500x436.jpg 500w, https:\/\/blog.vida.at\/pensionisten\/wp-content\/uploads\/sites\/10\/2023\/05\/2023.03.10-Angelika-Niedetzky-6-800x698.jpg 800w\" sizes=\"auto, (max-width: 976px) 100vw, 976px\" \/><\/figure>\n\n\n\n<figure class=\"wp-block-image size-large\"><img loading=\"lazy\" decoding=\"async\" width=\"1024\" height=\"582\" data-id=\"6751\" src=\"https:\/\/blog.vida.at\/pensionisten\/wp-content\/uploads\/sites\/10\/2023\/05\/2023.03.10-Angelika-Niedetzky-7-1024x582.jpg\" alt=\"\" class=\"wp-image-6751\" srcset=\"https:\/\/blog.vida.at\/pensionisten\/wp-content\/uploads\/sites\/10\/2023\/05\/2023.03.10-Angelika-Niedetzky-7-1024x582.jpg 1024w, https:\/\/blog.vida.at\/pensionisten\/wp-content\/uploads\/sites\/10\/2023\/05\/2023.03.10-Angelika-Niedetzky-7-300x171.jpg 300w, https:\/\/blog.vida.at\/pensionisten\/wp-content\/uploads\/sites\/10\/2023\/05\/2023.03.10-Angelika-Niedetzky-7-768x437.jpg 768w, https:\/\/blog.vida.at\/pensionisten\/wp-content\/uploads\/sites\/10\/2023\/05\/2023.03.10-Angelika-Niedetzky-7-500x284.jpg 500w, https:\/\/blog.vida.at\/pensionisten\/wp-content\/uploads\/sites\/10\/2023\/05\/2023.03.10-Angelika-Niedetzky-7-800x455.jpg 800w, https:\/\/blog.vida.at\/pensionisten\/wp-content\/uploads\/sites\/10\/2023\/05\/2023.03.10-Angelika-Niedetzky-7-1280x728.jpg 1280w, https:\/\/blog.vida.at\/pensionisten\/wp-content\/uploads\/sites\/10\/2023\/05\/2023.03.10-Angelika-Niedetzky-7.jpg 1308w\" sizes=\"auto, (max-width: 1024px) 100vw, 1024px\" \/><\/figure>\n<\/figure>\n<\/div><\/div>\n","protected":false},"excerpt":{"rendered":"<p>Die OG Tulln lud in die Arbeiterkammer St. P\u00f6lten ein.<\/p>\n","protected":false},"author":8,"featured_media":6751,"comment_status":"open","ping_status":"open","sticky":false,"template":"","format":"standard","meta":{"_uag_custom_page_level_css":"","advgb_blocks_editor_width":"","advgb_blocks_columns_visual_guide":"","footnotes":""},"categories":[1,51,91,49],"tags":[],"Orte":[],"activitytype":[],"class_list":["post-6745","post","type-post","status-publish","format-standard","has-post-thumbnail","hentry","category-allgemein","category-niederoesterreich","category-og-tulln","category-ortsgruppen","entry"],"featured_image_urls":{"full":["https:\/\/blog.vida.at\/pensionisten\/wp-content\/uploads\/sites\/10\/2023\/05\/2023.03.10-Angelika-Niedetzky-7.jpg",1308,744,false],"thumbnail":["https:\/\/blog.vida.at\/pensionisten\/wp-content\/uploads\/sites\/10\/2023\/05\/2023.03.10-Angelika-Niedetzky-7-150x150.jpg",150,150,true],"medium":["https:\/\/blog.vida.at\/pensionisten\/wp-content\/uploads\/sites\/10\/2023\/05\/2023.03.10-Angelika-Niedetzky-7-300x171.jpg",300,171,true],"medium_large":["https:\/\/blog.vida.at\/pensionisten\/wp-content\/uploads\/sites\/10\/2023\/05\/2023.03.10-Angelika-Niedetzky-7-768x437.jpg",640,364,true],"large":["https:\/\/blog.vida.at\/pensionisten\/wp-content\/uploads\/sites\/10\/2023\/05\/2023.03.10-Angelika-Niedetzky-7-1024x582.jpg",640,364,true],"1536x1536":["https:\/\/blog.vida.at\/pensionisten\/wp-content\/uploads\/sites\/10\/2023\/05\/2023.03.10-Angelika-Niedetzky-7.jpg",1308,744,false],"2048x2048":["https:\/\/blog.vida.at\/pensionisten\/wp-content\/uploads\/sites\/10\/2023\/05\/2023.03.10-Angelika-Niedetzky-7.jpg",1308,744,false],"ab-block-post-grid-landscape":["https:\/\/blog.vida.at\/pensionisten\/wp-content\/uploads\/sites\/10\/2023\/05\/2023.03.10-Angelika-Niedetzky-7-600x400.jpg",600,400,true],"ab-block-post-grid-square":["https:\/\/blog.vida.at\/pensionisten\/wp-content\/uploads\/sites\/10\/2023\/05\/2023.03.10-Angelika-Niedetzky-7-600x600.jpg",600,600,true],"post-thumbnail":["https:\/\/blog.vida.at\/pensionisten\/wp-content\/uploads\/sites\/10\/2023\/05\/2023.03.10-Angelika-Niedetzky-7.jpg",1308,744,false],"awb_sm":["https:\/\/blog.vida.at\/pensionisten\/wp-content\/uploads\/sites\/10\/2023\/05\/2023.03.10-Angelika-Niedetzky-7-500x284.jpg",500,284,true],"awb_md":["https:\/\/blog.vida.at\/pensionisten\/wp-content\/uploads\/sites\/10\/2023\/05\/2023.03.10-Angelika-Niedetzky-7-800x455.jpg",800,455,true],"awb_lg":["https:\/\/blog.vida.at\/pensionisten\/wp-content\/uploads\/sites\/10\/2023\/05\/2023.03.10-Angelika-Niedetzky-7-1280x728.jpg",1280,728,true],"awb_xl":["https:\/\/blog.vida.at\/pensionisten\/wp-content\/uploads\/sites\/10\/2023\/05\/2023.03.10-Angelika-Niedetzky-7.jpg",1308,744,false]},"post_excerpt_stackable":"<p>Die OG Tulln lud in die Arbeiterkammer St. P\u00f6lten ein. Am 10. M\u00e4rz 2023 fuhren die Kolleginnen und Kollegen der OG Tulln am \u201eFrauentag\u201c mit dem Bus nach St. P\u00f6lten. Alle freuten sich auf einen launigen Kabarettabend in der Arbeiterkammer&nbsp;St. P\u00f6lten mit Angelika Niedetzky. Wir freuen uns auf den n\u00e4chsten gemeinsamen Kulturabend!<\/p>\n","category_list":"<a href=\"https:\/\/blog.vida.at\/pensionisten\/category\/allgemein\/\" rel=\"category tag\">Allgemein<\/a>, <a href=\"https:\/\/blog.vida.at\/pensionisten\/category\/ortsgruppen\/niederoesterreich\/\" rel=\"category tag\">Nieder\u00f6sterreich<\/a>, <a href=\"https:\/\/blog.vida.at\/pensionisten\/category\/ortsgruppen\/niederoesterreich\/og-tulln\/\" rel=\"category tag\">OG Tulln<\/a>, <a href=\"https:\/\/blog.vida.at\/pensionisten\/category\/ortsgruppen\/\" rel=\"category tag\">Ortsgruppen<\/a>","author_info":{"display_name":"mariontobola","author_link":"https:\/\/blog.vida.at\/pensionisten\/author\/mariontobola\/"},"comments_num":"0 comments","featured_image_urls_v2":{"full":["https:\/\/blog.vida.at\/pensionisten\/wp-content\/uploads\/sites\/10\/2023\/05\/2023.03.10-Angelika-Niedetzky-7.jpg",1308,744,false],"thumbnail":["https:\/\/blog.vida.at\/pensionisten\/wp-content\/uploads\/sites\/10\/2023\/05\/2023.03.10-Angelika-Niedetzky-7-150x150.jpg",150,150,true],"medium":["https:\/\/blog.vida.at\/pensionisten\/wp-content\/uploads\/sites\/10\/2023\/05\/2023.03.10-Angelika-Niedetzky-7-300x171.jpg",300,171,true],"medium_large":["https:\/\/blog.vida.at\/pensionisten\/wp-content\/uploads\/sites\/10\/2023\/05\/2023.03.10-Angelika-Niedetzky-7-768x437.jpg",640,364,true],"large":["https:\/\/blog.vida.at\/pensionisten\/wp-content\/uploads\/sites\/10\/2023\/05\/2023.03.10-Angelika-Niedetzky-7-1024x582.jpg",640,364,true],"1536x1536":["https:\/\/blog.vida.at\/pensionisten\/wp-content\/uploads\/sites\/10\/2023\/05\/2023.03.10-Angelika-Niedetzky-7.jpg",1308,744,false],"2048x2048":["https:\/\/blog.vida.at\/pensionisten\/wp-content\/uploads\/sites\/10\/2023\/05\/2023.03.10-Angelika-Niedetzky-7.jpg",1308,744,false],"ab-block-post-grid-landscape":["https:\/\/blog.vida.at\/pensionisten\/wp-content\/uploads\/sites\/10\/2023\/05\/2023.03.10-Angelika-Niedetzky-7-600x400.jpg",600,400,true],"ab-block-post-grid-square":["https:\/\/blog.vida.at\/pensionisten\/wp-content\/uploads\/sites\/10\/2023\/05\/2023.03.10-Angelika-Niedetzky-7-600x600.jpg",600,600,true],"post-thumbnail":["https:\/\/blog.vida.at\/pensionisten\/wp-content\/uploads\/sites\/10\/2023\/05\/2023.03.10-Angelika-Niedetzky-7.jpg",1308,744,false],"awb_sm":["https:\/\/blog.vida.at\/pensionisten\/wp-content\/uploads\/sites\/10\/2023\/05\/2023.03.10-Angelika-Niedetzky-7-500x284.jpg",500,284,true],"awb_md":["https:\/\/blog.vida.at\/pensionisten\/wp-content\/uploads\/sites\/10\/2023\/05\/2023.03.10-Angelika-Niedetzky-7-800x455.jpg",800,455,true],"awb_lg":["https:\/\/blog.vida.at\/pensionisten\/wp-content\/uploads\/sites\/10\/2023\/05\/2023.03.10-Angelika-Niedetzky-7-1280x728.jpg",1280,728,true],"awb_xl":["https:\/\/blog.vida.at\/pensionisten\/wp-content\/uploads\/sites\/10\/2023\/05\/2023.03.10-Angelika-Niedetzky-7.jpg",1308,744,false]},"post_excerpt_stackable_v2":"<p>Die OG Tulln lud in die Arbeiterkammer St. P\u00f6lten ein. Am 10. M\u00e4rz 2023 fuhren die Kolleginnen und Kollegen der OG Tulln am \u201eFrauentag\u201c mit dem Bus nach St. P\u00f6lten. Alle freuten sich auf einen launigen Kabarettabend in der Arbeiterkammer&nbsp;St. P\u00f6lten mit Angelika Niedetzky. Wir freuen uns auf den n\u00e4chsten gemeinsamen Kulturabend!<\/p>\n","category_list_v2":"<a href=\"https:\/\/blog.vida.at\/pensionisten\/category\/allgemein\/\" rel=\"category tag\">Allgemein<\/a>, <a href=\"https:\/\/blog.vida.at\/pensionisten\/category\/ortsgruppen\/niederoesterreich\/\" rel=\"category tag\">Nieder\u00f6sterreich<\/a>, <a href=\"https:\/\/blog.vida.at\/pensionisten\/category\/ortsgruppen\/niederoesterreich\/og-tulln\/\" rel=\"category tag\">OG Tulln<\/a>, <a href=\"https:\/\/blog.vida.at\/pensionisten\/category\/ortsgruppen\/\" rel=\"category tag\">Ortsgruppen<\/a>","author_info_v2":{"name":"mariontobola","url":"https:\/\/blog.vida.at\/pensionisten\/author\/mariontobola\/"},"comments_num_v2":"0 comments","yoast_head":"<!-- This site is optimized with the Yoast SEO plugin v27.3 - https:\/\/yoast.com\/product\/yoast-seo-wordpress\/ -->\n<title>Im Kaberett mit Angelika Niedetzky<\/title>\n<meta name=\"robots\" content=\"index, follow, max-snippet:-1, max-image-preview:large, max-video-preview:-1\" \/>\n<link rel=\"canonical\" href=\"https:\/\/blog.vida.at\/pensionisten\/2023\/04\/03\/im-kaberett-mit-angelika-niedetzky\/\" \/>\n<meta property=\"og:locale\" content=\"de_DE\" \/>\n<meta property=\"og:type\" content=\"article\" \/>\n<meta property=\"og:title\" content=\"Im Kaberett mit Angelika Niedetzky\" \/>\n<meta property=\"og:description\" content=\"Die OG Tulln lud in die Arbeiterkammer St. P\u00f6lten ein.\" \/>\n<meta property=\"og:url\" content=\"https:\/\/blog.vida.at\/pensionisten\/2023\/04\/03\/im-kaberett-mit-angelika-niedetzky\/\" \/>\n<meta property=\"og:site_name\" content=\"vida Pensionisten\" \/>\n<meta property=\"article:published_time\" content=\"2023-04-03T09:20:59+00:00\" \/>\n<meta property=\"article:modified_time\" content=\"2023-05-09T09:24:36+00:00\" \/>\n<meta property=\"og:image\" content=\"https:\/\/blog.vida.at\/pensionisten\/wp-content\/uploads\/sites\/10\/2023\/05\/2023.03.10-Angelika-Niedetzky-7.jpg\" \/>\n\t<meta property=\"og:image:width\" content=\"1308\" \/>\n\t<meta property=\"og:image:height\" content=\"744\" \/>\n\t<meta property=\"og:image:type\" content=\"image\/jpeg\" \/>\n<meta name=\"author\" content=\"mariontobola\" \/>\n<meta name=\"twitter:card\" content=\"summary_large_image\" \/>\n<meta name=\"twitter:label1\" content=\"Verfasst von\" \/>\n\t<meta name=\"twitter:data1\" content=\"mariontobola\" \/>\n\t<meta name=\"twitter:label2\" content=\"Gesch\u00e4tzte Lesezeit\" \/>\n\t<meta name=\"twitter:data2\" content=\"2\u00a0Minuten\" \/>\n<script type=\"application\/ld+json\" class=\"yoast-schema-graph\">{\"@context\":\"https:\\\/\\\/schema.org\",\"@graph\":[{\"@type\":\"Article\",\"@id\":\"https:\\\/\\\/blog.vida.at\\\/pensionisten\\\/2023\\\/04\\\/03\\\/im-kaberett-mit-angelika-niedetzky\\\/#article\",\"isPartOf\":{\"@id\":\"https:\\\/\\\/blog.vida.at\\\/pensionisten\\\/2023\\\/04\\\/03\\\/im-kaberett-mit-angelika-niedetzky\\\/\"},\"author\":{\"name\":\"mariontobola\",\"@id\":\"https:\\\/\\\/blog.vida.at\\\/pensionisten\\\/#\\\/schema\\\/person\\\/88cee3ee93b9afdc51c92f5f63f38b8a\"},\"headline\":\"Im Kaberett mit Angelika Niedetzky\",\"datePublished\":\"2023-04-03T09:20:59+00:00\",\"dateModified\":\"2023-05-09T09:24:36+00:00\",\"mainEntityOfPage\":{\"@id\":\"https:\\\/\\\/blog.vida.at\\\/pensionisten\\\/2023\\\/04\\\/03\\\/im-kaberett-mit-angelika-niedetzky\\\/\"},\"wordCount\":62,\"commentCount\":0,\"image\":{\"@id\":\"https:\\\/\\\/blog.vida.at\\\/pensionisten\\\/2023\\\/04\\\/03\\\/im-kaberett-mit-angelika-niedetzky\\\/#primaryimage\"},\"thumbnailUrl\":\"https:\\\/\\\/blog.vida.at\\\/pensionisten\\\/wp-content\\\/uploads\\\/sites\\\/10\\\/2023\\\/05\\\/2023.03.10-Angelika-Niedetzky-7.jpg\",\"articleSection\":{\"1\":\"Nieder\u00f6sterreich\",\"2\":\"OG Tulln\",\"3\":\"Ortsgruppen\"},\"inLanguage\":\"de\",\"potentialAction\":[{\"@type\":\"CommentAction\",\"name\":\"Comment\",\"target\":[\"https:\\\/\\\/blog.vida.at\\\/pensionisten\\\/2023\\\/04\\\/03\\\/im-kaberett-mit-angelika-niedetzky\\\/#respond\"]}]},{\"@type\":\"WebPage\",\"@id\":\"https:\\\/\\\/blog.vida.at\\\/pensionisten\\\/2023\\\/04\\\/03\\\/im-kaberett-mit-angelika-niedetzky\\\/\",\"url\":\"https:\\\/\\\/blog.vida.at\\\/pensionisten\\\/2023\\\/04\\\/03\\\/im-kaberett-mit-angelika-niedetzky\\\/\",\"name\":\"Im Kaberett mit Angelika Niedetzky\",\"isPartOf\":{\"@id\":\"https:\\\/\\\/blog.vida.at\\\/pensionisten\\\/#website\"},\"primaryImageOfPage\":{\"@id\":\"https:\\\/\\\/blog.vida.at\\\/pensionisten\\\/2023\\\/04\\\/03\\\/im-kaberett-mit-angelika-niedetzky\\\/#primaryimage\"},\"image\":{\"@id\":\"https:\\\/\\\/blog.vida.at\\\/pensionisten\\\/2023\\\/04\\\/03\\\/im-kaberett-mit-angelika-niedetzky\\\/#primaryimage\"},\"thumbnailUrl\":\"https:\\\/\\\/blog.vida.at\\\/pensionisten\\\/wp-content\\\/uploads\\\/sites\\\/10\\\/2023\\\/05\\\/2023.03.10-Angelika-Niedetzky-7.jpg\",\"datePublished\":\"2023-04-03T09:20:59+00:00\",\"dateModified\":\"2023-05-09T09:24:36+00:00\",\"author\":{\"@id\":\"https:\\\/\\\/blog.vida.at\\\/pensionisten\\\/#\\\/schema\\\/person\\\/88cee3ee93b9afdc51c92f5f63f38b8a\"},\"breadcrumb\":{\"@id\":\"https:\\\/\\\/blog.vida.at\\\/pensionisten\\\/2023\\\/04\\\/03\\\/im-kaberett-mit-angelika-niedetzky\\\/#breadcrumb\"},\"inLanguage\":\"de\",\"potentialAction\":[{\"@type\":\"ReadAction\",\"target\":[\"https:\\\/\\\/blog.vida.at\\\/pensionisten\\\/2023\\\/04\\\/03\\\/im-kaberett-mit-angelika-niedetzky\\\/\"]}]},{\"@type\":\"ImageObject\",\"inLanguage\":\"de\",\"@id\":\"https:\\\/\\\/blog.vida.at\\\/pensionisten\\\/2023\\\/04\\\/03\\\/im-kaberett-mit-angelika-niedetzky\\\/#primaryimage\",\"url\":\"https:\\\/\\\/blog.vida.at\\\/pensionisten\\\/wp-content\\\/uploads\\\/sites\\\/10\\\/2023\\\/05\\\/2023.03.10-Angelika-Niedetzky-7.jpg\",\"contentUrl\":\"https:\\\/\\\/blog.vida.at\\\/pensionisten\\\/wp-content\\\/uploads\\\/sites\\\/10\\\/2023\\\/05\\\/2023.03.10-Angelika-Niedetzky-7.jpg\",\"width\":1308,\"height\":744},{\"@type\":\"BreadcrumbList\",\"@id\":\"https:\\\/\\\/blog.vida.at\\\/pensionisten\\\/2023\\\/04\\\/03\\\/im-kaberett-mit-angelika-niedetzky\\\/#breadcrumb\",\"itemListElement\":[{\"@type\":\"ListItem\",\"position\":1,\"name\":\"Startseite\",\"item\":\"https:\\\/\\\/blog.vida.at\\\/pensionisten\\\/\"},{\"@type\":\"ListItem\",\"position\":2,\"name\":\"Im Kaberett mit Angelika Niedetzky\"}]},{\"@type\":\"WebSite\",\"@id\":\"https:\\\/\\\/blog.vida.at\\\/pensionisten\\\/#website\",\"url\":\"https:\\\/\\\/blog.vida.at\\\/pensionisten\\\/\",\"name\":\"vida Pensionisten\",\"description\":\"\",\"potentialAction\":[{\"@type\":\"SearchAction\",\"target\":{\"@type\":\"EntryPoint\",\"urlTemplate\":\"https:\\\/\\\/blog.vida.at\\\/pensionisten\\\/?s={search_term_string}\"},\"query-input\":{\"@type\":\"PropertyValueSpecification\",\"valueRequired\":true,\"valueName\":\"search_term_string\"}}],\"inLanguage\":\"de\"},{\"@type\":\"Person\",\"@id\":\"https:\\\/\\\/blog.vida.at\\\/pensionisten\\\/#\\\/schema\\\/person\\\/88cee3ee93b9afdc51c92f5f63f38b8a\",\"name\":\"mariontobola\",\"image\":{\"@type\":\"ImageObject\",\"inLanguage\":\"de\",\"@id\":\"https:\\\/\\\/secure.gravatar.com\\\/avatar\\\/5d2c516985e4eda61bca05bd3b4359b4358135bd1e1a5b08c539e9cd1edd6528?s=96&d=mm&r=g\",\"url\":\"https:\\\/\\\/secure.gravatar.com\\\/avatar\\\/5d2c516985e4eda61bca05bd3b4359b4358135bd1e1a5b08c539e9cd1edd6528?s=96&d=mm&r=g\",\"contentUrl\":\"https:\\\/\\\/secure.gravatar.com\\\/avatar\\\/5d2c516985e4eda61bca05bd3b4359b4358135bd1e1a5b08c539e9cd1edd6528?s=96&d=mm&r=g\",\"caption\":\"mariontobola\"},\"url\":\"https:\\\/\\\/blog.vida.at\\\/pensionisten\\\/author\\\/mariontobola\\\/\"}]}<\/script>\n<!-- \/ Yoast SEO plugin. -->","yoast_head_json":{"title":"Im Kaberett mit Angelika Niedetzky","robots":{"index":"index","follow":"follow","max-snippet":"max-snippet:-1","max-image-preview":"max-image-preview:large","max-video-preview":"max-video-preview:-1"},"canonical":"https:\/\/blog.vida.at\/pensionisten\/2023\/04\/03\/im-kaberett-mit-angelika-niedetzky\/","og_locale":"de_DE","og_type":"article","og_title":"Im Kaberett mit Angelika Niedetzky","og_description":"Die OG Tulln lud in die Arbeiterkammer St. P\u00f6lten ein.","og_url":"https:\/\/blog.vida.at\/pensionisten\/2023\/04\/03\/im-kaberett-mit-angelika-niedetzky\/","og_site_name":"vida Pensionisten","article_published_time":"2023-04-03T09:20:59+00:00","article_modified_time":"2023-05-09T09:24:36+00:00","og_image":[{"width":1308,"height":744,"url":"https:\/\/blog.vida.at\/pensionisten\/wp-content\/uploads\/sites\/10\/2023\/05\/2023.03.10-Angelika-Niedetzky-7.jpg","type":"image\/jpeg"}],"author":"mariontobola","twitter_card":"summary_large_image","twitter_misc":{"Verfasst von":"mariontobola","Gesch\u00e4tzte Lesezeit":"2\u00a0Minuten"},"schema":{"@context":"https:\/\/schema.org","@graph":[{"@type":"Article","@id":"https:\/\/blog.vida.at\/pensionisten\/2023\/04\/03\/im-kaberett-mit-angelika-niedetzky\/#article","isPartOf":{"@id":"https:\/\/blog.vida.at\/pensionisten\/2023\/04\/03\/im-kaberett-mit-angelika-niedetzky\/"},"author":{"name":"mariontobola","@id":"https:\/\/blog.vida.at\/pensionisten\/#\/schema\/person\/88cee3ee93b9afdc51c92f5f63f38b8a"},"headline":"Im Kaberett mit Angelika Niedetzky","datePublished":"2023-04-03T09:20:59+00:00","dateModified":"2023-05-09T09:24:36+00:00","mainEntityOfPage":{"@id":"https:\/\/blog.vida.at\/pensionisten\/2023\/04\/03\/im-kaberett-mit-angelika-niedetzky\/"},"wordCount":62,"commentCount":0,"image":{"@id":"https:\/\/blog.vida.at\/pensionisten\/2023\/04\/03\/im-kaberett-mit-angelika-niedetzky\/#primaryimage"},"thumbnailUrl":"https:\/\/blog.vida.at\/pensionisten\/wp-content\/uploads\/sites\/10\/2023\/05\/2023.03.10-Angelika-Niedetzky-7.jpg","articleSection":{"1":"Nieder\u00f6sterreich","2":"OG Tulln","3":"Ortsgruppen"},"inLanguage":"de","potentialAction":[{"@type":"CommentAction","name":"Comment","target":["https:\/\/blog.vida.at\/pensionisten\/2023\/04\/03\/im-kaberett-mit-angelika-niedetzky\/#respond"]}]},{"@type":"WebPage","@id":"https:\/\/blog.vida.at\/pensionisten\/2023\/04\/03\/im-kaberett-mit-angelika-niedetzky\/","url":"https:\/\/blog.vida.at\/pensionisten\/2023\/04\/03\/im-kaberett-mit-angelika-niedetzky\/","name":"Im Kaberett mit Angelika Niedetzky","isPartOf":{"@id":"https:\/\/blog.vida.at\/pensionisten\/#website"},"primaryImageOfPage":{"@id":"https:\/\/blog.vida.at\/pensionisten\/2023\/04\/03\/im-kaberett-mit-angelika-niedetzky\/#primaryimage"},"image":{"@id":"https:\/\/blog.vida.at\/pensionisten\/2023\/04\/03\/im-kaberett-mit-angelika-niedetzky\/#primaryimage"},"thumbnailUrl":"https:\/\/blog.vida.at\/pensionisten\/wp-content\/uploads\/sites\/10\/2023\/05\/2023.03.10-Angelika-Niedetzky-7.jpg","datePublished":"2023-04-03T09:20:59+00:00","dateModified":"2023-05-09T09:24:36+00:00","author":{"@id":"https:\/\/blog.vida.at\/pensionisten\/#\/schema\/person\/88cee3ee93b9afdc51c92f5f63f38b8a"},"breadcrumb":{"@id":"https:\/\/blog.vida.at\/pensionisten\/2023\/04\/03\/im-kaberett-mit-angelika-niedetzky\/#breadcrumb"},"inLanguage":"de","potentialAction":[{"@type":"ReadAction","target":["https:\/\/blog.vida.at\/pensionisten\/2023\/04\/03\/im-kaberett-mit-angelika-niedetzky\/"]}]},{"@type":"ImageObject","inLanguage":"de","@id":"https:\/\/blog.vida.at\/pensionisten\/2023\/04\/03\/im-kaberett-mit-angelika-niedetzky\/#primaryimage","url":"https:\/\/blog.vida.at\/pensionisten\/wp-content\/uploads\/sites\/10\/2023\/05\/2023.03.10-Angelika-Niedetzky-7.jpg","contentUrl":"https:\/\/blog.vida.at\/pensionisten\/wp-content\/uploads\/sites\/10\/2023\/05\/2023.03.10-Angelika-Niedetzky-7.jpg","width":1308,"height":744},{"@type":"BreadcrumbList","@id":"https:\/\/blog.vida.at\/pensionisten\/2023\/04\/03\/im-kaberett-mit-angelika-niedetzky\/#breadcrumb","itemListElement":[{"@type":"ListItem","position":1,"name":"Startseite","item":"https:\/\/blog.vida.at\/pensionisten\/"},{"@type":"ListItem","position":2,"name":"Im Kaberett mit Angelika Niedetzky"}]},{"@type":"WebSite","@id":"https:\/\/blog.vida.at\/pensionisten\/#website","url":"https:\/\/blog.vida.at\/pensionisten\/","name":"vida Pensionisten","description":"","potentialAction":[{"@type":"SearchAction","target":{"@type":"EntryPoint","urlTemplate":"https:\/\/blog.vida.at\/pensionisten\/?s={search_term_string}"},"query-input":{"@type":"PropertyValueSpecification","valueRequired":true,"valueName":"search_term_string"}}],"inLanguage":"de"},{"@type":"Person","@id":"https:\/\/blog.vida.at\/pensionisten\/#\/schema\/person\/88cee3ee93b9afdc51c92f5f63f38b8a","name":"mariontobola","image":{"@type":"ImageObject","inLanguage":"de","@id":"https:\/\/secure.gravatar.com\/avatar\/5d2c516985e4eda61bca05bd3b4359b4358135bd1e1a5b08c539e9cd1edd6528?s=96&d=mm&r=g","url":"https:\/\/secure.gravatar.com\/avatar\/5d2c516985e4eda61bca05bd3b4359b4358135bd1e1a5b08c539e9cd1edd6528?s=96&d=mm&r=g","contentUrl":"https:\/\/secure.gravatar.com\/avatar\/5d2c516985e4eda61bca05bd3b4359b4358135bd1e1a5b08c539e9cd1edd6528?s=96&d=mm&r=g","caption":"mariontobola"},"url":"https:\/\/blog.vida.at\/pensionisten\/author\/mariontobola\/"}]}},"author_meta":{"display_name":"mariontobola","author_link":"https:\/\/blog.vida.at\/pensionisten\/author\/mariontobola\/"},"featured_img":"https:\/\/blog.vida.at\/pensionisten\/wp-content\/uploads\/sites\/10\/2023\/05\/2023.03.10-Angelika-Niedetzky-7-300x171.jpg","featured_image_src":"https:\/\/blog.vida.at\/pensionisten\/wp-content\/uploads\/sites\/10\/2023\/05\/2023.03.10-Angelika-Niedetzky-7-600x400.jpg","featured_image_src_square":"https:\/\/blog.vida.at\/pensionisten\/wp-content\/uploads\/sites\/10\/2023\/05\/2023.03.10-Angelika-Niedetzky-7-600x600.jpg","uagb_featured_image_src":{"full":["https:\/\/blog.vida.at\/pensionisten\/wp-content\/uploads\/sites\/10\/2023\/05\/2023.03.10-Angelika-Niedetzky-7.jpg",1308,744,false],"thumbnail":["https:\/\/blog.vida.at\/pensionisten\/wp-content\/uploads\/sites\/10\/2023\/05\/2023.03.10-Angelika-Niedetzky-7-150x150.jpg",150,150,true],"medium":["https:\/\/blog.vida.at\/pensionisten\/wp-content\/uploads\/sites\/10\/2023\/05\/2023.03.10-Angelika-Niedetzky-7-300x171.jpg",300,171,true],"medium_large":["https:\/\/blog.vida.at\/pensionisten\/wp-content\/uploads\/sites\/10\/2023\/05\/2023.03.10-Angelika-Niedetzky-7-768x437.jpg",640,364,true],"large":["https:\/\/blog.vida.at\/pensionisten\/wp-content\/uploads\/sites\/10\/2023\/05\/2023.03.10-Angelika-Niedetzky-7-1024x582.jpg",640,364,true],"1536x1536":["https:\/\/blog.vida.at\/pensionisten\/wp-content\/uploads\/sites\/10\/2023\/05\/2023.03.10-Angelika-Niedetzky-7.jpg",1308,744,false],"2048x2048":["https:\/\/blog.vida.at\/pensionisten\/wp-content\/uploads\/sites\/10\/2023\/05\/2023.03.10-Angelika-Niedetzky-7.jpg",1308,744,false],"ab-block-post-grid-landscape":["https:\/\/blog.vida.at\/pensionisten\/wp-content\/uploads\/sites\/10\/2023\/05\/2023.03.10-Angelika-Niedetzky-7-600x400.jpg",600,400,true],"ab-block-post-grid-square":["https:\/\/blog.vida.at\/pensionisten\/wp-content\/uploads\/sites\/10\/2023\/05\/2023.03.10-Angelika-Niedetzky-7-600x600.jpg",600,600,true],"post-thumbnail":["https:\/\/blog.vida.at\/pensionisten\/wp-content\/uploads\/sites\/10\/2023\/05\/2023.03.10-Angelika-Niedetzky-7.jpg",1308,744,false],"awb_sm":["https:\/\/blog.vida.at\/pensionisten\/wp-content\/uploads\/sites\/10\/2023\/05\/2023.03.10-Angelika-Niedetzky-7-500x284.jpg",500,284,true],"awb_md":["https:\/\/blog.vida.at\/pensionisten\/wp-content\/uploads\/sites\/10\/2023\/05\/2023.03.10-Angelika-Niedetzky-7-800x455.jpg",800,455,true],"awb_lg":["https:\/\/blog.vida.at\/pensionisten\/wp-content\/uploads\/sites\/10\/2023\/05\/2023.03.10-Angelika-Niedetzky-7-1280x728.jpg",1280,728,true],"awb_xl":["https:\/\/blog.vida.at\/pensionisten\/wp-content\/uploads\/sites\/10\/2023\/05\/2023.03.10-Angelika-Niedetzky-7.jpg",1308,744,false]},"uagb_author_info":{"display_name":"mariontobola","author_link":"https:\/\/blog.vida.at\/pensionisten\/author\/mariontobola\/"},"uagb_comment_info":0,"uagb_excerpt":"Die OG Tulln lud in die Arbeiterkammer St. P\u00f6lten ein.","coauthors":[],"tax_additional":{"categories":{"linked":["<a href=\"https:\/\/blog.vida.at\/pensionisten\/category\/allgemein\/\" class=\"advgb-post-tax-term\">Allgemein<\/a>","<a href=\"https:\/\/blog.vida.at\/pensionisten\/category\/ortsgruppen\/niederoesterreich\/\" class=\"advgb-post-tax-term\">Nieder\u00f6sterreich<\/a>","<a href=\"https:\/\/blog.vida.at\/pensionisten\/category\/ortsgruppen\/niederoesterreich\/og-tulln\/\" class=\"advgb-post-tax-term\">OG Tulln<\/a>","<a href=\"https:\/\/blog.vida.at\/pensionisten\/category\/ortsgruppen\/\" class=\"advgb-post-tax-term\">Ortsgruppen<\/a>"],"unlinked":["<span class=\"advgb-post-tax-term\">Allgemein<\/span>","<span class=\"advgb-post-tax-term\">Nieder\u00f6sterreich<\/span>","<span class=\"advgb-post-tax-term\">OG Tulln<\/span>","<span class=\"advgb-post-tax-term\">Ortsgruppen<\/span>"]}},"comment_count":"0","relative_dates":{"created":"Ver\u00f6ffentlicht 3\u00a0Jahren vor","modified":"Aktualisiert 3\u00a0Jahren vor"},"absolute_dates":{"created":"Ver\u00f6ffentlicht am 3. April 2023","modified":"Aktualisiert am 9. Mai 2023"},"absolute_dates_time":{"created":"Ver\u00f6ffentlicht am 3. April 2023 11:20","modified":"Aktualisiert am 9. Mai 2023 11:24"},"featured_img_caption":"","series_order":"","_links":{"self":[{"href":"https:\/\/blog.vida.at\/pensionisten\/wp-json\/wp\/v2\/posts\/6745","targetHints":{"allow":["GET"]}}],"collection":[{"href":"https:\/\/blog.vida.at\/pensionisten\/wp-json\/wp\/v2\/posts"}],"about":[{"href":"https:\/\/blog.vida.at\/pensionisten\/wp-json\/wp\/v2\/types\/post"}],"author":[{"embeddable":true,"href":"https:\/\/blog.vida.at\/pensionisten\/wp-json\/wp\/v2\/users\/8"}],"replies":[{"embeddable":true,"href":"https:\/\/blog.vida.at\/pensionisten\/wp-json\/wp\/v2\/comments?post=6745"}],"version-history":[{"count":2,"href":"https:\/\/blog.vida.at\/pensionisten\/wp-json\/wp\/v2\/posts\/6745\/revisions"}],"predecessor-version":[{"id":6754,"href":"https:\/\/blog.vida.at\/pensionisten\/wp-json\/wp\/v2\/posts\/6745\/revisions\/6754"}],"wp:featuredmedia":[{"embeddable":true,"href":"https:\/\/blog.vida.at\/pensionisten\/wp-json\/wp\/v2\/media\/6751"}],"wp:attachment":[{"href":"https:\/\/blog.vida.at\/pensionisten\/wp-json\/wp\/v2\/media?parent=6745"}],"wp:term":[{"taxonomy":"category","embeddable":true,"href":"https:\/\/blog.vida.at\/pensionisten\/wp-json\/wp\/v2\/categories?post=6745"},{"taxonomy":"post_tag","embeddable":true,"href":"https:\/\/blog.vida.at\/pensionisten\/wp-json\/wp\/v2\/tags?post=6745"},{"taxonomy":"Orte","embeddable":true,"href":"https:\/\/blog.vida.at\/pensionisten\/wp-json\/wp\/v2\/Orte?post=6745"},{"taxonomy":"activitytype","embeddable":true,"href":"https:\/\/blog.vida.at\/pensionisten\/wp-json\/wp\/v2\/activitytype?post=6745"}],"curies":[{"name":"wp","href":"https:\/\/api.w.org\/{rel}","templated":true}]}}