
{"id":6934,"date":"2023-06-20T06:32:27","date_gmt":"2023-06-20T04:32:27","guid":{"rendered":"https:\/\/blog.vida.at\/pensionisten\/?p=6934"},"modified":"2023-06-29T12:44:13","modified_gmt":"2023-06-29T10:44:13","slug":"keine-millionen-sondern-leistbares-wohnen","status":"publish","type":"post","link":"https:\/\/blog.vida.at\/pensionisten\/2023\/06\/20\/keine-millionen-sondern-leistbares-wohnen\/","title":{"rendered":"Keine Millionen, sondern leistbares Wohnen"},"content":{"rendered":"\n<div class=\"wp-block-group Container advgb-dyn-6d6aa993\"><div class=\"wp-block-group__inner-container is-layout-flow wp-block-group-is-layout-flow\">\n<h5 class=\"wp-block-heading\">Pensionist:innen gehen auf die Stra\u00dfe und protestieren gegen tatenlose Regierung.<\/h5>\n\n\n\n<br>\n\n\n\n<p><\/p>\n\n\n\n<!--more-->\n\n\n\n<p><em><strong><span style=\"color: #f70101\" class=\"stk-highlight\">\u201eWir wollen keine Millionen. Wir wollen essen, heizen, wohnen!\u201c <\/span><\/strong><\/em><\/p>\n\n\n\n<p>Mit dieser Botschaft sind am Montag, 19. Juni 2023, Pensionist:innen Seite an Seite mit der <strong>Gewerkschaft<\/strong> in der <strong>Steiermark <\/strong>auf die Stra\u00dfe gegangen. Mit der Teuerung sind auch die Mietpreise gestiegen und ein Ende der steigenden Kosten ist nicht in Sicht. \u201eEs reicht!\u201c, sind sich der Bundesvorsitzende der vida-Pensionist:innen, <strong>Rudolf Srba<\/strong>, und der Vorsitzende der vida-Pensionist:innen in der Steiermark, <strong>Walter Haas<\/strong>, einig: <\/p>\n\n\n\n<p class=\"has-text-align-center\"><em><strong><span style=\"color: #0073a8\" class=\"stk-highlight\">\u201eW\u00e4hrend viele Pensionist:innen nicht mehr wissen, wie sie ihre Miete bezahlen sollen und besorgt dar\u00fcber sind, auf der Stra\u00dfe zu landen, gibt es von der Bundesregierung keine konkreten Ma\u00dfnahmen, um dagegen vorzugehen.\u201c <\/span><\/strong><\/em><\/p>\n\n\n<div class=\"wp-block-image is-style-default\">\n<figure class=\"aligncenter size-large\"><img loading=\"lazy\" decoding=\"async\" width=\"1024\" height=\"768\" src=\"https:\/\/blog.vida.at\/pensionisten\/wp-content\/uploads\/sites\/10\/2023\/06\/S2_Pensionisten_Aktion_Steiermark2-1-1024x768.jpg\" alt=\"\" class=\"wp-image-6982\" srcset=\"https:\/\/blog.vida.at\/pensionisten\/wp-content\/uploads\/sites\/10\/2023\/06\/S2_Pensionisten_Aktion_Steiermark2-1-1024x768.jpg 1024w, https:\/\/blog.vida.at\/pensionisten\/wp-content\/uploads\/sites\/10\/2023\/06\/S2_Pensionisten_Aktion_Steiermark2-1-300x225.jpg 300w, https:\/\/blog.vida.at\/pensionisten\/wp-content\/uploads\/sites\/10\/2023\/06\/S2_Pensionisten_Aktion_Steiermark2-1-768x576.jpg 768w, https:\/\/blog.vida.at\/pensionisten\/wp-content\/uploads\/sites\/10\/2023\/06\/S2_Pensionisten_Aktion_Steiermark2-1-1536x1152.jpg 1536w, https:\/\/blog.vida.at\/pensionisten\/wp-content\/uploads\/sites\/10\/2023\/06\/S2_Pensionisten_Aktion_Steiermark2-1-500x375.jpg 500w, https:\/\/blog.vida.at\/pensionisten\/wp-content\/uploads\/sites\/10\/2023\/06\/S2_Pensionisten_Aktion_Steiermark2-1-800x600.jpg 800w, https:\/\/blog.vida.at\/pensionisten\/wp-content\/uploads\/sites\/10\/2023\/06\/S2_Pensionisten_Aktion_Steiermark2-1-1280x960.jpg 1280w, https:\/\/blog.vida.at\/pensionisten\/wp-content\/uploads\/sites\/10\/2023\/06\/S2_Pensionisten_Aktion_Steiermark2-1-1920x1440.jpg 1920w, https:\/\/blog.vida.at\/pensionisten\/wp-content\/uploads\/sites\/10\/2023\/06\/S2_Pensionisten_Aktion_Steiermark2-1-1568x1176.jpg 1568w, https:\/\/blog.vida.at\/pensionisten\/wp-content\/uploads\/sites\/10\/2023\/06\/S2_Pensionisten_Aktion_Steiermark2-1.jpg 2048w\" sizes=\"auto, (max-width: 1024px) 100vw, 1024px\" \/><\/figure>\n<\/div>\n\n\n<p>Deshalb haben die Gewerkschaftspensionist:innen einen Vormittag lang, eine Stra\u00dfe in Graz blockiert, um damit auf die <strong>prek\u00e4re Wohnsituation<\/strong>, auf die <strong>tatenlose Bundesregierung<\/strong>, aufmerksam zu machen.<\/p>\n\n\n\n<p><\/p>\n<\/div><\/div>\n\n\n\n<figure class=\"wp-block-gallery has-nested-images columns-default is-cropped wp-block-gallery-1 is-layout-flex wp-block-gallery-is-layout-flex\">\n<figure class=\"wp-block-image size-large\"><img loading=\"lazy\" decoding=\"async\" width=\"1024\" height=\"768\" data-id=\"6944\" src=\"https:\/\/blog.vida.at\/pensionisten\/wp-content\/uploads\/sites\/10\/2023\/06\/IMG-20230619-WA0001_quer-1024x768.jpg\" alt=\"\" class=\"wp-image-6944\" srcset=\"https:\/\/blog.vida.at\/pensionisten\/wp-content\/uploads\/sites\/10\/2023\/06\/IMG-20230619-WA0001_quer-1024x768.jpg 1024w, https:\/\/blog.vida.at\/pensionisten\/wp-content\/uploads\/sites\/10\/2023\/06\/IMG-20230619-WA0001_quer-300x225.jpg 300w, https:\/\/blog.vida.at\/pensionisten\/wp-content\/uploads\/sites\/10\/2023\/06\/IMG-20230619-WA0001_quer-768x576.jpg 768w, https:\/\/blog.vida.at\/pensionisten\/wp-content\/uploads\/sites\/10\/2023\/06\/IMG-20230619-WA0001_quer-500x375.jpg 500w, https:\/\/blog.vida.at\/pensionisten\/wp-content\/uploads\/sites\/10\/2023\/06\/IMG-20230619-WA0001_quer-800x600.jpg 800w, https:\/\/blog.vida.at\/pensionisten\/wp-content\/uploads\/sites\/10\/2023\/06\/IMG-20230619-WA0001_quer-1280x960.jpg 1280w, https:\/\/blog.vida.at\/pensionisten\/wp-content\/uploads\/sites\/10\/2023\/06\/IMG-20230619-WA0001_quer.jpg 1532w\" sizes=\"auto, (max-width: 1024px) 100vw, 1024px\" \/><\/figure>\n\n\n\n<figure class=\"wp-block-image size-large\"><img loading=\"lazy\" decoding=\"async\" width=\"1024\" height=\"768\" data-id=\"6943\" src=\"https:\/\/blog.vida.at\/pensionisten\/wp-content\/uploads\/sites\/10\/2023\/06\/IMG-20230619-WA0002-1-1024x768.jpg\" alt=\"\" class=\"wp-image-6943\" srcset=\"https:\/\/blog.vida.at\/pensionisten\/wp-content\/uploads\/sites\/10\/2023\/06\/IMG-20230619-WA0002-1-1024x768.jpg 1024w, https:\/\/blog.vida.at\/pensionisten\/wp-content\/uploads\/sites\/10\/2023\/06\/IMG-20230619-WA0002-1-300x225.jpg 300w, https:\/\/blog.vida.at\/pensionisten\/wp-content\/uploads\/sites\/10\/2023\/06\/IMG-20230619-WA0002-1-768x576.jpg 768w, https:\/\/blog.vida.at\/pensionisten\/wp-content\/uploads\/sites\/10\/2023\/06\/IMG-20230619-WA0002-1-1536x1152.jpg 1536w, https:\/\/blog.vida.at\/pensionisten\/wp-content\/uploads\/sites\/10\/2023\/06\/IMG-20230619-WA0002-1-500x375.jpg 500w, https:\/\/blog.vida.at\/pensionisten\/wp-content\/uploads\/sites\/10\/2023\/06\/IMG-20230619-WA0002-1-800x600.jpg 800w, https:\/\/blog.vida.at\/pensionisten\/wp-content\/uploads\/sites\/10\/2023\/06\/IMG-20230619-WA0002-1-1280x960.jpg 1280w, https:\/\/blog.vida.at\/pensionisten\/wp-content\/uploads\/sites\/10\/2023\/06\/IMG-20230619-WA0002-1-1920x1440.jpg 1920w, https:\/\/blog.vida.at\/pensionisten\/wp-content\/uploads\/sites\/10\/2023\/06\/IMG-20230619-WA0002-1-1568x1176.jpg 1568w, https:\/\/blog.vida.at\/pensionisten\/wp-content\/uploads\/sites\/10\/2023\/06\/IMG-20230619-WA0002-1.jpg 2048w\" sizes=\"auto, (max-width: 1024px) 100vw, 1024px\" \/><\/figure>\n\n\n\n<figure class=\"wp-block-image size-large\"><img loading=\"lazy\" decoding=\"async\" width=\"1024\" height=\"768\" data-id=\"6945\" src=\"https:\/\/blog.vida.at\/pensionisten\/wp-content\/uploads\/sites\/10\/2023\/06\/IMG-20230619-WA0003-1-1024x768.jpg\" alt=\"\" class=\"wp-image-6945\" srcset=\"https:\/\/blog.vida.at\/pensionisten\/wp-content\/uploads\/sites\/10\/2023\/06\/IMG-20230619-WA0003-1-1024x768.jpg 1024w, https:\/\/blog.vida.at\/pensionisten\/wp-content\/uploads\/sites\/10\/2023\/06\/IMG-20230619-WA0003-1-300x225.jpg 300w, https:\/\/blog.vida.at\/pensionisten\/wp-content\/uploads\/sites\/10\/2023\/06\/IMG-20230619-WA0003-1-768x576.jpg 768w, https:\/\/blog.vida.at\/pensionisten\/wp-content\/uploads\/sites\/10\/2023\/06\/IMG-20230619-WA0003-1-1536x1152.jpg 1536w, https:\/\/blog.vida.at\/pensionisten\/wp-content\/uploads\/sites\/10\/2023\/06\/IMG-20230619-WA0003-1-500x375.jpg 500w, https:\/\/blog.vida.at\/pensionisten\/wp-content\/uploads\/sites\/10\/2023\/06\/IMG-20230619-WA0003-1-800x600.jpg 800w, https:\/\/blog.vida.at\/pensionisten\/wp-content\/uploads\/sites\/10\/2023\/06\/IMG-20230619-WA0003-1-1280x960.jpg 1280w, https:\/\/blog.vida.at\/pensionisten\/wp-content\/uploads\/sites\/10\/2023\/06\/IMG-20230619-WA0003-1-1920x1440.jpg 1920w, https:\/\/blog.vida.at\/pensionisten\/wp-content\/uploads\/sites\/10\/2023\/06\/IMG-20230619-WA0003-1-1568x1176.jpg 1568w, https:\/\/blog.vida.at\/pensionisten\/wp-content\/uploads\/sites\/10\/2023\/06\/IMG-20230619-WA0003-1.jpg 2048w\" sizes=\"auto, (max-width: 1024px) 100vw, 1024px\" \/><\/figure>\n\n\n\n<figure class=\"wp-block-image size-large\"><img loading=\"lazy\" decoding=\"async\" width=\"1024\" height=\"768\" data-id=\"6946\" src=\"https:\/\/blog.vida.at\/pensionisten\/wp-content\/uploads\/sites\/10\/2023\/06\/IMG-20230619-WA0004-1-1024x768.jpg\" alt=\"\" class=\"wp-image-6946\" srcset=\"https:\/\/blog.vida.at\/pensionisten\/wp-content\/uploads\/sites\/10\/2023\/06\/IMG-20230619-WA0004-1-1024x768.jpg 1024w, https:\/\/blog.vida.at\/pensionisten\/wp-content\/uploads\/sites\/10\/2023\/06\/IMG-20230619-WA0004-1-300x225.jpg 300w, https:\/\/blog.vida.at\/pensionisten\/wp-content\/uploads\/sites\/10\/2023\/06\/IMG-20230619-WA0004-1-768x576.jpg 768w, https:\/\/blog.vida.at\/pensionisten\/wp-content\/uploads\/sites\/10\/2023\/06\/IMG-20230619-WA0004-1-1536x1152.jpg 1536w, https:\/\/blog.vida.at\/pensionisten\/wp-content\/uploads\/sites\/10\/2023\/06\/IMG-20230619-WA0004-1-500x375.jpg 500w, https:\/\/blog.vida.at\/pensionisten\/wp-content\/uploads\/sites\/10\/2023\/06\/IMG-20230619-WA0004-1-800x600.jpg 800w, https:\/\/blog.vida.at\/pensionisten\/wp-content\/uploads\/sites\/10\/2023\/06\/IMG-20230619-WA0004-1-1280x960.jpg 1280w, https:\/\/blog.vida.at\/pensionisten\/wp-content\/uploads\/sites\/10\/2023\/06\/IMG-20230619-WA0004-1-1920x1440.jpg 1920w, https:\/\/blog.vida.at\/pensionisten\/wp-content\/uploads\/sites\/10\/2023\/06\/IMG-20230619-WA0004-1-1568x1176.jpg 1568w, https:\/\/blog.vida.at\/pensionisten\/wp-content\/uploads\/sites\/10\/2023\/06\/IMG-20230619-WA0004-1.jpg 2048w\" sizes=\"auto, (max-width: 1024px) 100vw, 1024px\" \/><\/figure>\n\n\n\n<figure class=\"wp-block-image size-large\"><img loading=\"lazy\" decoding=\"async\" width=\"1024\" height=\"768\" data-id=\"6948\" src=\"https:\/\/blog.vida.at\/pensionisten\/wp-content\/uploads\/sites\/10\/2023\/06\/IMG-20230619-WA0006-1-1024x768.jpg\" alt=\"\" class=\"wp-image-6948\" srcset=\"https:\/\/blog.vida.at\/pensionisten\/wp-content\/uploads\/sites\/10\/2023\/06\/IMG-20230619-WA0006-1-1024x768.jpg 1024w, https:\/\/blog.vida.at\/pensionisten\/wp-content\/uploads\/sites\/10\/2023\/06\/IMG-20230619-WA0006-1-300x225.jpg 300w, https:\/\/blog.vida.at\/pensionisten\/wp-content\/uploads\/sites\/10\/2023\/06\/IMG-20230619-WA0006-1-768x576.jpg 768w, https:\/\/blog.vida.at\/pensionisten\/wp-content\/uploads\/sites\/10\/2023\/06\/IMG-20230619-WA0006-1-1536x1152.jpg 1536w, https:\/\/blog.vida.at\/pensionisten\/wp-content\/uploads\/sites\/10\/2023\/06\/IMG-20230619-WA0006-1-500x375.jpg 500w, https:\/\/blog.vida.at\/pensionisten\/wp-content\/uploads\/sites\/10\/2023\/06\/IMG-20230619-WA0006-1-800x600.jpg 800w, https:\/\/blog.vida.at\/pensionisten\/wp-content\/uploads\/sites\/10\/2023\/06\/IMG-20230619-WA0006-1-1280x960.jpg 1280w, https:\/\/blog.vida.at\/pensionisten\/wp-content\/uploads\/sites\/10\/2023\/06\/IMG-20230619-WA0006-1-1920x1440.jpg 1920w, https:\/\/blog.vida.at\/pensionisten\/wp-content\/uploads\/sites\/10\/2023\/06\/IMG-20230619-WA0006-1-1568x1176.jpg 1568w, https:\/\/blog.vida.at\/pensionisten\/wp-content\/uploads\/sites\/10\/2023\/06\/IMG-20230619-WA0006-1.jpg 2048w\" sizes=\"auto, (max-width: 1024px) 100vw, 1024px\" \/><\/figure>\n\n\n\n<figure class=\"wp-block-image size-large\"><img loading=\"lazy\" decoding=\"async\" width=\"1024\" height=\"768\" data-id=\"6949\" src=\"https:\/\/blog.vida.at\/pensionisten\/wp-content\/uploads\/sites\/10\/2023\/06\/IMG-20230619-WA0007-1.jpg\" alt=\"\" class=\"wp-image-6949\" srcset=\"https:\/\/blog.vida.at\/pensionisten\/wp-content\/uploads\/sites\/10\/2023\/06\/IMG-20230619-WA0007-1.jpg 1024w, https:\/\/blog.vida.at\/pensionisten\/wp-content\/uploads\/sites\/10\/2023\/06\/IMG-20230619-WA0007-1-300x225.jpg 300w, https:\/\/blog.vida.at\/pensionisten\/wp-content\/uploads\/sites\/10\/2023\/06\/IMG-20230619-WA0007-1-768x576.jpg 768w, https:\/\/blog.vida.at\/pensionisten\/wp-content\/uploads\/sites\/10\/2023\/06\/IMG-20230619-WA0007-1-500x375.jpg 500w, https:\/\/blog.vida.at\/pensionisten\/wp-content\/uploads\/sites\/10\/2023\/06\/IMG-20230619-WA0007-1-800x600.jpg 800w\" sizes=\"auto, (max-width: 1024px) 100vw, 1024px\" \/><\/figure>\n<\/figure>\n\n\n\n<p><strong><span style=\"color: #fd0707\" class=\"stk-highlight\">Die Teuerung trifft auch uns Pensionist:innen!<\/span><\/strong><\/p>\n\n\n\n<p>Die steirischen <strong>Gewerkschaftspensionist:innen <\/strong>sprechen im folgenden <strong>VIDEO<\/strong> dar\u00fcber, wie sie die <strong>Teuerung<\/strong> trifft, warum<strong> Einmalzahlungen der Bundesregierung<\/strong> nicht helfen, und warum die <strong>Pensionen unbedingt angepasst werden m\u00fcssen<\/strong> &#8211; und zwar jetzt!<\/p>\n\n\n\n<figure class=\"wp-block-embed is-type-video is-provider-youtube wp-block-embed-youtube wp-embed-aspect-16-9 wp-has-aspect-ratio\"><div class=\"wp-block-embed__wrapper\">\n<iframe loading=\"lazy\" title=\"Die Teuerung betrifft auch uns!\" width=\"640\" height=\"360\" src=\"https:\/\/www.youtube.com\/embed\/Jv-e0pamZVA?feature=oembed\" frameborder=\"0\" allow=\"accelerometer; autoplay; clipboard-write; encrypted-media; gyroscope; picture-in-picture; web-share\" referrerpolicy=\"strict-origin-when-cross-origin\" allowfullscreen><\/iframe>\n<\/div><\/figure>\n","protected":false},"excerpt":{"rendered":"<p>Pensionist:innen gehen auf die Stra\u00dfe und protestieren gegen tatenlose Regierung.<\/p>\n","protected":false},"author":8,"featured_media":6981,"comment_status":"open","ping_status":"open","sticky":false,"template":"","format":"standard","meta":{"_uag_custom_page_level_css":"","advgb_blocks_editor_width":"","advgb_blocks_columns_visual_guide":"","footnotes":""},"categories":[4,1,32],"tags":[],"Orte":[],"activitytype":[],"class_list":["post-6934","post","type-post","status-publish","format-standard","has-post-thumbnail","hentry","category-aktuelles","category-allgemein","category-top-aktuelles","entry"],"featured_image_urls":{"full":["https:\/\/blog.vida.at\/pensionisten\/wp-content\/uploads\/sites\/10\/2023\/06\/S2_Pensionisten_Aktion_Steiermark2.jpg",2048,1536,false],"thumbnail":["https:\/\/blog.vida.at\/pensionisten\/wp-content\/uploads\/sites\/10\/2023\/06\/S2_Pensionisten_Aktion_Steiermark2-150x150.jpg",150,150,true],"medium":["https:\/\/blog.vida.at\/pensionisten\/wp-content\/uploads\/sites\/10\/2023\/06\/S2_Pensionisten_Aktion_Steiermark2-300x225.jpg",300,225,true],"medium_large":["https:\/\/blog.vida.at\/pensionisten\/wp-content\/uploads\/sites\/10\/2023\/06\/S2_Pensionisten_Aktion_Steiermark2-768x576.jpg",640,480,true],"large":["https:\/\/blog.vida.at\/pensionisten\/wp-content\/uploads\/sites\/10\/2023\/06\/S2_Pensionisten_Aktion_Steiermark2-1024x768.jpg",640,480,true],"1536x1536":["https:\/\/blog.vida.at\/pensionisten\/wp-content\/uploads\/sites\/10\/2023\/06\/S2_Pensionisten_Aktion_Steiermark2-1536x1152.jpg",1536,1152,true],"2048x2048":["https:\/\/blog.vida.at\/pensionisten\/wp-content\/uploads\/sites\/10\/2023\/06\/S2_Pensionisten_Aktion_Steiermark2.jpg",2048,1536,false],"ab-block-post-grid-landscape":["https:\/\/blog.vida.at\/pensionisten\/wp-content\/uploads\/sites\/10\/2023\/06\/S2_Pensionisten_Aktion_Steiermark2-600x400.jpg",600,400,true],"ab-block-post-grid-square":["https:\/\/blog.vida.at\/pensionisten\/wp-content\/uploads\/sites\/10\/2023\/06\/S2_Pensionisten_Aktion_Steiermark2-600x600.jpg",600,600,true],"post-thumbnail":["https:\/\/blog.vida.at\/pensionisten\/wp-content\/uploads\/sites\/10\/2023\/06\/S2_Pensionisten_Aktion_Steiermark2-1568x1176.jpg",1568,1176,true],"awb_sm":["https:\/\/blog.vida.at\/pensionisten\/wp-content\/uploads\/sites\/10\/2023\/06\/S2_Pensionisten_Aktion_Steiermark2-500x375.jpg",500,375,true],"awb_md":["https:\/\/blog.vida.at\/pensionisten\/wp-content\/uploads\/sites\/10\/2023\/06\/S2_Pensionisten_Aktion_Steiermark2-800x600.jpg",800,600,true],"awb_lg":["https:\/\/blog.vida.at\/pensionisten\/wp-content\/uploads\/sites\/10\/2023\/06\/S2_Pensionisten_Aktion_Steiermark2-1280x960.jpg",1280,960,true],"awb_xl":["https:\/\/blog.vida.at\/pensionisten\/wp-content\/uploads\/sites\/10\/2023\/06\/S2_Pensionisten_Aktion_Steiermark2-1920x1440.jpg",1920,1440,true]},"post_excerpt_stackable":"<p>Pensionist:innen gehen auf die Stra\u00dfe und protestieren gegen tatenlose Regierung. \u201eWir wollen keine Millionen. Wir wollen essen, heizen, wohnen!\u201c Mit dieser Botschaft sind am Montag, 19. Juni 2023, Pensionist:innen Seite an Seite mit der Gewerkschaft in der Steiermark auf die Stra\u00dfe gegangen. Mit der Teuerung sind auch die Mietpreise gestiegen und ein Ende der steigenden Kosten ist nicht in Sicht. \u201eEs reicht!\u201c, sind sich der Bundesvorsitzende der vida-Pensionist:innen, Rudolf Srba, und der Vorsitzende der vida-Pensionist:innen in der Steiermark, Walter Haas, einig: \u201eW\u00e4hrend viele Pensionist:innen nicht mehr wissen, wie sie ihre Miete bezahlen sollen und besorgt dar\u00fcber sind, auf der Stra\u00dfe&hellip;<\/p>\n","category_list":"<a href=\"https:\/\/blog.vida.at\/pensionisten\/category\/aktuelles\/\" rel=\"category tag\">Aktuelles<\/a>, <a href=\"https:\/\/blog.vida.at\/pensionisten\/category\/allgemein\/\" rel=\"category tag\">Allgemein<\/a>, <a href=\"https:\/\/blog.vida.at\/pensionisten\/category\/top-aktuelles\/\" rel=\"category tag\">Top Aktuelles<\/a>","author_info":{"display_name":"mariontobola","author_link":"https:\/\/blog.vida.at\/pensionisten\/author\/mariontobola\/"},"comments_num":"0 comments","featured_image_urls_v2":{"full":["https:\/\/blog.vida.at\/pensionisten\/wp-content\/uploads\/sites\/10\/2023\/06\/S2_Pensionisten_Aktion_Steiermark2.jpg",2048,1536,false],"thumbnail":["https:\/\/blog.vida.at\/pensionisten\/wp-content\/uploads\/sites\/10\/2023\/06\/S2_Pensionisten_Aktion_Steiermark2-150x150.jpg",150,150,true],"medium":["https:\/\/blog.vida.at\/pensionisten\/wp-content\/uploads\/sites\/10\/2023\/06\/S2_Pensionisten_Aktion_Steiermark2-300x225.jpg",300,225,true],"medium_large":["https:\/\/blog.vida.at\/pensionisten\/wp-content\/uploads\/sites\/10\/2023\/06\/S2_Pensionisten_Aktion_Steiermark2-768x576.jpg",640,480,true],"large":["https:\/\/blog.vida.at\/pensionisten\/wp-content\/uploads\/sites\/10\/2023\/06\/S2_Pensionisten_Aktion_Steiermark2-1024x768.jpg",640,480,true],"1536x1536":["https:\/\/blog.vida.at\/pensionisten\/wp-content\/uploads\/sites\/10\/2023\/06\/S2_Pensionisten_Aktion_Steiermark2-1536x1152.jpg",1536,1152,true],"2048x2048":["https:\/\/blog.vida.at\/pensionisten\/wp-content\/uploads\/sites\/10\/2023\/06\/S2_Pensionisten_Aktion_Steiermark2.jpg",2048,1536,false],"ab-block-post-grid-landscape":["https:\/\/blog.vida.at\/pensionisten\/wp-content\/uploads\/sites\/10\/2023\/06\/S2_Pensionisten_Aktion_Steiermark2-600x400.jpg",600,400,true],"ab-block-post-grid-square":["https:\/\/blog.vida.at\/pensionisten\/wp-content\/uploads\/sites\/10\/2023\/06\/S2_Pensionisten_Aktion_Steiermark2-600x600.jpg",600,600,true],"post-thumbnail":["https:\/\/blog.vida.at\/pensionisten\/wp-content\/uploads\/sites\/10\/2023\/06\/S2_Pensionisten_Aktion_Steiermark2-1568x1176.jpg",1568,1176,true],"awb_sm":["https:\/\/blog.vida.at\/pensionisten\/wp-content\/uploads\/sites\/10\/2023\/06\/S2_Pensionisten_Aktion_Steiermark2-500x375.jpg",500,375,true],"awb_md":["https:\/\/blog.vida.at\/pensionisten\/wp-content\/uploads\/sites\/10\/2023\/06\/S2_Pensionisten_Aktion_Steiermark2-800x600.jpg",800,600,true],"awb_lg":["https:\/\/blog.vida.at\/pensionisten\/wp-content\/uploads\/sites\/10\/2023\/06\/S2_Pensionisten_Aktion_Steiermark2-1280x960.jpg",1280,960,true],"awb_xl":["https:\/\/blog.vida.at\/pensionisten\/wp-content\/uploads\/sites\/10\/2023\/06\/S2_Pensionisten_Aktion_Steiermark2-1920x1440.jpg",1920,1440,true]},"post_excerpt_stackable_v2":"<p>Pensionist:innen gehen auf die Stra\u00dfe und protestieren gegen tatenlose Regierung. \u201eWir wollen keine Millionen. Wir wollen essen, heizen, wohnen!\u201c Mit dieser Botschaft sind am Montag, 19. Juni 2023, Pensionist:innen Seite an Seite mit der Gewerkschaft in der Steiermark auf die Stra\u00dfe gegangen. Mit der Teuerung sind auch die Mietpreise gestiegen und ein Ende der steigenden Kosten ist nicht in Sicht. \u201eEs reicht!\u201c, sind sich der Bundesvorsitzende der vida-Pensionist:innen, Rudolf Srba, und der Vorsitzende der vida-Pensionist:innen in der Steiermark, Walter Haas, einig: \u201eW\u00e4hrend viele Pensionist:innen nicht mehr wissen, wie sie ihre Miete bezahlen sollen und besorgt dar\u00fcber sind, auf der Stra\u00dfe&hellip;<\/p>\n","category_list_v2":"<a href=\"https:\/\/blog.vida.at\/pensionisten\/category\/aktuelles\/\" rel=\"category tag\">Aktuelles<\/a>, <a href=\"https:\/\/blog.vida.at\/pensionisten\/category\/allgemein\/\" rel=\"category tag\">Allgemein<\/a>, <a href=\"https:\/\/blog.vida.at\/pensionisten\/category\/top-aktuelles\/\" rel=\"category tag\">Top Aktuelles<\/a>","author_info_v2":{"name":"mariontobola","url":"https:\/\/blog.vida.at\/pensionisten\/author\/mariontobola\/"},"comments_num_v2":"0 comments","yoast_head":"<!-- This site is optimized with the Yoast SEO plugin v27.3 - https:\/\/yoast.com\/product\/yoast-seo-wordpress\/ -->\n<title>Keine Millionen, sondern leistbares Wohnen<\/title>\n<meta name=\"robots\" content=\"index, follow, max-snippet:-1, max-image-preview:large, max-video-preview:-1\" \/>\n<link rel=\"canonical\" href=\"https:\/\/blog.vida.at\/pensionisten\/2023\/06\/20\/keine-millionen-sondern-leistbares-wohnen\/\" \/>\n<meta property=\"og:locale\" content=\"de_DE\" \/>\n<meta property=\"og:type\" content=\"article\" \/>\n<meta property=\"og:title\" content=\"Keine Millionen, sondern leistbares Wohnen\" \/>\n<meta property=\"og:description\" content=\"Pensionist:innen gehen auf die Stra\u00dfe und protestieren gegen tatenlose Regierung.\" \/>\n<meta property=\"og:url\" content=\"https:\/\/blog.vida.at\/pensionisten\/2023\/06\/20\/keine-millionen-sondern-leistbares-wohnen\/\" \/>\n<meta property=\"og:site_name\" content=\"vida Pensionisten\" \/>\n<meta property=\"article:published_time\" content=\"2023-06-20T04:32:27+00:00\" \/>\n<meta property=\"article:modified_time\" content=\"2023-06-29T10:44:13+00:00\" \/>\n<meta property=\"og:image\" content=\"https:\/\/blog.vida.at\/pensionisten\/wp-content\/uploads\/sites\/10\/2023\/06\/S2_Pensionisten_Aktion_Steiermark2.jpg\" \/>\n\t<meta property=\"og:image:width\" content=\"2048\" \/>\n\t<meta property=\"og:image:height\" content=\"1536\" \/>\n\t<meta property=\"og:image:type\" content=\"image\/jpeg\" \/>\n<meta name=\"author\" content=\"mariontobola\" \/>\n<meta name=\"twitter:card\" content=\"summary_large_image\" \/>\n<meta name=\"twitter:label1\" content=\"Verfasst von\" \/>\n\t<meta name=\"twitter:data1\" content=\"mariontobola\" \/>\n\t<meta name=\"twitter:label2\" content=\"Gesch\u00e4tzte Lesezeit\" \/>\n\t<meta name=\"twitter:data2\" content=\"3\u00a0Minuten\" \/>\n<script type=\"application\/ld+json\" class=\"yoast-schema-graph\">{\"@context\":\"https:\\\/\\\/schema.org\",\"@graph\":[{\"@type\":\"Article\",\"@id\":\"https:\\\/\\\/blog.vida.at\\\/pensionisten\\\/2023\\\/06\\\/20\\\/keine-millionen-sondern-leistbares-wohnen\\\/#article\",\"isPartOf\":{\"@id\":\"https:\\\/\\\/blog.vida.at\\\/pensionisten\\\/2023\\\/06\\\/20\\\/keine-millionen-sondern-leistbares-wohnen\\\/\"},\"author\":{\"name\":\"mariontobola\",\"@id\":\"https:\\\/\\\/blog.vida.at\\\/pensionisten\\\/#\\\/schema\\\/person\\\/88cee3ee93b9afdc51c92f5f63f38b8a\"},\"headline\":\"Keine Millionen, sondern leistbares Wohnen\",\"datePublished\":\"2023-06-20T04:32:27+00:00\",\"dateModified\":\"2023-06-29T10:44:13+00:00\",\"mainEntityOfPage\":{\"@id\":\"https:\\\/\\\/blog.vida.at\\\/pensionisten\\\/2023\\\/06\\\/20\\\/keine-millionen-sondern-leistbares-wohnen\\\/\"},\"wordCount\":204,\"commentCount\":0,\"image\":{\"@id\":\"https:\\\/\\\/blog.vida.at\\\/pensionisten\\\/2023\\\/06\\\/20\\\/keine-millionen-sondern-leistbares-wohnen\\\/#primaryimage\"},\"thumbnailUrl\":\"https:\\\/\\\/blog.vida.at\\\/pensionisten\\\/wp-content\\\/uploads\\\/sites\\\/10\\\/2023\\\/06\\\/S2_Pensionisten_Aktion_Steiermark2.jpg\",\"articleSection\":{\"0\":\"Aktuelles\",\"2\":\"Top Aktuelles\"},\"inLanguage\":\"de\",\"potentialAction\":[{\"@type\":\"CommentAction\",\"name\":\"Comment\",\"target\":[\"https:\\\/\\\/blog.vida.at\\\/pensionisten\\\/2023\\\/06\\\/20\\\/keine-millionen-sondern-leistbares-wohnen\\\/#respond\"]}]},{\"@type\":\"WebPage\",\"@id\":\"https:\\\/\\\/blog.vida.at\\\/pensionisten\\\/2023\\\/06\\\/20\\\/keine-millionen-sondern-leistbares-wohnen\\\/\",\"url\":\"https:\\\/\\\/blog.vida.at\\\/pensionisten\\\/2023\\\/06\\\/20\\\/keine-millionen-sondern-leistbares-wohnen\\\/\",\"name\":\"Keine Millionen, sondern leistbares Wohnen\",\"isPartOf\":{\"@id\":\"https:\\\/\\\/blog.vida.at\\\/pensionisten\\\/#website\"},\"primaryImageOfPage\":{\"@id\":\"https:\\\/\\\/blog.vida.at\\\/pensionisten\\\/2023\\\/06\\\/20\\\/keine-millionen-sondern-leistbares-wohnen\\\/#primaryimage\"},\"image\":{\"@id\":\"https:\\\/\\\/blog.vida.at\\\/pensionisten\\\/2023\\\/06\\\/20\\\/keine-millionen-sondern-leistbares-wohnen\\\/#primaryimage\"},\"thumbnailUrl\":\"https:\\\/\\\/blog.vida.at\\\/pensionisten\\\/wp-content\\\/uploads\\\/sites\\\/10\\\/2023\\\/06\\\/S2_Pensionisten_Aktion_Steiermark2.jpg\",\"datePublished\":\"2023-06-20T04:32:27+00:00\",\"dateModified\":\"2023-06-29T10:44:13+00:00\",\"author\":{\"@id\":\"https:\\\/\\\/blog.vida.at\\\/pensionisten\\\/#\\\/schema\\\/person\\\/88cee3ee93b9afdc51c92f5f63f38b8a\"},\"breadcrumb\":{\"@id\":\"https:\\\/\\\/blog.vida.at\\\/pensionisten\\\/2023\\\/06\\\/20\\\/keine-millionen-sondern-leistbares-wohnen\\\/#breadcrumb\"},\"inLanguage\":\"de\",\"potentialAction\":[{\"@type\":\"ReadAction\",\"target\":[\"https:\\\/\\\/blog.vida.at\\\/pensionisten\\\/2023\\\/06\\\/20\\\/keine-millionen-sondern-leistbares-wohnen\\\/\"]}]},{\"@type\":\"ImageObject\",\"inLanguage\":\"de\",\"@id\":\"https:\\\/\\\/blog.vida.at\\\/pensionisten\\\/2023\\\/06\\\/20\\\/keine-millionen-sondern-leistbares-wohnen\\\/#primaryimage\",\"url\":\"https:\\\/\\\/blog.vida.at\\\/pensionisten\\\/wp-content\\\/uploads\\\/sites\\\/10\\\/2023\\\/06\\\/S2_Pensionisten_Aktion_Steiermark2.jpg\",\"contentUrl\":\"https:\\\/\\\/blog.vida.at\\\/pensionisten\\\/wp-content\\\/uploads\\\/sites\\\/10\\\/2023\\\/06\\\/S2_Pensionisten_Aktion_Steiermark2.jpg\",\"width\":2048,\"height\":1536},{\"@type\":\"BreadcrumbList\",\"@id\":\"https:\\\/\\\/blog.vida.at\\\/pensionisten\\\/2023\\\/06\\\/20\\\/keine-millionen-sondern-leistbares-wohnen\\\/#breadcrumb\",\"itemListElement\":[{\"@type\":\"ListItem\",\"position\":1,\"name\":\"Startseite\",\"item\":\"https:\\\/\\\/blog.vida.at\\\/pensionisten\\\/\"},{\"@type\":\"ListItem\",\"position\":2,\"name\":\"Keine Millionen, sondern leistbares Wohnen\"}]},{\"@type\":\"WebSite\",\"@id\":\"https:\\\/\\\/blog.vida.at\\\/pensionisten\\\/#website\",\"url\":\"https:\\\/\\\/blog.vida.at\\\/pensionisten\\\/\",\"name\":\"vida Pensionisten\",\"description\":\"\",\"potentialAction\":[{\"@type\":\"SearchAction\",\"target\":{\"@type\":\"EntryPoint\",\"urlTemplate\":\"https:\\\/\\\/blog.vida.at\\\/pensionisten\\\/?s={search_term_string}\"},\"query-input\":{\"@type\":\"PropertyValueSpecification\",\"valueRequired\":true,\"valueName\":\"search_term_string\"}}],\"inLanguage\":\"de\"},{\"@type\":\"Person\",\"@id\":\"https:\\\/\\\/blog.vida.at\\\/pensionisten\\\/#\\\/schema\\\/person\\\/88cee3ee93b9afdc51c92f5f63f38b8a\",\"name\":\"mariontobola\",\"image\":{\"@type\":\"ImageObject\",\"inLanguage\":\"de\",\"@id\":\"https:\\\/\\\/secure.gravatar.com\\\/avatar\\\/5d2c516985e4eda61bca05bd3b4359b4358135bd1e1a5b08c539e9cd1edd6528?s=96&d=mm&r=g\",\"url\":\"https:\\\/\\\/secure.gravatar.com\\\/avatar\\\/5d2c516985e4eda61bca05bd3b4359b4358135bd1e1a5b08c539e9cd1edd6528?s=96&d=mm&r=g\",\"contentUrl\":\"https:\\\/\\\/secure.gravatar.com\\\/avatar\\\/5d2c516985e4eda61bca05bd3b4359b4358135bd1e1a5b08c539e9cd1edd6528?s=96&d=mm&r=g\",\"caption\":\"mariontobola\"},\"url\":\"https:\\\/\\\/blog.vida.at\\\/pensionisten\\\/author\\\/mariontobola\\\/\"}]}<\/script>\n<!-- \/ Yoast SEO plugin. -->","yoast_head_json":{"title":"Keine Millionen, sondern leistbares Wohnen","robots":{"index":"index","follow":"follow","max-snippet":"max-snippet:-1","max-image-preview":"max-image-preview:large","max-video-preview":"max-video-preview:-1"},"canonical":"https:\/\/blog.vida.at\/pensionisten\/2023\/06\/20\/keine-millionen-sondern-leistbares-wohnen\/","og_locale":"de_DE","og_type":"article","og_title":"Keine Millionen, sondern leistbares Wohnen","og_description":"Pensionist:innen gehen auf die Stra\u00dfe und protestieren gegen tatenlose Regierung.","og_url":"https:\/\/blog.vida.at\/pensionisten\/2023\/06\/20\/keine-millionen-sondern-leistbares-wohnen\/","og_site_name":"vida Pensionisten","article_published_time":"2023-06-20T04:32:27+00:00","article_modified_time":"2023-06-29T10:44:13+00:00","og_image":[{"width":2048,"height":1536,"url":"https:\/\/blog.vida.at\/pensionisten\/wp-content\/uploads\/sites\/10\/2023\/06\/S2_Pensionisten_Aktion_Steiermark2.jpg","type":"image\/jpeg"}],"author":"mariontobola","twitter_card":"summary_large_image","twitter_misc":{"Verfasst von":"mariontobola","Gesch\u00e4tzte Lesezeit":"3\u00a0Minuten"},"schema":{"@context":"https:\/\/schema.org","@graph":[{"@type":"Article","@id":"https:\/\/blog.vida.at\/pensionisten\/2023\/06\/20\/keine-millionen-sondern-leistbares-wohnen\/#article","isPartOf":{"@id":"https:\/\/blog.vida.at\/pensionisten\/2023\/06\/20\/keine-millionen-sondern-leistbares-wohnen\/"},"author":{"name":"mariontobola","@id":"https:\/\/blog.vida.at\/pensionisten\/#\/schema\/person\/88cee3ee93b9afdc51c92f5f63f38b8a"},"headline":"Keine Millionen, sondern leistbares Wohnen","datePublished":"2023-06-20T04:32:27+00:00","dateModified":"2023-06-29T10:44:13+00:00","mainEntityOfPage":{"@id":"https:\/\/blog.vida.at\/pensionisten\/2023\/06\/20\/keine-millionen-sondern-leistbares-wohnen\/"},"wordCount":204,"commentCount":0,"image":{"@id":"https:\/\/blog.vida.at\/pensionisten\/2023\/06\/20\/keine-millionen-sondern-leistbares-wohnen\/#primaryimage"},"thumbnailUrl":"https:\/\/blog.vida.at\/pensionisten\/wp-content\/uploads\/sites\/10\/2023\/06\/S2_Pensionisten_Aktion_Steiermark2.jpg","articleSection":{"0":"Aktuelles","2":"Top Aktuelles"},"inLanguage":"de","potentialAction":[{"@type":"CommentAction","name":"Comment","target":["https:\/\/blog.vida.at\/pensionisten\/2023\/06\/20\/keine-millionen-sondern-leistbares-wohnen\/#respond"]}]},{"@type":"WebPage","@id":"https:\/\/blog.vida.at\/pensionisten\/2023\/06\/20\/keine-millionen-sondern-leistbares-wohnen\/","url":"https:\/\/blog.vida.at\/pensionisten\/2023\/06\/20\/keine-millionen-sondern-leistbares-wohnen\/","name":"Keine Millionen, sondern leistbares Wohnen","isPartOf":{"@id":"https:\/\/blog.vida.at\/pensionisten\/#website"},"primaryImageOfPage":{"@id":"https:\/\/blog.vida.at\/pensionisten\/2023\/06\/20\/keine-millionen-sondern-leistbares-wohnen\/#primaryimage"},"image":{"@id":"https:\/\/blog.vida.at\/pensionisten\/2023\/06\/20\/keine-millionen-sondern-leistbares-wohnen\/#primaryimage"},"thumbnailUrl":"https:\/\/blog.vida.at\/pensionisten\/wp-content\/uploads\/sites\/10\/2023\/06\/S2_Pensionisten_Aktion_Steiermark2.jpg","datePublished":"2023-06-20T04:32:27+00:00","dateModified":"2023-06-29T10:44:13+00:00","author":{"@id":"https:\/\/blog.vida.at\/pensionisten\/#\/schema\/person\/88cee3ee93b9afdc51c92f5f63f38b8a"},"breadcrumb":{"@id":"https:\/\/blog.vida.at\/pensionisten\/2023\/06\/20\/keine-millionen-sondern-leistbares-wohnen\/#breadcrumb"},"inLanguage":"de","potentialAction":[{"@type":"ReadAction","target":["https:\/\/blog.vida.at\/pensionisten\/2023\/06\/20\/keine-millionen-sondern-leistbares-wohnen\/"]}]},{"@type":"ImageObject","inLanguage":"de","@id":"https:\/\/blog.vida.at\/pensionisten\/2023\/06\/20\/keine-millionen-sondern-leistbares-wohnen\/#primaryimage","url":"https:\/\/blog.vida.at\/pensionisten\/wp-content\/uploads\/sites\/10\/2023\/06\/S2_Pensionisten_Aktion_Steiermark2.jpg","contentUrl":"https:\/\/blog.vida.at\/pensionisten\/wp-content\/uploads\/sites\/10\/2023\/06\/S2_Pensionisten_Aktion_Steiermark2.jpg","width":2048,"height":1536},{"@type":"BreadcrumbList","@id":"https:\/\/blog.vida.at\/pensionisten\/2023\/06\/20\/keine-millionen-sondern-leistbares-wohnen\/#breadcrumb","itemListElement":[{"@type":"ListItem","position":1,"name":"Startseite","item":"https:\/\/blog.vida.at\/pensionisten\/"},{"@type":"ListItem","position":2,"name":"Keine Millionen, sondern leistbares Wohnen"}]},{"@type":"WebSite","@id":"https:\/\/blog.vida.at\/pensionisten\/#website","url":"https:\/\/blog.vida.at\/pensionisten\/","name":"vida Pensionisten","description":"","potentialAction":[{"@type":"SearchAction","target":{"@type":"EntryPoint","urlTemplate":"https:\/\/blog.vida.at\/pensionisten\/?s={search_term_string}"},"query-input":{"@type":"PropertyValueSpecification","valueRequired":true,"valueName":"search_term_string"}}],"inLanguage":"de"},{"@type":"Person","@id":"https:\/\/blog.vida.at\/pensionisten\/#\/schema\/person\/88cee3ee93b9afdc51c92f5f63f38b8a","name":"mariontobola","image":{"@type":"ImageObject","inLanguage":"de","@id":"https:\/\/secure.gravatar.com\/avatar\/5d2c516985e4eda61bca05bd3b4359b4358135bd1e1a5b08c539e9cd1edd6528?s=96&d=mm&r=g","url":"https:\/\/secure.gravatar.com\/avatar\/5d2c516985e4eda61bca05bd3b4359b4358135bd1e1a5b08c539e9cd1edd6528?s=96&d=mm&r=g","contentUrl":"https:\/\/secure.gravatar.com\/avatar\/5d2c516985e4eda61bca05bd3b4359b4358135bd1e1a5b08c539e9cd1edd6528?s=96&d=mm&r=g","caption":"mariontobola"},"url":"https:\/\/blog.vida.at\/pensionisten\/author\/mariontobola\/"}]}},"author_meta":{"display_name":"mariontobola","author_link":"https:\/\/blog.vida.at\/pensionisten\/author\/mariontobola\/"},"featured_img":"https:\/\/blog.vida.at\/pensionisten\/wp-content\/uploads\/sites\/10\/2023\/06\/S2_Pensionisten_Aktion_Steiermark2-300x225.jpg","featured_image_src":"https:\/\/blog.vida.at\/pensionisten\/wp-content\/uploads\/sites\/10\/2023\/06\/S2_Pensionisten_Aktion_Steiermark2-600x400.jpg","featured_image_src_square":"https:\/\/blog.vida.at\/pensionisten\/wp-content\/uploads\/sites\/10\/2023\/06\/S2_Pensionisten_Aktion_Steiermark2-600x600.jpg","uagb_featured_image_src":{"full":["https:\/\/blog.vida.at\/pensionisten\/wp-content\/uploads\/sites\/10\/2023\/06\/S2_Pensionisten_Aktion_Steiermark2.jpg",2048,1536,false],"thumbnail":["https:\/\/blog.vida.at\/pensionisten\/wp-content\/uploads\/sites\/10\/2023\/06\/S2_Pensionisten_Aktion_Steiermark2-150x150.jpg",150,150,true],"medium":["https:\/\/blog.vida.at\/pensionisten\/wp-content\/uploads\/sites\/10\/2023\/06\/S2_Pensionisten_Aktion_Steiermark2-300x225.jpg",300,225,true],"medium_large":["https:\/\/blog.vida.at\/pensionisten\/wp-content\/uploads\/sites\/10\/2023\/06\/S2_Pensionisten_Aktion_Steiermark2-768x576.jpg",640,480,true],"large":["https:\/\/blog.vida.at\/pensionisten\/wp-content\/uploads\/sites\/10\/2023\/06\/S2_Pensionisten_Aktion_Steiermark2-1024x768.jpg",640,480,true],"1536x1536":["https:\/\/blog.vida.at\/pensionisten\/wp-content\/uploads\/sites\/10\/2023\/06\/S2_Pensionisten_Aktion_Steiermark2-1536x1152.jpg",1536,1152,true],"2048x2048":["https:\/\/blog.vida.at\/pensionisten\/wp-content\/uploads\/sites\/10\/2023\/06\/S2_Pensionisten_Aktion_Steiermark2.jpg",2048,1536,false],"ab-block-post-grid-landscape":["https:\/\/blog.vida.at\/pensionisten\/wp-content\/uploads\/sites\/10\/2023\/06\/S2_Pensionisten_Aktion_Steiermark2-600x400.jpg",600,400,true],"ab-block-post-grid-square":["https:\/\/blog.vida.at\/pensionisten\/wp-content\/uploads\/sites\/10\/2023\/06\/S2_Pensionisten_Aktion_Steiermark2-600x600.jpg",600,600,true],"post-thumbnail":["https:\/\/blog.vida.at\/pensionisten\/wp-content\/uploads\/sites\/10\/2023\/06\/S2_Pensionisten_Aktion_Steiermark2-1568x1176.jpg",1568,1176,true],"awb_sm":["https:\/\/blog.vida.at\/pensionisten\/wp-content\/uploads\/sites\/10\/2023\/06\/S2_Pensionisten_Aktion_Steiermark2-500x375.jpg",500,375,true],"awb_md":["https:\/\/blog.vida.at\/pensionisten\/wp-content\/uploads\/sites\/10\/2023\/06\/S2_Pensionisten_Aktion_Steiermark2-800x600.jpg",800,600,true],"awb_lg":["https:\/\/blog.vida.at\/pensionisten\/wp-content\/uploads\/sites\/10\/2023\/06\/S2_Pensionisten_Aktion_Steiermark2-1280x960.jpg",1280,960,true],"awb_xl":["https:\/\/blog.vida.at\/pensionisten\/wp-content\/uploads\/sites\/10\/2023\/06\/S2_Pensionisten_Aktion_Steiermark2-1920x1440.jpg",1920,1440,true]},"uagb_author_info":{"display_name":"mariontobola","author_link":"https:\/\/blog.vida.at\/pensionisten\/author\/mariontobola\/"},"uagb_comment_info":0,"uagb_excerpt":"Pensionist:innen gehen auf die Stra\u00dfe und protestieren gegen tatenlose Regierung.","coauthors":[],"tax_additional":{"categories":{"linked":["<a href=\"https:\/\/blog.vida.at\/pensionisten\/category\/aktuelles\/\" class=\"advgb-post-tax-term\">Aktuelles<\/a>","<a href=\"https:\/\/blog.vida.at\/pensionisten\/category\/allgemein\/\" class=\"advgb-post-tax-term\">Allgemein<\/a>","<a href=\"https:\/\/blog.vida.at\/pensionisten\/category\/top-aktuelles\/\" class=\"advgb-post-tax-term\">Top Aktuelles<\/a>"],"unlinked":["<span class=\"advgb-post-tax-term\">Aktuelles<\/span>","<span class=\"advgb-post-tax-term\">Allgemein<\/span>","<span class=\"advgb-post-tax-term\">Top Aktuelles<\/span>"]}},"comment_count":"0","relative_dates":{"created":"Ver\u00f6ffentlicht 3\u00a0Jahren vor","modified":"Aktualisiert 3\u00a0Jahren vor"},"absolute_dates":{"created":"Ver\u00f6ffentlicht am 20. Juni 2023","modified":"Aktualisiert am 29. Juni 2023"},"absolute_dates_time":{"created":"Ver\u00f6ffentlicht am 20. Juni 2023 6:32","modified":"Aktualisiert am 29. Juni 2023 12:44"},"featured_img_caption":"","series_order":"","_links":{"self":[{"href":"https:\/\/blog.vida.at\/pensionisten\/wp-json\/wp\/v2\/posts\/6934","targetHints":{"allow":["GET"]}}],"collection":[{"href":"https:\/\/blog.vida.at\/pensionisten\/wp-json\/wp\/v2\/posts"}],"about":[{"href":"https:\/\/blog.vida.at\/pensionisten\/wp-json\/wp\/v2\/types\/post"}],"author":[{"embeddable":true,"href":"https:\/\/blog.vida.at\/pensionisten\/wp-json\/wp\/v2\/users\/8"}],"replies":[{"embeddable":true,"href":"https:\/\/blog.vida.at\/pensionisten\/wp-json\/wp\/v2\/comments?post=6934"}],"version-history":[{"count":9,"href":"https:\/\/blog.vida.at\/pensionisten\/wp-json\/wp\/v2\/posts\/6934\/revisions"}],"predecessor-version":[{"id":6983,"href":"https:\/\/blog.vida.at\/pensionisten\/wp-json\/wp\/v2\/posts\/6934\/revisions\/6983"}],"wp:featuredmedia":[{"embeddable":true,"href":"https:\/\/blog.vida.at\/pensionisten\/wp-json\/wp\/v2\/media\/6981"}],"wp:attachment":[{"href":"https:\/\/blog.vida.at\/pensionisten\/wp-json\/wp\/v2\/media?parent=6934"}],"wp:term":[{"taxonomy":"category","embeddable":true,"href":"https:\/\/blog.vida.at\/pensionisten\/wp-json\/wp\/v2\/categories?post=6934"},{"taxonomy":"post_tag","embeddable":true,"href":"https:\/\/blog.vida.at\/pensionisten\/wp-json\/wp\/v2\/tags?post=6934"},{"taxonomy":"Orte","embeddable":true,"href":"https:\/\/blog.vida.at\/pensionisten\/wp-json\/wp\/v2\/Orte?post=6934"},{"taxonomy":"activitytype","embeddable":true,"href":"https:\/\/blog.vida.at\/pensionisten\/wp-json\/wp\/v2\/activitytype?post=6934"}],"curies":[{"name":"wp","href":"https:\/\/api.w.org\/{rel}","templated":true}]}}