
{"id":6999,"date":"2023-06-29T15:52:12","date_gmt":"2023-06-29T13:52:12","guid":{"rendered":"https:\/\/blog.vida.at\/pensionisten\/?p=6999"},"modified":"2023-06-29T15:53:02","modified_gmt":"2023-06-29T13:53:02","slug":"familienfest-in-hohenau","status":"publish","type":"post","link":"https:\/\/blog.vida.at\/pensionisten\/2023\/06\/29\/familienfest-in-hohenau\/","title":{"rendered":"Familienfest in Hohenau"},"content":{"rendered":"\n<div class=\"wp-block-group Container advgb-dyn-39c13d9c\"><div class=\"wp-block-group__inner-container is-layout-flow wp-block-group-is-layout-flow\">\n<h4 class=\"wp-block-heading advgb-dyn-d3bd7767\">vida N\u00d6 war mit dabei und \u00fcberreichte zahlreiche Geschenke.<\/h4>\n\n\n\n<br>\n\n\n\n<p><\/p>\n\n\n\n<!--more-->\n\n\n\n<p><\/p>\n\n\n\n<p><strong>AK und \u00d6GB Nieder\u00f6sterreich<\/strong> luden Mitte Juni zum <strong>gro\u00dfen Familienfest in Hohenau<\/strong>.<\/p>\n\n\n\n<p>Rund <strong>2.100 Besucher:innen<\/strong> erlebten gemeinsam ein <strong>vielf\u00e4ltiges Freizeit- und Eventprogramm<\/strong> f\u00fcr die ganze Familie. <\/p>\n\n\n\n<p>Auch die<strong> Gewerkschaft vida Nieder\u00f6sterreich<\/strong> war mit dabei. <\/p>\n\n\n\n<p>Wir informierten die Besucher:innen und verteilten auch zahlreiche Geschenke.<\/p>\n\n\n<div class=\"wp-block-image\">\n<figure class=\"aligncenter size-full\"><img loading=\"lazy\" decoding=\"async\" width=\"722\" height=\"481\" src=\"https:\/\/blog.vida.at\/pensionisten\/wp-content\/uploads\/sites\/10\/2023\/06\/AK-Kinderfest-Hohenau-2023.jpg\" alt=\"\" class=\"wp-image-7000\" srcset=\"https:\/\/blog.vida.at\/pensionisten\/wp-content\/uploads\/sites\/10\/2023\/06\/AK-Kinderfest-Hohenau-2023.jpg 722w, https:\/\/blog.vida.at\/pensionisten\/wp-content\/uploads\/sites\/10\/2023\/06\/AK-Kinderfest-Hohenau-2023-300x200.jpg 300w, https:\/\/blog.vida.at\/pensionisten\/wp-content\/uploads\/sites\/10\/2023\/06\/AK-Kinderfest-Hohenau-2023-500x333.jpg 500w, https:\/\/blog.vida.at\/pensionisten\/wp-content\/uploads\/sites\/10\/2023\/06\/AK-Kinderfest-Hohenau-2023-600x400.jpg 600w\" sizes=\"auto, (max-width: 722px) 100vw, 722px\" \/><\/figure>\n<\/div>\n\n\n<p class=\"has-text-align-center\"><em>Foto v.l.n.r.: Helmut Dobetsberger Landessekret\u00e4r vida N\u00d6, Rene Zonschits, Landtagsabgeordneter\u00a0, Lia, Willi Gastner, vida N\u00d6-Pensionist:innen-Vorsitzender,  Wolfgang Gaida, B\u00fcrgermeister von Hohenau, und vida Regionsvorsitzender Ost. Clemens Mechtler.<\/em><\/p>\n\n\n\n<p><\/p>\n\n\n\n<p><\/p>\n<\/div><\/div>\n","protected":false},"excerpt":{"rendered":"<p>vida N\u00d6 war mit dabei und \u00fcberreichte zahlreiche Geschenke.<\/p>\n","protected":false},"author":8,"featured_media":7000,"comment_status":"open","ping_status":"open","sticky":false,"template":"","format":"standard","meta":{"_uag_custom_page_level_css":"","advgb_blocks_editor_width":"","advgb_blocks_columns_visual_guide":"","footnotes":""},"categories":[4,1,51,49],"tags":[],"Orte":[],"activitytype":[],"class_list":["post-6999","post","type-post","status-publish","format-standard","has-post-thumbnail","hentry","category-aktuelles","category-allgemein","category-niederoesterreich","category-ortsgruppen","entry"],"featured_image_urls":{"full":["https:\/\/blog.vida.at\/pensionisten\/wp-content\/uploads\/sites\/10\/2023\/06\/AK-Kinderfest-Hohenau-2023.jpg",722,481,false],"thumbnail":["https:\/\/blog.vida.at\/pensionisten\/wp-content\/uploads\/sites\/10\/2023\/06\/AK-Kinderfest-Hohenau-2023-150x150.jpg",150,150,true],"medium":["https:\/\/blog.vida.at\/pensionisten\/wp-content\/uploads\/sites\/10\/2023\/06\/AK-Kinderfest-Hohenau-2023-300x200.jpg",300,200,true],"medium_large":["https:\/\/blog.vida.at\/pensionisten\/wp-content\/uploads\/sites\/10\/2023\/06\/AK-Kinderfest-Hohenau-2023.jpg",640,426,false],"large":["https:\/\/blog.vida.at\/pensionisten\/wp-content\/uploads\/sites\/10\/2023\/06\/AK-Kinderfest-Hohenau-2023.jpg",640,426,false],"1536x1536":["https:\/\/blog.vida.at\/pensionisten\/wp-content\/uploads\/sites\/10\/2023\/06\/AK-Kinderfest-Hohenau-2023.jpg",722,481,false],"2048x2048":["https:\/\/blog.vida.at\/pensionisten\/wp-content\/uploads\/sites\/10\/2023\/06\/AK-Kinderfest-Hohenau-2023.jpg",722,481,false],"ab-block-post-grid-landscape":["https:\/\/blog.vida.at\/pensionisten\/wp-content\/uploads\/sites\/10\/2023\/06\/AK-Kinderfest-Hohenau-2023-600x400.jpg",600,400,true],"ab-block-post-grid-square":["https:\/\/blog.vida.at\/pensionisten\/wp-content\/uploads\/sites\/10\/2023\/06\/AK-Kinderfest-Hohenau-2023-600x481.jpg",600,481,true],"post-thumbnail":["https:\/\/blog.vida.at\/pensionisten\/wp-content\/uploads\/sites\/10\/2023\/06\/AK-Kinderfest-Hohenau-2023.jpg",722,481,false],"awb_sm":["https:\/\/blog.vida.at\/pensionisten\/wp-content\/uploads\/sites\/10\/2023\/06\/AK-Kinderfest-Hohenau-2023-500x333.jpg",500,333,true],"awb_md":["https:\/\/blog.vida.at\/pensionisten\/wp-content\/uploads\/sites\/10\/2023\/06\/AK-Kinderfest-Hohenau-2023.jpg",722,481,false],"awb_lg":["https:\/\/blog.vida.at\/pensionisten\/wp-content\/uploads\/sites\/10\/2023\/06\/AK-Kinderfest-Hohenau-2023.jpg",722,481,false],"awb_xl":["https:\/\/blog.vida.at\/pensionisten\/wp-content\/uploads\/sites\/10\/2023\/06\/AK-Kinderfest-Hohenau-2023.jpg",722,481,false]},"post_excerpt_stackable":"<p>vida N\u00d6 war mit dabei und \u00fcberreichte zahlreiche Geschenke. AK und \u00d6GB Nieder\u00f6sterreich luden Mitte Juni zum gro\u00dfen Familienfest in Hohenau. Rund 2.100 Besucher:innen erlebten gemeinsam ein vielf\u00e4ltiges Freizeit- und Eventprogramm f\u00fcr die ganze Familie. Auch die Gewerkschaft vida Nieder\u00f6sterreich war mit dabei. Wir informierten die Besucher:innen und verteilten auch zahlreiche Geschenke. Foto v.l.n.r.: Helmut Dobetsberger Landessekret\u00e4r vida N\u00d6, Rene Zonschits, Landtagsabgeordneter\u00a0, Lia, Willi Gastner, vida N\u00d6-Pensionist:innen-Vorsitzender, Wolfgang Gaida, B\u00fcrgermeister von Hohenau, und vida Regionsvorsitzender Ost. Clemens Mechtler.<\/p>\n","category_list":"<a href=\"https:\/\/blog.vida.at\/pensionisten\/category\/aktuelles\/\" rel=\"category tag\">Aktuelles<\/a>, <a href=\"https:\/\/blog.vida.at\/pensionisten\/category\/allgemein\/\" rel=\"category tag\">Allgemein<\/a>, <a href=\"https:\/\/blog.vida.at\/pensionisten\/category\/ortsgruppen\/niederoesterreich\/\" rel=\"category tag\">Nieder\u00f6sterreich<\/a>, <a href=\"https:\/\/blog.vida.at\/pensionisten\/category\/ortsgruppen\/\" rel=\"category tag\">Ortsgruppen<\/a>","author_info":{"display_name":"mariontobola","author_link":"https:\/\/blog.vida.at\/pensionisten\/author\/mariontobola\/"},"comments_num":"0 comments","featured_image_urls_v2":{"full":["https:\/\/blog.vida.at\/pensionisten\/wp-content\/uploads\/sites\/10\/2023\/06\/AK-Kinderfest-Hohenau-2023.jpg",722,481,false],"thumbnail":["https:\/\/blog.vida.at\/pensionisten\/wp-content\/uploads\/sites\/10\/2023\/06\/AK-Kinderfest-Hohenau-2023-150x150.jpg",150,150,true],"medium":["https:\/\/blog.vida.at\/pensionisten\/wp-content\/uploads\/sites\/10\/2023\/06\/AK-Kinderfest-Hohenau-2023-300x200.jpg",300,200,true],"medium_large":["https:\/\/blog.vida.at\/pensionisten\/wp-content\/uploads\/sites\/10\/2023\/06\/AK-Kinderfest-Hohenau-2023.jpg",640,426,false],"large":["https:\/\/blog.vida.at\/pensionisten\/wp-content\/uploads\/sites\/10\/2023\/06\/AK-Kinderfest-Hohenau-2023.jpg",640,426,false],"1536x1536":["https:\/\/blog.vida.at\/pensionisten\/wp-content\/uploads\/sites\/10\/2023\/06\/AK-Kinderfest-Hohenau-2023.jpg",722,481,false],"2048x2048":["https:\/\/blog.vida.at\/pensionisten\/wp-content\/uploads\/sites\/10\/2023\/06\/AK-Kinderfest-Hohenau-2023.jpg",722,481,false],"ab-block-post-grid-landscape":["https:\/\/blog.vida.at\/pensionisten\/wp-content\/uploads\/sites\/10\/2023\/06\/AK-Kinderfest-Hohenau-2023-600x400.jpg",600,400,true],"ab-block-post-grid-square":["https:\/\/blog.vida.at\/pensionisten\/wp-content\/uploads\/sites\/10\/2023\/06\/AK-Kinderfest-Hohenau-2023-600x481.jpg",600,481,true],"post-thumbnail":["https:\/\/blog.vida.at\/pensionisten\/wp-content\/uploads\/sites\/10\/2023\/06\/AK-Kinderfest-Hohenau-2023.jpg",722,481,false],"awb_sm":["https:\/\/blog.vida.at\/pensionisten\/wp-content\/uploads\/sites\/10\/2023\/06\/AK-Kinderfest-Hohenau-2023-500x333.jpg",500,333,true],"awb_md":["https:\/\/blog.vida.at\/pensionisten\/wp-content\/uploads\/sites\/10\/2023\/06\/AK-Kinderfest-Hohenau-2023.jpg",722,481,false],"awb_lg":["https:\/\/blog.vida.at\/pensionisten\/wp-content\/uploads\/sites\/10\/2023\/06\/AK-Kinderfest-Hohenau-2023.jpg",722,481,false],"awb_xl":["https:\/\/blog.vida.at\/pensionisten\/wp-content\/uploads\/sites\/10\/2023\/06\/AK-Kinderfest-Hohenau-2023.jpg",722,481,false]},"post_excerpt_stackable_v2":"<p>vida N\u00d6 war mit dabei und \u00fcberreichte zahlreiche Geschenke. AK und \u00d6GB Nieder\u00f6sterreich luden Mitte Juni zum gro\u00dfen Familienfest in Hohenau. Rund 2.100 Besucher:innen erlebten gemeinsam ein vielf\u00e4ltiges Freizeit- und Eventprogramm f\u00fcr die ganze Familie. Auch die Gewerkschaft vida Nieder\u00f6sterreich war mit dabei. Wir informierten die Besucher:innen und verteilten auch zahlreiche Geschenke. Foto v.l.n.r.: Helmut Dobetsberger Landessekret\u00e4r vida N\u00d6, Rene Zonschits, Landtagsabgeordneter\u00a0, Lia, Willi Gastner, vida N\u00d6-Pensionist:innen-Vorsitzender, Wolfgang Gaida, B\u00fcrgermeister von Hohenau, und vida Regionsvorsitzender Ost. Clemens Mechtler.<\/p>\n","category_list_v2":"<a href=\"https:\/\/blog.vida.at\/pensionisten\/category\/aktuelles\/\" rel=\"category tag\">Aktuelles<\/a>, <a href=\"https:\/\/blog.vida.at\/pensionisten\/category\/allgemein\/\" rel=\"category tag\">Allgemein<\/a>, <a href=\"https:\/\/blog.vida.at\/pensionisten\/category\/ortsgruppen\/niederoesterreich\/\" rel=\"category tag\">Nieder\u00f6sterreich<\/a>, <a href=\"https:\/\/blog.vida.at\/pensionisten\/category\/ortsgruppen\/\" rel=\"category tag\">Ortsgruppen<\/a>","author_info_v2":{"name":"mariontobola","url":"https:\/\/blog.vida.at\/pensionisten\/author\/mariontobola\/"},"comments_num_v2":"0 comments","yoast_head":"<!-- This site is optimized with the Yoast SEO plugin v27.3 - https:\/\/yoast.com\/product\/yoast-seo-wordpress\/ -->\n<title>Familienfest in Hohenau<\/title>\n<meta name=\"robots\" content=\"index, follow, max-snippet:-1, max-image-preview:large, max-video-preview:-1\" \/>\n<link rel=\"canonical\" href=\"https:\/\/blog.vida.at\/pensionisten\/2023\/06\/29\/familienfest-in-hohenau\/\" \/>\n<meta property=\"og:locale\" content=\"de_DE\" \/>\n<meta property=\"og:type\" content=\"article\" \/>\n<meta property=\"og:title\" content=\"Familienfest in Hohenau\" \/>\n<meta property=\"og:description\" content=\"vida N\u00d6 war mit dabei und \u00fcberreichte zahlreiche Geschenke.\" \/>\n<meta property=\"og:url\" content=\"https:\/\/blog.vida.at\/pensionisten\/2023\/06\/29\/familienfest-in-hohenau\/\" \/>\n<meta property=\"og:site_name\" content=\"vida Pensionisten\" \/>\n<meta property=\"article:published_time\" content=\"2023-06-29T13:52:12+00:00\" \/>\n<meta property=\"article:modified_time\" content=\"2023-06-29T13:53:02+00:00\" \/>\n<meta property=\"og:image\" content=\"https:\/\/blog.vida.at\/pensionisten\/wp-content\/uploads\/sites\/10\/2023\/06\/AK-Kinderfest-Hohenau-2023.jpg\" \/>\n\t<meta property=\"og:image:width\" content=\"722\" \/>\n\t<meta property=\"og:image:height\" content=\"481\" \/>\n\t<meta property=\"og:image:type\" content=\"image\/jpeg\" \/>\n<meta name=\"author\" content=\"mariontobola\" \/>\n<meta name=\"twitter:card\" content=\"summary_large_image\" \/>\n<meta name=\"twitter:label1\" content=\"Verfasst von\" \/>\n\t<meta name=\"twitter:data1\" content=\"mariontobola\" \/>\n\t<meta name=\"twitter:label2\" content=\"Gesch\u00e4tzte Lesezeit\" \/>\n\t<meta name=\"twitter:data2\" content=\"1\u00a0Minute\" \/>\n<script type=\"application\/ld+json\" class=\"yoast-schema-graph\">{\"@context\":\"https:\\\/\\\/schema.org\",\"@graph\":[{\"@type\":\"Article\",\"@id\":\"https:\\\/\\\/blog.vida.at\\\/pensionisten\\\/2023\\\/06\\\/29\\\/familienfest-in-hohenau\\\/#article\",\"isPartOf\":{\"@id\":\"https:\\\/\\\/blog.vida.at\\\/pensionisten\\\/2023\\\/06\\\/29\\\/familienfest-in-hohenau\\\/\"},\"author\":{\"name\":\"mariontobola\",\"@id\":\"https:\\\/\\\/blog.vida.at\\\/pensionisten\\\/#\\\/schema\\\/person\\\/88cee3ee93b9afdc51c92f5f63f38b8a\"},\"headline\":\"Familienfest in Hohenau\",\"datePublished\":\"2023-06-29T13:52:12+00:00\",\"dateModified\":\"2023-06-29T13:53:02+00:00\",\"mainEntityOfPage\":{\"@id\":\"https:\\\/\\\/blog.vida.at\\\/pensionisten\\\/2023\\\/06\\\/29\\\/familienfest-in-hohenau\\\/\"},\"wordCount\":94,\"commentCount\":0,\"image\":{\"@id\":\"https:\\\/\\\/blog.vida.at\\\/pensionisten\\\/2023\\\/06\\\/29\\\/familienfest-in-hohenau\\\/#primaryimage\"},\"thumbnailUrl\":\"https:\\\/\\\/blog.vida.at\\\/pensionisten\\\/wp-content\\\/uploads\\\/sites\\\/10\\\/2023\\\/06\\\/AK-Kinderfest-Hohenau-2023.jpg\",\"articleSection\":{\"0\":\"Aktuelles\",\"2\":\"Nieder\u00f6sterreich\",\"3\":\"Ortsgruppen\"},\"inLanguage\":\"de\",\"potentialAction\":[{\"@type\":\"CommentAction\",\"name\":\"Comment\",\"target\":[\"https:\\\/\\\/blog.vida.at\\\/pensionisten\\\/2023\\\/06\\\/29\\\/familienfest-in-hohenau\\\/#respond\"]}]},{\"@type\":\"WebPage\",\"@id\":\"https:\\\/\\\/blog.vida.at\\\/pensionisten\\\/2023\\\/06\\\/29\\\/familienfest-in-hohenau\\\/\",\"url\":\"https:\\\/\\\/blog.vida.at\\\/pensionisten\\\/2023\\\/06\\\/29\\\/familienfest-in-hohenau\\\/\",\"name\":\"Familienfest in Hohenau\",\"isPartOf\":{\"@id\":\"https:\\\/\\\/blog.vida.at\\\/pensionisten\\\/#website\"},\"primaryImageOfPage\":{\"@id\":\"https:\\\/\\\/blog.vida.at\\\/pensionisten\\\/2023\\\/06\\\/29\\\/familienfest-in-hohenau\\\/#primaryimage\"},\"image\":{\"@id\":\"https:\\\/\\\/blog.vida.at\\\/pensionisten\\\/2023\\\/06\\\/29\\\/familienfest-in-hohenau\\\/#primaryimage\"},\"thumbnailUrl\":\"https:\\\/\\\/blog.vida.at\\\/pensionisten\\\/wp-content\\\/uploads\\\/sites\\\/10\\\/2023\\\/06\\\/AK-Kinderfest-Hohenau-2023.jpg\",\"datePublished\":\"2023-06-29T13:52:12+00:00\",\"dateModified\":\"2023-06-29T13:53:02+00:00\",\"author\":{\"@id\":\"https:\\\/\\\/blog.vida.at\\\/pensionisten\\\/#\\\/schema\\\/person\\\/88cee3ee93b9afdc51c92f5f63f38b8a\"},\"breadcrumb\":{\"@id\":\"https:\\\/\\\/blog.vida.at\\\/pensionisten\\\/2023\\\/06\\\/29\\\/familienfest-in-hohenau\\\/#breadcrumb\"},\"inLanguage\":\"de\",\"potentialAction\":[{\"@type\":\"ReadAction\",\"target\":[\"https:\\\/\\\/blog.vida.at\\\/pensionisten\\\/2023\\\/06\\\/29\\\/familienfest-in-hohenau\\\/\"]}]},{\"@type\":\"ImageObject\",\"inLanguage\":\"de\",\"@id\":\"https:\\\/\\\/blog.vida.at\\\/pensionisten\\\/2023\\\/06\\\/29\\\/familienfest-in-hohenau\\\/#primaryimage\",\"url\":\"https:\\\/\\\/blog.vida.at\\\/pensionisten\\\/wp-content\\\/uploads\\\/sites\\\/10\\\/2023\\\/06\\\/AK-Kinderfest-Hohenau-2023.jpg\",\"contentUrl\":\"https:\\\/\\\/blog.vida.at\\\/pensionisten\\\/wp-content\\\/uploads\\\/sites\\\/10\\\/2023\\\/06\\\/AK-Kinderfest-Hohenau-2023.jpg\",\"width\":722,\"height\":481},{\"@type\":\"BreadcrumbList\",\"@id\":\"https:\\\/\\\/blog.vida.at\\\/pensionisten\\\/2023\\\/06\\\/29\\\/familienfest-in-hohenau\\\/#breadcrumb\",\"itemListElement\":[{\"@type\":\"ListItem\",\"position\":1,\"name\":\"Startseite\",\"item\":\"https:\\\/\\\/blog.vida.at\\\/pensionisten\\\/\"},{\"@type\":\"ListItem\",\"position\":2,\"name\":\"Familienfest in Hohenau\"}]},{\"@type\":\"WebSite\",\"@id\":\"https:\\\/\\\/blog.vida.at\\\/pensionisten\\\/#website\",\"url\":\"https:\\\/\\\/blog.vida.at\\\/pensionisten\\\/\",\"name\":\"vida Pensionisten\",\"description\":\"\",\"potentialAction\":[{\"@type\":\"SearchAction\",\"target\":{\"@type\":\"EntryPoint\",\"urlTemplate\":\"https:\\\/\\\/blog.vida.at\\\/pensionisten\\\/?s={search_term_string}\"},\"query-input\":{\"@type\":\"PropertyValueSpecification\",\"valueRequired\":true,\"valueName\":\"search_term_string\"}}],\"inLanguage\":\"de\"},{\"@type\":\"Person\",\"@id\":\"https:\\\/\\\/blog.vida.at\\\/pensionisten\\\/#\\\/schema\\\/person\\\/88cee3ee93b9afdc51c92f5f63f38b8a\",\"name\":\"mariontobola\",\"image\":{\"@type\":\"ImageObject\",\"inLanguage\":\"de\",\"@id\":\"https:\\\/\\\/secure.gravatar.com\\\/avatar\\\/5d2c516985e4eda61bca05bd3b4359b4358135bd1e1a5b08c539e9cd1edd6528?s=96&d=mm&r=g\",\"url\":\"https:\\\/\\\/secure.gravatar.com\\\/avatar\\\/5d2c516985e4eda61bca05bd3b4359b4358135bd1e1a5b08c539e9cd1edd6528?s=96&d=mm&r=g\",\"contentUrl\":\"https:\\\/\\\/secure.gravatar.com\\\/avatar\\\/5d2c516985e4eda61bca05bd3b4359b4358135bd1e1a5b08c539e9cd1edd6528?s=96&d=mm&r=g\",\"caption\":\"mariontobola\"},\"url\":\"https:\\\/\\\/blog.vida.at\\\/pensionisten\\\/author\\\/mariontobola\\\/\"}]}<\/script>\n<!-- \/ Yoast SEO plugin. -->","yoast_head_json":{"title":"Familienfest in Hohenau","robots":{"index":"index","follow":"follow","max-snippet":"max-snippet:-1","max-image-preview":"max-image-preview:large","max-video-preview":"max-video-preview:-1"},"canonical":"https:\/\/blog.vida.at\/pensionisten\/2023\/06\/29\/familienfest-in-hohenau\/","og_locale":"de_DE","og_type":"article","og_title":"Familienfest in Hohenau","og_description":"vida N\u00d6 war mit dabei und \u00fcberreichte zahlreiche Geschenke.","og_url":"https:\/\/blog.vida.at\/pensionisten\/2023\/06\/29\/familienfest-in-hohenau\/","og_site_name":"vida Pensionisten","article_published_time":"2023-06-29T13:52:12+00:00","article_modified_time":"2023-06-29T13:53:02+00:00","og_image":[{"width":722,"height":481,"url":"https:\/\/blog.vida.at\/pensionisten\/wp-content\/uploads\/sites\/10\/2023\/06\/AK-Kinderfest-Hohenau-2023.jpg","type":"image\/jpeg"}],"author":"mariontobola","twitter_card":"summary_large_image","twitter_misc":{"Verfasst von":"mariontobola","Gesch\u00e4tzte Lesezeit":"1\u00a0Minute"},"schema":{"@context":"https:\/\/schema.org","@graph":[{"@type":"Article","@id":"https:\/\/blog.vida.at\/pensionisten\/2023\/06\/29\/familienfest-in-hohenau\/#article","isPartOf":{"@id":"https:\/\/blog.vida.at\/pensionisten\/2023\/06\/29\/familienfest-in-hohenau\/"},"author":{"name":"mariontobola","@id":"https:\/\/blog.vida.at\/pensionisten\/#\/schema\/person\/88cee3ee93b9afdc51c92f5f63f38b8a"},"headline":"Familienfest in Hohenau","datePublished":"2023-06-29T13:52:12+00:00","dateModified":"2023-06-29T13:53:02+00:00","mainEntityOfPage":{"@id":"https:\/\/blog.vida.at\/pensionisten\/2023\/06\/29\/familienfest-in-hohenau\/"},"wordCount":94,"commentCount":0,"image":{"@id":"https:\/\/blog.vida.at\/pensionisten\/2023\/06\/29\/familienfest-in-hohenau\/#primaryimage"},"thumbnailUrl":"https:\/\/blog.vida.at\/pensionisten\/wp-content\/uploads\/sites\/10\/2023\/06\/AK-Kinderfest-Hohenau-2023.jpg","articleSection":{"0":"Aktuelles","2":"Nieder\u00f6sterreich","3":"Ortsgruppen"},"inLanguage":"de","potentialAction":[{"@type":"CommentAction","name":"Comment","target":["https:\/\/blog.vida.at\/pensionisten\/2023\/06\/29\/familienfest-in-hohenau\/#respond"]}]},{"@type":"WebPage","@id":"https:\/\/blog.vida.at\/pensionisten\/2023\/06\/29\/familienfest-in-hohenau\/","url":"https:\/\/blog.vida.at\/pensionisten\/2023\/06\/29\/familienfest-in-hohenau\/","name":"Familienfest in Hohenau","isPartOf":{"@id":"https:\/\/blog.vida.at\/pensionisten\/#website"},"primaryImageOfPage":{"@id":"https:\/\/blog.vida.at\/pensionisten\/2023\/06\/29\/familienfest-in-hohenau\/#primaryimage"},"image":{"@id":"https:\/\/blog.vida.at\/pensionisten\/2023\/06\/29\/familienfest-in-hohenau\/#primaryimage"},"thumbnailUrl":"https:\/\/blog.vida.at\/pensionisten\/wp-content\/uploads\/sites\/10\/2023\/06\/AK-Kinderfest-Hohenau-2023.jpg","datePublished":"2023-06-29T13:52:12+00:00","dateModified":"2023-06-29T13:53:02+00:00","author":{"@id":"https:\/\/blog.vida.at\/pensionisten\/#\/schema\/person\/88cee3ee93b9afdc51c92f5f63f38b8a"},"breadcrumb":{"@id":"https:\/\/blog.vida.at\/pensionisten\/2023\/06\/29\/familienfest-in-hohenau\/#breadcrumb"},"inLanguage":"de","potentialAction":[{"@type":"ReadAction","target":["https:\/\/blog.vida.at\/pensionisten\/2023\/06\/29\/familienfest-in-hohenau\/"]}]},{"@type":"ImageObject","inLanguage":"de","@id":"https:\/\/blog.vida.at\/pensionisten\/2023\/06\/29\/familienfest-in-hohenau\/#primaryimage","url":"https:\/\/blog.vida.at\/pensionisten\/wp-content\/uploads\/sites\/10\/2023\/06\/AK-Kinderfest-Hohenau-2023.jpg","contentUrl":"https:\/\/blog.vida.at\/pensionisten\/wp-content\/uploads\/sites\/10\/2023\/06\/AK-Kinderfest-Hohenau-2023.jpg","width":722,"height":481},{"@type":"BreadcrumbList","@id":"https:\/\/blog.vida.at\/pensionisten\/2023\/06\/29\/familienfest-in-hohenau\/#breadcrumb","itemListElement":[{"@type":"ListItem","position":1,"name":"Startseite","item":"https:\/\/blog.vida.at\/pensionisten\/"},{"@type":"ListItem","position":2,"name":"Familienfest in Hohenau"}]},{"@type":"WebSite","@id":"https:\/\/blog.vida.at\/pensionisten\/#website","url":"https:\/\/blog.vida.at\/pensionisten\/","name":"vida Pensionisten","description":"","potentialAction":[{"@type":"SearchAction","target":{"@type":"EntryPoint","urlTemplate":"https:\/\/blog.vida.at\/pensionisten\/?s={search_term_string}"},"query-input":{"@type":"PropertyValueSpecification","valueRequired":true,"valueName":"search_term_string"}}],"inLanguage":"de"},{"@type":"Person","@id":"https:\/\/blog.vida.at\/pensionisten\/#\/schema\/person\/88cee3ee93b9afdc51c92f5f63f38b8a","name":"mariontobola","image":{"@type":"ImageObject","inLanguage":"de","@id":"https:\/\/secure.gravatar.com\/avatar\/5d2c516985e4eda61bca05bd3b4359b4358135bd1e1a5b08c539e9cd1edd6528?s=96&d=mm&r=g","url":"https:\/\/secure.gravatar.com\/avatar\/5d2c516985e4eda61bca05bd3b4359b4358135bd1e1a5b08c539e9cd1edd6528?s=96&d=mm&r=g","contentUrl":"https:\/\/secure.gravatar.com\/avatar\/5d2c516985e4eda61bca05bd3b4359b4358135bd1e1a5b08c539e9cd1edd6528?s=96&d=mm&r=g","caption":"mariontobola"},"url":"https:\/\/blog.vida.at\/pensionisten\/author\/mariontobola\/"}]}},"author_meta":{"display_name":"mariontobola","author_link":"https:\/\/blog.vida.at\/pensionisten\/author\/mariontobola\/"},"featured_img":"https:\/\/blog.vida.at\/pensionisten\/wp-content\/uploads\/sites\/10\/2023\/06\/AK-Kinderfest-Hohenau-2023-300x200.jpg","featured_image_src":"https:\/\/blog.vida.at\/pensionisten\/wp-content\/uploads\/sites\/10\/2023\/06\/AK-Kinderfest-Hohenau-2023-600x400.jpg","featured_image_src_square":"https:\/\/blog.vida.at\/pensionisten\/wp-content\/uploads\/sites\/10\/2023\/06\/AK-Kinderfest-Hohenau-2023-600x481.jpg","uagb_featured_image_src":{"full":["https:\/\/blog.vida.at\/pensionisten\/wp-content\/uploads\/sites\/10\/2023\/06\/AK-Kinderfest-Hohenau-2023.jpg",722,481,false],"thumbnail":["https:\/\/blog.vida.at\/pensionisten\/wp-content\/uploads\/sites\/10\/2023\/06\/AK-Kinderfest-Hohenau-2023-150x150.jpg",150,150,true],"medium":["https:\/\/blog.vida.at\/pensionisten\/wp-content\/uploads\/sites\/10\/2023\/06\/AK-Kinderfest-Hohenau-2023-300x200.jpg",300,200,true],"medium_large":["https:\/\/blog.vida.at\/pensionisten\/wp-content\/uploads\/sites\/10\/2023\/06\/AK-Kinderfest-Hohenau-2023.jpg",640,426,false],"large":["https:\/\/blog.vida.at\/pensionisten\/wp-content\/uploads\/sites\/10\/2023\/06\/AK-Kinderfest-Hohenau-2023.jpg",640,426,false],"1536x1536":["https:\/\/blog.vida.at\/pensionisten\/wp-content\/uploads\/sites\/10\/2023\/06\/AK-Kinderfest-Hohenau-2023.jpg",722,481,false],"2048x2048":["https:\/\/blog.vida.at\/pensionisten\/wp-content\/uploads\/sites\/10\/2023\/06\/AK-Kinderfest-Hohenau-2023.jpg",722,481,false],"ab-block-post-grid-landscape":["https:\/\/blog.vida.at\/pensionisten\/wp-content\/uploads\/sites\/10\/2023\/06\/AK-Kinderfest-Hohenau-2023-600x400.jpg",600,400,true],"ab-block-post-grid-square":["https:\/\/blog.vida.at\/pensionisten\/wp-content\/uploads\/sites\/10\/2023\/06\/AK-Kinderfest-Hohenau-2023-600x481.jpg",600,481,true],"post-thumbnail":["https:\/\/blog.vida.at\/pensionisten\/wp-content\/uploads\/sites\/10\/2023\/06\/AK-Kinderfest-Hohenau-2023.jpg",722,481,false],"awb_sm":["https:\/\/blog.vida.at\/pensionisten\/wp-content\/uploads\/sites\/10\/2023\/06\/AK-Kinderfest-Hohenau-2023-500x333.jpg",500,333,true],"awb_md":["https:\/\/blog.vida.at\/pensionisten\/wp-content\/uploads\/sites\/10\/2023\/06\/AK-Kinderfest-Hohenau-2023.jpg",722,481,false],"awb_lg":["https:\/\/blog.vida.at\/pensionisten\/wp-content\/uploads\/sites\/10\/2023\/06\/AK-Kinderfest-Hohenau-2023.jpg",722,481,false],"awb_xl":["https:\/\/blog.vida.at\/pensionisten\/wp-content\/uploads\/sites\/10\/2023\/06\/AK-Kinderfest-Hohenau-2023.jpg",722,481,false]},"uagb_author_info":{"display_name":"mariontobola","author_link":"https:\/\/blog.vida.at\/pensionisten\/author\/mariontobola\/"},"uagb_comment_info":0,"uagb_excerpt":"vida N\u00d6 war mit dabei und \u00fcberreichte zahlreiche Geschenke.","coauthors":[],"tax_additional":{"categories":{"linked":["<a href=\"https:\/\/blog.vida.at\/pensionisten\/category\/aktuelles\/\" class=\"advgb-post-tax-term\">Aktuelles<\/a>","<a href=\"https:\/\/blog.vida.at\/pensionisten\/category\/allgemein\/\" class=\"advgb-post-tax-term\">Allgemein<\/a>","<a href=\"https:\/\/blog.vida.at\/pensionisten\/category\/ortsgruppen\/niederoesterreich\/\" class=\"advgb-post-tax-term\">Nieder\u00f6sterreich<\/a>","<a href=\"https:\/\/blog.vida.at\/pensionisten\/category\/ortsgruppen\/\" class=\"advgb-post-tax-term\">Ortsgruppen<\/a>"],"unlinked":["<span class=\"advgb-post-tax-term\">Aktuelles<\/span>","<span class=\"advgb-post-tax-term\">Allgemein<\/span>","<span class=\"advgb-post-tax-term\">Nieder\u00f6sterreich<\/span>","<span class=\"advgb-post-tax-term\">Ortsgruppen<\/span>"]}},"comment_count":"0","relative_dates":{"created":"Ver\u00f6ffentlicht 3\u00a0Jahren vor","modified":"Aktualisiert 3\u00a0Jahren vor"},"absolute_dates":{"created":"Ver\u00f6ffentlicht am 29. Juni 2023","modified":"Aktualisiert am 29. Juni 2023"},"absolute_dates_time":{"created":"Ver\u00f6ffentlicht am 29. Juni 2023 15:52","modified":"Aktualisiert am 29. Juni 2023 15:53"},"featured_img_caption":"","series_order":"","_links":{"self":[{"href":"https:\/\/blog.vida.at\/pensionisten\/wp-json\/wp\/v2\/posts\/6999","targetHints":{"allow":["GET"]}}],"collection":[{"href":"https:\/\/blog.vida.at\/pensionisten\/wp-json\/wp\/v2\/posts"}],"about":[{"href":"https:\/\/blog.vida.at\/pensionisten\/wp-json\/wp\/v2\/types\/post"}],"author":[{"embeddable":true,"href":"https:\/\/blog.vida.at\/pensionisten\/wp-json\/wp\/v2\/users\/8"}],"replies":[{"embeddable":true,"href":"https:\/\/blog.vida.at\/pensionisten\/wp-json\/wp\/v2\/comments?post=6999"}],"version-history":[{"count":2,"href":"https:\/\/blog.vida.at\/pensionisten\/wp-json\/wp\/v2\/posts\/6999\/revisions"}],"predecessor-version":[{"id":7002,"href":"https:\/\/blog.vida.at\/pensionisten\/wp-json\/wp\/v2\/posts\/6999\/revisions\/7002"}],"wp:featuredmedia":[{"embeddable":true,"href":"https:\/\/blog.vida.at\/pensionisten\/wp-json\/wp\/v2\/media\/7000"}],"wp:attachment":[{"href":"https:\/\/blog.vida.at\/pensionisten\/wp-json\/wp\/v2\/media?parent=6999"}],"wp:term":[{"taxonomy":"category","embeddable":true,"href":"https:\/\/blog.vida.at\/pensionisten\/wp-json\/wp\/v2\/categories?post=6999"},{"taxonomy":"post_tag","embeddable":true,"href":"https:\/\/blog.vida.at\/pensionisten\/wp-json\/wp\/v2\/tags?post=6999"},{"taxonomy":"Orte","embeddable":true,"href":"https:\/\/blog.vida.at\/pensionisten\/wp-json\/wp\/v2\/Orte?post=6999"},{"taxonomy":"activitytype","embeddable":true,"href":"https:\/\/blog.vida.at\/pensionisten\/wp-json\/wp\/v2\/activitytype?post=6999"}],"curies":[{"name":"wp","href":"https:\/\/api.w.org\/{rel}","templated":true}]}}