
{"id":7344,"date":"2023-09-11T15:34:04","date_gmt":"2023-09-11T13:34:04","guid":{"rendered":"https:\/\/blog.vida.at\/pensionisten\/?p=7344"},"modified":"2023-09-11T15:41:28","modified_gmt":"2023-09-11T13:41:28","slug":"schau-vorbei-im-eisenbahnerheim","status":"publish","type":"post","link":"https:\/\/blog.vida.at\/pensionisten\/2023\/09\/11\/schau-vorbei-im-eisenbahnerheim\/","title":{"rendered":"Schau vorbei im Eisenbahnerheim"},"content":{"rendered":"\n<div class=\"wp-block-group Container advgb-dyn-6d6aa993\"><div class=\"wp-block-group__inner-container is-layout-flow wp-block-group-is-layout-flow\">\n<p><strong>Tag der offenen T\u00fcr<\/strong> am <strong>30. Oktober<\/strong> im Rahmen von <strong>&#8222;Fest der Senior:innen&#8220; in Wien<\/strong>.<\/p>\n\n\n\n<br>\n\n\n\n<p><\/p>\n\n\n\n<!--more-->\n\n\n\n<p>Liebe Freundinnen und Freunde des Verein Eisenbahnerheim!<\/p>\n\n\n\n<p>Wir freuen uns, euch im Rahmen des Programms <a href=\"https:\/\/kalender.senior-in-wien.at\/event\/\" target=\"_blank\" rel=\"noreferrer noopener\">&#8222;Monat der Senior:innen&#8220;<\/a> der Stadt Wien zu einem <a href=\"https:\/\/kalender.senior-in-wien.at\/event\/das-archiv-der-eisenbahner-stellt-sich-vor\/\" target=\"_blank\" rel=\"noreferrer noopener\">&#8222;Tag der offenen T\u00fcr&#8220; in die R\u00e4umlichkeiten des Verein Eisenbahnerheim<\/a> einladen zu d\u00fcrfen. <\/p>\n\n\n\n<p><span style=\"color: #0073a8\" class=\"stk-highlight\"><strong>Wann: <\/strong>30. Oktober 2023, ab 15 Uhr<br><strong>Wo: <\/strong>1050 Wien, Margaretenstra\u00dfe 166, 4. Stock<\/span><\/p>\n\n\n\n<p>Wir \u00f6ffnen an diesem Tage unser <strong>Archiv<\/strong> f\u00fcr die \u00d6ffentlichkeit, zeigen unsere <strong>Sammlung <\/strong>und geben auch einen<strong> geschichtlichen Abriss <\/strong>\u00fcber das Geb\u00e4ude &#8222;Eisenbahnerheim&#8220;. Es ist dies eine Veranstaltungsreihe der Wiener Senior:innen, die hier mehr als 60 spannende Veranstaltungen im Oktober anbieten.<\/p>\n\n\n\n<p><a href=\"https:\/\/www.eisenbahnerheim.at\/\"><strong>&gt;&gt; Hier geht es direkt zur Website vom Ver<\/strong><\/a><a href=\"https:\/\/www.eisenbahnerheim.at\/\" target=\"_blank\" rel=\"noreferrer noopener\"><strong>ein Eisenbahnerheim!<\/strong><\/a><\/p>\n\n\n<div class=\"wp-block-image is-style-default\">\n<figure class=\"aligncenter size-full\"><img loading=\"lazy\" decoding=\"async\" width=\"658\" height=\"438\" src=\"https:\/\/blog.vida.at\/pensionisten\/wp-content\/uploads\/sites\/10\/2023\/09\/Unbenannt.jpg\" alt=\"\" class=\"wp-image-7348\" srcset=\"https:\/\/blog.vida.at\/pensionisten\/wp-content\/uploads\/sites\/10\/2023\/09\/Unbenannt.jpg 658w, https:\/\/blog.vida.at\/pensionisten\/wp-content\/uploads\/sites\/10\/2023\/09\/Unbenannt-300x200.jpg 300w, https:\/\/blog.vida.at\/pensionisten\/wp-content\/uploads\/sites\/10\/2023\/09\/Unbenannt-500x333.jpg 500w, https:\/\/blog.vida.at\/pensionisten\/wp-content\/uploads\/sites\/10\/2023\/09\/Unbenannt-600x400.jpg 600w\" sizes=\"auto, (max-width: 658px) 100vw, 658px\" \/><\/figure>\n<\/div><\/div><\/div>\n","protected":false},"excerpt":{"rendered":"<p>Tag der offenen T\u00fcr am 30. Oktober im Rahmen von &#8222;Fest der Senior:innen&#8220; in Wien.<\/p>\n","protected":false},"author":8,"featured_media":7348,"comment_status":"open","ping_status":"open","sticky":false,"template":"","format":"standard","meta":{"_uag_custom_page_level_css":"","advgb_blocks_editor_width":"","advgb_blocks_columns_visual_guide":"","footnotes":""},"categories":[4,1,49,32,50],"tags":[],"Orte":[],"activitytype":[],"class_list":["post-7344","post","type-post","status-publish","format-standard","has-post-thumbnail","hentry","category-aktuelles","category-allgemein","category-ortsgruppen","category-top-aktuelles","category-wien","entry"],"featured_image_urls":{"full":["https:\/\/blog.vida.at\/pensionisten\/wp-content\/uploads\/sites\/10\/2023\/09\/Unbenannt.jpg",658,438,false],"thumbnail":["https:\/\/blog.vida.at\/pensionisten\/wp-content\/uploads\/sites\/10\/2023\/09\/Unbenannt-150x150.jpg",150,150,true],"medium":["https:\/\/blog.vida.at\/pensionisten\/wp-content\/uploads\/sites\/10\/2023\/09\/Unbenannt-300x200.jpg",300,200,true],"medium_large":["https:\/\/blog.vida.at\/pensionisten\/wp-content\/uploads\/sites\/10\/2023\/09\/Unbenannt.jpg",640,426,false],"large":["https:\/\/blog.vida.at\/pensionisten\/wp-content\/uploads\/sites\/10\/2023\/09\/Unbenannt.jpg",640,426,false],"1536x1536":["https:\/\/blog.vida.at\/pensionisten\/wp-content\/uploads\/sites\/10\/2023\/09\/Unbenannt.jpg",658,438,false],"2048x2048":["https:\/\/blog.vida.at\/pensionisten\/wp-content\/uploads\/sites\/10\/2023\/09\/Unbenannt.jpg",658,438,false],"ab-block-post-grid-landscape":["https:\/\/blog.vida.at\/pensionisten\/wp-content\/uploads\/sites\/10\/2023\/09\/Unbenannt-600x400.jpg",600,400,true],"ab-block-post-grid-square":["https:\/\/blog.vida.at\/pensionisten\/wp-content\/uploads\/sites\/10\/2023\/09\/Unbenannt-600x438.jpg",600,438,true],"post-thumbnail":["https:\/\/blog.vida.at\/pensionisten\/wp-content\/uploads\/sites\/10\/2023\/09\/Unbenannt.jpg",658,438,false],"awb_sm":["https:\/\/blog.vida.at\/pensionisten\/wp-content\/uploads\/sites\/10\/2023\/09\/Unbenannt-500x333.jpg",500,333,true],"awb_md":["https:\/\/blog.vida.at\/pensionisten\/wp-content\/uploads\/sites\/10\/2023\/09\/Unbenannt.jpg",658,438,false],"awb_lg":["https:\/\/blog.vida.at\/pensionisten\/wp-content\/uploads\/sites\/10\/2023\/09\/Unbenannt.jpg",658,438,false],"awb_xl":["https:\/\/blog.vida.at\/pensionisten\/wp-content\/uploads\/sites\/10\/2023\/09\/Unbenannt.jpg",658,438,false]},"post_excerpt_stackable":"<p>Tag der offenen T\u00fcr am 30. Oktober im Rahmen von &#8222;Fest der Senior:innen&#8220; in Wien. Liebe Freundinnen und Freunde des Verein Eisenbahnerheim! Wir freuen uns, euch im Rahmen des Programms &#8222;Monat der Senior:innen&#8220; der Stadt Wien zu einem &#8222;Tag der offenen T\u00fcr&#8220; in die R\u00e4umlichkeiten des Verein Eisenbahnerheim einladen zu d\u00fcrfen. Wann: 30. Oktober 2023, ab 15 UhrWo: 1050 Wien, Margaretenstra\u00dfe 166, 4. Stock Wir \u00f6ffnen an diesem Tage unser Archiv f\u00fcr die \u00d6ffentlichkeit, zeigen unsere Sammlung und geben auch einen geschichtlichen Abriss \u00fcber das Geb\u00e4ude &#8222;Eisenbahnerheim&#8220;. Es ist dies eine Veranstaltungsreihe der Wiener Senior:innen, die hier mehr als 60&hellip;<\/p>\n","category_list":"<a href=\"https:\/\/blog.vida.at\/pensionisten\/category\/aktuelles\/\" rel=\"category tag\">Aktuelles<\/a>, <a href=\"https:\/\/blog.vida.at\/pensionisten\/category\/allgemein\/\" rel=\"category tag\">Allgemein<\/a>, <a href=\"https:\/\/blog.vida.at\/pensionisten\/category\/ortsgruppen\/\" rel=\"category tag\">Ortsgruppen<\/a>, <a href=\"https:\/\/blog.vida.at\/pensionisten\/category\/top-aktuelles\/\" rel=\"category tag\">Top Aktuelles<\/a>, <a href=\"https:\/\/blog.vida.at\/pensionisten\/category\/ortsgruppen\/wien\/\" rel=\"category tag\">Wien<\/a>","author_info":{"display_name":"mariontobola","author_link":"https:\/\/blog.vida.at\/pensionisten\/author\/mariontobola\/"},"comments_num":"0 comments","featured_image_urls_v2":{"full":["https:\/\/blog.vida.at\/pensionisten\/wp-content\/uploads\/sites\/10\/2023\/09\/Unbenannt.jpg",658,438,false],"thumbnail":["https:\/\/blog.vida.at\/pensionisten\/wp-content\/uploads\/sites\/10\/2023\/09\/Unbenannt-150x150.jpg",150,150,true],"medium":["https:\/\/blog.vida.at\/pensionisten\/wp-content\/uploads\/sites\/10\/2023\/09\/Unbenannt-300x200.jpg",300,200,true],"medium_large":["https:\/\/blog.vida.at\/pensionisten\/wp-content\/uploads\/sites\/10\/2023\/09\/Unbenannt.jpg",640,426,false],"large":["https:\/\/blog.vida.at\/pensionisten\/wp-content\/uploads\/sites\/10\/2023\/09\/Unbenannt.jpg",640,426,false],"1536x1536":["https:\/\/blog.vida.at\/pensionisten\/wp-content\/uploads\/sites\/10\/2023\/09\/Unbenannt.jpg",658,438,false],"2048x2048":["https:\/\/blog.vida.at\/pensionisten\/wp-content\/uploads\/sites\/10\/2023\/09\/Unbenannt.jpg",658,438,false],"ab-block-post-grid-landscape":["https:\/\/blog.vida.at\/pensionisten\/wp-content\/uploads\/sites\/10\/2023\/09\/Unbenannt-600x400.jpg",600,400,true],"ab-block-post-grid-square":["https:\/\/blog.vida.at\/pensionisten\/wp-content\/uploads\/sites\/10\/2023\/09\/Unbenannt-600x438.jpg",600,438,true],"post-thumbnail":["https:\/\/blog.vida.at\/pensionisten\/wp-content\/uploads\/sites\/10\/2023\/09\/Unbenannt.jpg",658,438,false],"awb_sm":["https:\/\/blog.vida.at\/pensionisten\/wp-content\/uploads\/sites\/10\/2023\/09\/Unbenannt-500x333.jpg",500,333,true],"awb_md":["https:\/\/blog.vida.at\/pensionisten\/wp-content\/uploads\/sites\/10\/2023\/09\/Unbenannt.jpg",658,438,false],"awb_lg":["https:\/\/blog.vida.at\/pensionisten\/wp-content\/uploads\/sites\/10\/2023\/09\/Unbenannt.jpg",658,438,false],"awb_xl":["https:\/\/blog.vida.at\/pensionisten\/wp-content\/uploads\/sites\/10\/2023\/09\/Unbenannt.jpg",658,438,false]},"post_excerpt_stackable_v2":"<p>Tag der offenen T\u00fcr am 30. Oktober im Rahmen von &#8222;Fest der Senior:innen&#8220; in Wien. Liebe Freundinnen und Freunde des Verein Eisenbahnerheim! Wir freuen uns, euch im Rahmen des Programms &#8222;Monat der Senior:innen&#8220; der Stadt Wien zu einem &#8222;Tag der offenen T\u00fcr&#8220; in die R\u00e4umlichkeiten des Verein Eisenbahnerheim einladen zu d\u00fcrfen. Wann: 30. Oktober 2023, ab 15 UhrWo: 1050 Wien, Margaretenstra\u00dfe 166, 4. Stock Wir \u00f6ffnen an diesem Tage unser Archiv f\u00fcr die \u00d6ffentlichkeit, zeigen unsere Sammlung und geben auch einen geschichtlichen Abriss \u00fcber das Geb\u00e4ude &#8222;Eisenbahnerheim&#8220;. Es ist dies eine Veranstaltungsreihe der Wiener Senior:innen, die hier mehr als 60&hellip;<\/p>\n","category_list_v2":"<a href=\"https:\/\/blog.vida.at\/pensionisten\/category\/aktuelles\/\" rel=\"category tag\">Aktuelles<\/a>, <a href=\"https:\/\/blog.vida.at\/pensionisten\/category\/allgemein\/\" rel=\"category tag\">Allgemein<\/a>, <a href=\"https:\/\/blog.vida.at\/pensionisten\/category\/ortsgruppen\/\" rel=\"category tag\">Ortsgruppen<\/a>, <a href=\"https:\/\/blog.vida.at\/pensionisten\/category\/top-aktuelles\/\" rel=\"category tag\">Top Aktuelles<\/a>, <a href=\"https:\/\/blog.vida.at\/pensionisten\/category\/ortsgruppen\/wien\/\" rel=\"category tag\">Wien<\/a>","author_info_v2":{"name":"mariontobola","url":"https:\/\/blog.vida.at\/pensionisten\/author\/mariontobola\/"},"comments_num_v2":"0 comments","yoast_head":"<!-- This site is optimized with the Yoast SEO plugin v27.3 - https:\/\/yoast.com\/product\/yoast-seo-wordpress\/ -->\n<title>Schau vorbei im Eisenbahnerheim<\/title>\n<meta name=\"robots\" content=\"index, follow, max-snippet:-1, max-image-preview:large, max-video-preview:-1\" \/>\n<link rel=\"canonical\" href=\"https:\/\/blog.vida.at\/pensionisten\/2023\/09\/11\/schau-vorbei-im-eisenbahnerheim\/\" \/>\n<meta property=\"og:locale\" content=\"de_DE\" \/>\n<meta property=\"og:type\" content=\"article\" \/>\n<meta property=\"og:title\" content=\"Schau vorbei im Eisenbahnerheim\" \/>\n<meta property=\"og:description\" content=\"Tag der offenen T\u00fcr am 30. Oktober im Rahmen von &#8222;Fest der Senior:innen&#8220; in Wien.\" \/>\n<meta property=\"og:url\" content=\"https:\/\/blog.vida.at\/pensionisten\/2023\/09\/11\/schau-vorbei-im-eisenbahnerheim\/\" \/>\n<meta property=\"og:site_name\" content=\"vida Pensionisten\" \/>\n<meta property=\"article:published_time\" content=\"2023-09-11T13:34:04+00:00\" \/>\n<meta property=\"article:modified_time\" content=\"2023-09-11T13:41:28+00:00\" \/>\n<meta property=\"og:image\" content=\"https:\/\/blog.vida.at\/pensionisten\/wp-content\/uploads\/sites\/10\/2023\/09\/Unbenannt.jpg\" \/>\n\t<meta property=\"og:image:width\" content=\"658\" \/>\n\t<meta property=\"og:image:height\" content=\"438\" \/>\n\t<meta property=\"og:image:type\" content=\"image\/jpeg\" \/>\n<meta name=\"author\" content=\"mariontobola\" \/>\n<meta name=\"twitter:card\" content=\"summary_large_image\" \/>\n<meta name=\"twitter:label1\" content=\"Verfasst von\" \/>\n\t<meta name=\"twitter:data1\" content=\"mariontobola\" \/>\n\t<meta name=\"twitter:label2\" content=\"Gesch\u00e4tzte Lesezeit\" \/>\n\t<meta name=\"twitter:data2\" content=\"1\u00a0Minute\" \/>\n<script type=\"application\/ld+json\" class=\"yoast-schema-graph\">{\"@context\":\"https:\\\/\\\/schema.org\",\"@graph\":[{\"@type\":\"Article\",\"@id\":\"https:\\\/\\\/blog.vida.at\\\/pensionisten\\\/2023\\\/09\\\/11\\\/schau-vorbei-im-eisenbahnerheim\\\/#article\",\"isPartOf\":{\"@id\":\"https:\\\/\\\/blog.vida.at\\\/pensionisten\\\/2023\\\/09\\\/11\\\/schau-vorbei-im-eisenbahnerheim\\\/\"},\"author\":{\"name\":\"mariontobola\",\"@id\":\"https:\\\/\\\/blog.vida.at\\\/pensionisten\\\/#\\\/schema\\\/person\\\/88cee3ee93b9afdc51c92f5f63f38b8a\"},\"headline\":\"Schau vorbei im Eisenbahnerheim\",\"datePublished\":\"2023-09-11T13:34:04+00:00\",\"dateModified\":\"2023-09-11T13:41:28+00:00\",\"mainEntityOfPage\":{\"@id\":\"https:\\\/\\\/blog.vida.at\\\/pensionisten\\\/2023\\\/09\\\/11\\\/schau-vorbei-im-eisenbahnerheim\\\/\"},\"wordCount\":124,\"commentCount\":0,\"image\":{\"@id\":\"https:\\\/\\\/blog.vida.at\\\/pensionisten\\\/2023\\\/09\\\/11\\\/schau-vorbei-im-eisenbahnerheim\\\/#primaryimage\"},\"thumbnailUrl\":\"https:\\\/\\\/blog.vida.at\\\/pensionisten\\\/wp-content\\\/uploads\\\/sites\\\/10\\\/2023\\\/09\\\/Unbenannt.jpg\",\"articleSection\":{\"0\":\"Aktuelles\",\"2\":\"Ortsgruppen\",\"3\":\"Top Aktuelles\",\"4\":\"Wien\"},\"inLanguage\":\"de\",\"potentialAction\":[{\"@type\":\"CommentAction\",\"name\":\"Comment\",\"target\":[\"https:\\\/\\\/blog.vida.at\\\/pensionisten\\\/2023\\\/09\\\/11\\\/schau-vorbei-im-eisenbahnerheim\\\/#respond\"]}]},{\"@type\":\"WebPage\",\"@id\":\"https:\\\/\\\/blog.vida.at\\\/pensionisten\\\/2023\\\/09\\\/11\\\/schau-vorbei-im-eisenbahnerheim\\\/\",\"url\":\"https:\\\/\\\/blog.vida.at\\\/pensionisten\\\/2023\\\/09\\\/11\\\/schau-vorbei-im-eisenbahnerheim\\\/\",\"name\":\"Schau vorbei im Eisenbahnerheim\",\"isPartOf\":{\"@id\":\"https:\\\/\\\/blog.vida.at\\\/pensionisten\\\/#website\"},\"primaryImageOfPage\":{\"@id\":\"https:\\\/\\\/blog.vida.at\\\/pensionisten\\\/2023\\\/09\\\/11\\\/schau-vorbei-im-eisenbahnerheim\\\/#primaryimage\"},\"image\":{\"@id\":\"https:\\\/\\\/blog.vida.at\\\/pensionisten\\\/2023\\\/09\\\/11\\\/schau-vorbei-im-eisenbahnerheim\\\/#primaryimage\"},\"thumbnailUrl\":\"https:\\\/\\\/blog.vida.at\\\/pensionisten\\\/wp-content\\\/uploads\\\/sites\\\/10\\\/2023\\\/09\\\/Unbenannt.jpg\",\"datePublished\":\"2023-09-11T13:34:04+00:00\",\"dateModified\":\"2023-09-11T13:41:28+00:00\",\"author\":{\"@id\":\"https:\\\/\\\/blog.vida.at\\\/pensionisten\\\/#\\\/schema\\\/person\\\/88cee3ee93b9afdc51c92f5f63f38b8a\"},\"breadcrumb\":{\"@id\":\"https:\\\/\\\/blog.vida.at\\\/pensionisten\\\/2023\\\/09\\\/11\\\/schau-vorbei-im-eisenbahnerheim\\\/#breadcrumb\"},\"inLanguage\":\"de\",\"potentialAction\":[{\"@type\":\"ReadAction\",\"target\":[\"https:\\\/\\\/blog.vida.at\\\/pensionisten\\\/2023\\\/09\\\/11\\\/schau-vorbei-im-eisenbahnerheim\\\/\"]}]},{\"@type\":\"ImageObject\",\"inLanguage\":\"de\",\"@id\":\"https:\\\/\\\/blog.vida.at\\\/pensionisten\\\/2023\\\/09\\\/11\\\/schau-vorbei-im-eisenbahnerheim\\\/#primaryimage\",\"url\":\"https:\\\/\\\/blog.vida.at\\\/pensionisten\\\/wp-content\\\/uploads\\\/sites\\\/10\\\/2023\\\/09\\\/Unbenannt.jpg\",\"contentUrl\":\"https:\\\/\\\/blog.vida.at\\\/pensionisten\\\/wp-content\\\/uploads\\\/sites\\\/10\\\/2023\\\/09\\\/Unbenannt.jpg\",\"width\":658,\"height\":438},{\"@type\":\"BreadcrumbList\",\"@id\":\"https:\\\/\\\/blog.vida.at\\\/pensionisten\\\/2023\\\/09\\\/11\\\/schau-vorbei-im-eisenbahnerheim\\\/#breadcrumb\",\"itemListElement\":[{\"@type\":\"ListItem\",\"position\":1,\"name\":\"Startseite\",\"item\":\"https:\\\/\\\/blog.vida.at\\\/pensionisten\\\/\"},{\"@type\":\"ListItem\",\"position\":2,\"name\":\"Schau vorbei im Eisenbahnerheim\"}]},{\"@type\":\"WebSite\",\"@id\":\"https:\\\/\\\/blog.vida.at\\\/pensionisten\\\/#website\",\"url\":\"https:\\\/\\\/blog.vida.at\\\/pensionisten\\\/\",\"name\":\"vida Pensionisten\",\"description\":\"\",\"potentialAction\":[{\"@type\":\"SearchAction\",\"target\":{\"@type\":\"EntryPoint\",\"urlTemplate\":\"https:\\\/\\\/blog.vida.at\\\/pensionisten\\\/?s={search_term_string}\"},\"query-input\":{\"@type\":\"PropertyValueSpecification\",\"valueRequired\":true,\"valueName\":\"search_term_string\"}}],\"inLanguage\":\"de\"},{\"@type\":\"Person\",\"@id\":\"https:\\\/\\\/blog.vida.at\\\/pensionisten\\\/#\\\/schema\\\/person\\\/88cee3ee93b9afdc51c92f5f63f38b8a\",\"name\":\"mariontobola\",\"image\":{\"@type\":\"ImageObject\",\"inLanguage\":\"de\",\"@id\":\"https:\\\/\\\/secure.gravatar.com\\\/avatar\\\/5d2c516985e4eda61bca05bd3b4359b4358135bd1e1a5b08c539e9cd1edd6528?s=96&d=mm&r=g\",\"url\":\"https:\\\/\\\/secure.gravatar.com\\\/avatar\\\/5d2c516985e4eda61bca05bd3b4359b4358135bd1e1a5b08c539e9cd1edd6528?s=96&d=mm&r=g\",\"contentUrl\":\"https:\\\/\\\/secure.gravatar.com\\\/avatar\\\/5d2c516985e4eda61bca05bd3b4359b4358135bd1e1a5b08c539e9cd1edd6528?s=96&d=mm&r=g\",\"caption\":\"mariontobola\"},\"url\":\"https:\\\/\\\/blog.vida.at\\\/pensionisten\\\/author\\\/mariontobola\\\/\"}]}<\/script>\n<!-- \/ Yoast SEO plugin. -->","yoast_head_json":{"title":"Schau vorbei im Eisenbahnerheim","robots":{"index":"index","follow":"follow","max-snippet":"max-snippet:-1","max-image-preview":"max-image-preview:large","max-video-preview":"max-video-preview:-1"},"canonical":"https:\/\/blog.vida.at\/pensionisten\/2023\/09\/11\/schau-vorbei-im-eisenbahnerheim\/","og_locale":"de_DE","og_type":"article","og_title":"Schau vorbei im Eisenbahnerheim","og_description":"Tag der offenen T\u00fcr am 30. Oktober im Rahmen von &#8222;Fest der Senior:innen&#8220; in Wien.","og_url":"https:\/\/blog.vida.at\/pensionisten\/2023\/09\/11\/schau-vorbei-im-eisenbahnerheim\/","og_site_name":"vida Pensionisten","article_published_time":"2023-09-11T13:34:04+00:00","article_modified_time":"2023-09-11T13:41:28+00:00","og_image":[{"width":658,"height":438,"url":"https:\/\/blog.vida.at\/pensionisten\/wp-content\/uploads\/sites\/10\/2023\/09\/Unbenannt.jpg","type":"image\/jpeg"}],"author":"mariontobola","twitter_card":"summary_large_image","twitter_misc":{"Verfasst von":"mariontobola","Gesch\u00e4tzte Lesezeit":"1\u00a0Minute"},"schema":{"@context":"https:\/\/schema.org","@graph":[{"@type":"Article","@id":"https:\/\/blog.vida.at\/pensionisten\/2023\/09\/11\/schau-vorbei-im-eisenbahnerheim\/#article","isPartOf":{"@id":"https:\/\/blog.vida.at\/pensionisten\/2023\/09\/11\/schau-vorbei-im-eisenbahnerheim\/"},"author":{"name":"mariontobola","@id":"https:\/\/blog.vida.at\/pensionisten\/#\/schema\/person\/88cee3ee93b9afdc51c92f5f63f38b8a"},"headline":"Schau vorbei im Eisenbahnerheim","datePublished":"2023-09-11T13:34:04+00:00","dateModified":"2023-09-11T13:41:28+00:00","mainEntityOfPage":{"@id":"https:\/\/blog.vida.at\/pensionisten\/2023\/09\/11\/schau-vorbei-im-eisenbahnerheim\/"},"wordCount":124,"commentCount":0,"image":{"@id":"https:\/\/blog.vida.at\/pensionisten\/2023\/09\/11\/schau-vorbei-im-eisenbahnerheim\/#primaryimage"},"thumbnailUrl":"https:\/\/blog.vida.at\/pensionisten\/wp-content\/uploads\/sites\/10\/2023\/09\/Unbenannt.jpg","articleSection":{"0":"Aktuelles","2":"Ortsgruppen","3":"Top Aktuelles","4":"Wien"},"inLanguage":"de","potentialAction":[{"@type":"CommentAction","name":"Comment","target":["https:\/\/blog.vida.at\/pensionisten\/2023\/09\/11\/schau-vorbei-im-eisenbahnerheim\/#respond"]}]},{"@type":"WebPage","@id":"https:\/\/blog.vida.at\/pensionisten\/2023\/09\/11\/schau-vorbei-im-eisenbahnerheim\/","url":"https:\/\/blog.vida.at\/pensionisten\/2023\/09\/11\/schau-vorbei-im-eisenbahnerheim\/","name":"Schau vorbei im Eisenbahnerheim","isPartOf":{"@id":"https:\/\/blog.vida.at\/pensionisten\/#website"},"primaryImageOfPage":{"@id":"https:\/\/blog.vida.at\/pensionisten\/2023\/09\/11\/schau-vorbei-im-eisenbahnerheim\/#primaryimage"},"image":{"@id":"https:\/\/blog.vida.at\/pensionisten\/2023\/09\/11\/schau-vorbei-im-eisenbahnerheim\/#primaryimage"},"thumbnailUrl":"https:\/\/blog.vida.at\/pensionisten\/wp-content\/uploads\/sites\/10\/2023\/09\/Unbenannt.jpg","datePublished":"2023-09-11T13:34:04+00:00","dateModified":"2023-09-11T13:41:28+00:00","author":{"@id":"https:\/\/blog.vida.at\/pensionisten\/#\/schema\/person\/88cee3ee93b9afdc51c92f5f63f38b8a"},"breadcrumb":{"@id":"https:\/\/blog.vida.at\/pensionisten\/2023\/09\/11\/schau-vorbei-im-eisenbahnerheim\/#breadcrumb"},"inLanguage":"de","potentialAction":[{"@type":"ReadAction","target":["https:\/\/blog.vida.at\/pensionisten\/2023\/09\/11\/schau-vorbei-im-eisenbahnerheim\/"]}]},{"@type":"ImageObject","inLanguage":"de","@id":"https:\/\/blog.vida.at\/pensionisten\/2023\/09\/11\/schau-vorbei-im-eisenbahnerheim\/#primaryimage","url":"https:\/\/blog.vida.at\/pensionisten\/wp-content\/uploads\/sites\/10\/2023\/09\/Unbenannt.jpg","contentUrl":"https:\/\/blog.vida.at\/pensionisten\/wp-content\/uploads\/sites\/10\/2023\/09\/Unbenannt.jpg","width":658,"height":438},{"@type":"BreadcrumbList","@id":"https:\/\/blog.vida.at\/pensionisten\/2023\/09\/11\/schau-vorbei-im-eisenbahnerheim\/#breadcrumb","itemListElement":[{"@type":"ListItem","position":1,"name":"Startseite","item":"https:\/\/blog.vida.at\/pensionisten\/"},{"@type":"ListItem","position":2,"name":"Schau vorbei im Eisenbahnerheim"}]},{"@type":"WebSite","@id":"https:\/\/blog.vida.at\/pensionisten\/#website","url":"https:\/\/blog.vida.at\/pensionisten\/","name":"vida Pensionisten","description":"","potentialAction":[{"@type":"SearchAction","target":{"@type":"EntryPoint","urlTemplate":"https:\/\/blog.vida.at\/pensionisten\/?s={search_term_string}"},"query-input":{"@type":"PropertyValueSpecification","valueRequired":true,"valueName":"search_term_string"}}],"inLanguage":"de"},{"@type":"Person","@id":"https:\/\/blog.vida.at\/pensionisten\/#\/schema\/person\/88cee3ee93b9afdc51c92f5f63f38b8a","name":"mariontobola","image":{"@type":"ImageObject","inLanguage":"de","@id":"https:\/\/secure.gravatar.com\/avatar\/5d2c516985e4eda61bca05bd3b4359b4358135bd1e1a5b08c539e9cd1edd6528?s=96&d=mm&r=g","url":"https:\/\/secure.gravatar.com\/avatar\/5d2c516985e4eda61bca05bd3b4359b4358135bd1e1a5b08c539e9cd1edd6528?s=96&d=mm&r=g","contentUrl":"https:\/\/secure.gravatar.com\/avatar\/5d2c516985e4eda61bca05bd3b4359b4358135bd1e1a5b08c539e9cd1edd6528?s=96&d=mm&r=g","caption":"mariontobola"},"url":"https:\/\/blog.vida.at\/pensionisten\/author\/mariontobola\/"}]}},"author_meta":{"display_name":"mariontobola","author_link":"https:\/\/blog.vida.at\/pensionisten\/author\/mariontobola\/"},"featured_img":"https:\/\/blog.vida.at\/pensionisten\/wp-content\/uploads\/sites\/10\/2023\/09\/Unbenannt-300x200.jpg","featured_image_src":"https:\/\/blog.vida.at\/pensionisten\/wp-content\/uploads\/sites\/10\/2023\/09\/Unbenannt-600x400.jpg","featured_image_src_square":"https:\/\/blog.vida.at\/pensionisten\/wp-content\/uploads\/sites\/10\/2023\/09\/Unbenannt-600x438.jpg","uagb_featured_image_src":{"full":["https:\/\/blog.vida.at\/pensionisten\/wp-content\/uploads\/sites\/10\/2023\/09\/Unbenannt.jpg",658,438,false],"thumbnail":["https:\/\/blog.vida.at\/pensionisten\/wp-content\/uploads\/sites\/10\/2023\/09\/Unbenannt-150x150.jpg",150,150,true],"medium":["https:\/\/blog.vida.at\/pensionisten\/wp-content\/uploads\/sites\/10\/2023\/09\/Unbenannt-300x200.jpg",300,200,true],"medium_large":["https:\/\/blog.vida.at\/pensionisten\/wp-content\/uploads\/sites\/10\/2023\/09\/Unbenannt.jpg",640,426,false],"large":["https:\/\/blog.vida.at\/pensionisten\/wp-content\/uploads\/sites\/10\/2023\/09\/Unbenannt.jpg",640,426,false],"1536x1536":["https:\/\/blog.vida.at\/pensionisten\/wp-content\/uploads\/sites\/10\/2023\/09\/Unbenannt.jpg",658,438,false],"2048x2048":["https:\/\/blog.vida.at\/pensionisten\/wp-content\/uploads\/sites\/10\/2023\/09\/Unbenannt.jpg",658,438,false],"ab-block-post-grid-landscape":["https:\/\/blog.vida.at\/pensionisten\/wp-content\/uploads\/sites\/10\/2023\/09\/Unbenannt-600x400.jpg",600,400,true],"ab-block-post-grid-square":["https:\/\/blog.vida.at\/pensionisten\/wp-content\/uploads\/sites\/10\/2023\/09\/Unbenannt-600x438.jpg",600,438,true],"post-thumbnail":["https:\/\/blog.vida.at\/pensionisten\/wp-content\/uploads\/sites\/10\/2023\/09\/Unbenannt.jpg",658,438,false],"awb_sm":["https:\/\/blog.vida.at\/pensionisten\/wp-content\/uploads\/sites\/10\/2023\/09\/Unbenannt-500x333.jpg",500,333,true],"awb_md":["https:\/\/blog.vida.at\/pensionisten\/wp-content\/uploads\/sites\/10\/2023\/09\/Unbenannt.jpg",658,438,false],"awb_lg":["https:\/\/blog.vida.at\/pensionisten\/wp-content\/uploads\/sites\/10\/2023\/09\/Unbenannt.jpg",658,438,false],"awb_xl":["https:\/\/blog.vida.at\/pensionisten\/wp-content\/uploads\/sites\/10\/2023\/09\/Unbenannt.jpg",658,438,false]},"uagb_author_info":{"display_name":"mariontobola","author_link":"https:\/\/blog.vida.at\/pensionisten\/author\/mariontobola\/"},"uagb_comment_info":0,"uagb_excerpt":"Tag der offenen T\u00fcr am 30. Oktober im Rahmen von &#8222;Fest der Senior:innen&#8220; in Wien.","coauthors":[],"tax_additional":{"categories":{"linked":["<a href=\"https:\/\/blog.vida.at\/pensionisten\/category\/aktuelles\/\" class=\"advgb-post-tax-term\">Aktuelles<\/a>","<a href=\"https:\/\/blog.vida.at\/pensionisten\/category\/allgemein\/\" class=\"advgb-post-tax-term\">Allgemein<\/a>","<a href=\"https:\/\/blog.vida.at\/pensionisten\/category\/ortsgruppen\/\" class=\"advgb-post-tax-term\">Ortsgruppen<\/a>","<a href=\"https:\/\/blog.vida.at\/pensionisten\/category\/top-aktuelles\/\" class=\"advgb-post-tax-term\">Top Aktuelles<\/a>","<a href=\"https:\/\/blog.vida.at\/pensionisten\/category\/ortsgruppen\/wien\/\" class=\"advgb-post-tax-term\">Wien<\/a>"],"unlinked":["<span class=\"advgb-post-tax-term\">Aktuelles<\/span>","<span class=\"advgb-post-tax-term\">Allgemein<\/span>","<span class=\"advgb-post-tax-term\">Ortsgruppen<\/span>","<span class=\"advgb-post-tax-term\">Top Aktuelles<\/span>","<span class=\"advgb-post-tax-term\">Wien<\/span>"]}},"comment_count":"0","relative_dates":{"created":"Ver\u00f6ffentlicht 3\u00a0Jahren vor","modified":"Aktualisiert 3\u00a0Jahren vor"},"absolute_dates":{"created":"Ver\u00f6ffentlicht am 11. September 2023","modified":"Aktualisiert am 11. September 2023"},"absolute_dates_time":{"created":"Ver\u00f6ffentlicht am 11. September 2023 15:34","modified":"Aktualisiert am 11. September 2023 15:41"},"featured_img_caption":"","series_order":"","_links":{"self":[{"href":"https:\/\/blog.vida.at\/pensionisten\/wp-json\/wp\/v2\/posts\/7344","targetHints":{"allow":["GET"]}}],"collection":[{"href":"https:\/\/blog.vida.at\/pensionisten\/wp-json\/wp\/v2\/posts"}],"about":[{"href":"https:\/\/blog.vida.at\/pensionisten\/wp-json\/wp\/v2\/types\/post"}],"author":[{"embeddable":true,"href":"https:\/\/blog.vida.at\/pensionisten\/wp-json\/wp\/v2\/users\/8"}],"replies":[{"embeddable":true,"href":"https:\/\/blog.vida.at\/pensionisten\/wp-json\/wp\/v2\/comments?post=7344"}],"version-history":[{"count":6,"href":"https:\/\/blog.vida.at\/pensionisten\/wp-json\/wp\/v2\/posts\/7344\/revisions"}],"predecessor-version":[{"id":7355,"href":"https:\/\/blog.vida.at\/pensionisten\/wp-json\/wp\/v2\/posts\/7344\/revisions\/7355"}],"wp:featuredmedia":[{"embeddable":true,"href":"https:\/\/blog.vida.at\/pensionisten\/wp-json\/wp\/v2\/media\/7348"}],"wp:attachment":[{"href":"https:\/\/blog.vida.at\/pensionisten\/wp-json\/wp\/v2\/media?parent=7344"}],"wp:term":[{"taxonomy":"category","embeddable":true,"href":"https:\/\/blog.vida.at\/pensionisten\/wp-json\/wp\/v2\/categories?post=7344"},{"taxonomy":"post_tag","embeddable":true,"href":"https:\/\/blog.vida.at\/pensionisten\/wp-json\/wp\/v2\/tags?post=7344"},{"taxonomy":"Orte","embeddable":true,"href":"https:\/\/blog.vida.at\/pensionisten\/wp-json\/wp\/v2\/Orte?post=7344"},{"taxonomy":"activitytype","embeddable":true,"href":"https:\/\/blog.vida.at\/pensionisten\/wp-json\/wp\/v2\/activitytype?post=7344"}],"curies":[{"name":"wp","href":"https:\/\/api.w.org\/{rel}","templated":true}]}}