
{"id":7360,"date":"2023-10-23T13:38:26","date_gmt":"2023-10-23T11:38:26","guid":{"rendered":"https:\/\/blog.vida.at\/pensionisten\/?p=7360"},"modified":"2023-10-23T15:46:54","modified_gmt":"2023-10-23T13:46:54","slug":"gemeinsam-zum-wasserschloss-burgau","status":"publish","type":"post","link":"https:\/\/blog.vida.at\/pensionisten\/2023\/10\/23\/gemeinsam-zum-wasserschloss-burgau\/","title":{"rendered":"Gemeinsam zum Wasserschloss Burgau"},"content":{"rendered":"\n<div class=\"wp-block-group Container advgb-dyn-1073ee3e\"><div class=\"wp-block-group__inner-container is-layout-flow wp-block-group-is-layout-flow\">\n<h4 class=\"wp-block-heading advgb-dyn-dc54463e\">Das war die Autobusfahrt der OG Meidling\/Simmering am 11. Oktober.<\/h4>\n\n\n\n<br>\n\n\n\n<p><\/p>\n\n\n\n<!--more-->\n\n\n\n<p>Die <strong>OG Meidling\/Simmering <\/strong>lud am 11. Oktober 2023 zu einer Autobusfahrt zum <a href=\"https:\/\/www.burgau.info\/tourismus\/sehenswertes-events\/wasserschloss-burgau\/\" target=\"_blank\" rel=\"noreferrer noopener\">&#8222;Wasserschluss Burgau&#8220;<\/a> ein. <\/p>\n\n\n\n<p>Das ehemalige Wasserschloss &#8222;Burg in der Au&#8220; wurde erstmals im Jahr 1367 unter der Herrschaft der Herren von Puchheim urkundlich erw\u00e4hnt. Die mit einem breiten Wassergraben befestigte wehrhafte Anlage war eine strategisch \u00e4u\u00dferst wichtige Grenzfestung gegen die andauernde Bedrohung aus dem Osten.<\/p>\n\n\n\n<p><strong><span style=\"color: #fe0505\" class=\"stk-highlight\">Wir freuen uns auf den n\u00e4chsten gemeinsamen Ausflug mit dir!<\/span><\/strong> <strong><span style=\"color: #fd0505\" class=\"stk-highlight\">Hier findest du ein paar Impressionen von unserer Autobusfahrt. <\/span><\/strong><\/p>\n\n\n\n<figure class=\"wp-block-gallery has-nested-images columns-default is-cropped wp-block-gallery-1 is-layout-flex wp-block-gallery-is-layout-flex\">\n<figure class=\"wp-block-image size-large\"><img loading=\"lazy\" decoding=\"async\" width=\"1024\" height=\"768\" data-id=\"7655\" src=\"https:\/\/blog.vida.at\/pensionisten\/wp-content\/uploads\/sites\/10\/2023\/10\/IMG_2338-1024x768.jpg\" alt=\"\" class=\"wp-image-7655\" srcset=\"https:\/\/blog.vida.at\/pensionisten\/wp-content\/uploads\/sites\/10\/2023\/10\/IMG_2338-1024x768.jpg 1024w, https:\/\/blog.vida.at\/pensionisten\/wp-content\/uploads\/sites\/10\/2023\/10\/IMG_2338-300x225.jpg 300w, https:\/\/blog.vida.at\/pensionisten\/wp-content\/uploads\/sites\/10\/2023\/10\/IMG_2338-768x576.jpg 768w, https:\/\/blog.vida.at\/pensionisten\/wp-content\/uploads\/sites\/10\/2023\/10\/IMG_2338-1536x1152.jpg 1536w, https:\/\/blog.vida.at\/pensionisten\/wp-content\/uploads\/sites\/10\/2023\/10\/IMG_2338-500x375.jpg 500w, https:\/\/blog.vida.at\/pensionisten\/wp-content\/uploads\/sites\/10\/2023\/10\/IMG_2338-800x600.jpg 800w, https:\/\/blog.vida.at\/pensionisten\/wp-content\/uploads\/sites\/10\/2023\/10\/IMG_2338-1280x960.jpg 1280w, https:\/\/blog.vida.at\/pensionisten\/wp-content\/uploads\/sites\/10\/2023\/10\/IMG_2338-1568x1176.jpg 1568w, https:\/\/blog.vida.at\/pensionisten\/wp-content\/uploads\/sites\/10\/2023\/10\/IMG_2338.jpg 1800w\" sizes=\"auto, (max-width: 1024px) 100vw, 1024px\" \/><\/figure>\n\n\n\n<figure class=\"wp-block-image size-large\"><img loading=\"lazy\" decoding=\"async\" width=\"1024\" height=\"768\" data-id=\"7658\" src=\"https:\/\/blog.vida.at\/pensionisten\/wp-content\/uploads\/sites\/10\/2023\/10\/IMG_2341-1024x768.jpg\" alt=\"\" class=\"wp-image-7658\" srcset=\"https:\/\/blog.vida.at\/pensionisten\/wp-content\/uploads\/sites\/10\/2023\/10\/IMG_2341-1024x768.jpg 1024w, https:\/\/blog.vida.at\/pensionisten\/wp-content\/uploads\/sites\/10\/2023\/10\/IMG_2341-300x225.jpg 300w, https:\/\/blog.vida.at\/pensionisten\/wp-content\/uploads\/sites\/10\/2023\/10\/IMG_2341-768x576.jpg 768w, https:\/\/blog.vida.at\/pensionisten\/wp-content\/uploads\/sites\/10\/2023\/10\/IMG_2341-1536x1152.jpg 1536w, https:\/\/blog.vida.at\/pensionisten\/wp-content\/uploads\/sites\/10\/2023\/10\/IMG_2341-500x375.jpg 500w, https:\/\/blog.vida.at\/pensionisten\/wp-content\/uploads\/sites\/10\/2023\/10\/IMG_2341-800x600.jpg 800w, https:\/\/blog.vida.at\/pensionisten\/wp-content\/uploads\/sites\/10\/2023\/10\/IMG_2341-1280x960.jpg 1280w, https:\/\/blog.vida.at\/pensionisten\/wp-content\/uploads\/sites\/10\/2023\/10\/IMG_2341-1568x1176.jpg 1568w, https:\/\/blog.vida.at\/pensionisten\/wp-content\/uploads\/sites\/10\/2023\/10\/IMG_2341.jpg 1800w\" sizes=\"auto, (max-width: 1024px) 100vw, 1024px\" \/><\/figure>\n\n\n\n<figure class=\"wp-block-image size-large\"><img loading=\"lazy\" decoding=\"async\" width=\"768\" height=\"1024\" data-id=\"7653\" src=\"https:\/\/blog.vida.at\/pensionisten\/wp-content\/uploads\/sites\/10\/2023\/10\/IMG_2343-768x1024.jpg\" alt=\"\" class=\"wp-image-7653\" srcset=\"https:\/\/blog.vida.at\/pensionisten\/wp-content\/uploads\/sites\/10\/2023\/10\/IMG_2343-768x1024.jpg 768w, https:\/\/blog.vida.at\/pensionisten\/wp-content\/uploads\/sites\/10\/2023\/10\/IMG_2343-225x300.jpg 225w, https:\/\/blog.vida.at\/pensionisten\/wp-content\/uploads\/sites\/10\/2023\/10\/IMG_2343-1152x1536.jpg 1152w, https:\/\/blog.vida.at\/pensionisten\/wp-content\/uploads\/sites\/10\/2023\/10\/IMG_2343-500x667.jpg 500w, https:\/\/blog.vida.at\/pensionisten\/wp-content\/uploads\/sites\/10\/2023\/10\/IMG_2343-800x1067.jpg 800w, https:\/\/blog.vida.at\/pensionisten\/wp-content\/uploads\/sites\/10\/2023\/10\/IMG_2343-1280x1707.jpg 1280w, https:\/\/blog.vida.at\/pensionisten\/wp-content\/uploads\/sites\/10\/2023\/10\/IMG_2343.jpg 1350w\" sizes=\"auto, (max-width: 768px) 100vw, 768px\" \/><\/figure>\n\n\n\n<figure class=\"wp-block-image size-large\"><img loading=\"lazy\" decoding=\"async\" width=\"1024\" height=\"768\" data-id=\"7656\" src=\"https:\/\/blog.vida.at\/pensionisten\/wp-content\/uploads\/sites\/10\/2023\/10\/IMG_2344-1024x768.jpg\" alt=\"\" class=\"wp-image-7656\" srcset=\"https:\/\/blog.vida.at\/pensionisten\/wp-content\/uploads\/sites\/10\/2023\/10\/IMG_2344-1024x768.jpg 1024w, https:\/\/blog.vida.at\/pensionisten\/wp-content\/uploads\/sites\/10\/2023\/10\/IMG_2344-300x225.jpg 300w, https:\/\/blog.vida.at\/pensionisten\/wp-content\/uploads\/sites\/10\/2023\/10\/IMG_2344-768x576.jpg 768w, https:\/\/blog.vida.at\/pensionisten\/wp-content\/uploads\/sites\/10\/2023\/10\/IMG_2344-1536x1152.jpg 1536w, https:\/\/blog.vida.at\/pensionisten\/wp-content\/uploads\/sites\/10\/2023\/10\/IMG_2344-500x375.jpg 500w, https:\/\/blog.vida.at\/pensionisten\/wp-content\/uploads\/sites\/10\/2023\/10\/IMG_2344-800x600.jpg 800w, https:\/\/blog.vida.at\/pensionisten\/wp-content\/uploads\/sites\/10\/2023\/10\/IMG_2344-1280x960.jpg 1280w, https:\/\/blog.vida.at\/pensionisten\/wp-content\/uploads\/sites\/10\/2023\/10\/IMG_2344-1568x1176.jpg 1568w, https:\/\/blog.vida.at\/pensionisten\/wp-content\/uploads\/sites\/10\/2023\/10\/IMG_2344.jpg 1800w\" sizes=\"auto, (max-width: 1024px) 100vw, 1024px\" \/><\/figure>\n\n\n\n<figure class=\"wp-block-image size-large\"><img loading=\"lazy\" decoding=\"async\" width=\"1024\" height=\"768\" data-id=\"7654\" src=\"https:\/\/blog.vida.at\/pensionisten\/wp-content\/uploads\/sites\/10\/2023\/10\/IMG_2346-1024x768.jpg\" alt=\"\" class=\"wp-image-7654\" srcset=\"https:\/\/blog.vida.at\/pensionisten\/wp-content\/uploads\/sites\/10\/2023\/10\/IMG_2346-1024x768.jpg 1024w, https:\/\/blog.vida.at\/pensionisten\/wp-content\/uploads\/sites\/10\/2023\/10\/IMG_2346-300x225.jpg 300w, https:\/\/blog.vida.at\/pensionisten\/wp-content\/uploads\/sites\/10\/2023\/10\/IMG_2346-768x576.jpg 768w, https:\/\/blog.vida.at\/pensionisten\/wp-content\/uploads\/sites\/10\/2023\/10\/IMG_2346-1536x1152.jpg 1536w, https:\/\/blog.vida.at\/pensionisten\/wp-content\/uploads\/sites\/10\/2023\/10\/IMG_2346-500x375.jpg 500w, https:\/\/blog.vida.at\/pensionisten\/wp-content\/uploads\/sites\/10\/2023\/10\/IMG_2346-800x600.jpg 800w, https:\/\/blog.vida.at\/pensionisten\/wp-content\/uploads\/sites\/10\/2023\/10\/IMG_2346-1280x960.jpg 1280w, https:\/\/blog.vida.at\/pensionisten\/wp-content\/uploads\/sites\/10\/2023\/10\/IMG_2346-1568x1176.jpg 1568w, https:\/\/blog.vida.at\/pensionisten\/wp-content\/uploads\/sites\/10\/2023\/10\/IMG_2346.jpg 1800w\" sizes=\"auto, (max-width: 1024px) 100vw, 1024px\" \/><\/figure>\n\n\n\n<figure class=\"wp-block-image size-large\"><img loading=\"lazy\" decoding=\"async\" width=\"1024\" height=\"768\" data-id=\"7657\" src=\"https:\/\/blog.vida.at\/pensionisten\/wp-content\/uploads\/sites\/10\/2023\/10\/IMG_2348-1024x768.jpg\" alt=\"\" class=\"wp-image-7657\" srcset=\"https:\/\/blog.vida.at\/pensionisten\/wp-content\/uploads\/sites\/10\/2023\/10\/IMG_2348-1024x768.jpg 1024w, https:\/\/blog.vida.at\/pensionisten\/wp-content\/uploads\/sites\/10\/2023\/10\/IMG_2348-300x225.jpg 300w, https:\/\/blog.vida.at\/pensionisten\/wp-content\/uploads\/sites\/10\/2023\/10\/IMG_2348-768x576.jpg 768w, https:\/\/blog.vida.at\/pensionisten\/wp-content\/uploads\/sites\/10\/2023\/10\/IMG_2348-1536x1152.jpg 1536w, https:\/\/blog.vida.at\/pensionisten\/wp-content\/uploads\/sites\/10\/2023\/10\/IMG_2348-500x375.jpg 500w, https:\/\/blog.vida.at\/pensionisten\/wp-content\/uploads\/sites\/10\/2023\/10\/IMG_2348-800x600.jpg 800w, https:\/\/blog.vida.at\/pensionisten\/wp-content\/uploads\/sites\/10\/2023\/10\/IMG_2348-1280x960.jpg 1280w, https:\/\/blog.vida.at\/pensionisten\/wp-content\/uploads\/sites\/10\/2023\/10\/IMG_2348-1568x1176.jpg 1568w, https:\/\/blog.vida.at\/pensionisten\/wp-content\/uploads\/sites\/10\/2023\/10\/IMG_2348.jpg 1800w\" sizes=\"auto, (max-width: 1024px) 100vw, 1024px\" \/><\/figure>\n\n\n\n<figure class=\"wp-block-image size-large\"><img loading=\"lazy\" decoding=\"async\" width=\"1024\" height=\"768\" data-id=\"7659\" src=\"https:\/\/blog.vida.at\/pensionisten\/wp-content\/uploads\/sites\/10\/2023\/10\/IMG_2355-1024x768.jpg\" alt=\"\" class=\"wp-image-7659\" srcset=\"https:\/\/blog.vida.at\/pensionisten\/wp-content\/uploads\/sites\/10\/2023\/10\/IMG_2355-1024x768.jpg 1024w, https:\/\/blog.vida.at\/pensionisten\/wp-content\/uploads\/sites\/10\/2023\/10\/IMG_2355-300x225.jpg 300w, https:\/\/blog.vida.at\/pensionisten\/wp-content\/uploads\/sites\/10\/2023\/10\/IMG_2355-768x576.jpg 768w, https:\/\/blog.vida.at\/pensionisten\/wp-content\/uploads\/sites\/10\/2023\/10\/IMG_2355-1536x1152.jpg 1536w, https:\/\/blog.vida.at\/pensionisten\/wp-content\/uploads\/sites\/10\/2023\/10\/IMG_2355-500x375.jpg 500w, https:\/\/blog.vida.at\/pensionisten\/wp-content\/uploads\/sites\/10\/2023\/10\/IMG_2355-800x600.jpg 800w, https:\/\/blog.vida.at\/pensionisten\/wp-content\/uploads\/sites\/10\/2023\/10\/IMG_2355-1280x960.jpg 1280w, https:\/\/blog.vida.at\/pensionisten\/wp-content\/uploads\/sites\/10\/2023\/10\/IMG_2355-1568x1176.jpg 1568w, https:\/\/blog.vida.at\/pensionisten\/wp-content\/uploads\/sites\/10\/2023\/10\/IMG_2355.jpg 1800w\" sizes=\"auto, (max-width: 1024px) 100vw, 1024px\" \/><\/figure>\n\n\n\n<figure class=\"wp-block-image size-large\"><img loading=\"lazy\" decoding=\"async\" width=\"1024\" height=\"768\" data-id=\"7662\" src=\"https:\/\/blog.vida.at\/pensionisten\/wp-content\/uploads\/sites\/10\/2023\/10\/IMG_2352-1024x768.jpg\" alt=\"\" class=\"wp-image-7662\" srcset=\"https:\/\/blog.vida.at\/pensionisten\/wp-content\/uploads\/sites\/10\/2023\/10\/IMG_2352-1024x768.jpg 1024w, https:\/\/blog.vida.at\/pensionisten\/wp-content\/uploads\/sites\/10\/2023\/10\/IMG_2352-300x225.jpg 300w, https:\/\/blog.vida.at\/pensionisten\/wp-content\/uploads\/sites\/10\/2023\/10\/IMG_2352-768x576.jpg 768w, https:\/\/blog.vida.at\/pensionisten\/wp-content\/uploads\/sites\/10\/2023\/10\/IMG_2352-1536x1152.jpg 1536w, https:\/\/blog.vida.at\/pensionisten\/wp-content\/uploads\/sites\/10\/2023\/10\/IMG_2352-500x375.jpg 500w, https:\/\/blog.vida.at\/pensionisten\/wp-content\/uploads\/sites\/10\/2023\/10\/IMG_2352-800x600.jpg 800w, https:\/\/blog.vida.at\/pensionisten\/wp-content\/uploads\/sites\/10\/2023\/10\/IMG_2352-1280x960.jpg 1280w, https:\/\/blog.vida.at\/pensionisten\/wp-content\/uploads\/sites\/10\/2023\/10\/IMG_2352-1568x1176.jpg 1568w, https:\/\/blog.vida.at\/pensionisten\/wp-content\/uploads\/sites\/10\/2023\/10\/IMG_2352.jpg 1800w\" sizes=\"auto, (max-width: 1024px) 100vw, 1024px\" \/><\/figure>\n\n\n\n<figure class=\"wp-block-image size-large\"><img loading=\"lazy\" decoding=\"async\" width=\"1024\" height=\"768\" data-id=\"7661\" src=\"https:\/\/blog.vida.at\/pensionisten\/wp-content\/uploads\/sites\/10\/2023\/10\/IMG_2357-1024x768.jpg\" alt=\"\" class=\"wp-image-7661\" srcset=\"https:\/\/blog.vida.at\/pensionisten\/wp-content\/uploads\/sites\/10\/2023\/10\/IMG_2357-1024x768.jpg 1024w, https:\/\/blog.vida.at\/pensionisten\/wp-content\/uploads\/sites\/10\/2023\/10\/IMG_2357-300x225.jpg 300w, https:\/\/blog.vida.at\/pensionisten\/wp-content\/uploads\/sites\/10\/2023\/10\/IMG_2357-768x576.jpg 768w, https:\/\/blog.vida.at\/pensionisten\/wp-content\/uploads\/sites\/10\/2023\/10\/IMG_2357-1536x1152.jpg 1536w, https:\/\/blog.vida.at\/pensionisten\/wp-content\/uploads\/sites\/10\/2023\/10\/IMG_2357-500x375.jpg 500w, https:\/\/blog.vida.at\/pensionisten\/wp-content\/uploads\/sites\/10\/2023\/10\/IMG_2357-800x600.jpg 800w, https:\/\/blog.vida.at\/pensionisten\/wp-content\/uploads\/sites\/10\/2023\/10\/IMG_2357-1280x960.jpg 1280w, https:\/\/blog.vida.at\/pensionisten\/wp-content\/uploads\/sites\/10\/2023\/10\/IMG_2357-1568x1176.jpg 1568w, https:\/\/blog.vida.at\/pensionisten\/wp-content\/uploads\/sites\/10\/2023\/10\/IMG_2357.jpg 1800w\" sizes=\"auto, (max-width: 1024px) 100vw, 1024px\" \/><\/figure>\n\n\n\n<figure class=\"wp-block-image size-large\"><img loading=\"lazy\" decoding=\"async\" width=\"1024\" height=\"768\" data-id=\"7667\" src=\"https:\/\/blog.vida.at\/pensionisten\/wp-content\/uploads\/sites\/10\/2023\/10\/IMG_2359-1024x768.jpg\" alt=\"\" class=\"wp-image-7667\" srcset=\"https:\/\/blog.vida.at\/pensionisten\/wp-content\/uploads\/sites\/10\/2023\/10\/IMG_2359-1024x768.jpg 1024w, https:\/\/blog.vida.at\/pensionisten\/wp-content\/uploads\/sites\/10\/2023\/10\/IMG_2359-300x225.jpg 300w, https:\/\/blog.vida.at\/pensionisten\/wp-content\/uploads\/sites\/10\/2023\/10\/IMG_2359-768x576.jpg 768w, https:\/\/blog.vida.at\/pensionisten\/wp-content\/uploads\/sites\/10\/2023\/10\/IMG_2359-1536x1152.jpg 1536w, https:\/\/blog.vida.at\/pensionisten\/wp-content\/uploads\/sites\/10\/2023\/10\/IMG_2359-500x375.jpg 500w, https:\/\/blog.vida.at\/pensionisten\/wp-content\/uploads\/sites\/10\/2023\/10\/IMG_2359-800x600.jpg 800w, https:\/\/blog.vida.at\/pensionisten\/wp-content\/uploads\/sites\/10\/2023\/10\/IMG_2359-1280x960.jpg 1280w, https:\/\/blog.vida.at\/pensionisten\/wp-content\/uploads\/sites\/10\/2023\/10\/IMG_2359-1568x1176.jpg 1568w, https:\/\/blog.vida.at\/pensionisten\/wp-content\/uploads\/sites\/10\/2023\/10\/IMG_2359.jpg 1800w\" sizes=\"auto, (max-width: 1024px) 100vw, 1024px\" \/><\/figure>\n\n\n\n<figure class=\"wp-block-image size-large\"><img loading=\"lazy\" decoding=\"async\" width=\"1024\" height=\"768\" data-id=\"7663\" src=\"https:\/\/blog.vida.at\/pensionisten\/wp-content\/uploads\/sites\/10\/2023\/10\/IMG_2358-1024x768.jpg\" alt=\"\" class=\"wp-image-7663\" srcset=\"https:\/\/blog.vida.at\/pensionisten\/wp-content\/uploads\/sites\/10\/2023\/10\/IMG_2358-1024x768.jpg 1024w, https:\/\/blog.vida.at\/pensionisten\/wp-content\/uploads\/sites\/10\/2023\/10\/IMG_2358-300x225.jpg 300w, https:\/\/blog.vida.at\/pensionisten\/wp-content\/uploads\/sites\/10\/2023\/10\/IMG_2358-768x576.jpg 768w, https:\/\/blog.vida.at\/pensionisten\/wp-content\/uploads\/sites\/10\/2023\/10\/IMG_2358-1536x1152.jpg 1536w, https:\/\/blog.vida.at\/pensionisten\/wp-content\/uploads\/sites\/10\/2023\/10\/IMG_2358-500x375.jpg 500w, https:\/\/blog.vida.at\/pensionisten\/wp-content\/uploads\/sites\/10\/2023\/10\/IMG_2358-800x600.jpg 800w, https:\/\/blog.vida.at\/pensionisten\/wp-content\/uploads\/sites\/10\/2023\/10\/IMG_2358-1280x960.jpg 1280w, https:\/\/blog.vida.at\/pensionisten\/wp-content\/uploads\/sites\/10\/2023\/10\/IMG_2358-1568x1176.jpg 1568w, https:\/\/blog.vida.at\/pensionisten\/wp-content\/uploads\/sites\/10\/2023\/10\/IMG_2358.jpg 1800w\" sizes=\"auto, (max-width: 1024px) 100vw, 1024px\" \/><\/figure>\n\n\n\n<figure class=\"wp-block-image size-large\"><img loading=\"lazy\" decoding=\"async\" width=\"1024\" height=\"768\" data-id=\"7665\" src=\"https:\/\/blog.vida.at\/pensionisten\/wp-content\/uploads\/sites\/10\/2023\/10\/IMG_2385-1024x768.jpg\" alt=\"\" class=\"wp-image-7665\" srcset=\"https:\/\/blog.vida.at\/pensionisten\/wp-content\/uploads\/sites\/10\/2023\/10\/IMG_2385-1024x768.jpg 1024w, https:\/\/blog.vida.at\/pensionisten\/wp-content\/uploads\/sites\/10\/2023\/10\/IMG_2385-300x225.jpg 300w, https:\/\/blog.vida.at\/pensionisten\/wp-content\/uploads\/sites\/10\/2023\/10\/IMG_2385-768x576.jpg 768w, https:\/\/blog.vida.at\/pensionisten\/wp-content\/uploads\/sites\/10\/2023\/10\/IMG_2385-1536x1152.jpg 1536w, https:\/\/blog.vida.at\/pensionisten\/wp-content\/uploads\/sites\/10\/2023\/10\/IMG_2385-500x375.jpg 500w, https:\/\/blog.vida.at\/pensionisten\/wp-content\/uploads\/sites\/10\/2023\/10\/IMG_2385-800x600.jpg 800w, https:\/\/blog.vida.at\/pensionisten\/wp-content\/uploads\/sites\/10\/2023\/10\/IMG_2385-1280x960.jpg 1280w, https:\/\/blog.vida.at\/pensionisten\/wp-content\/uploads\/sites\/10\/2023\/10\/IMG_2385-1568x1176.jpg 1568w, https:\/\/blog.vida.at\/pensionisten\/wp-content\/uploads\/sites\/10\/2023\/10\/IMG_2385.jpg 1800w\" sizes=\"auto, (max-width: 1024px) 100vw, 1024px\" \/><\/figure>\n\n\n\n<figure class=\"wp-block-image size-large\"><img loading=\"lazy\" decoding=\"async\" width=\"1024\" height=\"768\" data-id=\"7666\" src=\"https:\/\/blog.vida.at\/pensionisten\/wp-content\/uploads\/sites\/10\/2023\/10\/IMG_2393-1024x768.jpg\" alt=\"\" class=\"wp-image-7666\" srcset=\"https:\/\/blog.vida.at\/pensionisten\/wp-content\/uploads\/sites\/10\/2023\/10\/IMG_2393-1024x768.jpg 1024w, https:\/\/blog.vida.at\/pensionisten\/wp-content\/uploads\/sites\/10\/2023\/10\/IMG_2393-300x225.jpg 300w, https:\/\/blog.vida.at\/pensionisten\/wp-content\/uploads\/sites\/10\/2023\/10\/IMG_2393-768x576.jpg 768w, https:\/\/blog.vida.at\/pensionisten\/wp-content\/uploads\/sites\/10\/2023\/10\/IMG_2393-1536x1152.jpg 1536w, https:\/\/blog.vida.at\/pensionisten\/wp-content\/uploads\/sites\/10\/2023\/10\/IMG_2393-500x375.jpg 500w, https:\/\/blog.vida.at\/pensionisten\/wp-content\/uploads\/sites\/10\/2023\/10\/IMG_2393-800x600.jpg 800w, https:\/\/blog.vida.at\/pensionisten\/wp-content\/uploads\/sites\/10\/2023\/10\/IMG_2393-1280x960.jpg 1280w, https:\/\/blog.vida.at\/pensionisten\/wp-content\/uploads\/sites\/10\/2023\/10\/IMG_2393-1568x1176.jpg 1568w, https:\/\/blog.vida.at\/pensionisten\/wp-content\/uploads\/sites\/10\/2023\/10\/IMG_2393.jpg 1800w\" sizes=\"auto, (max-width: 1024px) 100vw, 1024px\" \/><\/figure>\n\n\n\n<figure class=\"wp-block-image size-large\"><img loading=\"lazy\" decoding=\"async\" width=\"1024\" height=\"768\" data-id=\"7664\" src=\"https:\/\/blog.vida.at\/pensionisten\/wp-content\/uploads\/sites\/10\/2023\/10\/IMG_2397-1024x768.jpg\" alt=\"\" class=\"wp-image-7664\" srcset=\"https:\/\/blog.vida.at\/pensionisten\/wp-content\/uploads\/sites\/10\/2023\/10\/IMG_2397-1024x768.jpg 1024w, https:\/\/blog.vida.at\/pensionisten\/wp-content\/uploads\/sites\/10\/2023\/10\/IMG_2397-300x225.jpg 300w, https:\/\/blog.vida.at\/pensionisten\/wp-content\/uploads\/sites\/10\/2023\/10\/IMG_2397-768x576.jpg 768w, https:\/\/blog.vida.at\/pensionisten\/wp-content\/uploads\/sites\/10\/2023\/10\/IMG_2397-1536x1152.jpg 1536w, https:\/\/blog.vida.at\/pensionisten\/wp-content\/uploads\/sites\/10\/2023\/10\/IMG_2397-500x375.jpg 500w, https:\/\/blog.vida.at\/pensionisten\/wp-content\/uploads\/sites\/10\/2023\/10\/IMG_2397-800x600.jpg 800w, https:\/\/blog.vida.at\/pensionisten\/wp-content\/uploads\/sites\/10\/2023\/10\/IMG_2397-1280x960.jpg 1280w, https:\/\/blog.vida.at\/pensionisten\/wp-content\/uploads\/sites\/10\/2023\/10\/IMG_2397-1568x1176.jpg 1568w, https:\/\/blog.vida.at\/pensionisten\/wp-content\/uploads\/sites\/10\/2023\/10\/IMG_2397.jpg 1800w\" sizes=\"auto, (max-width: 1024px) 100vw, 1024px\" \/><\/figure>\n\n\n\n<figure class=\"wp-block-image size-large\"><img loading=\"lazy\" decoding=\"async\" width=\"1024\" height=\"768\" data-id=\"7660\" src=\"https:\/\/blog.vida.at\/pensionisten\/wp-content\/uploads\/sites\/10\/2023\/10\/IMG_2394-1024x768.jpg\" alt=\"\" class=\"wp-image-7660\" srcset=\"https:\/\/blog.vida.at\/pensionisten\/wp-content\/uploads\/sites\/10\/2023\/10\/IMG_2394-1024x768.jpg 1024w, https:\/\/blog.vida.at\/pensionisten\/wp-content\/uploads\/sites\/10\/2023\/10\/IMG_2394-300x225.jpg 300w, https:\/\/blog.vida.at\/pensionisten\/wp-content\/uploads\/sites\/10\/2023\/10\/IMG_2394-768x576.jpg 768w, https:\/\/blog.vida.at\/pensionisten\/wp-content\/uploads\/sites\/10\/2023\/10\/IMG_2394-1536x1152.jpg 1536w, https:\/\/blog.vida.at\/pensionisten\/wp-content\/uploads\/sites\/10\/2023\/10\/IMG_2394-500x375.jpg 500w, https:\/\/blog.vida.at\/pensionisten\/wp-content\/uploads\/sites\/10\/2023\/10\/IMG_2394-800x600.jpg 800w, https:\/\/blog.vida.at\/pensionisten\/wp-content\/uploads\/sites\/10\/2023\/10\/IMG_2394-1280x960.jpg 1280w, https:\/\/blog.vida.at\/pensionisten\/wp-content\/uploads\/sites\/10\/2023\/10\/IMG_2394-1568x1176.jpg 1568w, https:\/\/blog.vida.at\/pensionisten\/wp-content\/uploads\/sites\/10\/2023\/10\/IMG_2394.jpg 1800w\" sizes=\"auto, (max-width: 1024px) 100vw, 1024px\" \/><\/figure>\n\n\n\n<figure class=\"wp-block-image size-large\"><img loading=\"lazy\" decoding=\"async\" width=\"1024\" height=\"768\" data-id=\"7668\" src=\"https:\/\/blog.vida.at\/pensionisten\/wp-content\/uploads\/sites\/10\/2023\/10\/IMG_2401-1024x768.jpg\" alt=\"\" class=\"wp-image-7668\" srcset=\"https:\/\/blog.vida.at\/pensionisten\/wp-content\/uploads\/sites\/10\/2023\/10\/IMG_2401-1024x768.jpg 1024w, https:\/\/blog.vida.at\/pensionisten\/wp-content\/uploads\/sites\/10\/2023\/10\/IMG_2401-300x225.jpg 300w, https:\/\/blog.vida.at\/pensionisten\/wp-content\/uploads\/sites\/10\/2023\/10\/IMG_2401-768x576.jpg 768w, https:\/\/blog.vida.at\/pensionisten\/wp-content\/uploads\/sites\/10\/2023\/10\/IMG_2401-1536x1152.jpg 1536w, https:\/\/blog.vida.at\/pensionisten\/wp-content\/uploads\/sites\/10\/2023\/10\/IMG_2401-500x375.jpg 500w, https:\/\/blog.vida.at\/pensionisten\/wp-content\/uploads\/sites\/10\/2023\/10\/IMG_2401-800x600.jpg 800w, https:\/\/blog.vida.at\/pensionisten\/wp-content\/uploads\/sites\/10\/2023\/10\/IMG_2401-1280x960.jpg 1280w, https:\/\/blog.vida.at\/pensionisten\/wp-content\/uploads\/sites\/10\/2023\/10\/IMG_2401-1568x1176.jpg 1568w, https:\/\/blog.vida.at\/pensionisten\/wp-content\/uploads\/sites\/10\/2023\/10\/IMG_2401.jpg 1800w\" sizes=\"auto, (max-width: 1024px) 100vw, 1024px\" \/><\/figure>\n\n\n\n<figure class=\"wp-block-image size-large\"><img loading=\"lazy\" decoding=\"async\" width=\"1024\" height=\"768\" data-id=\"7673\" src=\"https:\/\/blog.vida.at\/pensionisten\/wp-content\/uploads\/sites\/10\/2023\/10\/IMG_2412-1024x768.jpg\" alt=\"\" class=\"wp-image-7673\" srcset=\"https:\/\/blog.vida.at\/pensionisten\/wp-content\/uploads\/sites\/10\/2023\/10\/IMG_2412-1024x768.jpg 1024w, https:\/\/blog.vida.at\/pensionisten\/wp-content\/uploads\/sites\/10\/2023\/10\/IMG_2412-300x225.jpg 300w, https:\/\/blog.vida.at\/pensionisten\/wp-content\/uploads\/sites\/10\/2023\/10\/IMG_2412-768x576.jpg 768w, https:\/\/blog.vida.at\/pensionisten\/wp-content\/uploads\/sites\/10\/2023\/10\/IMG_2412-1536x1152.jpg 1536w, https:\/\/blog.vida.at\/pensionisten\/wp-content\/uploads\/sites\/10\/2023\/10\/IMG_2412-500x375.jpg 500w, https:\/\/blog.vida.at\/pensionisten\/wp-content\/uploads\/sites\/10\/2023\/10\/IMG_2412-800x600.jpg 800w, https:\/\/blog.vida.at\/pensionisten\/wp-content\/uploads\/sites\/10\/2023\/10\/IMG_2412-1280x960.jpg 1280w, https:\/\/blog.vida.at\/pensionisten\/wp-content\/uploads\/sites\/10\/2023\/10\/IMG_2412-1568x1176.jpg 1568w, https:\/\/blog.vida.at\/pensionisten\/wp-content\/uploads\/sites\/10\/2023\/10\/IMG_2412.jpg 1800w\" sizes=\"auto, (max-width: 1024px) 100vw, 1024px\" \/><\/figure>\n\n\n\n<figure class=\"wp-block-image size-large\"><img loading=\"lazy\" decoding=\"async\" width=\"1024\" height=\"768\" data-id=\"7669\" src=\"https:\/\/blog.vida.at\/pensionisten\/wp-content\/uploads\/sites\/10\/2023\/10\/IMG_2408-1024x768.jpg\" alt=\"\" class=\"wp-image-7669\" srcset=\"https:\/\/blog.vida.at\/pensionisten\/wp-content\/uploads\/sites\/10\/2023\/10\/IMG_2408-1024x768.jpg 1024w, https:\/\/blog.vida.at\/pensionisten\/wp-content\/uploads\/sites\/10\/2023\/10\/IMG_2408-300x225.jpg 300w, https:\/\/blog.vida.at\/pensionisten\/wp-content\/uploads\/sites\/10\/2023\/10\/IMG_2408-768x576.jpg 768w, https:\/\/blog.vida.at\/pensionisten\/wp-content\/uploads\/sites\/10\/2023\/10\/IMG_2408-1536x1152.jpg 1536w, https:\/\/blog.vida.at\/pensionisten\/wp-content\/uploads\/sites\/10\/2023\/10\/IMG_2408-500x375.jpg 500w, https:\/\/blog.vida.at\/pensionisten\/wp-content\/uploads\/sites\/10\/2023\/10\/IMG_2408-800x600.jpg 800w, https:\/\/blog.vida.at\/pensionisten\/wp-content\/uploads\/sites\/10\/2023\/10\/IMG_2408-1280x960.jpg 1280w, https:\/\/blog.vida.at\/pensionisten\/wp-content\/uploads\/sites\/10\/2023\/10\/IMG_2408-1568x1176.jpg 1568w, https:\/\/blog.vida.at\/pensionisten\/wp-content\/uploads\/sites\/10\/2023\/10\/IMG_2408.jpg 1800w\" sizes=\"auto, (max-width: 1024px) 100vw, 1024px\" \/><\/figure>\n<\/figure>\n<\/div><\/div>\n","protected":false},"excerpt":{"rendered":"<p>Das war die Autobusfahrt der OG Meidling\/Simmering am 11. Oktober.<\/p>\n","protected":false},"author":8,"featured_media":7674,"comment_status":"open","ping_status":"open","sticky":false,"template":"","format":"standard","meta":{"_uag_custom_page_level_css":"","advgb_blocks_editor_width":"","advgb_blocks_columns_visual_guide":"","footnotes":""},"categories":[1,49,50],"tags":[],"Orte":[],"activitytype":[],"class_list":["post-7360","post","type-post","status-publish","format-standard","has-post-thumbnail","hentry","category-allgemein","category-ortsgruppen","category-wien","entry"],"featured_image_urls":{"full":["https:\/\/blog.vida.at\/pensionisten\/wp-content\/uploads\/sites\/10\/2023\/09\/IMG_2341.jpg",1800,1200,false],"thumbnail":["https:\/\/blog.vida.at\/pensionisten\/wp-content\/uploads\/sites\/10\/2023\/09\/IMG_2341-150x150.jpg",150,150,true],"medium":["https:\/\/blog.vida.at\/pensionisten\/wp-content\/uploads\/sites\/10\/2023\/09\/IMG_2341-300x200.jpg",300,200,true],"medium_large":["https:\/\/blog.vida.at\/pensionisten\/wp-content\/uploads\/sites\/10\/2023\/09\/IMG_2341-768x512.jpg",640,427,true],"large":["https:\/\/blog.vida.at\/pensionisten\/wp-content\/uploads\/sites\/10\/2023\/09\/IMG_2341-1024x683.jpg",640,427,true],"1536x1536":["https:\/\/blog.vida.at\/pensionisten\/wp-content\/uploads\/sites\/10\/2023\/09\/IMG_2341-1536x1024.jpg",1536,1024,true],"2048x2048":["https:\/\/blog.vida.at\/pensionisten\/wp-content\/uploads\/sites\/10\/2023\/09\/IMG_2341.jpg",1800,1200,false],"ab-block-post-grid-landscape":["https:\/\/blog.vida.at\/pensionisten\/wp-content\/uploads\/sites\/10\/2023\/09\/IMG_2341-600x400.jpg",600,400,true],"ab-block-post-grid-square":["https:\/\/blog.vida.at\/pensionisten\/wp-content\/uploads\/sites\/10\/2023\/09\/IMG_2341-600x600.jpg",600,600,true],"post-thumbnail":["https:\/\/blog.vida.at\/pensionisten\/wp-content\/uploads\/sites\/10\/2023\/09\/IMG_2341-1568x1045.jpg",1568,1045,true],"awb_sm":["https:\/\/blog.vida.at\/pensionisten\/wp-content\/uploads\/sites\/10\/2023\/09\/IMG_2341-500x333.jpg",500,333,true],"awb_md":["https:\/\/blog.vida.at\/pensionisten\/wp-content\/uploads\/sites\/10\/2023\/09\/IMG_2341-800x533.jpg",800,533,true],"awb_lg":["https:\/\/blog.vida.at\/pensionisten\/wp-content\/uploads\/sites\/10\/2023\/09\/IMG_2341-1280x853.jpg",1280,853,true],"awb_xl":["https:\/\/blog.vida.at\/pensionisten\/wp-content\/uploads\/sites\/10\/2023\/09\/IMG_2341.jpg",1800,1200,false]},"post_excerpt_stackable":"<p>Das war die Autobusfahrt der OG Meidling\/Simmering am 11. Oktober. Die OG Meidling\/Simmering lud am 11. Oktober 2023 zu einer Autobusfahrt zum &#8222;Wasserschluss Burgau&#8220; ein. Das ehemalige Wasserschloss &#8222;Burg in der Au&#8220; wurde erstmals im Jahr 1367 unter der Herrschaft der Herren von Puchheim urkundlich erw\u00e4hnt. Die mit einem breiten Wassergraben befestigte wehrhafte Anlage war eine strategisch \u00e4u\u00dferst wichtige Grenzfestung gegen die andauernde Bedrohung aus dem Osten. Wir freuen uns auf den n\u00e4chsten gemeinsamen Ausflug mit dir! Hier findest du ein paar Impressionen von unserer Autobusfahrt.<\/p>\n","category_list":"<a href=\"https:\/\/blog.vida.at\/pensionisten\/category\/allgemein\/\" rel=\"category tag\">Allgemein<\/a>, <a href=\"https:\/\/blog.vida.at\/pensionisten\/category\/ortsgruppen\/\" rel=\"category tag\">Ortsgruppen<\/a>, <a href=\"https:\/\/blog.vida.at\/pensionisten\/category\/ortsgruppen\/wien\/\" rel=\"category tag\">Wien<\/a>","author_info":{"display_name":"mariontobola","author_link":"https:\/\/blog.vida.at\/pensionisten\/author\/mariontobola\/"},"comments_num":"0 comments","featured_image_urls_v2":{"full":["https:\/\/blog.vida.at\/pensionisten\/wp-content\/uploads\/sites\/10\/2023\/09\/IMG_2341.jpg",1800,1200,false],"thumbnail":["https:\/\/blog.vida.at\/pensionisten\/wp-content\/uploads\/sites\/10\/2023\/09\/IMG_2341-150x150.jpg",150,150,true],"medium":["https:\/\/blog.vida.at\/pensionisten\/wp-content\/uploads\/sites\/10\/2023\/09\/IMG_2341-300x200.jpg",300,200,true],"medium_large":["https:\/\/blog.vida.at\/pensionisten\/wp-content\/uploads\/sites\/10\/2023\/09\/IMG_2341-768x512.jpg",640,427,true],"large":["https:\/\/blog.vida.at\/pensionisten\/wp-content\/uploads\/sites\/10\/2023\/09\/IMG_2341-1024x683.jpg",640,427,true],"1536x1536":["https:\/\/blog.vida.at\/pensionisten\/wp-content\/uploads\/sites\/10\/2023\/09\/IMG_2341-1536x1024.jpg",1536,1024,true],"2048x2048":["https:\/\/blog.vida.at\/pensionisten\/wp-content\/uploads\/sites\/10\/2023\/09\/IMG_2341.jpg",1800,1200,false],"ab-block-post-grid-landscape":["https:\/\/blog.vida.at\/pensionisten\/wp-content\/uploads\/sites\/10\/2023\/09\/IMG_2341-600x400.jpg",600,400,true],"ab-block-post-grid-square":["https:\/\/blog.vida.at\/pensionisten\/wp-content\/uploads\/sites\/10\/2023\/09\/IMG_2341-600x600.jpg",600,600,true],"post-thumbnail":["https:\/\/blog.vida.at\/pensionisten\/wp-content\/uploads\/sites\/10\/2023\/09\/IMG_2341-1568x1045.jpg",1568,1045,true],"awb_sm":["https:\/\/blog.vida.at\/pensionisten\/wp-content\/uploads\/sites\/10\/2023\/09\/IMG_2341-500x333.jpg",500,333,true],"awb_md":["https:\/\/blog.vida.at\/pensionisten\/wp-content\/uploads\/sites\/10\/2023\/09\/IMG_2341-800x533.jpg",800,533,true],"awb_lg":["https:\/\/blog.vida.at\/pensionisten\/wp-content\/uploads\/sites\/10\/2023\/09\/IMG_2341-1280x853.jpg",1280,853,true],"awb_xl":["https:\/\/blog.vida.at\/pensionisten\/wp-content\/uploads\/sites\/10\/2023\/09\/IMG_2341.jpg",1800,1200,false]},"post_excerpt_stackable_v2":"<p>Das war die Autobusfahrt der OG Meidling\/Simmering am 11. Oktober. Die OG Meidling\/Simmering lud am 11. Oktober 2023 zu einer Autobusfahrt zum &#8222;Wasserschluss Burgau&#8220; ein. Das ehemalige Wasserschloss &#8222;Burg in der Au&#8220; wurde erstmals im Jahr 1367 unter der Herrschaft der Herren von Puchheim urkundlich erw\u00e4hnt. Die mit einem breiten Wassergraben befestigte wehrhafte Anlage war eine strategisch \u00e4u\u00dferst wichtige Grenzfestung gegen die andauernde Bedrohung aus dem Osten. Wir freuen uns auf den n\u00e4chsten gemeinsamen Ausflug mit dir! Hier findest du ein paar Impressionen von unserer Autobusfahrt.<\/p>\n","category_list_v2":"<a href=\"https:\/\/blog.vida.at\/pensionisten\/category\/allgemein\/\" rel=\"category tag\">Allgemein<\/a>, <a href=\"https:\/\/blog.vida.at\/pensionisten\/category\/ortsgruppen\/\" rel=\"category tag\">Ortsgruppen<\/a>, <a href=\"https:\/\/blog.vida.at\/pensionisten\/category\/ortsgruppen\/wien\/\" rel=\"category tag\">Wien<\/a>","author_info_v2":{"name":"mariontobola","url":"https:\/\/blog.vida.at\/pensionisten\/author\/mariontobola\/"},"comments_num_v2":"0 comments","yoast_head":"<!-- This site is optimized with the Yoast SEO plugin v27.3 - https:\/\/yoast.com\/product\/yoast-seo-wordpress\/ -->\n<title>Gemeinsam zum Wasserschloss Burgau<\/title>\n<meta name=\"robots\" content=\"index, follow, max-snippet:-1, max-image-preview:large, max-video-preview:-1\" \/>\n<link rel=\"canonical\" href=\"https:\/\/blog.vida.at\/pensionisten\/2023\/10\/23\/gemeinsam-zum-wasserschloss-burgau\/\" \/>\n<meta property=\"og:locale\" content=\"de_DE\" \/>\n<meta property=\"og:type\" content=\"article\" \/>\n<meta property=\"og:title\" content=\"Gemeinsam zum Wasserschloss Burgau\" \/>\n<meta property=\"og:description\" content=\"Das war die Autobusfahrt der OG Meidling\/Simmering am 11. Oktober.\" \/>\n<meta property=\"og:url\" content=\"https:\/\/blog.vida.at\/pensionisten\/2023\/10\/23\/gemeinsam-zum-wasserschloss-burgau\/\" \/>\n<meta property=\"og:site_name\" content=\"vida Pensionisten\" \/>\n<meta property=\"article:published_time\" content=\"2023-10-23T11:38:26+00:00\" \/>\n<meta property=\"article:modified_time\" content=\"2023-10-23T13:46:54+00:00\" \/>\n<meta property=\"og:image\" content=\"https:\/\/blog.vida.at\/pensionisten\/wp-content\/uploads\/sites\/10\/2023\/09\/IMG_2341.jpg\" \/>\n\t<meta property=\"og:image:width\" content=\"1800\" \/>\n\t<meta property=\"og:image:height\" content=\"1200\" \/>\n\t<meta property=\"og:image:type\" content=\"image\/jpeg\" \/>\n<meta name=\"author\" content=\"mariontobola\" \/>\n<meta name=\"twitter:card\" content=\"summary_large_image\" \/>\n<meta name=\"twitter:label1\" content=\"Verfasst von\" \/>\n\t<meta name=\"twitter:data1\" content=\"mariontobola\" \/>\n\t<meta name=\"twitter:label2\" content=\"Gesch\u00e4tzte Lesezeit\" \/>\n\t<meta name=\"twitter:data2\" content=\"5\u00a0Minuten\" \/>\n<script type=\"application\/ld+json\" class=\"yoast-schema-graph\">{\"@context\":\"https:\\\/\\\/schema.org\",\"@graph\":[{\"@type\":\"Article\",\"@id\":\"https:\\\/\\\/blog.vida.at\\\/pensionisten\\\/2023\\\/10\\\/23\\\/gemeinsam-zum-wasserschloss-burgau\\\/#article\",\"isPartOf\":{\"@id\":\"https:\\\/\\\/blog.vida.at\\\/pensionisten\\\/2023\\\/10\\\/23\\\/gemeinsam-zum-wasserschloss-burgau\\\/\"},\"author\":{\"name\":\"mariontobola\",\"@id\":\"https:\\\/\\\/blog.vida.at\\\/pensionisten\\\/#\\\/schema\\\/person\\\/88cee3ee93b9afdc51c92f5f63f38b8a\"},\"headline\":\"Gemeinsam zum Wasserschloss Burgau\",\"datePublished\":\"2023-10-23T11:38:26+00:00\",\"dateModified\":\"2023-10-23T13:46:54+00:00\",\"mainEntityOfPage\":{\"@id\":\"https:\\\/\\\/blog.vida.at\\\/pensionisten\\\/2023\\\/10\\\/23\\\/gemeinsam-zum-wasserschloss-burgau\\\/\"},\"wordCount\":91,\"commentCount\":0,\"image\":{\"@id\":\"https:\\\/\\\/blog.vida.at\\\/pensionisten\\\/2023\\\/10\\\/23\\\/gemeinsam-zum-wasserschloss-burgau\\\/#primaryimage\"},\"thumbnailUrl\":\"https:\\\/\\\/blog.vida.at\\\/pensionisten\\\/wp-content\\\/uploads\\\/sites\\\/10\\\/2023\\\/09\\\/IMG_2341.jpg\",\"articleSection\":{\"1\":\"Ortsgruppen\",\"2\":\"Wien\"},\"inLanguage\":\"de\",\"potentialAction\":[{\"@type\":\"CommentAction\",\"name\":\"Comment\",\"target\":[\"https:\\\/\\\/blog.vida.at\\\/pensionisten\\\/2023\\\/10\\\/23\\\/gemeinsam-zum-wasserschloss-burgau\\\/#respond\"]}]},{\"@type\":\"WebPage\",\"@id\":\"https:\\\/\\\/blog.vida.at\\\/pensionisten\\\/2023\\\/10\\\/23\\\/gemeinsam-zum-wasserschloss-burgau\\\/\",\"url\":\"https:\\\/\\\/blog.vida.at\\\/pensionisten\\\/2023\\\/10\\\/23\\\/gemeinsam-zum-wasserschloss-burgau\\\/\",\"name\":\"Gemeinsam zum Wasserschloss Burgau\",\"isPartOf\":{\"@id\":\"https:\\\/\\\/blog.vida.at\\\/pensionisten\\\/#website\"},\"primaryImageOfPage\":{\"@id\":\"https:\\\/\\\/blog.vida.at\\\/pensionisten\\\/2023\\\/10\\\/23\\\/gemeinsam-zum-wasserschloss-burgau\\\/#primaryimage\"},\"image\":{\"@id\":\"https:\\\/\\\/blog.vida.at\\\/pensionisten\\\/2023\\\/10\\\/23\\\/gemeinsam-zum-wasserschloss-burgau\\\/#primaryimage\"},\"thumbnailUrl\":\"https:\\\/\\\/blog.vida.at\\\/pensionisten\\\/wp-content\\\/uploads\\\/sites\\\/10\\\/2023\\\/09\\\/IMG_2341.jpg\",\"datePublished\":\"2023-10-23T11:38:26+00:00\",\"dateModified\":\"2023-10-23T13:46:54+00:00\",\"author\":{\"@id\":\"https:\\\/\\\/blog.vida.at\\\/pensionisten\\\/#\\\/schema\\\/person\\\/88cee3ee93b9afdc51c92f5f63f38b8a\"},\"breadcrumb\":{\"@id\":\"https:\\\/\\\/blog.vida.at\\\/pensionisten\\\/2023\\\/10\\\/23\\\/gemeinsam-zum-wasserschloss-burgau\\\/#breadcrumb\"},\"inLanguage\":\"de\",\"potentialAction\":[{\"@type\":\"ReadAction\",\"target\":[\"https:\\\/\\\/blog.vida.at\\\/pensionisten\\\/2023\\\/10\\\/23\\\/gemeinsam-zum-wasserschloss-burgau\\\/\"]}]},{\"@type\":\"ImageObject\",\"inLanguage\":\"de\",\"@id\":\"https:\\\/\\\/blog.vida.at\\\/pensionisten\\\/2023\\\/10\\\/23\\\/gemeinsam-zum-wasserschloss-burgau\\\/#primaryimage\",\"url\":\"https:\\\/\\\/blog.vida.at\\\/pensionisten\\\/wp-content\\\/uploads\\\/sites\\\/10\\\/2023\\\/09\\\/IMG_2341.jpg\",\"contentUrl\":\"https:\\\/\\\/blog.vida.at\\\/pensionisten\\\/wp-content\\\/uploads\\\/sites\\\/10\\\/2023\\\/09\\\/IMG_2341.jpg\",\"width\":1800,\"height\":1200},{\"@type\":\"BreadcrumbList\",\"@id\":\"https:\\\/\\\/blog.vida.at\\\/pensionisten\\\/2023\\\/10\\\/23\\\/gemeinsam-zum-wasserschloss-burgau\\\/#breadcrumb\",\"itemListElement\":[{\"@type\":\"ListItem\",\"position\":1,\"name\":\"Startseite\",\"item\":\"https:\\\/\\\/blog.vida.at\\\/pensionisten\\\/\"},{\"@type\":\"ListItem\",\"position\":2,\"name\":\"Gemeinsam zum Wasserschloss Burgau\"}]},{\"@type\":\"WebSite\",\"@id\":\"https:\\\/\\\/blog.vida.at\\\/pensionisten\\\/#website\",\"url\":\"https:\\\/\\\/blog.vida.at\\\/pensionisten\\\/\",\"name\":\"vida Pensionisten\",\"description\":\"\",\"potentialAction\":[{\"@type\":\"SearchAction\",\"target\":{\"@type\":\"EntryPoint\",\"urlTemplate\":\"https:\\\/\\\/blog.vida.at\\\/pensionisten\\\/?s={search_term_string}\"},\"query-input\":{\"@type\":\"PropertyValueSpecification\",\"valueRequired\":true,\"valueName\":\"search_term_string\"}}],\"inLanguage\":\"de\"},{\"@type\":\"Person\",\"@id\":\"https:\\\/\\\/blog.vida.at\\\/pensionisten\\\/#\\\/schema\\\/person\\\/88cee3ee93b9afdc51c92f5f63f38b8a\",\"name\":\"mariontobola\",\"image\":{\"@type\":\"ImageObject\",\"inLanguage\":\"de\",\"@id\":\"https:\\\/\\\/secure.gravatar.com\\\/avatar\\\/5d2c516985e4eda61bca05bd3b4359b4358135bd1e1a5b08c539e9cd1edd6528?s=96&d=mm&r=g\",\"url\":\"https:\\\/\\\/secure.gravatar.com\\\/avatar\\\/5d2c516985e4eda61bca05bd3b4359b4358135bd1e1a5b08c539e9cd1edd6528?s=96&d=mm&r=g\",\"contentUrl\":\"https:\\\/\\\/secure.gravatar.com\\\/avatar\\\/5d2c516985e4eda61bca05bd3b4359b4358135bd1e1a5b08c539e9cd1edd6528?s=96&d=mm&r=g\",\"caption\":\"mariontobola\"},\"url\":\"https:\\\/\\\/blog.vida.at\\\/pensionisten\\\/author\\\/mariontobola\\\/\"}]}<\/script>\n<!-- \/ Yoast SEO plugin. -->","yoast_head_json":{"title":"Gemeinsam zum Wasserschloss Burgau","robots":{"index":"index","follow":"follow","max-snippet":"max-snippet:-1","max-image-preview":"max-image-preview:large","max-video-preview":"max-video-preview:-1"},"canonical":"https:\/\/blog.vida.at\/pensionisten\/2023\/10\/23\/gemeinsam-zum-wasserschloss-burgau\/","og_locale":"de_DE","og_type":"article","og_title":"Gemeinsam zum Wasserschloss Burgau","og_description":"Das war die Autobusfahrt der OG Meidling\/Simmering am 11. Oktober.","og_url":"https:\/\/blog.vida.at\/pensionisten\/2023\/10\/23\/gemeinsam-zum-wasserschloss-burgau\/","og_site_name":"vida Pensionisten","article_published_time":"2023-10-23T11:38:26+00:00","article_modified_time":"2023-10-23T13:46:54+00:00","og_image":[{"width":1800,"height":1200,"url":"https:\/\/blog.vida.at\/pensionisten\/wp-content\/uploads\/sites\/10\/2023\/09\/IMG_2341.jpg","type":"image\/jpeg"}],"author":"mariontobola","twitter_card":"summary_large_image","twitter_misc":{"Verfasst von":"mariontobola","Gesch\u00e4tzte Lesezeit":"5\u00a0Minuten"},"schema":{"@context":"https:\/\/schema.org","@graph":[{"@type":"Article","@id":"https:\/\/blog.vida.at\/pensionisten\/2023\/10\/23\/gemeinsam-zum-wasserschloss-burgau\/#article","isPartOf":{"@id":"https:\/\/blog.vida.at\/pensionisten\/2023\/10\/23\/gemeinsam-zum-wasserschloss-burgau\/"},"author":{"name":"mariontobola","@id":"https:\/\/blog.vida.at\/pensionisten\/#\/schema\/person\/88cee3ee93b9afdc51c92f5f63f38b8a"},"headline":"Gemeinsam zum Wasserschloss Burgau","datePublished":"2023-10-23T11:38:26+00:00","dateModified":"2023-10-23T13:46:54+00:00","mainEntityOfPage":{"@id":"https:\/\/blog.vida.at\/pensionisten\/2023\/10\/23\/gemeinsam-zum-wasserschloss-burgau\/"},"wordCount":91,"commentCount":0,"image":{"@id":"https:\/\/blog.vida.at\/pensionisten\/2023\/10\/23\/gemeinsam-zum-wasserschloss-burgau\/#primaryimage"},"thumbnailUrl":"https:\/\/blog.vida.at\/pensionisten\/wp-content\/uploads\/sites\/10\/2023\/09\/IMG_2341.jpg","articleSection":{"1":"Ortsgruppen","2":"Wien"},"inLanguage":"de","potentialAction":[{"@type":"CommentAction","name":"Comment","target":["https:\/\/blog.vida.at\/pensionisten\/2023\/10\/23\/gemeinsam-zum-wasserschloss-burgau\/#respond"]}]},{"@type":"WebPage","@id":"https:\/\/blog.vida.at\/pensionisten\/2023\/10\/23\/gemeinsam-zum-wasserschloss-burgau\/","url":"https:\/\/blog.vida.at\/pensionisten\/2023\/10\/23\/gemeinsam-zum-wasserschloss-burgau\/","name":"Gemeinsam zum Wasserschloss Burgau","isPartOf":{"@id":"https:\/\/blog.vida.at\/pensionisten\/#website"},"primaryImageOfPage":{"@id":"https:\/\/blog.vida.at\/pensionisten\/2023\/10\/23\/gemeinsam-zum-wasserschloss-burgau\/#primaryimage"},"image":{"@id":"https:\/\/blog.vida.at\/pensionisten\/2023\/10\/23\/gemeinsam-zum-wasserschloss-burgau\/#primaryimage"},"thumbnailUrl":"https:\/\/blog.vida.at\/pensionisten\/wp-content\/uploads\/sites\/10\/2023\/09\/IMG_2341.jpg","datePublished":"2023-10-23T11:38:26+00:00","dateModified":"2023-10-23T13:46:54+00:00","author":{"@id":"https:\/\/blog.vida.at\/pensionisten\/#\/schema\/person\/88cee3ee93b9afdc51c92f5f63f38b8a"},"breadcrumb":{"@id":"https:\/\/blog.vida.at\/pensionisten\/2023\/10\/23\/gemeinsam-zum-wasserschloss-burgau\/#breadcrumb"},"inLanguage":"de","potentialAction":[{"@type":"ReadAction","target":["https:\/\/blog.vida.at\/pensionisten\/2023\/10\/23\/gemeinsam-zum-wasserschloss-burgau\/"]}]},{"@type":"ImageObject","inLanguage":"de","@id":"https:\/\/blog.vida.at\/pensionisten\/2023\/10\/23\/gemeinsam-zum-wasserschloss-burgau\/#primaryimage","url":"https:\/\/blog.vida.at\/pensionisten\/wp-content\/uploads\/sites\/10\/2023\/09\/IMG_2341.jpg","contentUrl":"https:\/\/blog.vida.at\/pensionisten\/wp-content\/uploads\/sites\/10\/2023\/09\/IMG_2341.jpg","width":1800,"height":1200},{"@type":"BreadcrumbList","@id":"https:\/\/blog.vida.at\/pensionisten\/2023\/10\/23\/gemeinsam-zum-wasserschloss-burgau\/#breadcrumb","itemListElement":[{"@type":"ListItem","position":1,"name":"Startseite","item":"https:\/\/blog.vida.at\/pensionisten\/"},{"@type":"ListItem","position":2,"name":"Gemeinsam zum Wasserschloss Burgau"}]},{"@type":"WebSite","@id":"https:\/\/blog.vida.at\/pensionisten\/#website","url":"https:\/\/blog.vida.at\/pensionisten\/","name":"vida Pensionisten","description":"","potentialAction":[{"@type":"SearchAction","target":{"@type":"EntryPoint","urlTemplate":"https:\/\/blog.vida.at\/pensionisten\/?s={search_term_string}"},"query-input":{"@type":"PropertyValueSpecification","valueRequired":true,"valueName":"search_term_string"}}],"inLanguage":"de"},{"@type":"Person","@id":"https:\/\/blog.vida.at\/pensionisten\/#\/schema\/person\/88cee3ee93b9afdc51c92f5f63f38b8a","name":"mariontobola","image":{"@type":"ImageObject","inLanguage":"de","@id":"https:\/\/secure.gravatar.com\/avatar\/5d2c516985e4eda61bca05bd3b4359b4358135bd1e1a5b08c539e9cd1edd6528?s=96&d=mm&r=g","url":"https:\/\/secure.gravatar.com\/avatar\/5d2c516985e4eda61bca05bd3b4359b4358135bd1e1a5b08c539e9cd1edd6528?s=96&d=mm&r=g","contentUrl":"https:\/\/secure.gravatar.com\/avatar\/5d2c516985e4eda61bca05bd3b4359b4358135bd1e1a5b08c539e9cd1edd6528?s=96&d=mm&r=g","caption":"mariontobola"},"url":"https:\/\/blog.vida.at\/pensionisten\/author\/mariontobola\/"}]}},"author_meta":{"display_name":"mariontobola","author_link":"https:\/\/blog.vida.at\/pensionisten\/author\/mariontobola\/"},"featured_img":"https:\/\/blog.vida.at\/pensionisten\/wp-content\/uploads\/sites\/10\/2023\/09\/IMG_2341-300x200.jpg","featured_image_src":"https:\/\/blog.vida.at\/pensionisten\/wp-content\/uploads\/sites\/10\/2023\/09\/IMG_2341-600x400.jpg","featured_image_src_square":"https:\/\/blog.vida.at\/pensionisten\/wp-content\/uploads\/sites\/10\/2023\/09\/IMG_2341-600x600.jpg","uagb_featured_image_src":{"full":["https:\/\/blog.vida.at\/pensionisten\/wp-content\/uploads\/sites\/10\/2023\/09\/IMG_2341.jpg",1800,1200,false],"thumbnail":["https:\/\/blog.vida.at\/pensionisten\/wp-content\/uploads\/sites\/10\/2023\/09\/IMG_2341-150x150.jpg",150,150,true],"medium":["https:\/\/blog.vida.at\/pensionisten\/wp-content\/uploads\/sites\/10\/2023\/09\/IMG_2341-300x200.jpg",300,200,true],"medium_large":["https:\/\/blog.vida.at\/pensionisten\/wp-content\/uploads\/sites\/10\/2023\/09\/IMG_2341-768x512.jpg",640,427,true],"large":["https:\/\/blog.vida.at\/pensionisten\/wp-content\/uploads\/sites\/10\/2023\/09\/IMG_2341-1024x683.jpg",640,427,true],"1536x1536":["https:\/\/blog.vida.at\/pensionisten\/wp-content\/uploads\/sites\/10\/2023\/09\/IMG_2341-1536x1024.jpg",1536,1024,true],"2048x2048":["https:\/\/blog.vida.at\/pensionisten\/wp-content\/uploads\/sites\/10\/2023\/09\/IMG_2341.jpg",1800,1200,false],"ab-block-post-grid-landscape":["https:\/\/blog.vida.at\/pensionisten\/wp-content\/uploads\/sites\/10\/2023\/09\/IMG_2341-600x400.jpg",600,400,true],"ab-block-post-grid-square":["https:\/\/blog.vida.at\/pensionisten\/wp-content\/uploads\/sites\/10\/2023\/09\/IMG_2341-600x600.jpg",600,600,true],"post-thumbnail":["https:\/\/blog.vida.at\/pensionisten\/wp-content\/uploads\/sites\/10\/2023\/09\/IMG_2341-1568x1045.jpg",1568,1045,true],"awb_sm":["https:\/\/blog.vida.at\/pensionisten\/wp-content\/uploads\/sites\/10\/2023\/09\/IMG_2341-500x333.jpg",500,333,true],"awb_md":["https:\/\/blog.vida.at\/pensionisten\/wp-content\/uploads\/sites\/10\/2023\/09\/IMG_2341-800x533.jpg",800,533,true],"awb_lg":["https:\/\/blog.vida.at\/pensionisten\/wp-content\/uploads\/sites\/10\/2023\/09\/IMG_2341-1280x853.jpg",1280,853,true],"awb_xl":["https:\/\/blog.vida.at\/pensionisten\/wp-content\/uploads\/sites\/10\/2023\/09\/IMG_2341.jpg",1800,1200,false]},"uagb_author_info":{"display_name":"mariontobola","author_link":"https:\/\/blog.vida.at\/pensionisten\/author\/mariontobola\/"},"uagb_comment_info":0,"uagb_excerpt":"Das war die Autobusfahrt der OG Meidling\/Simmering am 11. Oktober.","coauthors":[],"tax_additional":{"categories":{"linked":["<a href=\"https:\/\/blog.vida.at\/pensionisten\/category\/allgemein\/\" class=\"advgb-post-tax-term\">Allgemein<\/a>","<a href=\"https:\/\/blog.vida.at\/pensionisten\/category\/ortsgruppen\/\" class=\"advgb-post-tax-term\">Ortsgruppen<\/a>","<a href=\"https:\/\/blog.vida.at\/pensionisten\/category\/ortsgruppen\/wien\/\" class=\"advgb-post-tax-term\">Wien<\/a>"],"unlinked":["<span class=\"advgb-post-tax-term\">Allgemein<\/span>","<span class=\"advgb-post-tax-term\">Ortsgruppen<\/span>","<span class=\"advgb-post-tax-term\">Wien<\/span>"]}},"comment_count":"0","relative_dates":{"created":"Ver\u00f6ffentlicht 3\u00a0Jahren vor","modified":"Aktualisiert 3\u00a0Jahren vor"},"absolute_dates":{"created":"Ver\u00f6ffentlicht am 23. Oktober 2023","modified":"Aktualisiert am 23. Oktober 2023"},"absolute_dates_time":{"created":"Ver\u00f6ffentlicht am 23. Oktober 2023 13:38","modified":"Aktualisiert am 23. Oktober 2023 15:46"},"featured_img_caption":"","series_order":"","_links":{"self":[{"href":"https:\/\/blog.vida.at\/pensionisten\/wp-json\/wp\/v2\/posts\/7360","targetHints":{"allow":["GET"]}}],"collection":[{"href":"https:\/\/blog.vida.at\/pensionisten\/wp-json\/wp\/v2\/posts"}],"about":[{"href":"https:\/\/blog.vida.at\/pensionisten\/wp-json\/wp\/v2\/types\/post"}],"author":[{"embeddable":true,"href":"https:\/\/blog.vida.at\/pensionisten\/wp-json\/wp\/v2\/users\/8"}],"replies":[{"embeddable":true,"href":"https:\/\/blog.vida.at\/pensionisten\/wp-json\/wp\/v2\/comments?post=7360"}],"version-history":[{"count":3,"href":"https:\/\/blog.vida.at\/pensionisten\/wp-json\/wp\/v2\/posts\/7360\/revisions"}],"predecessor-version":[{"id":7675,"href":"https:\/\/blog.vida.at\/pensionisten\/wp-json\/wp\/v2\/posts\/7360\/revisions\/7675"}],"wp:featuredmedia":[{"embeddable":true,"href":"https:\/\/blog.vida.at\/pensionisten\/wp-json\/wp\/v2\/media\/7674"}],"wp:attachment":[{"href":"https:\/\/blog.vida.at\/pensionisten\/wp-json\/wp\/v2\/media?parent=7360"}],"wp:term":[{"taxonomy":"category","embeddable":true,"href":"https:\/\/blog.vida.at\/pensionisten\/wp-json\/wp\/v2\/categories?post=7360"},{"taxonomy":"post_tag","embeddable":true,"href":"https:\/\/blog.vida.at\/pensionisten\/wp-json\/wp\/v2\/tags?post=7360"},{"taxonomy":"Orte","embeddable":true,"href":"https:\/\/blog.vida.at\/pensionisten\/wp-json\/wp\/v2\/Orte?post=7360"},{"taxonomy":"activitytype","embeddable":true,"href":"https:\/\/blog.vida.at\/pensionisten\/wp-json\/wp\/v2\/activitytype?post=7360"}],"curies":[{"name":"wp","href":"https:\/\/api.w.org\/{rel}","templated":true}]}}