
{"id":7575,"date":"2023-10-02T13:31:07","date_gmt":"2023-10-02T11:31:07","guid":{"rendered":"https:\/\/blog.vida.at\/pensionisten\/?p=7575"},"modified":"2023-10-12T16:20:54","modified_gmt":"2023-10-12T14:20:54","slug":"achtung-es-ist-wieder-grippezeit","status":"publish","type":"post","link":"https:\/\/blog.vida.at\/pensionisten\/2023\/10\/02\/achtung-es-ist-wieder-grippezeit\/","title":{"rendered":"Achtung, es ist wieder Grippezeit!"},"content":{"rendered":"\n<p><strong><strong><strong>Das \u00d6ffentliche Impfprogramm Influenza startet mit 2. Oktober 2023!<\/strong><\/strong><\/strong><\/p>\n\n\n\n<br>\n\n\n\n<p>Die <strong>echte Grippe<\/strong>, oder <strong>richtigerweise Influenza<\/strong> genannt, fesselt j\u00e4hrlich <strong>mehrere hunderttausende Menschen<\/strong> in \u00d6sterreich ans Bett. Ein wirksamer Schutz gegen eine Erkrankung ist nur durch eine Impfung gegeben. Deine <strong>vida-Pensionist:innen<\/strong> informieren!<\/p>\n\n\n\n<!--more-->\n\n\n\n<p><strong><span style=\"color: #fa0202\" class=\"stk-highlight\">Die Impfung<\/span><\/strong><\/p>\n\n\n\n<p>Als wichtigste Ma\u00dfnahme zur Pr\u00e4vention der echten Grippe (Influenza) gilt die Schutzimpfung. <strong>Das \u00f6sterreichweit einheitliche \u00d6ffentliche Impfprogramm Influenza<\/strong> (\u00d6IP Influenza), als gemeinsames Projekt von Bund, L\u00e4ndern und Sozialversicherung, <strong>startet mit 2. Oktober 2023.<\/strong><\/p>\n\n\n\n<p><strong><span style=\"color: #f90202\" class=\"stk-highlight\">Wann \/ wie oft zum Impfen:<\/span><\/strong><\/p>\n\n\n\n<p>Die Impfung muss j\u00e4hrlich erneuert werden, da die Influenzaviren ihr Erscheinungsbild h\u00e4ufig \u00e4ndern. <strong>Aus medizinischer Sicht ist es ratsam, die Impfung im Herbst vor Beginn der Grippesaison durchf\u00fchren zu lassen. <\/strong>Die Impfung kann aber auch zu jedem sp\u00e4teren Zeitpunkt \u2013 auch w\u00e4hrend bereits Influenza-F\u00e4lle auftreten \u2013 vollzogen werden.&nbsp; Nach der Impfung ben\u00f6tigt das Immunsystem rund 14 Tage, um einen vollst\u00e4ndigen Immunschutz aufzubauen, der dann rund sechs bis 12 Monate anh\u00e4lt.<\/p>\n\n\n\n<p><strong><span style=\"color: #0073a8\" class=\"stk-highlight\">Achtung: Eine Grippeschutzimpfung sch\u00fctzt zwar vor Influenza, nicht aber vor einem grippalen Infekt oder einer Erk\u00e4ltung.<\/span><\/strong><\/p>\n\n\n\n<p><strong><span style=\"color: #f70505\" class=\"stk-highlight\">Was kostet die Grippeimpfung:<\/span><\/strong><\/p>\n\n\n\n<p><strong>Der Impfstoff wird \u00fcber das \u00d6IP Influenza gratis zur Verf\u00fcgung gestellt<\/strong>, f\u00fcr die <strong>Impfung ist ein Selbstbehalt von EUR 7,00 <\/strong>vorgesehen. <strong>Ausgenommen vom Selbstbehalt <\/strong>sind u.a.Personen mit Rezeptgeb\u00fchrenbefreiung oder Bewohnerinnen und Bewohner von Alten- und Pflegeheimen.<\/p>\n\n\n\n<p><strong><span style=\"color: #fe0505\" class=\"stk-highlight\">Zug\u00e4nge zur Influenza-Impfung:<\/span><\/strong><\/p>\n\n\n\n<p>Die Impfung gibt es<strong> in Ordinationen<\/strong>, die am Grippeimpfprogramm teilnehmen. <strong>Bitte frage direkt bei deiner \u00c4rztin oder deinem Arzt nach. <\/strong>Geimpft wird auch in <strong>\u00f6ffentlichen Impfstellen <\/strong>(\u00f6ffentlicher Gesundheitsdienst der Landesregierungen und Magistrate) bzw. <strong>Impfstellen der \u00d6GK<\/strong>.<\/p>\n\n\n\n<p><strong><span style=\"color: #fc0606\" class=\"stk-highlight\">Muss ich mir den Impfstoff selbst in der Apotheke holen?<\/span><\/strong><\/p>\n\n\n\n<p>Nein, der Gratisimpfstoff wird an der <strong>jeweiligen Impfstelle<\/strong> zur Verf\u00fcgung gestellt.<\/p>\n\n\n\n<p><a href=\"https:\/\/www.gesundheitskasse.at\/cdscontent\/?contentid=10007.893511&amp;portal=oegkvpportal\">&gt;&gt; Infos zum \u00d6IP Influenza auf der \u00d6GK-Website<\/a><\/p>\n\n\n\n<p><a href=\"https:\/\/www.bvaeb.at\/cdscontent\/?contentid=10007.840428&amp;portal=bvaebbportal\">&gt;&gt; Infos zum \u00d6IP Influenza auf der BVAEB-Website<\/a><\/p>\n\n\n\n<p><\/p>\n\n\n\n<p><\/p>\n\n\n\n<p><\/p>\n\n\n\n<p><\/p>\n\n\n\n<p><\/p>\n","protected":false},"excerpt":{"rendered":"<p>Das \u00d6ffentliche Impfprogramm Influenza startet mit 2. Oktober 2023! Die echte Grippe, oder richtigerweise Influenza genannt, fesselt j\u00e4hrlich mehrere hunderttausende Menschen in \u00d6sterreich ans Bett. Ein wirksamer Schutz gegen eine Erkrankung ist nur durch eine Impfung gegeben. Deine vida-Pensionist:innen informieren!<\/p>\n","protected":false},"author":8,"featured_media":7576,"comment_status":"open","ping_status":"open","sticky":false,"template":"","format":"standard","meta":{"_uag_custom_page_level_css":"","advgb_blocks_editor_width":"","advgb_blocks_columns_visual_guide":"","footnotes":""},"categories":[4,1,32],"tags":[],"Orte":[],"activitytype":[],"class_list":["post-7575","post","type-post","status-publish","format-standard","has-post-thumbnail","hentry","category-aktuelles","category-allgemein","category-top-aktuelles","entry"],"featured_image_urls":{"full":["https:\/\/blog.vida.at\/pensionisten\/wp-content\/uploads\/sites\/10\/2023\/09\/impfung_\u00a9-sharryfoto-Fotolia.com_.jpg",424,283,false],"thumbnail":["https:\/\/blog.vida.at\/pensionisten\/wp-content\/uploads\/sites\/10\/2023\/09\/impfung_\u00a9-sharryfoto-Fotolia.com_-150x150.jpg",150,150,true],"medium":["https:\/\/blog.vida.at\/pensionisten\/wp-content\/uploads\/sites\/10\/2023\/09\/impfung_\u00a9-sharryfoto-Fotolia.com_-300x200.jpg",300,200,true],"medium_large":["https:\/\/blog.vida.at\/pensionisten\/wp-content\/uploads\/sites\/10\/2023\/09\/impfung_\u00a9-sharryfoto-Fotolia.com_.jpg",424,283,false],"large":["https:\/\/blog.vida.at\/pensionisten\/wp-content\/uploads\/sites\/10\/2023\/09\/impfung_\u00a9-sharryfoto-Fotolia.com_.jpg",424,283,false],"1536x1536":["https:\/\/blog.vida.at\/pensionisten\/wp-content\/uploads\/sites\/10\/2023\/09\/impfung_\u00a9-sharryfoto-Fotolia.com_.jpg",424,283,false],"2048x2048":["https:\/\/blog.vida.at\/pensionisten\/wp-content\/uploads\/sites\/10\/2023\/09\/impfung_\u00a9-sharryfoto-Fotolia.com_.jpg",424,283,false],"ab-block-post-grid-landscape":["https:\/\/blog.vida.at\/pensionisten\/wp-content\/uploads\/sites\/10\/2023\/09\/impfung_\u00a9-sharryfoto-Fotolia.com_.jpg",424,283,false],"ab-block-post-grid-square":["https:\/\/blog.vida.at\/pensionisten\/wp-content\/uploads\/sites\/10\/2023\/09\/impfung_\u00a9-sharryfoto-Fotolia.com_.jpg",424,283,false],"post-thumbnail":["https:\/\/blog.vida.at\/pensionisten\/wp-content\/uploads\/sites\/10\/2023\/09\/impfung_\u00a9-sharryfoto-Fotolia.com_.jpg",424,283,false],"awb_sm":["https:\/\/blog.vida.at\/pensionisten\/wp-content\/uploads\/sites\/10\/2023\/09\/impfung_\u00a9-sharryfoto-Fotolia.com_.jpg",424,283,false],"awb_md":["https:\/\/blog.vida.at\/pensionisten\/wp-content\/uploads\/sites\/10\/2023\/09\/impfung_\u00a9-sharryfoto-Fotolia.com_.jpg",424,283,false],"awb_lg":["https:\/\/blog.vida.at\/pensionisten\/wp-content\/uploads\/sites\/10\/2023\/09\/impfung_\u00a9-sharryfoto-Fotolia.com_.jpg",424,283,false],"awb_xl":["https:\/\/blog.vida.at\/pensionisten\/wp-content\/uploads\/sites\/10\/2023\/09\/impfung_\u00a9-sharryfoto-Fotolia.com_.jpg",424,283,false]},"post_excerpt_stackable":"<p>Das \u00d6ffentliche Impfprogramm Influenza startet mit 2. Oktober 2023! Die echte Grippe, oder richtigerweise Influenza genannt, fesselt j\u00e4hrlich mehrere hunderttausende Menschen in \u00d6sterreich ans Bett. Ein wirksamer Schutz gegen eine Erkrankung ist nur durch eine Impfung gegeben. Deine vida-Pensionist:innen informieren! Die Impfung Als wichtigste Ma\u00dfnahme zur Pr\u00e4vention der echten Grippe (Influenza) gilt die Schutzimpfung. Das \u00f6sterreichweit einheitliche \u00d6ffentliche Impfprogramm Influenza (\u00d6IP Influenza), als gemeinsames Projekt von Bund, L\u00e4ndern und Sozialversicherung, startet mit 2. Oktober 2023. Wann \/ wie oft zum Impfen: Die Impfung muss j\u00e4hrlich erneuert werden, da die Influenzaviren ihr Erscheinungsbild h\u00e4ufig \u00e4ndern. Aus medizinischer Sicht ist es ratsam,&hellip;<\/p>\n","category_list":"<a href=\"https:\/\/blog.vida.at\/pensionisten\/category\/aktuelles\/\" rel=\"category tag\">Aktuelles<\/a>, <a href=\"https:\/\/blog.vida.at\/pensionisten\/category\/allgemein\/\" rel=\"category tag\">Allgemein<\/a>, <a href=\"https:\/\/blog.vida.at\/pensionisten\/category\/top-aktuelles\/\" rel=\"category tag\">Top Aktuelles<\/a>","author_info":{"display_name":"mariontobola","author_link":"https:\/\/blog.vida.at\/pensionisten\/author\/mariontobola\/"},"comments_num":"0 comments","featured_image_urls_v2":{"full":["https:\/\/blog.vida.at\/pensionisten\/wp-content\/uploads\/sites\/10\/2023\/09\/impfung_\u00a9-sharryfoto-Fotolia.com_.jpg",424,283,false],"thumbnail":["https:\/\/blog.vida.at\/pensionisten\/wp-content\/uploads\/sites\/10\/2023\/09\/impfung_\u00a9-sharryfoto-Fotolia.com_-150x150.jpg",150,150,true],"medium":["https:\/\/blog.vida.at\/pensionisten\/wp-content\/uploads\/sites\/10\/2023\/09\/impfung_\u00a9-sharryfoto-Fotolia.com_-300x200.jpg",300,200,true],"medium_large":["https:\/\/blog.vida.at\/pensionisten\/wp-content\/uploads\/sites\/10\/2023\/09\/impfung_\u00a9-sharryfoto-Fotolia.com_.jpg",424,283,false],"large":["https:\/\/blog.vida.at\/pensionisten\/wp-content\/uploads\/sites\/10\/2023\/09\/impfung_\u00a9-sharryfoto-Fotolia.com_.jpg",424,283,false],"1536x1536":["https:\/\/blog.vida.at\/pensionisten\/wp-content\/uploads\/sites\/10\/2023\/09\/impfung_\u00a9-sharryfoto-Fotolia.com_.jpg",424,283,false],"2048x2048":["https:\/\/blog.vida.at\/pensionisten\/wp-content\/uploads\/sites\/10\/2023\/09\/impfung_\u00a9-sharryfoto-Fotolia.com_.jpg",424,283,false],"ab-block-post-grid-landscape":["https:\/\/blog.vida.at\/pensionisten\/wp-content\/uploads\/sites\/10\/2023\/09\/impfung_\u00a9-sharryfoto-Fotolia.com_.jpg",424,283,false],"ab-block-post-grid-square":["https:\/\/blog.vida.at\/pensionisten\/wp-content\/uploads\/sites\/10\/2023\/09\/impfung_\u00a9-sharryfoto-Fotolia.com_.jpg",424,283,false],"post-thumbnail":["https:\/\/blog.vida.at\/pensionisten\/wp-content\/uploads\/sites\/10\/2023\/09\/impfung_\u00a9-sharryfoto-Fotolia.com_.jpg",424,283,false],"awb_sm":["https:\/\/blog.vida.at\/pensionisten\/wp-content\/uploads\/sites\/10\/2023\/09\/impfung_\u00a9-sharryfoto-Fotolia.com_.jpg",424,283,false],"awb_md":["https:\/\/blog.vida.at\/pensionisten\/wp-content\/uploads\/sites\/10\/2023\/09\/impfung_\u00a9-sharryfoto-Fotolia.com_.jpg",424,283,false],"awb_lg":["https:\/\/blog.vida.at\/pensionisten\/wp-content\/uploads\/sites\/10\/2023\/09\/impfung_\u00a9-sharryfoto-Fotolia.com_.jpg",424,283,false],"awb_xl":["https:\/\/blog.vida.at\/pensionisten\/wp-content\/uploads\/sites\/10\/2023\/09\/impfung_\u00a9-sharryfoto-Fotolia.com_.jpg",424,283,false]},"post_excerpt_stackable_v2":"<p>Das \u00d6ffentliche Impfprogramm Influenza startet mit 2. Oktober 2023! Die echte Grippe, oder richtigerweise Influenza genannt, fesselt j\u00e4hrlich mehrere hunderttausende Menschen in \u00d6sterreich ans Bett. Ein wirksamer Schutz gegen eine Erkrankung ist nur durch eine Impfung gegeben. Deine vida-Pensionist:innen informieren! Die Impfung Als wichtigste Ma\u00dfnahme zur Pr\u00e4vention der echten Grippe (Influenza) gilt die Schutzimpfung. Das \u00f6sterreichweit einheitliche \u00d6ffentliche Impfprogramm Influenza (\u00d6IP Influenza), als gemeinsames Projekt von Bund, L\u00e4ndern und Sozialversicherung, startet mit 2. Oktober 2023. Wann \/ wie oft zum Impfen: Die Impfung muss j\u00e4hrlich erneuert werden, da die Influenzaviren ihr Erscheinungsbild h\u00e4ufig \u00e4ndern. Aus medizinischer Sicht ist es ratsam,&hellip;<\/p>\n","category_list_v2":"<a href=\"https:\/\/blog.vida.at\/pensionisten\/category\/aktuelles\/\" rel=\"category tag\">Aktuelles<\/a>, <a href=\"https:\/\/blog.vida.at\/pensionisten\/category\/allgemein\/\" rel=\"category tag\">Allgemein<\/a>, <a href=\"https:\/\/blog.vida.at\/pensionisten\/category\/top-aktuelles\/\" rel=\"category tag\">Top Aktuelles<\/a>","author_info_v2":{"name":"mariontobola","url":"https:\/\/blog.vida.at\/pensionisten\/author\/mariontobola\/"},"comments_num_v2":"0 comments","yoast_head":"<!-- This site is optimized with the Yoast SEO plugin v27.3 - https:\/\/yoast.com\/product\/yoast-seo-wordpress\/ -->\n<title>Achtung, es ist wieder Grippezeit!<\/title>\n<meta name=\"robots\" content=\"index, follow, max-snippet:-1, max-image-preview:large, max-video-preview:-1\" \/>\n<link rel=\"canonical\" href=\"https:\/\/blog.vida.at\/pensionisten\/2023\/10\/02\/achtung-es-ist-wieder-grippezeit\/\" \/>\n<meta property=\"og:locale\" content=\"de_DE\" \/>\n<meta property=\"og:type\" content=\"article\" \/>\n<meta property=\"og:title\" content=\"Achtung, es ist wieder Grippezeit!\" \/>\n<meta property=\"og:description\" content=\"Das \u00d6ffentliche Impfprogramm Influenza startet mit 2. Oktober 2023! Die echte Grippe, oder richtigerweise Influenza genannt, fesselt j\u00e4hrlich mehrere hunderttausende Menschen in \u00d6sterreich ans Bett. Ein wirksamer Schutz gegen eine Erkrankung ist nur durch eine Impfung gegeben. Deine vida-Pensionist:innen informieren!\" \/>\n<meta property=\"og:url\" content=\"https:\/\/blog.vida.at\/pensionisten\/2023\/10\/02\/achtung-es-ist-wieder-grippezeit\/\" \/>\n<meta property=\"og:site_name\" content=\"vida Pensionisten\" \/>\n<meta property=\"article:published_time\" content=\"2023-10-02T11:31:07+00:00\" \/>\n<meta property=\"article:modified_time\" content=\"2023-10-12T14:20:54+00:00\" \/>\n<meta property=\"og:image\" content=\"https:\/\/blog.vida.at\/pensionisten\/wp-content\/uploads\/sites\/10\/2023\/09\/impfung_\u00a9-sharryfoto-Fotolia.com_.jpg\" \/>\n\t<meta property=\"og:image:width\" content=\"424\" \/>\n\t<meta property=\"og:image:height\" content=\"283\" \/>\n\t<meta property=\"og:image:type\" content=\"image\/jpeg\" \/>\n<meta name=\"author\" content=\"mariontobola\" \/>\n<meta name=\"twitter:card\" content=\"summary_large_image\" \/>\n<meta name=\"twitter:label1\" content=\"Verfasst von\" \/>\n\t<meta name=\"twitter:data1\" content=\"mariontobola\" \/>\n\t<meta name=\"twitter:label2\" content=\"Gesch\u00e4tzte Lesezeit\" \/>\n\t<meta name=\"twitter:data2\" content=\"2\u00a0Minuten\" \/>\n<script type=\"application\/ld+json\" class=\"yoast-schema-graph\">{\"@context\":\"https:\\\/\\\/schema.org\",\"@graph\":[{\"@type\":\"Article\",\"@id\":\"https:\\\/\\\/blog.vida.at\\\/pensionisten\\\/2023\\\/10\\\/02\\\/achtung-es-ist-wieder-grippezeit\\\/#article\",\"isPartOf\":{\"@id\":\"https:\\\/\\\/blog.vida.at\\\/pensionisten\\\/2023\\\/10\\\/02\\\/achtung-es-ist-wieder-grippezeit\\\/\"},\"author\":{\"name\":\"mariontobola\",\"@id\":\"https:\\\/\\\/blog.vida.at\\\/pensionisten\\\/#\\\/schema\\\/person\\\/88cee3ee93b9afdc51c92f5f63f38b8a\"},\"headline\":\"Achtung, es ist wieder Grippezeit!\",\"datePublished\":\"2023-10-02T11:31:07+00:00\",\"dateModified\":\"2023-10-12T14:20:54+00:00\",\"mainEntityOfPage\":{\"@id\":\"https:\\\/\\\/blog.vida.at\\\/pensionisten\\\/2023\\\/10\\\/02\\\/achtung-es-ist-wieder-grippezeit\\\/\"},\"wordCount\":304,\"commentCount\":0,\"image\":{\"@id\":\"https:\\\/\\\/blog.vida.at\\\/pensionisten\\\/2023\\\/10\\\/02\\\/achtung-es-ist-wieder-grippezeit\\\/#primaryimage\"},\"thumbnailUrl\":\"https:\\\/\\\/blog.vida.at\\\/pensionisten\\\/wp-content\\\/uploads\\\/sites\\\/10\\\/2023\\\/09\\\/impfung_\u00a9-sharryfoto-Fotolia.com_.jpg\",\"articleSection\":{\"0\":\"Aktuelles\",\"2\":\"Top Aktuelles\"},\"inLanguage\":\"de\",\"potentialAction\":[{\"@type\":\"CommentAction\",\"name\":\"Comment\",\"target\":[\"https:\\\/\\\/blog.vida.at\\\/pensionisten\\\/2023\\\/10\\\/02\\\/achtung-es-ist-wieder-grippezeit\\\/#respond\"]}]},{\"@type\":\"WebPage\",\"@id\":\"https:\\\/\\\/blog.vida.at\\\/pensionisten\\\/2023\\\/10\\\/02\\\/achtung-es-ist-wieder-grippezeit\\\/\",\"url\":\"https:\\\/\\\/blog.vida.at\\\/pensionisten\\\/2023\\\/10\\\/02\\\/achtung-es-ist-wieder-grippezeit\\\/\",\"name\":\"Achtung, es ist wieder Grippezeit!\",\"isPartOf\":{\"@id\":\"https:\\\/\\\/blog.vida.at\\\/pensionisten\\\/#website\"},\"primaryImageOfPage\":{\"@id\":\"https:\\\/\\\/blog.vida.at\\\/pensionisten\\\/2023\\\/10\\\/02\\\/achtung-es-ist-wieder-grippezeit\\\/#primaryimage\"},\"image\":{\"@id\":\"https:\\\/\\\/blog.vida.at\\\/pensionisten\\\/2023\\\/10\\\/02\\\/achtung-es-ist-wieder-grippezeit\\\/#primaryimage\"},\"thumbnailUrl\":\"https:\\\/\\\/blog.vida.at\\\/pensionisten\\\/wp-content\\\/uploads\\\/sites\\\/10\\\/2023\\\/09\\\/impfung_\u00a9-sharryfoto-Fotolia.com_.jpg\",\"datePublished\":\"2023-10-02T11:31:07+00:00\",\"dateModified\":\"2023-10-12T14:20:54+00:00\",\"author\":{\"@id\":\"https:\\\/\\\/blog.vida.at\\\/pensionisten\\\/#\\\/schema\\\/person\\\/88cee3ee93b9afdc51c92f5f63f38b8a\"},\"breadcrumb\":{\"@id\":\"https:\\\/\\\/blog.vida.at\\\/pensionisten\\\/2023\\\/10\\\/02\\\/achtung-es-ist-wieder-grippezeit\\\/#breadcrumb\"},\"inLanguage\":\"de\",\"potentialAction\":[{\"@type\":\"ReadAction\",\"target\":[\"https:\\\/\\\/blog.vida.at\\\/pensionisten\\\/2023\\\/10\\\/02\\\/achtung-es-ist-wieder-grippezeit\\\/\"]}]},{\"@type\":\"ImageObject\",\"inLanguage\":\"de\",\"@id\":\"https:\\\/\\\/blog.vida.at\\\/pensionisten\\\/2023\\\/10\\\/02\\\/achtung-es-ist-wieder-grippezeit\\\/#primaryimage\",\"url\":\"https:\\\/\\\/blog.vida.at\\\/pensionisten\\\/wp-content\\\/uploads\\\/sites\\\/10\\\/2023\\\/09\\\/impfung_\u00a9-sharryfoto-Fotolia.com_.jpg\",\"contentUrl\":\"https:\\\/\\\/blog.vida.at\\\/pensionisten\\\/wp-content\\\/uploads\\\/sites\\\/10\\\/2023\\\/09\\\/impfung_\u00a9-sharryfoto-Fotolia.com_.jpg\",\"width\":424,\"height\":283},{\"@type\":\"BreadcrumbList\",\"@id\":\"https:\\\/\\\/blog.vida.at\\\/pensionisten\\\/2023\\\/10\\\/02\\\/achtung-es-ist-wieder-grippezeit\\\/#breadcrumb\",\"itemListElement\":[{\"@type\":\"ListItem\",\"position\":1,\"name\":\"Startseite\",\"item\":\"https:\\\/\\\/blog.vida.at\\\/pensionisten\\\/\"},{\"@type\":\"ListItem\",\"position\":2,\"name\":\"Achtung, es ist wieder Grippezeit!\"}]},{\"@type\":\"WebSite\",\"@id\":\"https:\\\/\\\/blog.vida.at\\\/pensionisten\\\/#website\",\"url\":\"https:\\\/\\\/blog.vida.at\\\/pensionisten\\\/\",\"name\":\"vida Pensionisten\",\"description\":\"\",\"potentialAction\":[{\"@type\":\"SearchAction\",\"target\":{\"@type\":\"EntryPoint\",\"urlTemplate\":\"https:\\\/\\\/blog.vida.at\\\/pensionisten\\\/?s={search_term_string}\"},\"query-input\":{\"@type\":\"PropertyValueSpecification\",\"valueRequired\":true,\"valueName\":\"search_term_string\"}}],\"inLanguage\":\"de\"},{\"@type\":\"Person\",\"@id\":\"https:\\\/\\\/blog.vida.at\\\/pensionisten\\\/#\\\/schema\\\/person\\\/88cee3ee93b9afdc51c92f5f63f38b8a\",\"name\":\"mariontobola\",\"image\":{\"@type\":\"ImageObject\",\"inLanguage\":\"de\",\"@id\":\"https:\\\/\\\/secure.gravatar.com\\\/avatar\\\/5d2c516985e4eda61bca05bd3b4359b4358135bd1e1a5b08c539e9cd1edd6528?s=96&d=mm&r=g\",\"url\":\"https:\\\/\\\/secure.gravatar.com\\\/avatar\\\/5d2c516985e4eda61bca05bd3b4359b4358135bd1e1a5b08c539e9cd1edd6528?s=96&d=mm&r=g\",\"contentUrl\":\"https:\\\/\\\/secure.gravatar.com\\\/avatar\\\/5d2c516985e4eda61bca05bd3b4359b4358135bd1e1a5b08c539e9cd1edd6528?s=96&d=mm&r=g\",\"caption\":\"mariontobola\"},\"url\":\"https:\\\/\\\/blog.vida.at\\\/pensionisten\\\/author\\\/mariontobola\\\/\"}]}<\/script>\n<!-- \/ Yoast SEO plugin. -->","yoast_head_json":{"title":"Achtung, es ist wieder Grippezeit!","robots":{"index":"index","follow":"follow","max-snippet":"max-snippet:-1","max-image-preview":"max-image-preview:large","max-video-preview":"max-video-preview:-1"},"canonical":"https:\/\/blog.vida.at\/pensionisten\/2023\/10\/02\/achtung-es-ist-wieder-grippezeit\/","og_locale":"de_DE","og_type":"article","og_title":"Achtung, es ist wieder Grippezeit!","og_description":"Das \u00d6ffentliche Impfprogramm Influenza startet mit 2. Oktober 2023! Die echte Grippe, oder richtigerweise Influenza genannt, fesselt j\u00e4hrlich mehrere hunderttausende Menschen in \u00d6sterreich ans Bett. Ein wirksamer Schutz gegen eine Erkrankung ist nur durch eine Impfung gegeben. Deine vida-Pensionist:innen informieren!","og_url":"https:\/\/blog.vida.at\/pensionisten\/2023\/10\/02\/achtung-es-ist-wieder-grippezeit\/","og_site_name":"vida Pensionisten","article_published_time":"2023-10-02T11:31:07+00:00","article_modified_time":"2023-10-12T14:20:54+00:00","og_image":[{"width":424,"height":283,"url":"https:\/\/blog.vida.at\/pensionisten\/wp-content\/uploads\/sites\/10\/2023\/09\/impfung_\u00a9-sharryfoto-Fotolia.com_.jpg","type":"image\/jpeg"}],"author":"mariontobola","twitter_card":"summary_large_image","twitter_misc":{"Verfasst von":"mariontobola","Gesch\u00e4tzte Lesezeit":"2\u00a0Minuten"},"schema":{"@context":"https:\/\/schema.org","@graph":[{"@type":"Article","@id":"https:\/\/blog.vida.at\/pensionisten\/2023\/10\/02\/achtung-es-ist-wieder-grippezeit\/#article","isPartOf":{"@id":"https:\/\/blog.vida.at\/pensionisten\/2023\/10\/02\/achtung-es-ist-wieder-grippezeit\/"},"author":{"name":"mariontobola","@id":"https:\/\/blog.vida.at\/pensionisten\/#\/schema\/person\/88cee3ee93b9afdc51c92f5f63f38b8a"},"headline":"Achtung, es ist wieder Grippezeit!","datePublished":"2023-10-02T11:31:07+00:00","dateModified":"2023-10-12T14:20:54+00:00","mainEntityOfPage":{"@id":"https:\/\/blog.vida.at\/pensionisten\/2023\/10\/02\/achtung-es-ist-wieder-grippezeit\/"},"wordCount":304,"commentCount":0,"image":{"@id":"https:\/\/blog.vida.at\/pensionisten\/2023\/10\/02\/achtung-es-ist-wieder-grippezeit\/#primaryimage"},"thumbnailUrl":"https:\/\/blog.vida.at\/pensionisten\/wp-content\/uploads\/sites\/10\/2023\/09\/impfung_\u00a9-sharryfoto-Fotolia.com_.jpg","articleSection":{"0":"Aktuelles","2":"Top Aktuelles"},"inLanguage":"de","potentialAction":[{"@type":"CommentAction","name":"Comment","target":["https:\/\/blog.vida.at\/pensionisten\/2023\/10\/02\/achtung-es-ist-wieder-grippezeit\/#respond"]}]},{"@type":"WebPage","@id":"https:\/\/blog.vida.at\/pensionisten\/2023\/10\/02\/achtung-es-ist-wieder-grippezeit\/","url":"https:\/\/blog.vida.at\/pensionisten\/2023\/10\/02\/achtung-es-ist-wieder-grippezeit\/","name":"Achtung, es ist wieder Grippezeit!","isPartOf":{"@id":"https:\/\/blog.vida.at\/pensionisten\/#website"},"primaryImageOfPage":{"@id":"https:\/\/blog.vida.at\/pensionisten\/2023\/10\/02\/achtung-es-ist-wieder-grippezeit\/#primaryimage"},"image":{"@id":"https:\/\/blog.vida.at\/pensionisten\/2023\/10\/02\/achtung-es-ist-wieder-grippezeit\/#primaryimage"},"thumbnailUrl":"https:\/\/blog.vida.at\/pensionisten\/wp-content\/uploads\/sites\/10\/2023\/09\/impfung_\u00a9-sharryfoto-Fotolia.com_.jpg","datePublished":"2023-10-02T11:31:07+00:00","dateModified":"2023-10-12T14:20:54+00:00","author":{"@id":"https:\/\/blog.vida.at\/pensionisten\/#\/schema\/person\/88cee3ee93b9afdc51c92f5f63f38b8a"},"breadcrumb":{"@id":"https:\/\/blog.vida.at\/pensionisten\/2023\/10\/02\/achtung-es-ist-wieder-grippezeit\/#breadcrumb"},"inLanguage":"de","potentialAction":[{"@type":"ReadAction","target":["https:\/\/blog.vida.at\/pensionisten\/2023\/10\/02\/achtung-es-ist-wieder-grippezeit\/"]}]},{"@type":"ImageObject","inLanguage":"de","@id":"https:\/\/blog.vida.at\/pensionisten\/2023\/10\/02\/achtung-es-ist-wieder-grippezeit\/#primaryimage","url":"https:\/\/blog.vida.at\/pensionisten\/wp-content\/uploads\/sites\/10\/2023\/09\/impfung_\u00a9-sharryfoto-Fotolia.com_.jpg","contentUrl":"https:\/\/blog.vida.at\/pensionisten\/wp-content\/uploads\/sites\/10\/2023\/09\/impfung_\u00a9-sharryfoto-Fotolia.com_.jpg","width":424,"height":283},{"@type":"BreadcrumbList","@id":"https:\/\/blog.vida.at\/pensionisten\/2023\/10\/02\/achtung-es-ist-wieder-grippezeit\/#breadcrumb","itemListElement":[{"@type":"ListItem","position":1,"name":"Startseite","item":"https:\/\/blog.vida.at\/pensionisten\/"},{"@type":"ListItem","position":2,"name":"Achtung, es ist wieder Grippezeit!"}]},{"@type":"WebSite","@id":"https:\/\/blog.vida.at\/pensionisten\/#website","url":"https:\/\/blog.vida.at\/pensionisten\/","name":"vida Pensionisten","description":"","potentialAction":[{"@type":"SearchAction","target":{"@type":"EntryPoint","urlTemplate":"https:\/\/blog.vida.at\/pensionisten\/?s={search_term_string}"},"query-input":{"@type":"PropertyValueSpecification","valueRequired":true,"valueName":"search_term_string"}}],"inLanguage":"de"},{"@type":"Person","@id":"https:\/\/blog.vida.at\/pensionisten\/#\/schema\/person\/88cee3ee93b9afdc51c92f5f63f38b8a","name":"mariontobola","image":{"@type":"ImageObject","inLanguage":"de","@id":"https:\/\/secure.gravatar.com\/avatar\/5d2c516985e4eda61bca05bd3b4359b4358135bd1e1a5b08c539e9cd1edd6528?s=96&d=mm&r=g","url":"https:\/\/secure.gravatar.com\/avatar\/5d2c516985e4eda61bca05bd3b4359b4358135bd1e1a5b08c539e9cd1edd6528?s=96&d=mm&r=g","contentUrl":"https:\/\/secure.gravatar.com\/avatar\/5d2c516985e4eda61bca05bd3b4359b4358135bd1e1a5b08c539e9cd1edd6528?s=96&d=mm&r=g","caption":"mariontobola"},"url":"https:\/\/blog.vida.at\/pensionisten\/author\/mariontobola\/"}]}},"author_meta":{"display_name":"mariontobola","author_link":"https:\/\/blog.vida.at\/pensionisten\/author\/mariontobola\/"},"featured_img":"https:\/\/blog.vida.at\/pensionisten\/wp-content\/uploads\/sites\/10\/2023\/09\/impfung_\u00a9-sharryfoto-Fotolia.com_-300x200.jpg","featured_image_src":"https:\/\/blog.vida.at\/pensionisten\/wp-content\/uploads\/sites\/10\/2023\/09\/impfung_\u00a9-sharryfoto-Fotolia.com_.jpg","featured_image_src_square":"https:\/\/blog.vida.at\/pensionisten\/wp-content\/uploads\/sites\/10\/2023\/09\/impfung_\u00a9-sharryfoto-Fotolia.com_.jpg","uagb_featured_image_src":{"full":["https:\/\/blog.vida.at\/pensionisten\/wp-content\/uploads\/sites\/10\/2023\/09\/impfung_\u00a9-sharryfoto-Fotolia.com_.jpg",424,283,false],"thumbnail":["https:\/\/blog.vida.at\/pensionisten\/wp-content\/uploads\/sites\/10\/2023\/09\/impfung_\u00a9-sharryfoto-Fotolia.com_-150x150.jpg",150,150,true],"medium":["https:\/\/blog.vida.at\/pensionisten\/wp-content\/uploads\/sites\/10\/2023\/09\/impfung_\u00a9-sharryfoto-Fotolia.com_-300x200.jpg",300,200,true],"medium_large":["https:\/\/blog.vida.at\/pensionisten\/wp-content\/uploads\/sites\/10\/2023\/09\/impfung_\u00a9-sharryfoto-Fotolia.com_.jpg",424,283,false],"large":["https:\/\/blog.vida.at\/pensionisten\/wp-content\/uploads\/sites\/10\/2023\/09\/impfung_\u00a9-sharryfoto-Fotolia.com_.jpg",424,283,false],"1536x1536":["https:\/\/blog.vida.at\/pensionisten\/wp-content\/uploads\/sites\/10\/2023\/09\/impfung_\u00a9-sharryfoto-Fotolia.com_.jpg",424,283,false],"2048x2048":["https:\/\/blog.vida.at\/pensionisten\/wp-content\/uploads\/sites\/10\/2023\/09\/impfung_\u00a9-sharryfoto-Fotolia.com_.jpg",424,283,false],"ab-block-post-grid-landscape":["https:\/\/blog.vida.at\/pensionisten\/wp-content\/uploads\/sites\/10\/2023\/09\/impfung_\u00a9-sharryfoto-Fotolia.com_.jpg",424,283,false],"ab-block-post-grid-square":["https:\/\/blog.vida.at\/pensionisten\/wp-content\/uploads\/sites\/10\/2023\/09\/impfung_\u00a9-sharryfoto-Fotolia.com_.jpg",424,283,false],"post-thumbnail":["https:\/\/blog.vida.at\/pensionisten\/wp-content\/uploads\/sites\/10\/2023\/09\/impfung_\u00a9-sharryfoto-Fotolia.com_.jpg",424,283,false],"awb_sm":["https:\/\/blog.vida.at\/pensionisten\/wp-content\/uploads\/sites\/10\/2023\/09\/impfung_\u00a9-sharryfoto-Fotolia.com_.jpg",424,283,false],"awb_md":["https:\/\/blog.vida.at\/pensionisten\/wp-content\/uploads\/sites\/10\/2023\/09\/impfung_\u00a9-sharryfoto-Fotolia.com_.jpg",424,283,false],"awb_lg":["https:\/\/blog.vida.at\/pensionisten\/wp-content\/uploads\/sites\/10\/2023\/09\/impfung_\u00a9-sharryfoto-Fotolia.com_.jpg",424,283,false],"awb_xl":["https:\/\/blog.vida.at\/pensionisten\/wp-content\/uploads\/sites\/10\/2023\/09\/impfung_\u00a9-sharryfoto-Fotolia.com_.jpg",424,283,false]},"uagb_author_info":{"display_name":"mariontobola","author_link":"https:\/\/blog.vida.at\/pensionisten\/author\/mariontobola\/"},"uagb_comment_info":0,"uagb_excerpt":"Das \u00d6ffentliche Impfprogramm Influenza startet mit 2. Oktober 2023! Die echte Grippe, oder richtigerweise Influenza genannt, fesselt j\u00e4hrlich mehrere hunderttausende Menschen in \u00d6sterreich ans Bett. Ein wirksamer Schutz gegen eine Erkrankung ist nur durch eine Impfung gegeben. Deine vida-Pensionist:innen informieren!","coauthors":[],"tax_additional":{"categories":{"linked":["<a href=\"https:\/\/blog.vida.at\/pensionisten\/category\/aktuelles\/\" class=\"advgb-post-tax-term\">Aktuelles<\/a>","<a href=\"https:\/\/blog.vida.at\/pensionisten\/category\/allgemein\/\" class=\"advgb-post-tax-term\">Allgemein<\/a>","<a href=\"https:\/\/blog.vida.at\/pensionisten\/category\/top-aktuelles\/\" class=\"advgb-post-tax-term\">Top Aktuelles<\/a>"],"unlinked":["<span class=\"advgb-post-tax-term\">Aktuelles<\/span>","<span class=\"advgb-post-tax-term\">Allgemein<\/span>","<span class=\"advgb-post-tax-term\">Top Aktuelles<\/span>"]}},"comment_count":"0","relative_dates":{"created":"Ver\u00f6ffentlicht 3\u00a0Jahren vor","modified":"Aktualisiert 3\u00a0Jahren vor"},"absolute_dates":{"created":"Ver\u00f6ffentlicht am 2. Oktober 2023","modified":"Aktualisiert am 12. Oktober 2023"},"absolute_dates_time":{"created":"Ver\u00f6ffentlicht am 2. Oktober 2023 13:31","modified":"Aktualisiert am 12. Oktober 2023 16:20"},"featured_img_caption":"","series_order":"","_links":{"self":[{"href":"https:\/\/blog.vida.at\/pensionisten\/wp-json\/wp\/v2\/posts\/7575","targetHints":{"allow":["GET"]}}],"collection":[{"href":"https:\/\/blog.vida.at\/pensionisten\/wp-json\/wp\/v2\/posts"}],"about":[{"href":"https:\/\/blog.vida.at\/pensionisten\/wp-json\/wp\/v2\/types\/post"}],"author":[{"embeddable":true,"href":"https:\/\/blog.vida.at\/pensionisten\/wp-json\/wp\/v2\/users\/8"}],"replies":[{"embeddable":true,"href":"https:\/\/blog.vida.at\/pensionisten\/wp-json\/wp\/v2\/comments?post=7575"}],"version-history":[{"count":3,"href":"https:\/\/blog.vida.at\/pensionisten\/wp-json\/wp\/v2\/posts\/7575\/revisions"}],"predecessor-version":[{"id":7649,"href":"https:\/\/blog.vida.at\/pensionisten\/wp-json\/wp\/v2\/posts\/7575\/revisions\/7649"}],"wp:featuredmedia":[{"embeddable":true,"href":"https:\/\/blog.vida.at\/pensionisten\/wp-json\/wp\/v2\/media\/7576"}],"wp:attachment":[{"href":"https:\/\/blog.vida.at\/pensionisten\/wp-json\/wp\/v2\/media?parent=7575"}],"wp:term":[{"taxonomy":"category","embeddable":true,"href":"https:\/\/blog.vida.at\/pensionisten\/wp-json\/wp\/v2\/categories?post=7575"},{"taxonomy":"post_tag","embeddable":true,"href":"https:\/\/blog.vida.at\/pensionisten\/wp-json\/wp\/v2\/tags?post=7575"},{"taxonomy":"Orte","embeddable":true,"href":"https:\/\/blog.vida.at\/pensionisten\/wp-json\/wp\/v2\/Orte?post=7575"},{"taxonomy":"activitytype","embeddable":true,"href":"https:\/\/blog.vida.at\/pensionisten\/wp-json\/wp\/v2\/activitytype?post=7575"}],"curies":[{"name":"wp","href":"https:\/\/api.w.org\/{rel}","templated":true}]}}