
{"id":7778,"date":"2023-10-24T15:27:08","date_gmt":"2023-10-24T13:27:08","guid":{"rendered":"https:\/\/blog.vida.at\/pensionisten\/?p=7778"},"modified":"2023-10-24T15:27:52","modified_gmt":"2023-10-24T13:27:52","slug":"runder-geburtstag-am-radl","status":"publish","type":"post","link":"https:\/\/blog.vida.at\/pensionisten\/2023\/10\/24\/runder-geburtstag-am-radl\/","title":{"rendered":"Runder Geburtstag am Radl"},"content":{"rendered":"\n<div class=\"wp-block-group Container advgb-dyn-b6b47f2a\"><div class=\"wp-block-group__inner-container is-layout-flow wp-block-group-is-layout-flow\">\n<h4 class=\"wp-block-heading advgb-dyn-9fc0951e\">OG Herzogenburg gratuliert Jubilar Friedl Nussbaumer zum 60er.<\/h4>\n\n\n\n<br>\n\n\n\n<p><\/p>\n\n\n\n<!--more-->\n\n\n\n<p><\/p>\n\n\n\n<p>Unser v<strong>ida-OG-Fahrradmitglied Friedl Nussbaumer <\/strong>feierte am <strong>28. September 2023<\/strong> seinen 60. Geburtstag. Dieser Tag war ein Donnerstag, also war die w\u00f6chentliche<strong> Radtour<\/strong> in eine sch\u00f6ne, umliegende Region angesagt. Gegen Mittag lud uns Friedl zu einem <strong>gem\u00fctlichen Beisammensein<\/strong> ein, mit allem, was das Herz begehrt. Da wurde aufgetischt, dass sich die Balken bogen. <strong>Es wurde nat\u00fcrlich mit kleinen Pr\u00e4senten herzlich zum &#8222;Runden&#8220; gratuliert! <\/strong><\/p>\n\n\n\n<p><strong><span style=\"color: #fd0101\" class=\"stk-highlight\">Danke lieber Friedl, mit den besten W\u00fcnschen, vor allem Gesundheit! In den Abendstunden ging der au\u00dfergew\u00f6hnlich sch\u00f6ne Tag zu Ende!<\/span><\/strong><\/p>\n\n\n\n<p><\/p>\n\n\n\n<figure class=\"wp-block-gallery has-nested-images columns-default is-cropped wp-block-gallery-1 is-layout-flex wp-block-gallery-is-layout-flex\">\n<figure class=\"wp-block-image size-large\"><img loading=\"lazy\" decoding=\"async\" width=\"1024\" height=\"683\" data-id=\"7785\" src=\"https:\/\/blog.vida.at\/pensionisten\/wp-content\/uploads\/sites\/10\/2023\/10\/OG-Fahrradmitglied-Friedl-Nussbaumer-60-28.09-1-1024x683.jpg\" alt=\"\" class=\"wp-image-7785\" srcset=\"https:\/\/blog.vida.at\/pensionisten\/wp-content\/uploads\/sites\/10\/2023\/10\/OG-Fahrradmitglied-Friedl-Nussbaumer-60-28.09-1-1024x683.jpg 1024w, https:\/\/blog.vida.at\/pensionisten\/wp-content\/uploads\/sites\/10\/2023\/10\/OG-Fahrradmitglied-Friedl-Nussbaumer-60-28.09-1-300x200.jpg 300w, https:\/\/blog.vida.at\/pensionisten\/wp-content\/uploads\/sites\/10\/2023\/10\/OG-Fahrradmitglied-Friedl-Nussbaumer-60-28.09-1-768x512.jpg 768w, https:\/\/blog.vida.at\/pensionisten\/wp-content\/uploads\/sites\/10\/2023\/10\/OG-Fahrradmitglied-Friedl-Nussbaumer-60-28.09-1-1536x1024.jpg 1536w, https:\/\/blog.vida.at\/pensionisten\/wp-content\/uploads\/sites\/10\/2023\/10\/OG-Fahrradmitglied-Friedl-Nussbaumer-60-28.09-1-2048x1365.jpg 2048w, https:\/\/blog.vida.at\/pensionisten\/wp-content\/uploads\/sites\/10\/2023\/10\/OG-Fahrradmitglied-Friedl-Nussbaumer-60-28.09-1-500x333.jpg 500w, https:\/\/blog.vida.at\/pensionisten\/wp-content\/uploads\/sites\/10\/2023\/10\/OG-Fahrradmitglied-Friedl-Nussbaumer-60-28.09-1-800x533.jpg 800w, https:\/\/blog.vida.at\/pensionisten\/wp-content\/uploads\/sites\/10\/2023\/10\/OG-Fahrradmitglied-Friedl-Nussbaumer-60-28.09-1-1280x853.jpg 1280w, https:\/\/blog.vida.at\/pensionisten\/wp-content\/uploads\/sites\/10\/2023\/10\/OG-Fahrradmitglied-Friedl-Nussbaumer-60-28.09-1-1920x1280.jpg 1920w, https:\/\/blog.vida.at\/pensionisten\/wp-content\/uploads\/sites\/10\/2023\/10\/OG-Fahrradmitglied-Friedl-Nussbaumer-60-28.09-1-600x400.jpg 600w, https:\/\/blog.vida.at\/pensionisten\/wp-content\/uploads\/sites\/10\/2023\/10\/OG-Fahrradmitglied-Friedl-Nussbaumer-60-28.09-1-1568x1045.jpg 1568w\" sizes=\"auto, (max-width: 1024px) 100vw, 1024px\" \/><\/figure>\n\n\n\n<figure class=\"wp-block-image size-large\"><img loading=\"lazy\" decoding=\"async\" width=\"1024\" height=\"768\" data-id=\"7782\" src=\"https:\/\/blog.vida.at\/pensionisten\/wp-content\/uploads\/sites\/10\/2023\/10\/Friedl-60-28.09.2023-3-1024x768.jpg\" alt=\"\" class=\"wp-image-7782\" srcset=\"https:\/\/blog.vida.at\/pensionisten\/wp-content\/uploads\/sites\/10\/2023\/10\/Friedl-60-28.09.2023-3-1024x768.jpg 1024w, https:\/\/blog.vida.at\/pensionisten\/wp-content\/uploads\/sites\/10\/2023\/10\/Friedl-60-28.09.2023-3-300x225.jpg 300w, https:\/\/blog.vida.at\/pensionisten\/wp-content\/uploads\/sites\/10\/2023\/10\/Friedl-60-28.09.2023-3-768x576.jpg 768w, https:\/\/blog.vida.at\/pensionisten\/wp-content\/uploads\/sites\/10\/2023\/10\/Friedl-60-28.09.2023-3-1536x1152.jpg 1536w, https:\/\/blog.vida.at\/pensionisten\/wp-content\/uploads\/sites\/10\/2023\/10\/Friedl-60-28.09.2023-3-2048x1536.jpg 2048w, https:\/\/blog.vida.at\/pensionisten\/wp-content\/uploads\/sites\/10\/2023\/10\/Friedl-60-28.09.2023-3-500x375.jpg 500w, https:\/\/blog.vida.at\/pensionisten\/wp-content\/uploads\/sites\/10\/2023\/10\/Friedl-60-28.09.2023-3-800x600.jpg 800w, https:\/\/blog.vida.at\/pensionisten\/wp-content\/uploads\/sites\/10\/2023\/10\/Friedl-60-28.09.2023-3-1280x960.jpg 1280w, https:\/\/blog.vida.at\/pensionisten\/wp-content\/uploads\/sites\/10\/2023\/10\/Friedl-60-28.09.2023-3-1920x1440.jpg 1920w, https:\/\/blog.vida.at\/pensionisten\/wp-content\/uploads\/sites\/10\/2023\/10\/Friedl-60-28.09.2023-3-1568x1176.jpg 1568w\" sizes=\"auto, (max-width: 1024px) 100vw, 1024px\" \/><\/figure>\n\n\n\n<figure class=\"wp-block-image size-large\"><img loading=\"lazy\" decoding=\"async\" width=\"1024\" height=\"768\" data-id=\"7781\" src=\"https:\/\/blog.vida.at\/pensionisten\/wp-content\/uploads\/sites\/10\/2023\/10\/Friedl-60-28.09.20234-1024x768.jpg\" alt=\"\" class=\"wp-image-7781\" srcset=\"https:\/\/blog.vida.at\/pensionisten\/wp-content\/uploads\/sites\/10\/2023\/10\/Friedl-60-28.09.20234-1024x768.jpg 1024w, https:\/\/blog.vida.at\/pensionisten\/wp-content\/uploads\/sites\/10\/2023\/10\/Friedl-60-28.09.20234-300x225.jpg 300w, https:\/\/blog.vida.at\/pensionisten\/wp-content\/uploads\/sites\/10\/2023\/10\/Friedl-60-28.09.20234-768x576.jpg 768w, https:\/\/blog.vida.at\/pensionisten\/wp-content\/uploads\/sites\/10\/2023\/10\/Friedl-60-28.09.20234-1536x1152.jpg 1536w, https:\/\/blog.vida.at\/pensionisten\/wp-content\/uploads\/sites\/10\/2023\/10\/Friedl-60-28.09.20234-2048x1536.jpg 2048w, https:\/\/blog.vida.at\/pensionisten\/wp-content\/uploads\/sites\/10\/2023\/10\/Friedl-60-28.09.20234-500x375.jpg 500w, https:\/\/blog.vida.at\/pensionisten\/wp-content\/uploads\/sites\/10\/2023\/10\/Friedl-60-28.09.20234-800x600.jpg 800w, https:\/\/blog.vida.at\/pensionisten\/wp-content\/uploads\/sites\/10\/2023\/10\/Friedl-60-28.09.20234-1280x960.jpg 1280w, https:\/\/blog.vida.at\/pensionisten\/wp-content\/uploads\/sites\/10\/2023\/10\/Friedl-60-28.09.20234-1920x1440.jpg 1920w, https:\/\/blog.vida.at\/pensionisten\/wp-content\/uploads\/sites\/10\/2023\/10\/Friedl-60-28.09.20234-1568x1176.jpg 1568w\" sizes=\"auto, (max-width: 1024px) 100vw, 1024px\" \/><\/figure>\n\n\n\n<figure class=\"wp-block-image size-large\"><img loading=\"lazy\" decoding=\"async\" width=\"1024\" height=\"768\" data-id=\"7783\" src=\"https:\/\/blog.vida.at\/pensionisten\/wp-content\/uploads\/sites\/10\/2023\/10\/Friedl-60-28.09.2023-2-1024x768.jpg\" alt=\"\" class=\"wp-image-7783\" srcset=\"https:\/\/blog.vida.at\/pensionisten\/wp-content\/uploads\/sites\/10\/2023\/10\/Friedl-60-28.09.2023-2-1024x768.jpg 1024w, https:\/\/blog.vida.at\/pensionisten\/wp-content\/uploads\/sites\/10\/2023\/10\/Friedl-60-28.09.2023-2-300x225.jpg 300w, https:\/\/blog.vida.at\/pensionisten\/wp-content\/uploads\/sites\/10\/2023\/10\/Friedl-60-28.09.2023-2-768x576.jpg 768w, https:\/\/blog.vida.at\/pensionisten\/wp-content\/uploads\/sites\/10\/2023\/10\/Friedl-60-28.09.2023-2-1536x1152.jpg 1536w, https:\/\/blog.vida.at\/pensionisten\/wp-content\/uploads\/sites\/10\/2023\/10\/Friedl-60-28.09.2023-2-2048x1536.jpg 2048w, https:\/\/blog.vida.at\/pensionisten\/wp-content\/uploads\/sites\/10\/2023\/10\/Friedl-60-28.09.2023-2-500x375.jpg 500w, https:\/\/blog.vida.at\/pensionisten\/wp-content\/uploads\/sites\/10\/2023\/10\/Friedl-60-28.09.2023-2-800x600.jpg 800w, https:\/\/blog.vida.at\/pensionisten\/wp-content\/uploads\/sites\/10\/2023\/10\/Friedl-60-28.09.2023-2-1280x960.jpg 1280w, https:\/\/blog.vida.at\/pensionisten\/wp-content\/uploads\/sites\/10\/2023\/10\/Friedl-60-28.09.2023-2-1920x1440.jpg 1920w, https:\/\/blog.vida.at\/pensionisten\/wp-content\/uploads\/sites\/10\/2023\/10\/Friedl-60-28.09.2023-2-1568x1176.jpg 1568w\" sizes=\"auto, (max-width: 1024px) 100vw, 1024px\" \/><\/figure>\n\n\n\n<figure class=\"wp-block-image size-large\"><img loading=\"lazy\" decoding=\"async\" width=\"1024\" height=\"768\" data-id=\"7780\" src=\"https:\/\/blog.vida.at\/pensionisten\/wp-content\/uploads\/sites\/10\/2023\/10\/Friedl-60-28.09.20235-1024x768.jpg\" alt=\"\" class=\"wp-image-7780\" srcset=\"https:\/\/blog.vida.at\/pensionisten\/wp-content\/uploads\/sites\/10\/2023\/10\/Friedl-60-28.09.20235-1024x768.jpg 1024w, https:\/\/blog.vida.at\/pensionisten\/wp-content\/uploads\/sites\/10\/2023\/10\/Friedl-60-28.09.20235-300x225.jpg 300w, https:\/\/blog.vida.at\/pensionisten\/wp-content\/uploads\/sites\/10\/2023\/10\/Friedl-60-28.09.20235-768x576.jpg 768w, https:\/\/blog.vida.at\/pensionisten\/wp-content\/uploads\/sites\/10\/2023\/10\/Friedl-60-28.09.20235-1536x1152.jpg 1536w, https:\/\/blog.vida.at\/pensionisten\/wp-content\/uploads\/sites\/10\/2023\/10\/Friedl-60-28.09.20235-2048x1536.jpg 2048w, https:\/\/blog.vida.at\/pensionisten\/wp-content\/uploads\/sites\/10\/2023\/10\/Friedl-60-28.09.20235-500x375.jpg 500w, https:\/\/blog.vida.at\/pensionisten\/wp-content\/uploads\/sites\/10\/2023\/10\/Friedl-60-28.09.20235-800x600.jpg 800w, https:\/\/blog.vida.at\/pensionisten\/wp-content\/uploads\/sites\/10\/2023\/10\/Friedl-60-28.09.20235-1280x960.jpg 1280w, https:\/\/blog.vida.at\/pensionisten\/wp-content\/uploads\/sites\/10\/2023\/10\/Friedl-60-28.09.20235-1920x1440.jpg 1920w, https:\/\/blog.vida.at\/pensionisten\/wp-content\/uploads\/sites\/10\/2023\/10\/Friedl-60-28.09.20235-1568x1176.jpg 1568w\" sizes=\"auto, (max-width: 1024px) 100vw, 1024px\" \/><\/figure>\n\n\n\n<figure class=\"wp-block-image size-large\"><img loading=\"lazy\" decoding=\"async\" width=\"1024\" height=\"768\" data-id=\"7784\" src=\"https:\/\/blog.vida.at\/pensionisten\/wp-content\/uploads\/sites\/10\/2023\/10\/Friedl-60-28.09.20236-1024x768.jpg\" alt=\"\" class=\"wp-image-7784\" srcset=\"https:\/\/blog.vida.at\/pensionisten\/wp-content\/uploads\/sites\/10\/2023\/10\/Friedl-60-28.09.20236-1024x768.jpg 1024w, https:\/\/blog.vida.at\/pensionisten\/wp-content\/uploads\/sites\/10\/2023\/10\/Friedl-60-28.09.20236-300x225.jpg 300w, https:\/\/blog.vida.at\/pensionisten\/wp-content\/uploads\/sites\/10\/2023\/10\/Friedl-60-28.09.20236-768x576.jpg 768w, https:\/\/blog.vida.at\/pensionisten\/wp-content\/uploads\/sites\/10\/2023\/10\/Friedl-60-28.09.20236-1536x1152.jpg 1536w, https:\/\/blog.vida.at\/pensionisten\/wp-content\/uploads\/sites\/10\/2023\/10\/Friedl-60-28.09.20236-2048x1536.jpg 2048w, https:\/\/blog.vida.at\/pensionisten\/wp-content\/uploads\/sites\/10\/2023\/10\/Friedl-60-28.09.20236-500x375.jpg 500w, https:\/\/blog.vida.at\/pensionisten\/wp-content\/uploads\/sites\/10\/2023\/10\/Friedl-60-28.09.20236-800x600.jpg 800w, https:\/\/blog.vida.at\/pensionisten\/wp-content\/uploads\/sites\/10\/2023\/10\/Friedl-60-28.09.20236-1280x960.jpg 1280w, https:\/\/blog.vida.at\/pensionisten\/wp-content\/uploads\/sites\/10\/2023\/10\/Friedl-60-28.09.20236-1920x1440.jpg 1920w, https:\/\/blog.vida.at\/pensionisten\/wp-content\/uploads\/sites\/10\/2023\/10\/Friedl-60-28.09.20236-1568x1176.jpg 1568w\" sizes=\"auto, (max-width: 1024px) 100vw, 1024px\" \/><\/figure>\n\n\n\n<figure class=\"wp-block-image size-large\"><img loading=\"lazy\" decoding=\"async\" width=\"1024\" height=\"768\" data-id=\"7779\" src=\"https:\/\/blog.vida.at\/pensionisten\/wp-content\/uploads\/sites\/10\/2023\/10\/Friedl-60-28.09.20237-1024x768.jpg\" alt=\"\" class=\"wp-image-7779\" srcset=\"https:\/\/blog.vida.at\/pensionisten\/wp-content\/uploads\/sites\/10\/2023\/10\/Friedl-60-28.09.20237-1024x768.jpg 1024w, https:\/\/blog.vida.at\/pensionisten\/wp-content\/uploads\/sites\/10\/2023\/10\/Friedl-60-28.09.20237-300x225.jpg 300w, https:\/\/blog.vida.at\/pensionisten\/wp-content\/uploads\/sites\/10\/2023\/10\/Friedl-60-28.09.20237-768x576.jpg 768w, https:\/\/blog.vida.at\/pensionisten\/wp-content\/uploads\/sites\/10\/2023\/10\/Friedl-60-28.09.20237-1536x1152.jpg 1536w, https:\/\/blog.vida.at\/pensionisten\/wp-content\/uploads\/sites\/10\/2023\/10\/Friedl-60-28.09.20237-2048x1536.jpg 2048w, https:\/\/blog.vida.at\/pensionisten\/wp-content\/uploads\/sites\/10\/2023\/10\/Friedl-60-28.09.20237-500x375.jpg 500w, https:\/\/blog.vida.at\/pensionisten\/wp-content\/uploads\/sites\/10\/2023\/10\/Friedl-60-28.09.20237-800x600.jpg 800w, https:\/\/blog.vida.at\/pensionisten\/wp-content\/uploads\/sites\/10\/2023\/10\/Friedl-60-28.09.20237-1280x960.jpg 1280w, https:\/\/blog.vida.at\/pensionisten\/wp-content\/uploads\/sites\/10\/2023\/10\/Friedl-60-28.09.20237-1920x1440.jpg 1920w, https:\/\/blog.vida.at\/pensionisten\/wp-content\/uploads\/sites\/10\/2023\/10\/Friedl-60-28.09.20237-1568x1176.jpg 1568w\" sizes=\"auto, (max-width: 1024px) 100vw, 1024px\" \/><\/figure>\n\n\n\n<figure class=\"wp-block-image size-large\"><img loading=\"lazy\" decoding=\"async\" width=\"1024\" height=\"768\" data-id=\"7786\" src=\"https:\/\/blog.vida.at\/pensionisten\/wp-content\/uploads\/sites\/10\/2023\/10\/OG-Fahrradmitglied-Friedl-Nussbaumer-60-28.09.2023-1-1024x768.jpg\" alt=\"\" class=\"wp-image-7786\" srcset=\"https:\/\/blog.vida.at\/pensionisten\/wp-content\/uploads\/sites\/10\/2023\/10\/OG-Fahrradmitglied-Friedl-Nussbaumer-60-28.09.2023-1-1024x768.jpg 1024w, https:\/\/blog.vida.at\/pensionisten\/wp-content\/uploads\/sites\/10\/2023\/10\/OG-Fahrradmitglied-Friedl-Nussbaumer-60-28.09.2023-1-300x225.jpg 300w, https:\/\/blog.vida.at\/pensionisten\/wp-content\/uploads\/sites\/10\/2023\/10\/OG-Fahrradmitglied-Friedl-Nussbaumer-60-28.09.2023-1-768x576.jpg 768w, https:\/\/blog.vida.at\/pensionisten\/wp-content\/uploads\/sites\/10\/2023\/10\/OG-Fahrradmitglied-Friedl-Nussbaumer-60-28.09.2023-1-1536x1152.jpg 1536w, https:\/\/blog.vida.at\/pensionisten\/wp-content\/uploads\/sites\/10\/2023\/10\/OG-Fahrradmitglied-Friedl-Nussbaumer-60-28.09.2023-1-2048x1536.jpg 2048w, https:\/\/blog.vida.at\/pensionisten\/wp-content\/uploads\/sites\/10\/2023\/10\/OG-Fahrradmitglied-Friedl-Nussbaumer-60-28.09.2023-1-500x375.jpg 500w, https:\/\/blog.vida.at\/pensionisten\/wp-content\/uploads\/sites\/10\/2023\/10\/OG-Fahrradmitglied-Friedl-Nussbaumer-60-28.09.2023-1-800x600.jpg 800w, https:\/\/blog.vida.at\/pensionisten\/wp-content\/uploads\/sites\/10\/2023\/10\/OG-Fahrradmitglied-Friedl-Nussbaumer-60-28.09.2023-1-1280x960.jpg 1280w, https:\/\/blog.vida.at\/pensionisten\/wp-content\/uploads\/sites\/10\/2023\/10\/OG-Fahrradmitglied-Friedl-Nussbaumer-60-28.09.2023-1-1920x1440.jpg 1920w, https:\/\/blog.vida.at\/pensionisten\/wp-content\/uploads\/sites\/10\/2023\/10\/OG-Fahrradmitglied-Friedl-Nussbaumer-60-28.09.2023-1-1568x1176.jpg 1568w\" sizes=\"auto, (max-width: 1024px) 100vw, 1024px\" \/><\/figure>\n<\/figure>\n\n\n\n<div class=\"wp-block-buttons is-content-justification-center is-layout-flex wp-container-core-buttons-is-layout-16018d1d wp-block-buttons-is-layout-flex\"><\/div>\n\n\n\n<div class=\"wp-block-buttons is-content-justification-center is-layout-flex wp-container-core-buttons-is-layout-16018d1d wp-block-buttons-is-layout-flex\"><\/div>\n<\/div><\/div>\n","protected":false},"excerpt":{"rendered":"<p>OG Herzogenburg gratuliert Jubilar Friedl Nussbaumer zum 60er.<\/p>\n","protected":false},"author":8,"featured_media":7787,"comment_status":"open","ping_status":"open","sticky":false,"template":"","format":"standard","meta":{"_uag_custom_page_level_css":"","advgb_blocks_editor_width":"","advgb_blocks_columns_visual_guide":"","footnotes":""},"categories":[1,59,49],"tags":[],"Orte":[],"activitytype":[],"class_list":["post-7778","post","type-post","status-publish","format-standard","has-post-thumbnail","hentry","category-allgemein","category-og-herzogenburg","category-ortsgruppen","entry"],"featured_image_urls":{"full":["https:\/\/blog.vida.at\/pensionisten\/wp-content\/uploads\/sites\/10\/2023\/10\/Friedl-60-28.09.2023-3-1-scaled.jpg",2560,1707,false],"thumbnail":["https:\/\/blog.vida.at\/pensionisten\/wp-content\/uploads\/sites\/10\/2023\/10\/Friedl-60-28.09.2023-3-1-150x150.jpg",150,150,true],"medium":["https:\/\/blog.vida.at\/pensionisten\/wp-content\/uploads\/sites\/10\/2023\/10\/Friedl-60-28.09.2023-3-1-300x200.jpg",300,200,true],"medium_large":["https:\/\/blog.vida.at\/pensionisten\/wp-content\/uploads\/sites\/10\/2023\/10\/Friedl-60-28.09.2023-3-1-768x512.jpg",640,427,true],"large":["https:\/\/blog.vida.at\/pensionisten\/wp-content\/uploads\/sites\/10\/2023\/10\/Friedl-60-28.09.2023-3-1-1024x683.jpg",640,427,true],"1536x1536":["https:\/\/blog.vida.at\/pensionisten\/wp-content\/uploads\/sites\/10\/2023\/10\/Friedl-60-28.09.2023-3-1-1536x1024.jpg",1536,1024,true],"2048x2048":["https:\/\/blog.vida.at\/pensionisten\/wp-content\/uploads\/sites\/10\/2023\/10\/Friedl-60-28.09.2023-3-1-2048x1365.jpg",2048,1365,true],"ab-block-post-grid-landscape":["https:\/\/blog.vida.at\/pensionisten\/wp-content\/uploads\/sites\/10\/2023\/10\/Friedl-60-28.09.2023-3-1-600x400.jpg",600,400,true],"ab-block-post-grid-square":["https:\/\/blog.vida.at\/pensionisten\/wp-content\/uploads\/sites\/10\/2023\/10\/Friedl-60-28.09.2023-3-1-600x600.jpg",600,600,true],"post-thumbnail":["https:\/\/blog.vida.at\/pensionisten\/wp-content\/uploads\/sites\/10\/2023\/10\/Friedl-60-28.09.2023-3-1-1568x1045.jpg",1568,1045,true],"awb_sm":["https:\/\/blog.vida.at\/pensionisten\/wp-content\/uploads\/sites\/10\/2023\/10\/Friedl-60-28.09.2023-3-1-500x333.jpg",500,333,true],"awb_md":["https:\/\/blog.vida.at\/pensionisten\/wp-content\/uploads\/sites\/10\/2023\/10\/Friedl-60-28.09.2023-3-1-800x533.jpg",800,533,true],"awb_lg":["https:\/\/blog.vida.at\/pensionisten\/wp-content\/uploads\/sites\/10\/2023\/10\/Friedl-60-28.09.2023-3-1-1280x853.jpg",1280,853,true],"awb_xl":["https:\/\/blog.vida.at\/pensionisten\/wp-content\/uploads\/sites\/10\/2023\/10\/Friedl-60-28.09.2023-3-1-1920x1280.jpg",1920,1280,true]},"post_excerpt_stackable":"<p>OG Herzogenburg gratuliert Jubilar Friedl Nussbaumer zum 60er. Unser vida-OG-Fahrradmitglied Friedl Nussbaumer feierte am 28. September 2023 seinen 60. Geburtstag. Dieser Tag war ein Donnerstag, also war die w\u00f6chentliche Radtour in eine sch\u00f6ne, umliegende Region angesagt. Gegen Mittag lud uns Friedl zu einem gem\u00fctlichen Beisammensein ein, mit allem, was das Herz begehrt. Da wurde aufgetischt, dass sich die Balken bogen. Es wurde nat\u00fcrlich mit kleinen Pr\u00e4senten herzlich zum &#8222;Runden&#8220; gratuliert! Danke lieber Friedl, mit den besten W\u00fcnschen, vor allem Gesundheit! In den Abendstunden ging der au\u00dfergew\u00f6hnlich sch\u00f6ne Tag zu Ende!<\/p>\n","category_list":"<a href=\"https:\/\/blog.vida.at\/pensionisten\/category\/allgemein\/\" rel=\"category tag\">Allgemein<\/a>, <a href=\"https:\/\/blog.vida.at\/pensionisten\/category\/ortsgruppen\/niederoesterreich\/og-herzogenburg\/\" rel=\"category tag\">OG Herzogenburg<\/a>, <a href=\"https:\/\/blog.vida.at\/pensionisten\/category\/ortsgruppen\/\" rel=\"category tag\">Ortsgruppen<\/a>","author_info":{"display_name":"mariontobola","author_link":"https:\/\/blog.vida.at\/pensionisten\/author\/mariontobola\/"},"comments_num":"0 comments","featured_image_urls_v2":{"full":["https:\/\/blog.vida.at\/pensionisten\/wp-content\/uploads\/sites\/10\/2023\/10\/Friedl-60-28.09.2023-3-1-scaled.jpg",2560,1707,false],"thumbnail":["https:\/\/blog.vida.at\/pensionisten\/wp-content\/uploads\/sites\/10\/2023\/10\/Friedl-60-28.09.2023-3-1-150x150.jpg",150,150,true],"medium":["https:\/\/blog.vida.at\/pensionisten\/wp-content\/uploads\/sites\/10\/2023\/10\/Friedl-60-28.09.2023-3-1-300x200.jpg",300,200,true],"medium_large":["https:\/\/blog.vida.at\/pensionisten\/wp-content\/uploads\/sites\/10\/2023\/10\/Friedl-60-28.09.2023-3-1-768x512.jpg",640,427,true],"large":["https:\/\/blog.vida.at\/pensionisten\/wp-content\/uploads\/sites\/10\/2023\/10\/Friedl-60-28.09.2023-3-1-1024x683.jpg",640,427,true],"1536x1536":["https:\/\/blog.vida.at\/pensionisten\/wp-content\/uploads\/sites\/10\/2023\/10\/Friedl-60-28.09.2023-3-1-1536x1024.jpg",1536,1024,true],"2048x2048":["https:\/\/blog.vida.at\/pensionisten\/wp-content\/uploads\/sites\/10\/2023\/10\/Friedl-60-28.09.2023-3-1-2048x1365.jpg",2048,1365,true],"ab-block-post-grid-landscape":["https:\/\/blog.vida.at\/pensionisten\/wp-content\/uploads\/sites\/10\/2023\/10\/Friedl-60-28.09.2023-3-1-600x400.jpg",600,400,true],"ab-block-post-grid-square":["https:\/\/blog.vida.at\/pensionisten\/wp-content\/uploads\/sites\/10\/2023\/10\/Friedl-60-28.09.2023-3-1-600x600.jpg",600,600,true],"post-thumbnail":["https:\/\/blog.vida.at\/pensionisten\/wp-content\/uploads\/sites\/10\/2023\/10\/Friedl-60-28.09.2023-3-1-1568x1045.jpg",1568,1045,true],"awb_sm":["https:\/\/blog.vida.at\/pensionisten\/wp-content\/uploads\/sites\/10\/2023\/10\/Friedl-60-28.09.2023-3-1-500x333.jpg",500,333,true],"awb_md":["https:\/\/blog.vida.at\/pensionisten\/wp-content\/uploads\/sites\/10\/2023\/10\/Friedl-60-28.09.2023-3-1-800x533.jpg",800,533,true],"awb_lg":["https:\/\/blog.vida.at\/pensionisten\/wp-content\/uploads\/sites\/10\/2023\/10\/Friedl-60-28.09.2023-3-1-1280x853.jpg",1280,853,true],"awb_xl":["https:\/\/blog.vida.at\/pensionisten\/wp-content\/uploads\/sites\/10\/2023\/10\/Friedl-60-28.09.2023-3-1-1920x1280.jpg",1920,1280,true]},"post_excerpt_stackable_v2":"<p>OG Herzogenburg gratuliert Jubilar Friedl Nussbaumer zum 60er. Unser vida-OG-Fahrradmitglied Friedl Nussbaumer feierte am 28. September 2023 seinen 60. Geburtstag. Dieser Tag war ein Donnerstag, also war die w\u00f6chentliche Radtour in eine sch\u00f6ne, umliegende Region angesagt. Gegen Mittag lud uns Friedl zu einem gem\u00fctlichen Beisammensein ein, mit allem, was das Herz begehrt. Da wurde aufgetischt, dass sich die Balken bogen. Es wurde nat\u00fcrlich mit kleinen Pr\u00e4senten herzlich zum &#8222;Runden&#8220; gratuliert! Danke lieber Friedl, mit den besten W\u00fcnschen, vor allem Gesundheit! In den Abendstunden ging der au\u00dfergew\u00f6hnlich sch\u00f6ne Tag zu Ende!<\/p>\n","category_list_v2":"<a href=\"https:\/\/blog.vida.at\/pensionisten\/category\/allgemein\/\" rel=\"category tag\">Allgemein<\/a>, <a href=\"https:\/\/blog.vida.at\/pensionisten\/category\/ortsgruppen\/niederoesterreich\/og-herzogenburg\/\" rel=\"category tag\">OG Herzogenburg<\/a>, <a href=\"https:\/\/blog.vida.at\/pensionisten\/category\/ortsgruppen\/\" rel=\"category tag\">Ortsgruppen<\/a>","author_info_v2":{"name":"mariontobola","url":"https:\/\/blog.vida.at\/pensionisten\/author\/mariontobola\/"},"comments_num_v2":"0 comments","yoast_head":"<!-- This site is optimized with the Yoast SEO plugin v27.3 - https:\/\/yoast.com\/product\/yoast-seo-wordpress\/ -->\n<title>Runder Geburtstag am Radl<\/title>\n<meta name=\"robots\" content=\"index, follow, max-snippet:-1, max-image-preview:large, max-video-preview:-1\" \/>\n<link rel=\"canonical\" href=\"https:\/\/blog.vida.at\/pensionisten\/2023\/10\/24\/runder-geburtstag-am-radl\/\" \/>\n<meta property=\"og:locale\" content=\"de_DE\" \/>\n<meta property=\"og:type\" content=\"article\" \/>\n<meta property=\"og:title\" content=\"Runder Geburtstag am Radl\" \/>\n<meta property=\"og:description\" content=\"OG Herzogenburg gratuliert Jubilar Friedl Nussbaumer zum 60er.\" \/>\n<meta property=\"og:url\" content=\"https:\/\/blog.vida.at\/pensionisten\/2023\/10\/24\/runder-geburtstag-am-radl\/\" \/>\n<meta property=\"og:site_name\" content=\"vida Pensionisten\" \/>\n<meta property=\"article:published_time\" content=\"2023-10-24T13:27:08+00:00\" \/>\n<meta property=\"article:modified_time\" content=\"2023-10-24T13:27:52+00:00\" \/>\n<meta property=\"og:image\" content=\"https:\/\/blog.vida.at\/pensionisten\/wp-content\/uploads\/sites\/10\/2023\/10\/Friedl-60-28.09.2023-3-1-scaled.jpg\" \/>\n\t<meta property=\"og:image:width\" content=\"2560\" \/>\n\t<meta property=\"og:image:height\" content=\"1707\" \/>\n\t<meta property=\"og:image:type\" content=\"image\/jpeg\" \/>\n<meta name=\"author\" content=\"mariontobola\" \/>\n<meta name=\"twitter:card\" content=\"summary_large_image\" \/>\n<meta name=\"twitter:label1\" content=\"Verfasst von\" \/>\n\t<meta name=\"twitter:data1\" content=\"mariontobola\" \/>\n\t<meta name=\"twitter:label2\" content=\"Gesch\u00e4tzte Lesezeit\" \/>\n\t<meta name=\"twitter:data2\" content=\"3\u00a0Minuten\" \/>\n<script type=\"application\/ld+json\" class=\"yoast-schema-graph\">{\"@context\":\"https:\\\/\\\/schema.org\",\"@graph\":[{\"@type\":\"Article\",\"@id\":\"https:\\\/\\\/blog.vida.at\\\/pensionisten\\\/2023\\\/10\\\/24\\\/runder-geburtstag-am-radl\\\/#article\",\"isPartOf\":{\"@id\":\"https:\\\/\\\/blog.vida.at\\\/pensionisten\\\/2023\\\/10\\\/24\\\/runder-geburtstag-am-radl\\\/\"},\"author\":{\"name\":\"mariontobola\",\"@id\":\"https:\\\/\\\/blog.vida.at\\\/pensionisten\\\/#\\\/schema\\\/person\\\/88cee3ee93b9afdc51c92f5f63f38b8a\"},\"headline\":\"Runder Geburtstag am Radl\",\"datePublished\":\"2023-10-24T13:27:08+00:00\",\"dateModified\":\"2023-10-24T13:27:52+00:00\",\"mainEntityOfPage\":{\"@id\":\"https:\\\/\\\/blog.vida.at\\\/pensionisten\\\/2023\\\/10\\\/24\\\/runder-geburtstag-am-radl\\\/\"},\"wordCount\":100,\"commentCount\":0,\"image\":{\"@id\":\"https:\\\/\\\/blog.vida.at\\\/pensionisten\\\/2023\\\/10\\\/24\\\/runder-geburtstag-am-radl\\\/#primaryimage\"},\"thumbnailUrl\":\"https:\\\/\\\/blog.vida.at\\\/pensionisten\\\/wp-content\\\/uploads\\\/sites\\\/10\\\/2023\\\/10\\\/Friedl-60-28.09.2023-3-1-scaled.jpg\",\"articleSection\":{\"1\":\"OG Herzogenburg\",\"2\":\"Ortsgruppen\"},\"inLanguage\":\"de\",\"potentialAction\":[{\"@type\":\"CommentAction\",\"name\":\"Comment\",\"target\":[\"https:\\\/\\\/blog.vida.at\\\/pensionisten\\\/2023\\\/10\\\/24\\\/runder-geburtstag-am-radl\\\/#respond\"]}]},{\"@type\":\"WebPage\",\"@id\":\"https:\\\/\\\/blog.vida.at\\\/pensionisten\\\/2023\\\/10\\\/24\\\/runder-geburtstag-am-radl\\\/\",\"url\":\"https:\\\/\\\/blog.vida.at\\\/pensionisten\\\/2023\\\/10\\\/24\\\/runder-geburtstag-am-radl\\\/\",\"name\":\"Runder Geburtstag am Radl\",\"isPartOf\":{\"@id\":\"https:\\\/\\\/blog.vida.at\\\/pensionisten\\\/#website\"},\"primaryImageOfPage\":{\"@id\":\"https:\\\/\\\/blog.vida.at\\\/pensionisten\\\/2023\\\/10\\\/24\\\/runder-geburtstag-am-radl\\\/#primaryimage\"},\"image\":{\"@id\":\"https:\\\/\\\/blog.vida.at\\\/pensionisten\\\/2023\\\/10\\\/24\\\/runder-geburtstag-am-radl\\\/#primaryimage\"},\"thumbnailUrl\":\"https:\\\/\\\/blog.vida.at\\\/pensionisten\\\/wp-content\\\/uploads\\\/sites\\\/10\\\/2023\\\/10\\\/Friedl-60-28.09.2023-3-1-scaled.jpg\",\"datePublished\":\"2023-10-24T13:27:08+00:00\",\"dateModified\":\"2023-10-24T13:27:52+00:00\",\"author\":{\"@id\":\"https:\\\/\\\/blog.vida.at\\\/pensionisten\\\/#\\\/schema\\\/person\\\/88cee3ee93b9afdc51c92f5f63f38b8a\"},\"breadcrumb\":{\"@id\":\"https:\\\/\\\/blog.vida.at\\\/pensionisten\\\/2023\\\/10\\\/24\\\/runder-geburtstag-am-radl\\\/#breadcrumb\"},\"inLanguage\":\"de\",\"potentialAction\":[{\"@type\":\"ReadAction\",\"target\":[\"https:\\\/\\\/blog.vida.at\\\/pensionisten\\\/2023\\\/10\\\/24\\\/runder-geburtstag-am-radl\\\/\"]}]},{\"@type\":\"ImageObject\",\"inLanguage\":\"de\",\"@id\":\"https:\\\/\\\/blog.vida.at\\\/pensionisten\\\/2023\\\/10\\\/24\\\/runder-geburtstag-am-radl\\\/#primaryimage\",\"url\":\"https:\\\/\\\/blog.vida.at\\\/pensionisten\\\/wp-content\\\/uploads\\\/sites\\\/10\\\/2023\\\/10\\\/Friedl-60-28.09.2023-3-1-scaled.jpg\",\"contentUrl\":\"https:\\\/\\\/blog.vida.at\\\/pensionisten\\\/wp-content\\\/uploads\\\/sites\\\/10\\\/2023\\\/10\\\/Friedl-60-28.09.2023-3-1-scaled.jpg\",\"width\":2560,\"height\":1707},{\"@type\":\"BreadcrumbList\",\"@id\":\"https:\\\/\\\/blog.vida.at\\\/pensionisten\\\/2023\\\/10\\\/24\\\/runder-geburtstag-am-radl\\\/#breadcrumb\",\"itemListElement\":[{\"@type\":\"ListItem\",\"position\":1,\"name\":\"Startseite\",\"item\":\"https:\\\/\\\/blog.vida.at\\\/pensionisten\\\/\"},{\"@type\":\"ListItem\",\"position\":2,\"name\":\"Runder Geburtstag am Radl\"}]},{\"@type\":\"WebSite\",\"@id\":\"https:\\\/\\\/blog.vida.at\\\/pensionisten\\\/#website\",\"url\":\"https:\\\/\\\/blog.vida.at\\\/pensionisten\\\/\",\"name\":\"vida Pensionisten\",\"description\":\"\",\"potentialAction\":[{\"@type\":\"SearchAction\",\"target\":{\"@type\":\"EntryPoint\",\"urlTemplate\":\"https:\\\/\\\/blog.vida.at\\\/pensionisten\\\/?s={search_term_string}\"},\"query-input\":{\"@type\":\"PropertyValueSpecification\",\"valueRequired\":true,\"valueName\":\"search_term_string\"}}],\"inLanguage\":\"de\"},{\"@type\":\"Person\",\"@id\":\"https:\\\/\\\/blog.vida.at\\\/pensionisten\\\/#\\\/schema\\\/person\\\/88cee3ee93b9afdc51c92f5f63f38b8a\",\"name\":\"mariontobola\",\"image\":{\"@type\":\"ImageObject\",\"inLanguage\":\"de\",\"@id\":\"https:\\\/\\\/secure.gravatar.com\\\/avatar\\\/5d2c516985e4eda61bca05bd3b4359b4358135bd1e1a5b08c539e9cd1edd6528?s=96&d=mm&r=g\",\"url\":\"https:\\\/\\\/secure.gravatar.com\\\/avatar\\\/5d2c516985e4eda61bca05bd3b4359b4358135bd1e1a5b08c539e9cd1edd6528?s=96&d=mm&r=g\",\"contentUrl\":\"https:\\\/\\\/secure.gravatar.com\\\/avatar\\\/5d2c516985e4eda61bca05bd3b4359b4358135bd1e1a5b08c539e9cd1edd6528?s=96&d=mm&r=g\",\"caption\":\"mariontobola\"},\"url\":\"https:\\\/\\\/blog.vida.at\\\/pensionisten\\\/author\\\/mariontobola\\\/\"}]}<\/script>\n<!-- \/ Yoast SEO plugin. -->","yoast_head_json":{"title":"Runder Geburtstag am Radl","robots":{"index":"index","follow":"follow","max-snippet":"max-snippet:-1","max-image-preview":"max-image-preview:large","max-video-preview":"max-video-preview:-1"},"canonical":"https:\/\/blog.vida.at\/pensionisten\/2023\/10\/24\/runder-geburtstag-am-radl\/","og_locale":"de_DE","og_type":"article","og_title":"Runder Geburtstag am Radl","og_description":"OG Herzogenburg gratuliert Jubilar Friedl Nussbaumer zum 60er.","og_url":"https:\/\/blog.vida.at\/pensionisten\/2023\/10\/24\/runder-geburtstag-am-radl\/","og_site_name":"vida Pensionisten","article_published_time":"2023-10-24T13:27:08+00:00","article_modified_time":"2023-10-24T13:27:52+00:00","og_image":[{"width":2560,"height":1707,"url":"https:\/\/blog.vida.at\/pensionisten\/wp-content\/uploads\/sites\/10\/2023\/10\/Friedl-60-28.09.2023-3-1-scaled.jpg","type":"image\/jpeg"}],"author":"mariontobola","twitter_card":"summary_large_image","twitter_misc":{"Verfasst von":"mariontobola","Gesch\u00e4tzte Lesezeit":"3\u00a0Minuten"},"schema":{"@context":"https:\/\/schema.org","@graph":[{"@type":"Article","@id":"https:\/\/blog.vida.at\/pensionisten\/2023\/10\/24\/runder-geburtstag-am-radl\/#article","isPartOf":{"@id":"https:\/\/blog.vida.at\/pensionisten\/2023\/10\/24\/runder-geburtstag-am-radl\/"},"author":{"name":"mariontobola","@id":"https:\/\/blog.vida.at\/pensionisten\/#\/schema\/person\/88cee3ee93b9afdc51c92f5f63f38b8a"},"headline":"Runder Geburtstag am Radl","datePublished":"2023-10-24T13:27:08+00:00","dateModified":"2023-10-24T13:27:52+00:00","mainEntityOfPage":{"@id":"https:\/\/blog.vida.at\/pensionisten\/2023\/10\/24\/runder-geburtstag-am-radl\/"},"wordCount":100,"commentCount":0,"image":{"@id":"https:\/\/blog.vida.at\/pensionisten\/2023\/10\/24\/runder-geburtstag-am-radl\/#primaryimage"},"thumbnailUrl":"https:\/\/blog.vida.at\/pensionisten\/wp-content\/uploads\/sites\/10\/2023\/10\/Friedl-60-28.09.2023-3-1-scaled.jpg","articleSection":{"1":"OG Herzogenburg","2":"Ortsgruppen"},"inLanguage":"de","potentialAction":[{"@type":"CommentAction","name":"Comment","target":["https:\/\/blog.vida.at\/pensionisten\/2023\/10\/24\/runder-geburtstag-am-radl\/#respond"]}]},{"@type":"WebPage","@id":"https:\/\/blog.vida.at\/pensionisten\/2023\/10\/24\/runder-geburtstag-am-radl\/","url":"https:\/\/blog.vida.at\/pensionisten\/2023\/10\/24\/runder-geburtstag-am-radl\/","name":"Runder Geburtstag am Radl","isPartOf":{"@id":"https:\/\/blog.vida.at\/pensionisten\/#website"},"primaryImageOfPage":{"@id":"https:\/\/blog.vida.at\/pensionisten\/2023\/10\/24\/runder-geburtstag-am-radl\/#primaryimage"},"image":{"@id":"https:\/\/blog.vida.at\/pensionisten\/2023\/10\/24\/runder-geburtstag-am-radl\/#primaryimage"},"thumbnailUrl":"https:\/\/blog.vida.at\/pensionisten\/wp-content\/uploads\/sites\/10\/2023\/10\/Friedl-60-28.09.2023-3-1-scaled.jpg","datePublished":"2023-10-24T13:27:08+00:00","dateModified":"2023-10-24T13:27:52+00:00","author":{"@id":"https:\/\/blog.vida.at\/pensionisten\/#\/schema\/person\/88cee3ee93b9afdc51c92f5f63f38b8a"},"breadcrumb":{"@id":"https:\/\/blog.vida.at\/pensionisten\/2023\/10\/24\/runder-geburtstag-am-radl\/#breadcrumb"},"inLanguage":"de","potentialAction":[{"@type":"ReadAction","target":["https:\/\/blog.vida.at\/pensionisten\/2023\/10\/24\/runder-geburtstag-am-radl\/"]}]},{"@type":"ImageObject","inLanguage":"de","@id":"https:\/\/blog.vida.at\/pensionisten\/2023\/10\/24\/runder-geburtstag-am-radl\/#primaryimage","url":"https:\/\/blog.vida.at\/pensionisten\/wp-content\/uploads\/sites\/10\/2023\/10\/Friedl-60-28.09.2023-3-1-scaled.jpg","contentUrl":"https:\/\/blog.vida.at\/pensionisten\/wp-content\/uploads\/sites\/10\/2023\/10\/Friedl-60-28.09.2023-3-1-scaled.jpg","width":2560,"height":1707},{"@type":"BreadcrumbList","@id":"https:\/\/blog.vida.at\/pensionisten\/2023\/10\/24\/runder-geburtstag-am-radl\/#breadcrumb","itemListElement":[{"@type":"ListItem","position":1,"name":"Startseite","item":"https:\/\/blog.vida.at\/pensionisten\/"},{"@type":"ListItem","position":2,"name":"Runder Geburtstag am Radl"}]},{"@type":"WebSite","@id":"https:\/\/blog.vida.at\/pensionisten\/#website","url":"https:\/\/blog.vida.at\/pensionisten\/","name":"vida Pensionisten","description":"","potentialAction":[{"@type":"SearchAction","target":{"@type":"EntryPoint","urlTemplate":"https:\/\/blog.vida.at\/pensionisten\/?s={search_term_string}"},"query-input":{"@type":"PropertyValueSpecification","valueRequired":true,"valueName":"search_term_string"}}],"inLanguage":"de"},{"@type":"Person","@id":"https:\/\/blog.vida.at\/pensionisten\/#\/schema\/person\/88cee3ee93b9afdc51c92f5f63f38b8a","name":"mariontobola","image":{"@type":"ImageObject","inLanguage":"de","@id":"https:\/\/secure.gravatar.com\/avatar\/5d2c516985e4eda61bca05bd3b4359b4358135bd1e1a5b08c539e9cd1edd6528?s=96&d=mm&r=g","url":"https:\/\/secure.gravatar.com\/avatar\/5d2c516985e4eda61bca05bd3b4359b4358135bd1e1a5b08c539e9cd1edd6528?s=96&d=mm&r=g","contentUrl":"https:\/\/secure.gravatar.com\/avatar\/5d2c516985e4eda61bca05bd3b4359b4358135bd1e1a5b08c539e9cd1edd6528?s=96&d=mm&r=g","caption":"mariontobola"},"url":"https:\/\/blog.vida.at\/pensionisten\/author\/mariontobola\/"}]}},"author_meta":{"display_name":"mariontobola","author_link":"https:\/\/blog.vida.at\/pensionisten\/author\/mariontobola\/"},"featured_img":"https:\/\/blog.vida.at\/pensionisten\/wp-content\/uploads\/sites\/10\/2023\/10\/Friedl-60-28.09.2023-3-1-300x200.jpg","featured_image_src":"https:\/\/blog.vida.at\/pensionisten\/wp-content\/uploads\/sites\/10\/2023\/10\/Friedl-60-28.09.2023-3-1-600x400.jpg","featured_image_src_square":"https:\/\/blog.vida.at\/pensionisten\/wp-content\/uploads\/sites\/10\/2023\/10\/Friedl-60-28.09.2023-3-1-600x600.jpg","uagb_featured_image_src":{"full":["https:\/\/blog.vida.at\/pensionisten\/wp-content\/uploads\/sites\/10\/2023\/10\/Friedl-60-28.09.2023-3-1-scaled.jpg",2560,1707,false],"thumbnail":["https:\/\/blog.vida.at\/pensionisten\/wp-content\/uploads\/sites\/10\/2023\/10\/Friedl-60-28.09.2023-3-1-150x150.jpg",150,150,true],"medium":["https:\/\/blog.vida.at\/pensionisten\/wp-content\/uploads\/sites\/10\/2023\/10\/Friedl-60-28.09.2023-3-1-300x200.jpg",300,200,true],"medium_large":["https:\/\/blog.vida.at\/pensionisten\/wp-content\/uploads\/sites\/10\/2023\/10\/Friedl-60-28.09.2023-3-1-768x512.jpg",640,427,true],"large":["https:\/\/blog.vida.at\/pensionisten\/wp-content\/uploads\/sites\/10\/2023\/10\/Friedl-60-28.09.2023-3-1-1024x683.jpg",640,427,true],"1536x1536":["https:\/\/blog.vida.at\/pensionisten\/wp-content\/uploads\/sites\/10\/2023\/10\/Friedl-60-28.09.2023-3-1-1536x1024.jpg",1536,1024,true],"2048x2048":["https:\/\/blog.vida.at\/pensionisten\/wp-content\/uploads\/sites\/10\/2023\/10\/Friedl-60-28.09.2023-3-1-2048x1365.jpg",2048,1365,true],"ab-block-post-grid-landscape":["https:\/\/blog.vida.at\/pensionisten\/wp-content\/uploads\/sites\/10\/2023\/10\/Friedl-60-28.09.2023-3-1-600x400.jpg",600,400,true],"ab-block-post-grid-square":["https:\/\/blog.vida.at\/pensionisten\/wp-content\/uploads\/sites\/10\/2023\/10\/Friedl-60-28.09.2023-3-1-600x600.jpg",600,600,true],"post-thumbnail":["https:\/\/blog.vida.at\/pensionisten\/wp-content\/uploads\/sites\/10\/2023\/10\/Friedl-60-28.09.2023-3-1-1568x1045.jpg",1568,1045,true],"awb_sm":["https:\/\/blog.vida.at\/pensionisten\/wp-content\/uploads\/sites\/10\/2023\/10\/Friedl-60-28.09.2023-3-1-500x333.jpg",500,333,true],"awb_md":["https:\/\/blog.vida.at\/pensionisten\/wp-content\/uploads\/sites\/10\/2023\/10\/Friedl-60-28.09.2023-3-1-800x533.jpg",800,533,true],"awb_lg":["https:\/\/blog.vida.at\/pensionisten\/wp-content\/uploads\/sites\/10\/2023\/10\/Friedl-60-28.09.2023-3-1-1280x853.jpg",1280,853,true],"awb_xl":["https:\/\/blog.vida.at\/pensionisten\/wp-content\/uploads\/sites\/10\/2023\/10\/Friedl-60-28.09.2023-3-1-1920x1280.jpg",1920,1280,true]},"uagb_author_info":{"display_name":"mariontobola","author_link":"https:\/\/blog.vida.at\/pensionisten\/author\/mariontobola\/"},"uagb_comment_info":0,"uagb_excerpt":"OG Herzogenburg gratuliert Jubilar Friedl Nussbaumer zum 60er.","coauthors":[],"tax_additional":{"categories":{"linked":["<a href=\"https:\/\/blog.vida.at\/pensionisten\/category\/allgemein\/\" class=\"advgb-post-tax-term\">Allgemein<\/a>","<a href=\"https:\/\/blog.vida.at\/pensionisten\/category\/ortsgruppen\/niederoesterreich\/og-herzogenburg\/\" class=\"advgb-post-tax-term\">OG Herzogenburg<\/a>","<a href=\"https:\/\/blog.vida.at\/pensionisten\/category\/ortsgruppen\/\" class=\"advgb-post-tax-term\">Ortsgruppen<\/a>"],"unlinked":["<span class=\"advgb-post-tax-term\">Allgemein<\/span>","<span class=\"advgb-post-tax-term\">OG Herzogenburg<\/span>","<span class=\"advgb-post-tax-term\">Ortsgruppen<\/span>"]}},"comment_count":"0","relative_dates":{"created":"Ver\u00f6ffentlicht 3\u00a0Jahren vor","modified":"Aktualisiert 3\u00a0Jahren vor"},"absolute_dates":{"created":"Ver\u00f6ffentlicht am 24. Oktober 2023","modified":"Aktualisiert am 24. Oktober 2023"},"absolute_dates_time":{"created":"Ver\u00f6ffentlicht am 24. Oktober 2023 15:27","modified":"Aktualisiert am 24. Oktober 2023 15:27"},"featured_img_caption":"","series_order":"","_links":{"self":[{"href":"https:\/\/blog.vida.at\/pensionisten\/wp-json\/wp\/v2\/posts\/7778","targetHints":{"allow":["GET"]}}],"collection":[{"href":"https:\/\/blog.vida.at\/pensionisten\/wp-json\/wp\/v2\/posts"}],"about":[{"href":"https:\/\/blog.vida.at\/pensionisten\/wp-json\/wp\/v2\/types\/post"}],"author":[{"embeddable":true,"href":"https:\/\/blog.vida.at\/pensionisten\/wp-json\/wp\/v2\/users\/8"}],"replies":[{"embeddable":true,"href":"https:\/\/blog.vida.at\/pensionisten\/wp-json\/wp\/v2\/comments?post=7778"}],"version-history":[{"count":2,"href":"https:\/\/blog.vida.at\/pensionisten\/wp-json\/wp\/v2\/posts\/7778\/revisions"}],"predecessor-version":[{"id":7789,"href":"https:\/\/blog.vida.at\/pensionisten\/wp-json\/wp\/v2\/posts\/7778\/revisions\/7789"}],"wp:featuredmedia":[{"embeddable":true,"href":"https:\/\/blog.vida.at\/pensionisten\/wp-json\/wp\/v2\/media\/7787"}],"wp:attachment":[{"href":"https:\/\/blog.vida.at\/pensionisten\/wp-json\/wp\/v2\/media?parent=7778"}],"wp:term":[{"taxonomy":"category","embeddable":true,"href":"https:\/\/blog.vida.at\/pensionisten\/wp-json\/wp\/v2\/categories?post=7778"},{"taxonomy":"post_tag","embeddable":true,"href":"https:\/\/blog.vida.at\/pensionisten\/wp-json\/wp\/v2\/tags?post=7778"},{"taxonomy":"Orte","embeddable":true,"href":"https:\/\/blog.vida.at\/pensionisten\/wp-json\/wp\/v2\/Orte?post=7778"},{"taxonomy":"activitytype","embeddable":true,"href":"https:\/\/blog.vida.at\/pensionisten\/wp-json\/wp\/v2\/activitytype?post=7778"}],"curies":[{"name":"wp","href":"https:\/\/api.w.org\/{rel}","templated":true}]}}