
{"id":7807,"date":"2023-10-31T14:39:57","date_gmt":"2023-10-31T13:39:57","guid":{"rendered":"https:\/\/blog.vida.at\/pensionisten\/?p=7807"},"modified":"2023-10-31T14:41:08","modified_gmt":"2023-10-31T13:41:08","slug":"100-geburtstag","status":"publish","type":"post","link":"https:\/\/blog.vida.at\/pensionisten\/2023\/10\/31\/100-geburtstag\/","title":{"rendered":"100. Geburtstag"},"content":{"rendered":"\n<div class=\"wp-block-group Container advgb-dyn-2df7e839\"><div class=\"wp-block-group__inner-container is-layout-flow wp-block-group-is-layout-flow\">\n<h4 class=\"wp-block-heading advgb-dyn-3708df59\">OG Villach gratuliert Jubilar Alfons Flaschberger.<\/h4>\n\n\n\n<br>\n\n\n\n<p><\/p>\n\n\n\n<!--more-->\n\n\n\n<p><\/p>\n\n\n\n<p>Die <strong>vida-Ortsgruppe Villach <\/strong>gratuliert Kollegen <strong>Alfons Flaschberger<\/strong> zum 100. Geburtstag. <\/p>\n\n\n\n<p>Alfons Flaschberger ist<strong> seit 1. Juli 1948 Gewerkschaftsmitglied<\/strong>. <\/p>\n\n\n\n<p><strong><span style=\"color: #fb0202\" class=\"stk-highlight\">Wir danken an dieser Stelle f\u00fcr die Treue und Solidarit\u00e4t!<\/span><\/strong><\/p>\n\n\n\n<p><strong><span style=\"color: #f90404\" class=\"stk-highlight\">Wir <\/span><span style=\"color: #fb0202\" class=\"stk-highlight\">w\u00fcnschen dem Jubilar alles Gute zum Geburtstag, viel Gesundheit und Gl\u00fcck f\u00fcr das neue Lebensjahr.<\/span><\/strong><\/p>\n<\/div><\/div>\n\n\n<div class=\"wp-block-image is-style-rounded\">\n<figure class=\"aligncenter size-large is-resized\"><img loading=\"lazy\" decoding=\"async\" width=\"1024\" height=\"683\" src=\"https:\/\/blog.vida.at\/pensionisten\/wp-content\/uploads\/sites\/10\/2023\/10\/Geb_100_Flaschberger_Alfons-1024x683.jpeg\" alt=\"\" class=\"wp-image-7808\" style=\"aspect-ratio:1.499267935578331;width:711px;height:auto\" srcset=\"https:\/\/blog.vida.at\/pensionisten\/wp-content\/uploads\/sites\/10\/2023\/10\/Geb_100_Flaschberger_Alfons-1024x683.jpeg 1024w, https:\/\/blog.vida.at\/pensionisten\/wp-content\/uploads\/sites\/10\/2023\/10\/Geb_100_Flaschberger_Alfons-300x200.jpeg 300w, https:\/\/blog.vida.at\/pensionisten\/wp-content\/uploads\/sites\/10\/2023\/10\/Geb_100_Flaschberger_Alfons-768x512.jpeg 768w, https:\/\/blog.vida.at\/pensionisten\/wp-content\/uploads\/sites\/10\/2023\/10\/Geb_100_Flaschberger_Alfons-1536x1025.jpeg 1536w, https:\/\/blog.vida.at\/pensionisten\/wp-content\/uploads\/sites\/10\/2023\/10\/Geb_100_Flaschberger_Alfons-500x334.jpeg 500w, https:\/\/blog.vida.at\/pensionisten\/wp-content\/uploads\/sites\/10\/2023\/10\/Geb_100_Flaschberger_Alfons-800x534.jpeg 800w, https:\/\/blog.vida.at\/pensionisten\/wp-content\/uploads\/sites\/10\/2023\/10\/Geb_100_Flaschberger_Alfons-1280x854.jpeg 1280w, https:\/\/blog.vida.at\/pensionisten\/wp-content\/uploads\/sites\/10\/2023\/10\/Geb_100_Flaschberger_Alfons-600x400.jpeg 600w, https:\/\/blog.vida.at\/pensionisten\/wp-content\/uploads\/sites\/10\/2023\/10\/Geb_100_Flaschberger_Alfons-1568x1046.jpeg 1568w, https:\/\/blog.vida.at\/pensionisten\/wp-content\/uploads\/sites\/10\/2023\/10\/Geb_100_Flaschberger_Alfons.jpeg 1730w\" sizes=\"auto, (max-width: 1024px) 100vw, 1024px\" \/><\/figure>\n<\/div>\n\n\n<p class=\"has-text-align-center\"><em>Am Bild von links nach rechts:\u00a0 Rudi Turner (vida Villach), Flaschberger Alfons, <\/em><br><em>K\u00f6chl Heinz (vida Villach Pensionsist:innenvorsitzender)<\/em> <em>und Gattin Flaschberger.<\/em><\/p>\n","protected":false},"excerpt":{"rendered":"<p>OG Villach gratuliert Jubilar Alfons Flaschberger.<\/p>\n","protected":false},"author":8,"featured_media":7808,"comment_status":"open","ping_status":"open","sticky":false,"template":"","format":"standard","meta":{"_uag_custom_page_level_css":"","advgb_blocks_editor_width":"","advgb_blocks_columns_visual_guide":"","footnotes":""},"categories":[1,56,49],"tags":[],"Orte":[],"activitytype":[],"class_list":["post-7807","post","type-post","status-publish","format-standard","has-post-thumbnail","hentry","category-allgemein","category-kaernten","category-ortsgruppen","entry"],"featured_image_urls":{"full":["https:\/\/blog.vida.at\/pensionisten\/wp-content\/uploads\/sites\/10\/2023\/10\/Geb_100_Flaschberger_Alfons.jpeg",1730,1154,false],"thumbnail":["https:\/\/blog.vida.at\/pensionisten\/wp-content\/uploads\/sites\/10\/2023\/10\/Geb_100_Flaschberger_Alfons-150x150.jpeg",150,150,true],"medium":["https:\/\/blog.vida.at\/pensionisten\/wp-content\/uploads\/sites\/10\/2023\/10\/Geb_100_Flaschberger_Alfons-300x200.jpeg",300,200,true],"medium_large":["https:\/\/blog.vida.at\/pensionisten\/wp-content\/uploads\/sites\/10\/2023\/10\/Geb_100_Flaschberger_Alfons-768x512.jpeg",640,427,true],"large":["https:\/\/blog.vida.at\/pensionisten\/wp-content\/uploads\/sites\/10\/2023\/10\/Geb_100_Flaschberger_Alfons-1024x683.jpeg",640,427,true],"1536x1536":["https:\/\/blog.vida.at\/pensionisten\/wp-content\/uploads\/sites\/10\/2023\/10\/Geb_100_Flaschberger_Alfons-1536x1025.jpeg",1536,1025,true],"2048x2048":["https:\/\/blog.vida.at\/pensionisten\/wp-content\/uploads\/sites\/10\/2023\/10\/Geb_100_Flaschberger_Alfons.jpeg",1730,1154,false],"ab-block-post-grid-landscape":["https:\/\/blog.vida.at\/pensionisten\/wp-content\/uploads\/sites\/10\/2023\/10\/Geb_100_Flaschberger_Alfons-600x400.jpeg",600,400,true],"ab-block-post-grid-square":["https:\/\/blog.vida.at\/pensionisten\/wp-content\/uploads\/sites\/10\/2023\/10\/Geb_100_Flaschberger_Alfons-600x600.jpeg",600,600,true],"post-thumbnail":["https:\/\/blog.vida.at\/pensionisten\/wp-content\/uploads\/sites\/10\/2023\/10\/Geb_100_Flaschberger_Alfons-1568x1046.jpeg",1568,1046,true],"awb_sm":["https:\/\/blog.vida.at\/pensionisten\/wp-content\/uploads\/sites\/10\/2023\/10\/Geb_100_Flaschberger_Alfons-500x334.jpeg",500,334,true],"awb_md":["https:\/\/blog.vida.at\/pensionisten\/wp-content\/uploads\/sites\/10\/2023\/10\/Geb_100_Flaschberger_Alfons-800x534.jpeg",800,534,true],"awb_lg":["https:\/\/blog.vida.at\/pensionisten\/wp-content\/uploads\/sites\/10\/2023\/10\/Geb_100_Flaschberger_Alfons-1280x854.jpeg",1280,854,true],"awb_xl":["https:\/\/blog.vida.at\/pensionisten\/wp-content\/uploads\/sites\/10\/2023\/10\/Geb_100_Flaschberger_Alfons.jpeg",1730,1154,false]},"post_excerpt_stackable":"<p>OG Villach gratuliert Jubilar Alfons Flaschberger. Die vida-Ortsgruppe Villach gratuliert Kollegen Alfons Flaschberger zum 100. Geburtstag. Alfons Flaschberger ist seit 1. Juli 1948 Gewerkschaftsmitglied. Wir danken an dieser Stelle f\u00fcr die Treue und Solidarit\u00e4t! Wir w\u00fcnschen dem Jubilar alles Gute zum Geburtstag, viel Gesundheit und Gl\u00fcck f\u00fcr das neue Lebensjahr. Am Bild von links nach rechts:\u00a0 Rudi Turner (vida Villach), Flaschberger Alfons, K\u00f6chl Heinz (vida Villach Pensionsist:innenvorsitzender) und Gattin Flaschberger.<\/p>\n","category_list":"<a href=\"https:\/\/blog.vida.at\/pensionisten\/category\/allgemein\/\" rel=\"category tag\">Allgemein<\/a>, <a href=\"https:\/\/blog.vida.at\/pensionisten\/category\/ortsgruppen\/kaernten\/\" rel=\"category tag\">K\u00e4rnten<\/a>, <a href=\"https:\/\/blog.vida.at\/pensionisten\/category\/ortsgruppen\/\" rel=\"category tag\">Ortsgruppen<\/a>","author_info":{"display_name":"mariontobola","author_link":"https:\/\/blog.vida.at\/pensionisten\/author\/mariontobola\/"},"comments_num":"0 comments","featured_image_urls_v2":{"full":["https:\/\/blog.vida.at\/pensionisten\/wp-content\/uploads\/sites\/10\/2023\/10\/Geb_100_Flaschberger_Alfons.jpeg",1730,1154,false],"thumbnail":["https:\/\/blog.vida.at\/pensionisten\/wp-content\/uploads\/sites\/10\/2023\/10\/Geb_100_Flaschberger_Alfons-150x150.jpeg",150,150,true],"medium":["https:\/\/blog.vida.at\/pensionisten\/wp-content\/uploads\/sites\/10\/2023\/10\/Geb_100_Flaschberger_Alfons-300x200.jpeg",300,200,true],"medium_large":["https:\/\/blog.vida.at\/pensionisten\/wp-content\/uploads\/sites\/10\/2023\/10\/Geb_100_Flaschberger_Alfons-768x512.jpeg",640,427,true],"large":["https:\/\/blog.vida.at\/pensionisten\/wp-content\/uploads\/sites\/10\/2023\/10\/Geb_100_Flaschberger_Alfons-1024x683.jpeg",640,427,true],"1536x1536":["https:\/\/blog.vida.at\/pensionisten\/wp-content\/uploads\/sites\/10\/2023\/10\/Geb_100_Flaschberger_Alfons-1536x1025.jpeg",1536,1025,true],"2048x2048":["https:\/\/blog.vida.at\/pensionisten\/wp-content\/uploads\/sites\/10\/2023\/10\/Geb_100_Flaschberger_Alfons.jpeg",1730,1154,false],"ab-block-post-grid-landscape":["https:\/\/blog.vida.at\/pensionisten\/wp-content\/uploads\/sites\/10\/2023\/10\/Geb_100_Flaschberger_Alfons-600x400.jpeg",600,400,true],"ab-block-post-grid-square":["https:\/\/blog.vida.at\/pensionisten\/wp-content\/uploads\/sites\/10\/2023\/10\/Geb_100_Flaschberger_Alfons-600x600.jpeg",600,600,true],"post-thumbnail":["https:\/\/blog.vida.at\/pensionisten\/wp-content\/uploads\/sites\/10\/2023\/10\/Geb_100_Flaschberger_Alfons-1568x1046.jpeg",1568,1046,true],"awb_sm":["https:\/\/blog.vida.at\/pensionisten\/wp-content\/uploads\/sites\/10\/2023\/10\/Geb_100_Flaschberger_Alfons-500x334.jpeg",500,334,true],"awb_md":["https:\/\/blog.vida.at\/pensionisten\/wp-content\/uploads\/sites\/10\/2023\/10\/Geb_100_Flaschberger_Alfons-800x534.jpeg",800,534,true],"awb_lg":["https:\/\/blog.vida.at\/pensionisten\/wp-content\/uploads\/sites\/10\/2023\/10\/Geb_100_Flaschberger_Alfons-1280x854.jpeg",1280,854,true],"awb_xl":["https:\/\/blog.vida.at\/pensionisten\/wp-content\/uploads\/sites\/10\/2023\/10\/Geb_100_Flaschberger_Alfons.jpeg",1730,1154,false]},"post_excerpt_stackable_v2":"<p>OG Villach gratuliert Jubilar Alfons Flaschberger. Die vida-Ortsgruppe Villach gratuliert Kollegen Alfons Flaschberger zum 100. Geburtstag. Alfons Flaschberger ist seit 1. Juli 1948 Gewerkschaftsmitglied. Wir danken an dieser Stelle f\u00fcr die Treue und Solidarit\u00e4t! Wir w\u00fcnschen dem Jubilar alles Gute zum Geburtstag, viel Gesundheit und Gl\u00fcck f\u00fcr das neue Lebensjahr. Am Bild von links nach rechts:\u00a0 Rudi Turner (vida Villach), Flaschberger Alfons, K\u00f6chl Heinz (vida Villach Pensionsist:innenvorsitzender) und Gattin Flaschberger.<\/p>\n","category_list_v2":"<a href=\"https:\/\/blog.vida.at\/pensionisten\/category\/allgemein\/\" rel=\"category tag\">Allgemein<\/a>, <a href=\"https:\/\/blog.vida.at\/pensionisten\/category\/ortsgruppen\/kaernten\/\" rel=\"category tag\">K\u00e4rnten<\/a>, <a href=\"https:\/\/blog.vida.at\/pensionisten\/category\/ortsgruppen\/\" rel=\"category tag\">Ortsgruppen<\/a>","author_info_v2":{"name":"mariontobola","url":"https:\/\/blog.vida.at\/pensionisten\/author\/mariontobola\/"},"comments_num_v2":"0 comments","yoast_head":"<!-- This site is optimized with the Yoast SEO plugin v27.3 - https:\/\/yoast.com\/product\/yoast-seo-wordpress\/ -->\n<title>100. Geburtstag<\/title>\n<meta name=\"robots\" content=\"index, follow, max-snippet:-1, max-image-preview:large, max-video-preview:-1\" \/>\n<link rel=\"canonical\" href=\"https:\/\/blog.vida.at\/pensionisten\/2023\/10\/31\/100-geburtstag\/\" \/>\n<meta property=\"og:locale\" content=\"de_DE\" \/>\n<meta property=\"og:type\" content=\"article\" \/>\n<meta property=\"og:title\" content=\"100. Geburtstag\" \/>\n<meta property=\"og:description\" content=\"OG Villach gratuliert Jubilar Alfons Flaschberger.\" \/>\n<meta property=\"og:url\" content=\"https:\/\/blog.vida.at\/pensionisten\/2023\/10\/31\/100-geburtstag\/\" \/>\n<meta property=\"og:site_name\" content=\"vida Pensionisten\" \/>\n<meta property=\"article:published_time\" content=\"2023-10-31T13:39:57+00:00\" \/>\n<meta property=\"article:modified_time\" content=\"2023-10-31T13:41:08+00:00\" \/>\n<meta property=\"og:image\" content=\"https:\/\/blog.vida.at\/pensionisten\/wp-content\/uploads\/sites\/10\/2023\/10\/Geb_100_Flaschberger_Alfons.jpeg\" \/>\n\t<meta property=\"og:image:width\" content=\"1730\" \/>\n\t<meta property=\"og:image:height\" content=\"1154\" \/>\n\t<meta property=\"og:image:type\" content=\"image\/jpeg\" \/>\n<meta name=\"author\" content=\"mariontobola\" \/>\n<meta name=\"twitter:card\" content=\"summary_large_image\" \/>\n<meta name=\"twitter:label1\" content=\"Verfasst von\" \/>\n\t<meta name=\"twitter:data1\" content=\"mariontobola\" \/>\n\t<meta name=\"twitter:label2\" content=\"Gesch\u00e4tzte Lesezeit\" \/>\n\t<meta name=\"twitter:data2\" content=\"1\u00a0Minute\" \/>\n<script type=\"application\/ld+json\" class=\"yoast-schema-graph\">{\"@context\":\"https:\\\/\\\/schema.org\",\"@graph\":[{\"@type\":\"Article\",\"@id\":\"https:\\\/\\\/blog.vida.at\\\/pensionisten\\\/2023\\\/10\\\/31\\\/100-geburtstag\\\/#article\",\"isPartOf\":{\"@id\":\"https:\\\/\\\/blog.vida.at\\\/pensionisten\\\/2023\\\/10\\\/31\\\/100-geburtstag\\\/\"},\"author\":{\"name\":\"mariontobola\",\"@id\":\"https:\\\/\\\/blog.vida.at\\\/pensionisten\\\/#\\\/schema\\\/person\\\/88cee3ee93b9afdc51c92f5f63f38b8a\"},\"headline\":\"100. Geburtstag\",\"datePublished\":\"2023-10-31T13:39:57+00:00\",\"dateModified\":\"2023-10-31T13:41:08+00:00\",\"mainEntityOfPage\":{\"@id\":\"https:\\\/\\\/blog.vida.at\\\/pensionisten\\\/2023\\\/10\\\/31\\\/100-geburtstag\\\/\"},\"wordCount\":75,\"commentCount\":0,\"image\":{\"@id\":\"https:\\\/\\\/blog.vida.at\\\/pensionisten\\\/2023\\\/10\\\/31\\\/100-geburtstag\\\/#primaryimage\"},\"thumbnailUrl\":\"https:\\\/\\\/blog.vida.at\\\/pensionisten\\\/wp-content\\\/uploads\\\/sites\\\/10\\\/2023\\\/10\\\/Geb_100_Flaschberger_Alfons.jpeg\",\"articleSection\":{\"1\":\"K\u00e4rnten\",\"2\":\"Ortsgruppen\"},\"inLanguage\":\"de\",\"potentialAction\":[{\"@type\":\"CommentAction\",\"name\":\"Comment\",\"target\":[\"https:\\\/\\\/blog.vida.at\\\/pensionisten\\\/2023\\\/10\\\/31\\\/100-geburtstag\\\/#respond\"]}]},{\"@type\":\"WebPage\",\"@id\":\"https:\\\/\\\/blog.vida.at\\\/pensionisten\\\/2023\\\/10\\\/31\\\/100-geburtstag\\\/\",\"url\":\"https:\\\/\\\/blog.vida.at\\\/pensionisten\\\/2023\\\/10\\\/31\\\/100-geburtstag\\\/\",\"name\":\"100. Geburtstag\",\"isPartOf\":{\"@id\":\"https:\\\/\\\/blog.vida.at\\\/pensionisten\\\/#website\"},\"primaryImageOfPage\":{\"@id\":\"https:\\\/\\\/blog.vida.at\\\/pensionisten\\\/2023\\\/10\\\/31\\\/100-geburtstag\\\/#primaryimage\"},\"image\":{\"@id\":\"https:\\\/\\\/blog.vida.at\\\/pensionisten\\\/2023\\\/10\\\/31\\\/100-geburtstag\\\/#primaryimage\"},\"thumbnailUrl\":\"https:\\\/\\\/blog.vida.at\\\/pensionisten\\\/wp-content\\\/uploads\\\/sites\\\/10\\\/2023\\\/10\\\/Geb_100_Flaschberger_Alfons.jpeg\",\"datePublished\":\"2023-10-31T13:39:57+00:00\",\"dateModified\":\"2023-10-31T13:41:08+00:00\",\"author\":{\"@id\":\"https:\\\/\\\/blog.vida.at\\\/pensionisten\\\/#\\\/schema\\\/person\\\/88cee3ee93b9afdc51c92f5f63f38b8a\"},\"breadcrumb\":{\"@id\":\"https:\\\/\\\/blog.vida.at\\\/pensionisten\\\/2023\\\/10\\\/31\\\/100-geburtstag\\\/#breadcrumb\"},\"inLanguage\":\"de\",\"potentialAction\":[{\"@type\":\"ReadAction\",\"target\":[\"https:\\\/\\\/blog.vida.at\\\/pensionisten\\\/2023\\\/10\\\/31\\\/100-geburtstag\\\/\"]}]},{\"@type\":\"ImageObject\",\"inLanguage\":\"de\",\"@id\":\"https:\\\/\\\/blog.vida.at\\\/pensionisten\\\/2023\\\/10\\\/31\\\/100-geburtstag\\\/#primaryimage\",\"url\":\"https:\\\/\\\/blog.vida.at\\\/pensionisten\\\/wp-content\\\/uploads\\\/sites\\\/10\\\/2023\\\/10\\\/Geb_100_Flaschberger_Alfons.jpeg\",\"contentUrl\":\"https:\\\/\\\/blog.vida.at\\\/pensionisten\\\/wp-content\\\/uploads\\\/sites\\\/10\\\/2023\\\/10\\\/Geb_100_Flaschberger_Alfons.jpeg\",\"width\":1730,\"height\":1154},{\"@type\":\"BreadcrumbList\",\"@id\":\"https:\\\/\\\/blog.vida.at\\\/pensionisten\\\/2023\\\/10\\\/31\\\/100-geburtstag\\\/#breadcrumb\",\"itemListElement\":[{\"@type\":\"ListItem\",\"position\":1,\"name\":\"Startseite\",\"item\":\"https:\\\/\\\/blog.vida.at\\\/pensionisten\\\/\"},{\"@type\":\"ListItem\",\"position\":2,\"name\":\"100. Geburtstag\"}]},{\"@type\":\"WebSite\",\"@id\":\"https:\\\/\\\/blog.vida.at\\\/pensionisten\\\/#website\",\"url\":\"https:\\\/\\\/blog.vida.at\\\/pensionisten\\\/\",\"name\":\"vida Pensionisten\",\"description\":\"\",\"potentialAction\":[{\"@type\":\"SearchAction\",\"target\":{\"@type\":\"EntryPoint\",\"urlTemplate\":\"https:\\\/\\\/blog.vida.at\\\/pensionisten\\\/?s={search_term_string}\"},\"query-input\":{\"@type\":\"PropertyValueSpecification\",\"valueRequired\":true,\"valueName\":\"search_term_string\"}}],\"inLanguage\":\"de\"},{\"@type\":\"Person\",\"@id\":\"https:\\\/\\\/blog.vida.at\\\/pensionisten\\\/#\\\/schema\\\/person\\\/88cee3ee93b9afdc51c92f5f63f38b8a\",\"name\":\"mariontobola\",\"image\":{\"@type\":\"ImageObject\",\"inLanguage\":\"de\",\"@id\":\"https:\\\/\\\/secure.gravatar.com\\\/avatar\\\/5d2c516985e4eda61bca05bd3b4359b4358135bd1e1a5b08c539e9cd1edd6528?s=96&d=mm&r=g\",\"url\":\"https:\\\/\\\/secure.gravatar.com\\\/avatar\\\/5d2c516985e4eda61bca05bd3b4359b4358135bd1e1a5b08c539e9cd1edd6528?s=96&d=mm&r=g\",\"contentUrl\":\"https:\\\/\\\/secure.gravatar.com\\\/avatar\\\/5d2c516985e4eda61bca05bd3b4359b4358135bd1e1a5b08c539e9cd1edd6528?s=96&d=mm&r=g\",\"caption\":\"mariontobola\"},\"url\":\"https:\\\/\\\/blog.vida.at\\\/pensionisten\\\/author\\\/mariontobola\\\/\"}]}<\/script>\n<!-- \/ Yoast SEO plugin. -->","yoast_head_json":{"title":"100. Geburtstag","robots":{"index":"index","follow":"follow","max-snippet":"max-snippet:-1","max-image-preview":"max-image-preview:large","max-video-preview":"max-video-preview:-1"},"canonical":"https:\/\/blog.vida.at\/pensionisten\/2023\/10\/31\/100-geburtstag\/","og_locale":"de_DE","og_type":"article","og_title":"100. Geburtstag","og_description":"OG Villach gratuliert Jubilar Alfons Flaschberger.","og_url":"https:\/\/blog.vida.at\/pensionisten\/2023\/10\/31\/100-geburtstag\/","og_site_name":"vida Pensionisten","article_published_time":"2023-10-31T13:39:57+00:00","article_modified_time":"2023-10-31T13:41:08+00:00","og_image":[{"width":1730,"height":1154,"url":"https:\/\/blog.vida.at\/pensionisten\/wp-content\/uploads\/sites\/10\/2023\/10\/Geb_100_Flaschberger_Alfons.jpeg","type":"image\/jpeg"}],"author":"mariontobola","twitter_card":"summary_large_image","twitter_misc":{"Verfasst von":"mariontobola","Gesch\u00e4tzte Lesezeit":"1\u00a0Minute"},"schema":{"@context":"https:\/\/schema.org","@graph":[{"@type":"Article","@id":"https:\/\/blog.vida.at\/pensionisten\/2023\/10\/31\/100-geburtstag\/#article","isPartOf":{"@id":"https:\/\/blog.vida.at\/pensionisten\/2023\/10\/31\/100-geburtstag\/"},"author":{"name":"mariontobola","@id":"https:\/\/blog.vida.at\/pensionisten\/#\/schema\/person\/88cee3ee93b9afdc51c92f5f63f38b8a"},"headline":"100. Geburtstag","datePublished":"2023-10-31T13:39:57+00:00","dateModified":"2023-10-31T13:41:08+00:00","mainEntityOfPage":{"@id":"https:\/\/blog.vida.at\/pensionisten\/2023\/10\/31\/100-geburtstag\/"},"wordCount":75,"commentCount":0,"image":{"@id":"https:\/\/blog.vida.at\/pensionisten\/2023\/10\/31\/100-geburtstag\/#primaryimage"},"thumbnailUrl":"https:\/\/blog.vida.at\/pensionisten\/wp-content\/uploads\/sites\/10\/2023\/10\/Geb_100_Flaschberger_Alfons.jpeg","articleSection":{"1":"K\u00e4rnten","2":"Ortsgruppen"},"inLanguage":"de","potentialAction":[{"@type":"CommentAction","name":"Comment","target":["https:\/\/blog.vida.at\/pensionisten\/2023\/10\/31\/100-geburtstag\/#respond"]}]},{"@type":"WebPage","@id":"https:\/\/blog.vida.at\/pensionisten\/2023\/10\/31\/100-geburtstag\/","url":"https:\/\/blog.vida.at\/pensionisten\/2023\/10\/31\/100-geburtstag\/","name":"100. Geburtstag","isPartOf":{"@id":"https:\/\/blog.vida.at\/pensionisten\/#website"},"primaryImageOfPage":{"@id":"https:\/\/blog.vida.at\/pensionisten\/2023\/10\/31\/100-geburtstag\/#primaryimage"},"image":{"@id":"https:\/\/blog.vida.at\/pensionisten\/2023\/10\/31\/100-geburtstag\/#primaryimage"},"thumbnailUrl":"https:\/\/blog.vida.at\/pensionisten\/wp-content\/uploads\/sites\/10\/2023\/10\/Geb_100_Flaschberger_Alfons.jpeg","datePublished":"2023-10-31T13:39:57+00:00","dateModified":"2023-10-31T13:41:08+00:00","author":{"@id":"https:\/\/blog.vida.at\/pensionisten\/#\/schema\/person\/88cee3ee93b9afdc51c92f5f63f38b8a"},"breadcrumb":{"@id":"https:\/\/blog.vida.at\/pensionisten\/2023\/10\/31\/100-geburtstag\/#breadcrumb"},"inLanguage":"de","potentialAction":[{"@type":"ReadAction","target":["https:\/\/blog.vida.at\/pensionisten\/2023\/10\/31\/100-geburtstag\/"]}]},{"@type":"ImageObject","inLanguage":"de","@id":"https:\/\/blog.vida.at\/pensionisten\/2023\/10\/31\/100-geburtstag\/#primaryimage","url":"https:\/\/blog.vida.at\/pensionisten\/wp-content\/uploads\/sites\/10\/2023\/10\/Geb_100_Flaschberger_Alfons.jpeg","contentUrl":"https:\/\/blog.vida.at\/pensionisten\/wp-content\/uploads\/sites\/10\/2023\/10\/Geb_100_Flaschberger_Alfons.jpeg","width":1730,"height":1154},{"@type":"BreadcrumbList","@id":"https:\/\/blog.vida.at\/pensionisten\/2023\/10\/31\/100-geburtstag\/#breadcrumb","itemListElement":[{"@type":"ListItem","position":1,"name":"Startseite","item":"https:\/\/blog.vida.at\/pensionisten\/"},{"@type":"ListItem","position":2,"name":"100. Geburtstag"}]},{"@type":"WebSite","@id":"https:\/\/blog.vida.at\/pensionisten\/#website","url":"https:\/\/blog.vida.at\/pensionisten\/","name":"vida Pensionisten","description":"","potentialAction":[{"@type":"SearchAction","target":{"@type":"EntryPoint","urlTemplate":"https:\/\/blog.vida.at\/pensionisten\/?s={search_term_string}"},"query-input":{"@type":"PropertyValueSpecification","valueRequired":true,"valueName":"search_term_string"}}],"inLanguage":"de"},{"@type":"Person","@id":"https:\/\/blog.vida.at\/pensionisten\/#\/schema\/person\/88cee3ee93b9afdc51c92f5f63f38b8a","name":"mariontobola","image":{"@type":"ImageObject","inLanguage":"de","@id":"https:\/\/secure.gravatar.com\/avatar\/5d2c516985e4eda61bca05bd3b4359b4358135bd1e1a5b08c539e9cd1edd6528?s=96&d=mm&r=g","url":"https:\/\/secure.gravatar.com\/avatar\/5d2c516985e4eda61bca05bd3b4359b4358135bd1e1a5b08c539e9cd1edd6528?s=96&d=mm&r=g","contentUrl":"https:\/\/secure.gravatar.com\/avatar\/5d2c516985e4eda61bca05bd3b4359b4358135bd1e1a5b08c539e9cd1edd6528?s=96&d=mm&r=g","caption":"mariontobola"},"url":"https:\/\/blog.vida.at\/pensionisten\/author\/mariontobola\/"}]}},"author_meta":{"display_name":"mariontobola","author_link":"https:\/\/blog.vida.at\/pensionisten\/author\/mariontobola\/"},"featured_img":"https:\/\/blog.vida.at\/pensionisten\/wp-content\/uploads\/sites\/10\/2023\/10\/Geb_100_Flaschberger_Alfons-300x200.jpeg","featured_image_src":"https:\/\/blog.vida.at\/pensionisten\/wp-content\/uploads\/sites\/10\/2023\/10\/Geb_100_Flaschberger_Alfons-600x400.jpeg","featured_image_src_square":"https:\/\/blog.vida.at\/pensionisten\/wp-content\/uploads\/sites\/10\/2023\/10\/Geb_100_Flaschberger_Alfons-600x600.jpeg","uagb_featured_image_src":{"full":["https:\/\/blog.vida.at\/pensionisten\/wp-content\/uploads\/sites\/10\/2023\/10\/Geb_100_Flaschberger_Alfons.jpeg",1730,1154,false],"thumbnail":["https:\/\/blog.vida.at\/pensionisten\/wp-content\/uploads\/sites\/10\/2023\/10\/Geb_100_Flaschberger_Alfons-150x150.jpeg",150,150,true],"medium":["https:\/\/blog.vida.at\/pensionisten\/wp-content\/uploads\/sites\/10\/2023\/10\/Geb_100_Flaschberger_Alfons-300x200.jpeg",300,200,true],"medium_large":["https:\/\/blog.vida.at\/pensionisten\/wp-content\/uploads\/sites\/10\/2023\/10\/Geb_100_Flaschberger_Alfons-768x512.jpeg",640,427,true],"large":["https:\/\/blog.vida.at\/pensionisten\/wp-content\/uploads\/sites\/10\/2023\/10\/Geb_100_Flaschberger_Alfons-1024x683.jpeg",640,427,true],"1536x1536":["https:\/\/blog.vida.at\/pensionisten\/wp-content\/uploads\/sites\/10\/2023\/10\/Geb_100_Flaschberger_Alfons-1536x1025.jpeg",1536,1025,true],"2048x2048":["https:\/\/blog.vida.at\/pensionisten\/wp-content\/uploads\/sites\/10\/2023\/10\/Geb_100_Flaschberger_Alfons.jpeg",1730,1154,false],"ab-block-post-grid-landscape":["https:\/\/blog.vida.at\/pensionisten\/wp-content\/uploads\/sites\/10\/2023\/10\/Geb_100_Flaschberger_Alfons-600x400.jpeg",600,400,true],"ab-block-post-grid-square":["https:\/\/blog.vida.at\/pensionisten\/wp-content\/uploads\/sites\/10\/2023\/10\/Geb_100_Flaschberger_Alfons-600x600.jpeg",600,600,true],"post-thumbnail":["https:\/\/blog.vida.at\/pensionisten\/wp-content\/uploads\/sites\/10\/2023\/10\/Geb_100_Flaschberger_Alfons-1568x1046.jpeg",1568,1046,true],"awb_sm":["https:\/\/blog.vida.at\/pensionisten\/wp-content\/uploads\/sites\/10\/2023\/10\/Geb_100_Flaschberger_Alfons-500x334.jpeg",500,334,true],"awb_md":["https:\/\/blog.vida.at\/pensionisten\/wp-content\/uploads\/sites\/10\/2023\/10\/Geb_100_Flaschberger_Alfons-800x534.jpeg",800,534,true],"awb_lg":["https:\/\/blog.vida.at\/pensionisten\/wp-content\/uploads\/sites\/10\/2023\/10\/Geb_100_Flaschberger_Alfons-1280x854.jpeg",1280,854,true],"awb_xl":["https:\/\/blog.vida.at\/pensionisten\/wp-content\/uploads\/sites\/10\/2023\/10\/Geb_100_Flaschberger_Alfons.jpeg",1730,1154,false]},"uagb_author_info":{"display_name":"mariontobola","author_link":"https:\/\/blog.vida.at\/pensionisten\/author\/mariontobola\/"},"uagb_comment_info":0,"uagb_excerpt":"OG Villach gratuliert Jubilar Alfons Flaschberger.","coauthors":[],"tax_additional":{"categories":{"linked":["<a href=\"https:\/\/blog.vida.at\/pensionisten\/category\/allgemein\/\" class=\"advgb-post-tax-term\">Allgemein<\/a>","<a href=\"https:\/\/blog.vida.at\/pensionisten\/category\/ortsgruppen\/kaernten\/\" class=\"advgb-post-tax-term\">K\u00e4rnten<\/a>","<a href=\"https:\/\/blog.vida.at\/pensionisten\/category\/ortsgruppen\/\" class=\"advgb-post-tax-term\">Ortsgruppen<\/a>"],"unlinked":["<span class=\"advgb-post-tax-term\">Allgemein<\/span>","<span class=\"advgb-post-tax-term\">K\u00e4rnten<\/span>","<span class=\"advgb-post-tax-term\">Ortsgruppen<\/span>"]}},"comment_count":"0","relative_dates":{"created":"Ver\u00f6ffentlicht 3\u00a0Jahren vor","modified":"Aktualisiert 3\u00a0Jahren vor"},"absolute_dates":{"created":"Ver\u00f6ffentlicht am 31. Oktober 2023","modified":"Aktualisiert am 31. Oktober 2023"},"absolute_dates_time":{"created":"Ver\u00f6ffentlicht am 31. Oktober 2023 14:39","modified":"Aktualisiert am 31. Oktober 2023 14:41"},"featured_img_caption":"","series_order":"","_links":{"self":[{"href":"https:\/\/blog.vida.at\/pensionisten\/wp-json\/wp\/v2\/posts\/7807","targetHints":{"allow":["GET"]}}],"collection":[{"href":"https:\/\/blog.vida.at\/pensionisten\/wp-json\/wp\/v2\/posts"}],"about":[{"href":"https:\/\/blog.vida.at\/pensionisten\/wp-json\/wp\/v2\/types\/post"}],"author":[{"embeddable":true,"href":"https:\/\/blog.vida.at\/pensionisten\/wp-json\/wp\/v2\/users\/8"}],"replies":[{"embeddable":true,"href":"https:\/\/blog.vida.at\/pensionisten\/wp-json\/wp\/v2\/comments?post=7807"}],"version-history":[{"count":3,"href":"https:\/\/blog.vida.at\/pensionisten\/wp-json\/wp\/v2\/posts\/7807\/revisions"}],"predecessor-version":[{"id":7812,"href":"https:\/\/blog.vida.at\/pensionisten\/wp-json\/wp\/v2\/posts\/7807\/revisions\/7812"}],"wp:featuredmedia":[{"embeddable":true,"href":"https:\/\/blog.vida.at\/pensionisten\/wp-json\/wp\/v2\/media\/7808"}],"wp:attachment":[{"href":"https:\/\/blog.vida.at\/pensionisten\/wp-json\/wp\/v2\/media?parent=7807"}],"wp:term":[{"taxonomy":"category","embeddable":true,"href":"https:\/\/blog.vida.at\/pensionisten\/wp-json\/wp\/v2\/categories?post=7807"},{"taxonomy":"post_tag","embeddable":true,"href":"https:\/\/blog.vida.at\/pensionisten\/wp-json\/wp\/v2\/tags?post=7807"},{"taxonomy":"Orte","embeddable":true,"href":"https:\/\/blog.vida.at\/pensionisten\/wp-json\/wp\/v2\/Orte?post=7807"},{"taxonomy":"activitytype","embeddable":true,"href":"https:\/\/blog.vida.at\/pensionisten\/wp-json\/wp\/v2\/activitytype?post=7807"}],"curies":[{"name":"wp","href":"https:\/\/api.w.org\/{rel}","templated":true}]}}