
{"id":7833,"date":"2023-11-20T12:18:31","date_gmt":"2023-11-20T11:18:31","guid":{"rendered":"https:\/\/blog.vida.at\/pensionisten\/?p=7833"},"modified":"2023-11-20T12:19:10","modified_gmt":"2023-11-20T11:19:10","slug":"wir-danken-fuer-die-treue-2","status":"publish","type":"post","link":"https:\/\/blog.vida.at\/pensionisten\/2023\/11\/20\/wir-danken-fuer-die-treue-2\/","title":{"rendered":"Wir danken f\u00fcr die Treue"},"content":{"rendered":"\n<div class=\"wp-block-group Container advgb-dyn-6d6aa993\"><div class=\"wp-block-group__inner-container is-layout-flow wp-block-group-is-layout-flow\">\n<p>Regionskonferenz und Mitgliederehrungen der OG St. Veit.<\/p>\n\n\n\n<!--more-->\n\n\n\n<p><\/p>\n\n\n\n<p>Bei der diesj\u00e4hrigen Regionskonferenz wurden <strong>langj\u00e4hrige Mitglieder unsere Bewegung<\/strong> in einem w\u00fcrdigen Rahmen geehrt.<\/p>\n\n\n\n<p>Die Ehrungen der 17 anwesenden Mitglieder wurden von der v<strong>ida-Landesvorsitzenden Ursula Heitzer<\/strong>, dem <strong>AK Stellenleiter <\/strong>von St. Veit, <strong>Dr. Philipp Parteder<\/strong>, vom <strong>Regionsvorsitzenden Reinhold P\u00f6tschger<\/strong> und <strong>Landespensionist:innenvorsitzenden Roman Kobald <\/strong>durchgef\u00fchrt.<\/p>\n\n\n\n<p>Auf den Bildern (siehe unten) stellvertretend f\u00fcr alle <span style=\"color: #fd0202\" class=\"stk-highlight\"><strong>Eva Buggelsheim<\/strong><\/span>, <strong><span style=\"color: #fc0505\" class=\"stk-highlight\">Claudia Blasnig<\/span><\/strong>, weiters die zwei \u201e60-j\u00e4hrigen Mitglieder\u201c <strong><span style=\"color: #fc0202\" class=\"stk-highlight\">Horst Hafner<\/span><\/strong> und <strong><span style=\"color: #ff0101\" class=\"stk-highlight\">Herbert Schaflechner<\/span><\/strong> sowie das <strong>Geburtstagskind <span style=\"color: #fb0202\" class=\"stk-highlight\">Ludwig Thaler<\/span><\/strong>.<\/p>\n\n\n\n<p>Roman Kobald konnte bei dieser Veranstaltung auch dem Geburtstagskind Ludwig Thaler zum &#8222;80er&#8220; gratulieren.<\/p>\n\n\n\n<p>Anschlie\u00dfend wurde bei einem <strong>guten Mittagessen<\/strong> noch eine Weile gefachsimpelt, bevor die Regionskonferenz \u00fcber die B\u00fchne ging.<\/p>\n\n\n\n<p><strong><span style=\"color: #0073a8\" class=\"stk-highlight\">Wir gratulieren allen Mitgliedern und bedanken uns f\u00fcr die Solidarit\u00e4t und Treue.<\/span><\/strong><\/p>\n\n\n\n<figure class=\"wp-block-gallery has-nested-images columns-default is-cropped wp-block-gallery-1 is-layout-flex wp-block-gallery-is-layout-flex\">\n<figure class=\"wp-block-image size-large\"><img loading=\"lazy\" decoding=\"async\" width=\"1024\" height=\"768\" data-id=\"7835\" src=\"https:\/\/blog.vida.at\/pensionisten\/wp-content\/uploads\/sites\/10\/2023\/11\/WhatsApp-Image-2023-11-10-at-17.58.51-2-1024x768.jpeg\" alt=\"\" class=\"wp-image-7835\" srcset=\"https:\/\/blog.vida.at\/pensionisten\/wp-content\/uploads\/sites\/10\/2023\/11\/WhatsApp-Image-2023-11-10-at-17.58.51-2-1024x768.jpeg 1024w, https:\/\/blog.vida.at\/pensionisten\/wp-content\/uploads\/sites\/10\/2023\/11\/WhatsApp-Image-2023-11-10-at-17.58.51-2-300x225.jpeg 300w, https:\/\/blog.vida.at\/pensionisten\/wp-content\/uploads\/sites\/10\/2023\/11\/WhatsApp-Image-2023-11-10-at-17.58.51-2-768x576.jpeg 768w, https:\/\/blog.vida.at\/pensionisten\/wp-content\/uploads\/sites\/10\/2023\/11\/WhatsApp-Image-2023-11-10-at-17.58.51-2-1536x1152.jpeg 1536w, https:\/\/blog.vida.at\/pensionisten\/wp-content\/uploads\/sites\/10\/2023\/11\/WhatsApp-Image-2023-11-10-at-17.58.51-2-500x375.jpeg 500w, https:\/\/blog.vida.at\/pensionisten\/wp-content\/uploads\/sites\/10\/2023\/11\/WhatsApp-Image-2023-11-10-at-17.58.51-2-800x600.jpeg 800w, https:\/\/blog.vida.at\/pensionisten\/wp-content\/uploads\/sites\/10\/2023\/11\/WhatsApp-Image-2023-11-10-at-17.58.51-2-1280x960.jpeg 1280w, https:\/\/blog.vida.at\/pensionisten\/wp-content\/uploads\/sites\/10\/2023\/11\/WhatsApp-Image-2023-11-10-at-17.58.51-2-1920x1440.jpeg 1920w, https:\/\/blog.vida.at\/pensionisten\/wp-content\/uploads\/sites\/10\/2023\/11\/WhatsApp-Image-2023-11-10-at-17.58.51-2-1568x1176.jpeg 1568w, https:\/\/blog.vida.at\/pensionisten\/wp-content\/uploads\/sites\/10\/2023\/11\/WhatsApp-Image-2023-11-10-at-17.58.51-2.jpeg 2048w\" sizes=\"auto, (max-width: 1024px) 100vw, 1024px\" \/><\/figure>\n\n\n\n<figure class=\"wp-block-image size-large\"><img loading=\"lazy\" decoding=\"async\" width=\"1024\" height=\"768\" data-id=\"7836\" src=\"https:\/\/blog.vida.at\/pensionisten\/wp-content\/uploads\/sites\/10\/2023\/11\/WhatsApp-Image-2023-11-10-at-17.58.51-1-1024x768.jpeg\" alt=\"\" class=\"wp-image-7836\" srcset=\"https:\/\/blog.vida.at\/pensionisten\/wp-content\/uploads\/sites\/10\/2023\/11\/WhatsApp-Image-2023-11-10-at-17.58.51-1-1024x768.jpeg 1024w, https:\/\/blog.vida.at\/pensionisten\/wp-content\/uploads\/sites\/10\/2023\/11\/WhatsApp-Image-2023-11-10-at-17.58.51-1-300x225.jpeg 300w, https:\/\/blog.vida.at\/pensionisten\/wp-content\/uploads\/sites\/10\/2023\/11\/WhatsApp-Image-2023-11-10-at-17.58.51-1-768x576.jpeg 768w, https:\/\/blog.vida.at\/pensionisten\/wp-content\/uploads\/sites\/10\/2023\/11\/WhatsApp-Image-2023-11-10-at-17.58.51-1-1536x1152.jpeg 1536w, https:\/\/blog.vida.at\/pensionisten\/wp-content\/uploads\/sites\/10\/2023\/11\/WhatsApp-Image-2023-11-10-at-17.58.51-1-500x375.jpeg 500w, https:\/\/blog.vida.at\/pensionisten\/wp-content\/uploads\/sites\/10\/2023\/11\/WhatsApp-Image-2023-11-10-at-17.58.51-1-800x600.jpeg 800w, https:\/\/blog.vida.at\/pensionisten\/wp-content\/uploads\/sites\/10\/2023\/11\/WhatsApp-Image-2023-11-10-at-17.58.51-1-1280x960.jpeg 1280w, https:\/\/blog.vida.at\/pensionisten\/wp-content\/uploads\/sites\/10\/2023\/11\/WhatsApp-Image-2023-11-10-at-17.58.51-1-1920x1440.jpeg 1920w, https:\/\/blog.vida.at\/pensionisten\/wp-content\/uploads\/sites\/10\/2023\/11\/WhatsApp-Image-2023-11-10-at-17.58.51-1-1568x1176.jpeg 1568w, https:\/\/blog.vida.at\/pensionisten\/wp-content\/uploads\/sites\/10\/2023\/11\/WhatsApp-Image-2023-11-10-at-17.58.51-1.jpeg 2000w\" sizes=\"auto, (max-width: 1024px) 100vw, 1024px\" \/><\/figure>\n\n\n\n<figure class=\"wp-block-image size-large\"><img loading=\"lazy\" decoding=\"async\" width=\"1024\" height=\"768\" data-id=\"7834\" src=\"https:\/\/blog.vida.at\/pensionisten\/wp-content\/uploads\/sites\/10\/2023\/11\/WhatsApp-Image-2023-11-10-at-17.58.48-1024x768.jpeg\" alt=\"\" class=\"wp-image-7834\" srcset=\"https:\/\/blog.vida.at\/pensionisten\/wp-content\/uploads\/sites\/10\/2023\/11\/WhatsApp-Image-2023-11-10-at-17.58.48-1024x768.jpeg 1024w, https:\/\/blog.vida.at\/pensionisten\/wp-content\/uploads\/sites\/10\/2023\/11\/WhatsApp-Image-2023-11-10-at-17.58.48-300x225.jpeg 300w, https:\/\/blog.vida.at\/pensionisten\/wp-content\/uploads\/sites\/10\/2023\/11\/WhatsApp-Image-2023-11-10-at-17.58.48-768x576.jpeg 768w, https:\/\/blog.vida.at\/pensionisten\/wp-content\/uploads\/sites\/10\/2023\/11\/WhatsApp-Image-2023-11-10-at-17.58.48-1536x1152.jpeg 1536w, https:\/\/blog.vida.at\/pensionisten\/wp-content\/uploads\/sites\/10\/2023\/11\/WhatsApp-Image-2023-11-10-at-17.58.48-500x375.jpeg 500w, https:\/\/blog.vida.at\/pensionisten\/wp-content\/uploads\/sites\/10\/2023\/11\/WhatsApp-Image-2023-11-10-at-17.58.48-800x600.jpeg 800w, https:\/\/blog.vida.at\/pensionisten\/wp-content\/uploads\/sites\/10\/2023\/11\/WhatsApp-Image-2023-11-10-at-17.58.48-1280x960.jpeg 1280w, https:\/\/blog.vida.at\/pensionisten\/wp-content\/uploads\/sites\/10\/2023\/11\/WhatsApp-Image-2023-11-10-at-17.58.48-1920x1440.jpeg 1920w, https:\/\/blog.vida.at\/pensionisten\/wp-content\/uploads\/sites\/10\/2023\/11\/WhatsApp-Image-2023-11-10-at-17.58.48-1568x1176.jpeg 1568w, https:\/\/blog.vida.at\/pensionisten\/wp-content\/uploads\/sites\/10\/2023\/11\/WhatsApp-Image-2023-11-10-at-17.58.48.jpeg 2048w\" sizes=\"auto, (max-width: 1024px) 100vw, 1024px\" \/><\/figure>\n\n\n\n<figure class=\"wp-block-image size-large\"><img loading=\"lazy\" decoding=\"async\" width=\"1024\" height=\"683\" data-id=\"7837\" src=\"https:\/\/blog.vida.at\/pensionisten\/wp-content\/uploads\/sites\/10\/2023\/11\/WhatsApp-Image-2023-11-10-at-17.58.47-1024x683.jpeg\" alt=\"\" class=\"wp-image-7837\" srcset=\"https:\/\/blog.vida.at\/pensionisten\/wp-content\/uploads\/sites\/10\/2023\/11\/WhatsApp-Image-2023-11-10-at-17.58.47-1024x683.jpeg 1024w, https:\/\/blog.vida.at\/pensionisten\/wp-content\/uploads\/sites\/10\/2023\/11\/WhatsApp-Image-2023-11-10-at-17.58.47-300x200.jpeg 300w, https:\/\/blog.vida.at\/pensionisten\/wp-content\/uploads\/sites\/10\/2023\/11\/WhatsApp-Image-2023-11-10-at-17.58.47-768x512.jpeg 768w, https:\/\/blog.vida.at\/pensionisten\/wp-content\/uploads\/sites\/10\/2023\/11\/WhatsApp-Image-2023-11-10-at-17.58.47-500x333.jpeg 500w, https:\/\/blog.vida.at\/pensionisten\/wp-content\/uploads\/sites\/10\/2023\/11\/WhatsApp-Image-2023-11-10-at-17.58.47-800x533.jpeg 800w, https:\/\/blog.vida.at\/pensionisten\/wp-content\/uploads\/sites\/10\/2023\/11\/WhatsApp-Image-2023-11-10-at-17.58.47-1280x853.jpeg 1280w, https:\/\/blog.vida.at\/pensionisten\/wp-content\/uploads\/sites\/10\/2023\/11\/WhatsApp-Image-2023-11-10-at-17.58.47-600x400.jpeg 600w, https:\/\/blog.vida.at\/pensionisten\/wp-content\/uploads\/sites\/10\/2023\/11\/WhatsApp-Image-2023-11-10-at-17.58.47.jpeg 1500w\" sizes=\"auto, (max-width: 1024px) 100vw, 1024px\" \/><\/figure>\n<\/figure>\n<\/div><\/div>\n\n\n\n<p><br><\/p>\n\n\n\n<figure class=\"wp-block-gallery has-nested-images columns-default is-cropped wp-block-gallery-2 is-layout-flex wp-block-gallery-is-layout-flex\"><\/figure>\n","protected":false},"excerpt":{"rendered":"<p>Regionskonferenz und Mitgliederehrungen der OG St. Veit.<\/p>\n","protected":false},"author":8,"featured_media":7838,"comment_status":"open","ping_status":"open","sticky":false,"template":"","format":"standard","meta":{"_uag_custom_page_level_css":"","advgb_blocks_editor_width":"","advgb_blocks_columns_visual_guide":"","footnotes":""},"categories":[4,1,56,49],"tags":[],"Orte":[],"activitytype":[],"class_list":["post-7833","post","type-post","status-publish","format-standard","has-post-thumbnail","hentry","category-aktuelles","category-allgemein","category-kaernten","category-ortsgruppen","entry"],"featured_image_urls":{"full":["https:\/\/blog.vida.at\/pensionisten\/wp-content\/uploads\/sites\/10\/2023\/11\/WhatsApp-Image-2023-11-10-at-17.58.48-1.jpeg",1269,846,false],"thumbnail":["https:\/\/blog.vida.at\/pensionisten\/wp-content\/uploads\/sites\/10\/2023\/11\/WhatsApp-Image-2023-11-10-at-17.58.48-1-150x150.jpeg",150,150,true],"medium":["https:\/\/blog.vida.at\/pensionisten\/wp-content\/uploads\/sites\/10\/2023\/11\/WhatsApp-Image-2023-11-10-at-17.58.48-1-300x200.jpeg",300,200,true],"medium_large":["https:\/\/blog.vida.at\/pensionisten\/wp-content\/uploads\/sites\/10\/2023\/11\/WhatsApp-Image-2023-11-10-at-17.58.48-1-768x512.jpeg",640,427,true],"large":["https:\/\/blog.vida.at\/pensionisten\/wp-content\/uploads\/sites\/10\/2023\/11\/WhatsApp-Image-2023-11-10-at-17.58.48-1-1024x683.jpeg",640,427,true],"1536x1536":["https:\/\/blog.vida.at\/pensionisten\/wp-content\/uploads\/sites\/10\/2023\/11\/WhatsApp-Image-2023-11-10-at-17.58.48-1.jpeg",1269,846,false],"2048x2048":["https:\/\/blog.vida.at\/pensionisten\/wp-content\/uploads\/sites\/10\/2023\/11\/WhatsApp-Image-2023-11-10-at-17.58.48-1.jpeg",1269,846,false],"ab-block-post-grid-landscape":["https:\/\/blog.vida.at\/pensionisten\/wp-content\/uploads\/sites\/10\/2023\/11\/WhatsApp-Image-2023-11-10-at-17.58.48-1-600x400.jpeg",600,400,true],"ab-block-post-grid-square":["https:\/\/blog.vida.at\/pensionisten\/wp-content\/uploads\/sites\/10\/2023\/11\/WhatsApp-Image-2023-11-10-at-17.58.48-1-600x600.jpeg",600,600,true],"post-thumbnail":["https:\/\/blog.vida.at\/pensionisten\/wp-content\/uploads\/sites\/10\/2023\/11\/WhatsApp-Image-2023-11-10-at-17.58.48-1.jpeg",1269,846,false],"awb_sm":["https:\/\/blog.vida.at\/pensionisten\/wp-content\/uploads\/sites\/10\/2023\/11\/WhatsApp-Image-2023-11-10-at-17.58.48-1-500x333.jpeg",500,333,true],"awb_md":["https:\/\/blog.vida.at\/pensionisten\/wp-content\/uploads\/sites\/10\/2023\/11\/WhatsApp-Image-2023-11-10-at-17.58.48-1-800x533.jpeg",800,533,true],"awb_lg":["https:\/\/blog.vida.at\/pensionisten\/wp-content\/uploads\/sites\/10\/2023\/11\/WhatsApp-Image-2023-11-10-at-17.58.48-1.jpeg",1269,846,false],"awb_xl":["https:\/\/blog.vida.at\/pensionisten\/wp-content\/uploads\/sites\/10\/2023\/11\/WhatsApp-Image-2023-11-10-at-17.58.48-1.jpeg",1269,846,false]},"post_excerpt_stackable":"<p>Regionskonferenz und Mitgliederehrungen der OG St. Veit. Bei der diesj\u00e4hrigen Regionskonferenz wurden langj\u00e4hrige Mitglieder unsere Bewegung in einem w\u00fcrdigen Rahmen geehrt. Die Ehrungen der 17 anwesenden Mitglieder wurden von der vida-Landesvorsitzenden Ursula Heitzer, dem AK Stellenleiter von St. Veit, Dr. Philipp Parteder, vom Regionsvorsitzenden Reinhold P\u00f6tschger und Landespensionist:innenvorsitzenden Roman Kobald durchgef\u00fchrt. Auf den Bildern (siehe unten) stellvertretend f\u00fcr alle Eva Buggelsheim, Claudia Blasnig, weiters die zwei \u201e60-j\u00e4hrigen Mitglieder\u201c Horst Hafner und Herbert Schaflechner sowie das Geburtstagskind Ludwig Thaler. Roman Kobald konnte bei dieser Veranstaltung auch dem Geburtstagskind Ludwig Thaler zum &#8222;80er&#8220; gratulieren. Anschlie\u00dfend wurde bei einem guten Mittagessen noch eine&hellip;<\/p>\n","category_list":"<a href=\"https:\/\/blog.vida.at\/pensionisten\/category\/aktuelles\/\" rel=\"category tag\">Aktuelles<\/a>, <a href=\"https:\/\/blog.vida.at\/pensionisten\/category\/allgemein\/\" rel=\"category tag\">Allgemein<\/a>, <a href=\"https:\/\/blog.vida.at\/pensionisten\/category\/ortsgruppen\/kaernten\/\" rel=\"category tag\">K\u00e4rnten<\/a>, <a href=\"https:\/\/blog.vida.at\/pensionisten\/category\/ortsgruppen\/\" rel=\"category tag\">Ortsgruppen<\/a>","author_info":{"display_name":"mariontobola","author_link":"https:\/\/blog.vida.at\/pensionisten\/author\/mariontobola\/"},"comments_num":"0 comments","featured_image_urls_v2":{"full":["https:\/\/blog.vida.at\/pensionisten\/wp-content\/uploads\/sites\/10\/2023\/11\/WhatsApp-Image-2023-11-10-at-17.58.48-1.jpeg",1269,846,false],"thumbnail":["https:\/\/blog.vida.at\/pensionisten\/wp-content\/uploads\/sites\/10\/2023\/11\/WhatsApp-Image-2023-11-10-at-17.58.48-1-150x150.jpeg",150,150,true],"medium":["https:\/\/blog.vida.at\/pensionisten\/wp-content\/uploads\/sites\/10\/2023\/11\/WhatsApp-Image-2023-11-10-at-17.58.48-1-300x200.jpeg",300,200,true],"medium_large":["https:\/\/blog.vida.at\/pensionisten\/wp-content\/uploads\/sites\/10\/2023\/11\/WhatsApp-Image-2023-11-10-at-17.58.48-1-768x512.jpeg",640,427,true],"large":["https:\/\/blog.vida.at\/pensionisten\/wp-content\/uploads\/sites\/10\/2023\/11\/WhatsApp-Image-2023-11-10-at-17.58.48-1-1024x683.jpeg",640,427,true],"1536x1536":["https:\/\/blog.vida.at\/pensionisten\/wp-content\/uploads\/sites\/10\/2023\/11\/WhatsApp-Image-2023-11-10-at-17.58.48-1.jpeg",1269,846,false],"2048x2048":["https:\/\/blog.vida.at\/pensionisten\/wp-content\/uploads\/sites\/10\/2023\/11\/WhatsApp-Image-2023-11-10-at-17.58.48-1.jpeg",1269,846,false],"ab-block-post-grid-landscape":["https:\/\/blog.vida.at\/pensionisten\/wp-content\/uploads\/sites\/10\/2023\/11\/WhatsApp-Image-2023-11-10-at-17.58.48-1-600x400.jpeg",600,400,true],"ab-block-post-grid-square":["https:\/\/blog.vida.at\/pensionisten\/wp-content\/uploads\/sites\/10\/2023\/11\/WhatsApp-Image-2023-11-10-at-17.58.48-1-600x600.jpeg",600,600,true],"post-thumbnail":["https:\/\/blog.vida.at\/pensionisten\/wp-content\/uploads\/sites\/10\/2023\/11\/WhatsApp-Image-2023-11-10-at-17.58.48-1.jpeg",1269,846,false],"awb_sm":["https:\/\/blog.vida.at\/pensionisten\/wp-content\/uploads\/sites\/10\/2023\/11\/WhatsApp-Image-2023-11-10-at-17.58.48-1-500x333.jpeg",500,333,true],"awb_md":["https:\/\/blog.vida.at\/pensionisten\/wp-content\/uploads\/sites\/10\/2023\/11\/WhatsApp-Image-2023-11-10-at-17.58.48-1-800x533.jpeg",800,533,true],"awb_lg":["https:\/\/blog.vida.at\/pensionisten\/wp-content\/uploads\/sites\/10\/2023\/11\/WhatsApp-Image-2023-11-10-at-17.58.48-1.jpeg",1269,846,false],"awb_xl":["https:\/\/blog.vida.at\/pensionisten\/wp-content\/uploads\/sites\/10\/2023\/11\/WhatsApp-Image-2023-11-10-at-17.58.48-1.jpeg",1269,846,false]},"post_excerpt_stackable_v2":"<p>Regionskonferenz und Mitgliederehrungen der OG St. Veit. Bei der diesj\u00e4hrigen Regionskonferenz wurden langj\u00e4hrige Mitglieder unsere Bewegung in einem w\u00fcrdigen Rahmen geehrt. Die Ehrungen der 17 anwesenden Mitglieder wurden von der vida-Landesvorsitzenden Ursula Heitzer, dem AK Stellenleiter von St. Veit, Dr. Philipp Parteder, vom Regionsvorsitzenden Reinhold P\u00f6tschger und Landespensionist:innenvorsitzenden Roman Kobald durchgef\u00fchrt. Auf den Bildern (siehe unten) stellvertretend f\u00fcr alle Eva Buggelsheim, Claudia Blasnig, weiters die zwei \u201e60-j\u00e4hrigen Mitglieder\u201c Horst Hafner und Herbert Schaflechner sowie das Geburtstagskind Ludwig Thaler. Roman Kobald konnte bei dieser Veranstaltung auch dem Geburtstagskind Ludwig Thaler zum &#8222;80er&#8220; gratulieren. Anschlie\u00dfend wurde bei einem guten Mittagessen noch eine&hellip;<\/p>\n","category_list_v2":"<a href=\"https:\/\/blog.vida.at\/pensionisten\/category\/aktuelles\/\" rel=\"category tag\">Aktuelles<\/a>, <a href=\"https:\/\/blog.vida.at\/pensionisten\/category\/allgemein\/\" rel=\"category tag\">Allgemein<\/a>, <a href=\"https:\/\/blog.vida.at\/pensionisten\/category\/ortsgruppen\/kaernten\/\" rel=\"category tag\">K\u00e4rnten<\/a>, <a href=\"https:\/\/blog.vida.at\/pensionisten\/category\/ortsgruppen\/\" rel=\"category tag\">Ortsgruppen<\/a>","author_info_v2":{"name":"mariontobola","url":"https:\/\/blog.vida.at\/pensionisten\/author\/mariontobola\/"},"comments_num_v2":"0 comments","yoast_head":"<!-- This site is optimized with the Yoast SEO plugin v27.3 - https:\/\/yoast.com\/product\/yoast-seo-wordpress\/ -->\n<title>Wir danken f\u00fcr die Treue<\/title>\n<meta name=\"robots\" content=\"index, follow, max-snippet:-1, max-image-preview:large, max-video-preview:-1\" \/>\n<link rel=\"canonical\" href=\"https:\/\/blog.vida.at\/pensionisten\/2023\/11\/20\/wir-danken-fuer-die-treue-2\/\" \/>\n<meta property=\"og:locale\" content=\"de_DE\" \/>\n<meta property=\"og:type\" content=\"article\" \/>\n<meta property=\"og:title\" content=\"Wir danken f\u00fcr die Treue\" \/>\n<meta property=\"og:description\" content=\"Regionskonferenz und Mitgliederehrungen der OG St. Veit.\" \/>\n<meta property=\"og:url\" content=\"https:\/\/blog.vida.at\/pensionisten\/2023\/11\/20\/wir-danken-fuer-die-treue-2\/\" \/>\n<meta property=\"og:site_name\" content=\"vida Pensionisten\" \/>\n<meta property=\"article:published_time\" content=\"2023-11-20T11:18:31+00:00\" \/>\n<meta property=\"article:modified_time\" content=\"2023-11-20T11:19:10+00:00\" \/>\n<meta property=\"og:image\" content=\"https:\/\/blog.vida.at\/pensionisten\/wp-content\/uploads\/sites\/10\/2023\/11\/WhatsApp-Image-2023-11-10-at-17.58.48-1.jpeg\" \/>\n\t<meta property=\"og:image:width\" content=\"1269\" \/>\n\t<meta property=\"og:image:height\" content=\"846\" \/>\n\t<meta property=\"og:image:type\" content=\"image\/jpeg\" \/>\n<meta name=\"author\" content=\"mariontobola\" \/>\n<meta name=\"twitter:card\" content=\"summary_large_image\" \/>\n<meta name=\"twitter:label1\" content=\"Verfasst von\" \/>\n\t<meta name=\"twitter:data1\" content=\"mariontobola\" \/>\n\t<meta name=\"twitter:label2\" content=\"Gesch\u00e4tzte Lesezeit\" \/>\n\t<meta name=\"twitter:data2\" content=\"2\u00a0Minuten\" \/>\n<script type=\"application\/ld+json\" class=\"yoast-schema-graph\">{\"@context\":\"https:\\\/\\\/schema.org\",\"@graph\":[{\"@type\":\"Article\",\"@id\":\"https:\\\/\\\/blog.vida.at\\\/pensionisten\\\/2023\\\/11\\\/20\\\/wir-danken-fuer-die-treue-2\\\/#article\",\"isPartOf\":{\"@id\":\"https:\\\/\\\/blog.vida.at\\\/pensionisten\\\/2023\\\/11\\\/20\\\/wir-danken-fuer-die-treue-2\\\/\"},\"author\":{\"name\":\"mariontobola\",\"@id\":\"https:\\\/\\\/blog.vida.at\\\/pensionisten\\\/#\\\/schema\\\/person\\\/88cee3ee93b9afdc51c92f5f63f38b8a\"},\"headline\":\"Wir danken f\u00fcr die Treue\",\"datePublished\":\"2023-11-20T11:18:31+00:00\",\"dateModified\":\"2023-11-20T11:19:10+00:00\",\"mainEntityOfPage\":{\"@id\":\"https:\\\/\\\/blog.vida.at\\\/pensionisten\\\/2023\\\/11\\\/20\\\/wir-danken-fuer-die-treue-2\\\/\"},\"wordCount\":138,\"commentCount\":0,\"image\":{\"@id\":\"https:\\\/\\\/blog.vida.at\\\/pensionisten\\\/2023\\\/11\\\/20\\\/wir-danken-fuer-die-treue-2\\\/#primaryimage\"},\"thumbnailUrl\":\"https:\\\/\\\/blog.vida.at\\\/pensionisten\\\/wp-content\\\/uploads\\\/sites\\\/10\\\/2023\\\/11\\\/WhatsApp-Image-2023-11-10-at-17.58.48-1.jpeg\",\"articleSection\":{\"0\":\"Aktuelles\",\"2\":\"K\u00e4rnten\",\"3\":\"Ortsgruppen\"},\"inLanguage\":\"de\",\"potentialAction\":[{\"@type\":\"CommentAction\",\"name\":\"Comment\",\"target\":[\"https:\\\/\\\/blog.vida.at\\\/pensionisten\\\/2023\\\/11\\\/20\\\/wir-danken-fuer-die-treue-2\\\/#respond\"]}]},{\"@type\":\"WebPage\",\"@id\":\"https:\\\/\\\/blog.vida.at\\\/pensionisten\\\/2023\\\/11\\\/20\\\/wir-danken-fuer-die-treue-2\\\/\",\"url\":\"https:\\\/\\\/blog.vida.at\\\/pensionisten\\\/2023\\\/11\\\/20\\\/wir-danken-fuer-die-treue-2\\\/\",\"name\":\"Wir danken f\u00fcr die Treue\",\"isPartOf\":{\"@id\":\"https:\\\/\\\/blog.vida.at\\\/pensionisten\\\/#website\"},\"primaryImageOfPage\":{\"@id\":\"https:\\\/\\\/blog.vida.at\\\/pensionisten\\\/2023\\\/11\\\/20\\\/wir-danken-fuer-die-treue-2\\\/#primaryimage\"},\"image\":{\"@id\":\"https:\\\/\\\/blog.vida.at\\\/pensionisten\\\/2023\\\/11\\\/20\\\/wir-danken-fuer-die-treue-2\\\/#primaryimage\"},\"thumbnailUrl\":\"https:\\\/\\\/blog.vida.at\\\/pensionisten\\\/wp-content\\\/uploads\\\/sites\\\/10\\\/2023\\\/11\\\/WhatsApp-Image-2023-11-10-at-17.58.48-1.jpeg\",\"datePublished\":\"2023-11-20T11:18:31+00:00\",\"dateModified\":\"2023-11-20T11:19:10+00:00\",\"author\":{\"@id\":\"https:\\\/\\\/blog.vida.at\\\/pensionisten\\\/#\\\/schema\\\/person\\\/88cee3ee93b9afdc51c92f5f63f38b8a\"},\"breadcrumb\":{\"@id\":\"https:\\\/\\\/blog.vida.at\\\/pensionisten\\\/2023\\\/11\\\/20\\\/wir-danken-fuer-die-treue-2\\\/#breadcrumb\"},\"inLanguage\":\"de\",\"potentialAction\":[{\"@type\":\"ReadAction\",\"target\":[\"https:\\\/\\\/blog.vida.at\\\/pensionisten\\\/2023\\\/11\\\/20\\\/wir-danken-fuer-die-treue-2\\\/\"]}]},{\"@type\":\"ImageObject\",\"inLanguage\":\"de\",\"@id\":\"https:\\\/\\\/blog.vida.at\\\/pensionisten\\\/2023\\\/11\\\/20\\\/wir-danken-fuer-die-treue-2\\\/#primaryimage\",\"url\":\"https:\\\/\\\/blog.vida.at\\\/pensionisten\\\/wp-content\\\/uploads\\\/sites\\\/10\\\/2023\\\/11\\\/WhatsApp-Image-2023-11-10-at-17.58.48-1.jpeg\",\"contentUrl\":\"https:\\\/\\\/blog.vida.at\\\/pensionisten\\\/wp-content\\\/uploads\\\/sites\\\/10\\\/2023\\\/11\\\/WhatsApp-Image-2023-11-10-at-17.58.48-1.jpeg\",\"width\":1269,\"height\":846},{\"@type\":\"BreadcrumbList\",\"@id\":\"https:\\\/\\\/blog.vida.at\\\/pensionisten\\\/2023\\\/11\\\/20\\\/wir-danken-fuer-die-treue-2\\\/#breadcrumb\",\"itemListElement\":[{\"@type\":\"ListItem\",\"position\":1,\"name\":\"Startseite\",\"item\":\"https:\\\/\\\/blog.vida.at\\\/pensionisten\\\/\"},{\"@type\":\"ListItem\",\"position\":2,\"name\":\"Wir danken f\u00fcr die Treue\"}]},{\"@type\":\"WebSite\",\"@id\":\"https:\\\/\\\/blog.vida.at\\\/pensionisten\\\/#website\",\"url\":\"https:\\\/\\\/blog.vida.at\\\/pensionisten\\\/\",\"name\":\"vida Pensionisten\",\"description\":\"\",\"potentialAction\":[{\"@type\":\"SearchAction\",\"target\":{\"@type\":\"EntryPoint\",\"urlTemplate\":\"https:\\\/\\\/blog.vida.at\\\/pensionisten\\\/?s={search_term_string}\"},\"query-input\":{\"@type\":\"PropertyValueSpecification\",\"valueRequired\":true,\"valueName\":\"search_term_string\"}}],\"inLanguage\":\"de\"},{\"@type\":\"Person\",\"@id\":\"https:\\\/\\\/blog.vida.at\\\/pensionisten\\\/#\\\/schema\\\/person\\\/88cee3ee93b9afdc51c92f5f63f38b8a\",\"name\":\"mariontobola\",\"image\":{\"@type\":\"ImageObject\",\"inLanguage\":\"de\",\"@id\":\"https:\\\/\\\/secure.gravatar.com\\\/avatar\\\/5d2c516985e4eda61bca05bd3b4359b4358135bd1e1a5b08c539e9cd1edd6528?s=96&d=mm&r=g\",\"url\":\"https:\\\/\\\/secure.gravatar.com\\\/avatar\\\/5d2c516985e4eda61bca05bd3b4359b4358135bd1e1a5b08c539e9cd1edd6528?s=96&d=mm&r=g\",\"contentUrl\":\"https:\\\/\\\/secure.gravatar.com\\\/avatar\\\/5d2c516985e4eda61bca05bd3b4359b4358135bd1e1a5b08c539e9cd1edd6528?s=96&d=mm&r=g\",\"caption\":\"mariontobola\"},\"url\":\"https:\\\/\\\/blog.vida.at\\\/pensionisten\\\/author\\\/mariontobola\\\/\"}]}<\/script>\n<!-- \/ Yoast SEO plugin. -->","yoast_head_json":{"title":"Wir danken f\u00fcr die Treue","robots":{"index":"index","follow":"follow","max-snippet":"max-snippet:-1","max-image-preview":"max-image-preview:large","max-video-preview":"max-video-preview:-1"},"canonical":"https:\/\/blog.vida.at\/pensionisten\/2023\/11\/20\/wir-danken-fuer-die-treue-2\/","og_locale":"de_DE","og_type":"article","og_title":"Wir danken f\u00fcr die Treue","og_description":"Regionskonferenz und Mitgliederehrungen der OG St. Veit.","og_url":"https:\/\/blog.vida.at\/pensionisten\/2023\/11\/20\/wir-danken-fuer-die-treue-2\/","og_site_name":"vida Pensionisten","article_published_time":"2023-11-20T11:18:31+00:00","article_modified_time":"2023-11-20T11:19:10+00:00","og_image":[{"width":1269,"height":846,"url":"https:\/\/blog.vida.at\/pensionisten\/wp-content\/uploads\/sites\/10\/2023\/11\/WhatsApp-Image-2023-11-10-at-17.58.48-1.jpeg","type":"image\/jpeg"}],"author":"mariontobola","twitter_card":"summary_large_image","twitter_misc":{"Verfasst von":"mariontobola","Gesch\u00e4tzte Lesezeit":"2\u00a0Minuten"},"schema":{"@context":"https:\/\/schema.org","@graph":[{"@type":"Article","@id":"https:\/\/blog.vida.at\/pensionisten\/2023\/11\/20\/wir-danken-fuer-die-treue-2\/#article","isPartOf":{"@id":"https:\/\/blog.vida.at\/pensionisten\/2023\/11\/20\/wir-danken-fuer-die-treue-2\/"},"author":{"name":"mariontobola","@id":"https:\/\/blog.vida.at\/pensionisten\/#\/schema\/person\/88cee3ee93b9afdc51c92f5f63f38b8a"},"headline":"Wir danken f\u00fcr die Treue","datePublished":"2023-11-20T11:18:31+00:00","dateModified":"2023-11-20T11:19:10+00:00","mainEntityOfPage":{"@id":"https:\/\/blog.vida.at\/pensionisten\/2023\/11\/20\/wir-danken-fuer-die-treue-2\/"},"wordCount":138,"commentCount":0,"image":{"@id":"https:\/\/blog.vida.at\/pensionisten\/2023\/11\/20\/wir-danken-fuer-die-treue-2\/#primaryimage"},"thumbnailUrl":"https:\/\/blog.vida.at\/pensionisten\/wp-content\/uploads\/sites\/10\/2023\/11\/WhatsApp-Image-2023-11-10-at-17.58.48-1.jpeg","articleSection":{"0":"Aktuelles","2":"K\u00e4rnten","3":"Ortsgruppen"},"inLanguage":"de","potentialAction":[{"@type":"CommentAction","name":"Comment","target":["https:\/\/blog.vida.at\/pensionisten\/2023\/11\/20\/wir-danken-fuer-die-treue-2\/#respond"]}]},{"@type":"WebPage","@id":"https:\/\/blog.vida.at\/pensionisten\/2023\/11\/20\/wir-danken-fuer-die-treue-2\/","url":"https:\/\/blog.vida.at\/pensionisten\/2023\/11\/20\/wir-danken-fuer-die-treue-2\/","name":"Wir danken f\u00fcr die Treue","isPartOf":{"@id":"https:\/\/blog.vida.at\/pensionisten\/#website"},"primaryImageOfPage":{"@id":"https:\/\/blog.vida.at\/pensionisten\/2023\/11\/20\/wir-danken-fuer-die-treue-2\/#primaryimage"},"image":{"@id":"https:\/\/blog.vida.at\/pensionisten\/2023\/11\/20\/wir-danken-fuer-die-treue-2\/#primaryimage"},"thumbnailUrl":"https:\/\/blog.vida.at\/pensionisten\/wp-content\/uploads\/sites\/10\/2023\/11\/WhatsApp-Image-2023-11-10-at-17.58.48-1.jpeg","datePublished":"2023-11-20T11:18:31+00:00","dateModified":"2023-11-20T11:19:10+00:00","author":{"@id":"https:\/\/blog.vida.at\/pensionisten\/#\/schema\/person\/88cee3ee93b9afdc51c92f5f63f38b8a"},"breadcrumb":{"@id":"https:\/\/blog.vida.at\/pensionisten\/2023\/11\/20\/wir-danken-fuer-die-treue-2\/#breadcrumb"},"inLanguage":"de","potentialAction":[{"@type":"ReadAction","target":["https:\/\/blog.vida.at\/pensionisten\/2023\/11\/20\/wir-danken-fuer-die-treue-2\/"]}]},{"@type":"ImageObject","inLanguage":"de","@id":"https:\/\/blog.vida.at\/pensionisten\/2023\/11\/20\/wir-danken-fuer-die-treue-2\/#primaryimage","url":"https:\/\/blog.vida.at\/pensionisten\/wp-content\/uploads\/sites\/10\/2023\/11\/WhatsApp-Image-2023-11-10-at-17.58.48-1.jpeg","contentUrl":"https:\/\/blog.vida.at\/pensionisten\/wp-content\/uploads\/sites\/10\/2023\/11\/WhatsApp-Image-2023-11-10-at-17.58.48-1.jpeg","width":1269,"height":846},{"@type":"BreadcrumbList","@id":"https:\/\/blog.vida.at\/pensionisten\/2023\/11\/20\/wir-danken-fuer-die-treue-2\/#breadcrumb","itemListElement":[{"@type":"ListItem","position":1,"name":"Startseite","item":"https:\/\/blog.vida.at\/pensionisten\/"},{"@type":"ListItem","position":2,"name":"Wir danken f\u00fcr die Treue"}]},{"@type":"WebSite","@id":"https:\/\/blog.vida.at\/pensionisten\/#website","url":"https:\/\/blog.vida.at\/pensionisten\/","name":"vida Pensionisten","description":"","potentialAction":[{"@type":"SearchAction","target":{"@type":"EntryPoint","urlTemplate":"https:\/\/blog.vida.at\/pensionisten\/?s={search_term_string}"},"query-input":{"@type":"PropertyValueSpecification","valueRequired":true,"valueName":"search_term_string"}}],"inLanguage":"de"},{"@type":"Person","@id":"https:\/\/blog.vida.at\/pensionisten\/#\/schema\/person\/88cee3ee93b9afdc51c92f5f63f38b8a","name":"mariontobola","image":{"@type":"ImageObject","inLanguage":"de","@id":"https:\/\/secure.gravatar.com\/avatar\/5d2c516985e4eda61bca05bd3b4359b4358135bd1e1a5b08c539e9cd1edd6528?s=96&d=mm&r=g","url":"https:\/\/secure.gravatar.com\/avatar\/5d2c516985e4eda61bca05bd3b4359b4358135bd1e1a5b08c539e9cd1edd6528?s=96&d=mm&r=g","contentUrl":"https:\/\/secure.gravatar.com\/avatar\/5d2c516985e4eda61bca05bd3b4359b4358135bd1e1a5b08c539e9cd1edd6528?s=96&d=mm&r=g","caption":"mariontobola"},"url":"https:\/\/blog.vida.at\/pensionisten\/author\/mariontobola\/"}]}},"author_meta":{"display_name":"mariontobola","author_link":"https:\/\/blog.vida.at\/pensionisten\/author\/mariontobola\/"},"featured_img":"https:\/\/blog.vida.at\/pensionisten\/wp-content\/uploads\/sites\/10\/2023\/11\/WhatsApp-Image-2023-11-10-at-17.58.48-1-300x200.jpeg","featured_image_src":"https:\/\/blog.vida.at\/pensionisten\/wp-content\/uploads\/sites\/10\/2023\/11\/WhatsApp-Image-2023-11-10-at-17.58.48-1-600x400.jpeg","featured_image_src_square":"https:\/\/blog.vida.at\/pensionisten\/wp-content\/uploads\/sites\/10\/2023\/11\/WhatsApp-Image-2023-11-10-at-17.58.48-1-600x600.jpeg","uagb_featured_image_src":{"full":["https:\/\/blog.vida.at\/pensionisten\/wp-content\/uploads\/sites\/10\/2023\/11\/WhatsApp-Image-2023-11-10-at-17.58.48-1.jpeg",1269,846,false],"thumbnail":["https:\/\/blog.vida.at\/pensionisten\/wp-content\/uploads\/sites\/10\/2023\/11\/WhatsApp-Image-2023-11-10-at-17.58.48-1-150x150.jpeg",150,150,true],"medium":["https:\/\/blog.vida.at\/pensionisten\/wp-content\/uploads\/sites\/10\/2023\/11\/WhatsApp-Image-2023-11-10-at-17.58.48-1-300x200.jpeg",300,200,true],"medium_large":["https:\/\/blog.vida.at\/pensionisten\/wp-content\/uploads\/sites\/10\/2023\/11\/WhatsApp-Image-2023-11-10-at-17.58.48-1-768x512.jpeg",640,427,true],"large":["https:\/\/blog.vida.at\/pensionisten\/wp-content\/uploads\/sites\/10\/2023\/11\/WhatsApp-Image-2023-11-10-at-17.58.48-1-1024x683.jpeg",640,427,true],"1536x1536":["https:\/\/blog.vida.at\/pensionisten\/wp-content\/uploads\/sites\/10\/2023\/11\/WhatsApp-Image-2023-11-10-at-17.58.48-1.jpeg",1269,846,false],"2048x2048":["https:\/\/blog.vida.at\/pensionisten\/wp-content\/uploads\/sites\/10\/2023\/11\/WhatsApp-Image-2023-11-10-at-17.58.48-1.jpeg",1269,846,false],"ab-block-post-grid-landscape":["https:\/\/blog.vida.at\/pensionisten\/wp-content\/uploads\/sites\/10\/2023\/11\/WhatsApp-Image-2023-11-10-at-17.58.48-1-600x400.jpeg",600,400,true],"ab-block-post-grid-square":["https:\/\/blog.vida.at\/pensionisten\/wp-content\/uploads\/sites\/10\/2023\/11\/WhatsApp-Image-2023-11-10-at-17.58.48-1-600x600.jpeg",600,600,true],"post-thumbnail":["https:\/\/blog.vida.at\/pensionisten\/wp-content\/uploads\/sites\/10\/2023\/11\/WhatsApp-Image-2023-11-10-at-17.58.48-1.jpeg",1269,846,false],"awb_sm":["https:\/\/blog.vida.at\/pensionisten\/wp-content\/uploads\/sites\/10\/2023\/11\/WhatsApp-Image-2023-11-10-at-17.58.48-1-500x333.jpeg",500,333,true],"awb_md":["https:\/\/blog.vida.at\/pensionisten\/wp-content\/uploads\/sites\/10\/2023\/11\/WhatsApp-Image-2023-11-10-at-17.58.48-1-800x533.jpeg",800,533,true],"awb_lg":["https:\/\/blog.vida.at\/pensionisten\/wp-content\/uploads\/sites\/10\/2023\/11\/WhatsApp-Image-2023-11-10-at-17.58.48-1.jpeg",1269,846,false],"awb_xl":["https:\/\/blog.vida.at\/pensionisten\/wp-content\/uploads\/sites\/10\/2023\/11\/WhatsApp-Image-2023-11-10-at-17.58.48-1.jpeg",1269,846,false]},"uagb_author_info":{"display_name":"mariontobola","author_link":"https:\/\/blog.vida.at\/pensionisten\/author\/mariontobola\/"},"uagb_comment_info":0,"uagb_excerpt":"Regionskonferenz und Mitgliederehrungen der OG St. Veit.","coauthors":[],"tax_additional":{"categories":{"linked":["<a href=\"https:\/\/blog.vida.at\/pensionisten\/category\/aktuelles\/\" class=\"advgb-post-tax-term\">Aktuelles<\/a>","<a href=\"https:\/\/blog.vida.at\/pensionisten\/category\/allgemein\/\" class=\"advgb-post-tax-term\">Allgemein<\/a>","<a href=\"https:\/\/blog.vida.at\/pensionisten\/category\/ortsgruppen\/kaernten\/\" class=\"advgb-post-tax-term\">K\u00e4rnten<\/a>","<a href=\"https:\/\/blog.vida.at\/pensionisten\/category\/ortsgruppen\/\" class=\"advgb-post-tax-term\">Ortsgruppen<\/a>"],"unlinked":["<span class=\"advgb-post-tax-term\">Aktuelles<\/span>","<span class=\"advgb-post-tax-term\">Allgemein<\/span>","<span class=\"advgb-post-tax-term\">K\u00e4rnten<\/span>","<span class=\"advgb-post-tax-term\">Ortsgruppen<\/span>"]}},"comment_count":"0","relative_dates":{"created":"Ver\u00f6ffentlicht 2\u00a0Jahren vor","modified":"Aktualisiert 2\u00a0Jahren vor"},"absolute_dates":{"created":"Ver\u00f6ffentlicht am 20. November 2023","modified":"Aktualisiert am 20. November 2023"},"absolute_dates_time":{"created":"Ver\u00f6ffentlicht am 20. November 2023 12:18","modified":"Aktualisiert am 20. November 2023 12:19"},"featured_img_caption":"","series_order":"","_links":{"self":[{"href":"https:\/\/blog.vida.at\/pensionisten\/wp-json\/wp\/v2\/posts\/7833","targetHints":{"allow":["GET"]}}],"collection":[{"href":"https:\/\/blog.vida.at\/pensionisten\/wp-json\/wp\/v2\/posts"}],"about":[{"href":"https:\/\/blog.vida.at\/pensionisten\/wp-json\/wp\/v2\/types\/post"}],"author":[{"embeddable":true,"href":"https:\/\/blog.vida.at\/pensionisten\/wp-json\/wp\/v2\/users\/8"}],"replies":[{"embeddable":true,"href":"https:\/\/blog.vida.at\/pensionisten\/wp-json\/wp\/v2\/comments?post=7833"}],"version-history":[{"count":2,"href":"https:\/\/blog.vida.at\/pensionisten\/wp-json\/wp\/v2\/posts\/7833\/revisions"}],"predecessor-version":[{"id":7840,"href":"https:\/\/blog.vida.at\/pensionisten\/wp-json\/wp\/v2\/posts\/7833\/revisions\/7840"}],"wp:featuredmedia":[{"embeddable":true,"href":"https:\/\/blog.vida.at\/pensionisten\/wp-json\/wp\/v2\/media\/7838"}],"wp:attachment":[{"href":"https:\/\/blog.vida.at\/pensionisten\/wp-json\/wp\/v2\/media?parent=7833"}],"wp:term":[{"taxonomy":"category","embeddable":true,"href":"https:\/\/blog.vida.at\/pensionisten\/wp-json\/wp\/v2\/categories?post=7833"},{"taxonomy":"post_tag","embeddable":true,"href":"https:\/\/blog.vida.at\/pensionisten\/wp-json\/wp\/v2\/tags?post=7833"},{"taxonomy":"Orte","embeddable":true,"href":"https:\/\/blog.vida.at\/pensionisten\/wp-json\/wp\/v2\/Orte?post=7833"},{"taxonomy":"activitytype","embeddable":true,"href":"https:\/\/blog.vida.at\/pensionisten\/wp-json\/wp\/v2\/activitytype?post=7833"}],"curies":[{"name":"wp","href":"https:\/\/api.w.org\/{rel}","templated":true}]}}