
{"id":832,"date":"2020-09-25T11:41:48","date_gmt":"2020-09-25T09:41:48","guid":{"rendered":"http:\/\/blog.vida.at\/pensionisten\/?p=832"},"modified":"2020-09-25T11:55:13","modified_gmt":"2020-09-25T09:55:13","slug":"wir-vida-pensionistinnen-sind-fuers-mitreden","status":"publish","type":"post","link":"https:\/\/blog.vida.at\/pensionisten\/2020\/09\/25\/wir-vida-pensionistinnen-sind-fuers-mitreden\/","title":{"rendered":"Wir vida-PensionistInnen sind f\u00fcrs Mitreden!"},"content":{"rendered":"\n<p>vida vertritt die Interessen der ArbeitnehmerInnen aus dem Verkehrs- und Dienstleistungsbereich. Voraussetzung f\u00fcr unseren Erfolg ist der solidarische Zusammenhalt quer durch alle Altersschichten. Deshalb sind die PensionistInnen ein wichtiger Teil von vida. <br><strong>F\u00fcr die Rechte der Menschen im Ruhestand machen wir vida-PensionistInnen uns stark.<\/strong> Bei den j\u00e4hrliche Pensionsverhandlungen, in Gespr\u00e4chen mit den politischen Entscheidungstr\u00e4gerInnen und bei Beh\u00f6rden.<\/p>\n\n\n\n<p><span class=\"ugb-highlight\" style=\"color: #e2001a;\"><strong>Uns geht es um &#8230;<\/strong><\/span><\/p>\n\n\n\n<div class=\"wp-block-ugb-icon-list ugb-icon-list ugb-05caed5 ugb-icon-list--v2 ugb-icon--icon-check ugb-main-block\" id=\"\"><div class=\"ugb-inner-block\"><div class=\"ugb-block-content\"><ul><li>einen optimalen \u00dcbergang von Berufsleben in den Ruhestand<\/li><li>sichere und faire Pensionen<\/li><li>eine umfassende Gesundheitsvorsorge, die f\u00fcr alle leistbar bleibt<\/li><li>gute und sichere \u00f6ffentliche Verkehrsmittel<\/li><li>Zusammenhalt quer durch Generationen<\/li><\/ul><\/div><\/div><\/div>\n\n\n\n<p>Diese Ziele sind nicht f\u00fcr alle selbstverst\u00e4ndlich! Engagement ist heute wichtiger denn je! Wir z\u00e4hlen darauf, dass auch du im Ruhestand weiterhin auf Solidarit\u00e4t setzt und Mitglieder der Gewerkschaft bleibst. Du st\u00e4rkst damit nicht nur die Gemeinschaft, sondern auch dich selbst.<\/p>\n\n\n\n<h4 class=\"has-text-align-center wp-block-heading\">Wir sind f\u00fcr dich da!<\/h4>\n\n\n\n<figure class=\"wp-block-embed-youtube aligncenter wp-block-embed is-type-video is-provider-youtube wp-embed-aspect-16-9 wp-has-aspect-ratio\"><div class=\"wp-block-embed__wrapper\">\n<iframe loading=\"lazy\" title=\"Gemeinsam vida PensionistInnen\" width=\"640\" height=\"360\" src=\"https:\/\/www.youtube.com\/embed\/A4mrzSYJuTc?feature=oembed\" frameborder=\"0\" allow=\"accelerometer; autoplay; clipboard-write; encrypted-media; gyroscope; picture-in-picture; web-share\" referrerpolicy=\"strict-origin-when-cross-origin\" allowfullscreen><\/iframe>\n<\/div><\/figure>\n\n\n\n<p><strong>Nimm Kontakt mit uns auf:<\/strong><br>Gewerkschaft vida<br>PensionistInnenabteilung<br>Adresse: 1020 Wien, Johann-B\u00f6hm-Platz 1<br>Telefon: (01) 53444 79 081<br>E-Mail: <a href=\"mailto:pensionistInnen@vida.at\">pensionistInnen@vida.at<\/a> <br><\/p>\n\n\n\n<div class=\"wp-block-buttons is-layout-flex wp-block-buttons-is-layout-flex\">\n<div class=\"wp-block-button\"><a class=\"wp-block-button__link\" href=\"https:\/\/www.vida.at\/cms\/S03\/S03_2.2\/aktiv-dabei\/werde-jetzt-mitglied\" target=\"_blank\" rel=\"noreferrer noopener\">Werde Mitglied &#8211; Gleich jetzt!<\/a><\/div>\n\n\n\n<div class=\"wp-block-button\"><a class=\"wp-block-button__link\" href=\"https:\/\/www.vida.at\/cms\/S03\/S03_2.3\/aktiv-dabei\/werbe-mitglieder\" target=\"_blank\" rel=\"noreferrer noopener\">Mach mit uns vida stark: Werbe Mitglieder<\/a><\/div>\n<\/div>\n<style class=\"advgb-styles-renderer\">.ugb-05caed5 li{--icon-size:20px;margin-bottom:16px !important}.ugb-05caed5 li::before{height:20px !important;width:20px !important;background-image:url('data:image\/svg+xml;base64,PHN2ZyB2aWV3Qm94PSIwIDAgMTkwIDE5MCIgeG1sbnM9Imh0dHA6Ly93d3cudzMub3JnLzIwMDAvc3ZnIj48cGF0aCBkPSJNMTczLjggMjguNEw2MC40IDE0MS44IDE1LjcgOTcuMiA1LjEgMTA3LjggNjAuNCAxNjNsMTI0LTEyNC0xMC42LTEwLjZ6Ij48L3BhdGg+PC9zdmc+')}.ugb-05caed5 li ul{margin-bottom:16px !important}.ugb-05caed5.ugb-icon-list ul{columns:2}<\/style>","protected":false},"excerpt":{"rendered":"<p>vida vertritt die Interessen der ArbeitnehmerInnen aus dem Verkehrs- und Dienstleistungsbereich. Voraussetzung f\u00fcr unseren Erfolg ist der solidarische Zusammenhalt quer durch alle Altersschichten. Deshalb sind die PensionistInnen ein wichtiger Teil von vida. F\u00fcr die Rechte der Menschen im Ruhestand machen wir vida-PensionistInnen uns stark. Bei den j\u00e4hrliche Pensionsverhandlungen, in Gespr\u00e4chen mit den politischen Entscheidungstr\u00e4gerInnen und &hellip; <\/p>\n<p class=\"link-more\"><a href=\"https:\/\/blog.vida.at\/pensionisten\/2020\/09\/25\/wir-vida-pensionistinnen-sind-fuers-mitreden\/\" class=\"more-link\"><span class=\"screen-reader-text\">\u201eWir vida-PensionistInnen sind f\u00fcrs Mitreden!\u201c <\/span>weiterlesen<\/a><\/p>\n","protected":false},"author":5,"featured_media":0,"comment_status":"open","ping_status":"open","sticky":false,"template":"","format":"standard","meta":{"_uag_custom_page_level_css":"","advgb_blocks_editor_width":"","advgb_blocks_columns_visual_guide":"","footnotes":""},"categories":[43],"tags":[],"Orte":[],"activitytype":[],"class_list":["post-832","post","type-post","status-publish","format-standard","hentry","category-wer-wir-sind-und-was-wir-tun","entry"],"featured_image_urls":{"full":"","thumbnail":"","medium":"","medium_large":"","large":"","1536x1536":"","2048x2048":"","ab-block-post-grid-landscape":"","ab-block-post-grid-square":"","post-thumbnail":"","awb_sm":"","awb_md":"","awb_lg":"","awb_xl":""},"post_excerpt_stackable":"<p>vida vertritt die Interessen der ArbeitnehmerInnen aus dem Verkehrs- und Dienstleistungsbereich. Voraussetzung f\u00fcr unseren Erfolg ist der solidarische Zusammenhalt quer durch alle Altersschichten. Deshalb sind die PensionistInnen ein wichtiger Teil von vida. F\u00fcr die Rechte der Menschen im Ruhestand machen wir vida-PensionistInnen uns stark. Bei den j\u00e4hrliche Pensionsverhandlungen, in Gespr\u00e4chen mit den politischen Entscheidungstr\u00e4gerInnen und bei Beh\u00f6rden. Uns geht es um &#8230; einen optimalen \u00dcbergang von Berufsleben in den Ruhestandsichere und faire Pensioneneine umfassende Gesundheitsvorsorge, die f\u00fcr alle leistbar bleibtgute und sichere \u00f6ffentliche VerkehrsmittelZusammenhalt quer durch Generationen Diese Ziele sind nicht f\u00fcr alle selbstverst\u00e4ndlich! Engagement ist heute wichtiger denn je!&hellip;<\/p>\n","category_list":"<a href=\"https:\/\/blog.vida.at\/pensionisten\/category\/wer-wir-sind-und-was-wir-tun\/\" rel=\"category tag\">Wer wir sind und was wir tun<\/a>","author_info":{"display_name":"michaelafeik","author_link":"https:\/\/blog.vida.at\/pensionisten\/author\/michaelafeik\/"},"comments_num":"0 comments","featured_image_urls_v2":{"full":"","thumbnail":"","medium":"","medium_large":"","large":"","1536x1536":"","2048x2048":"","ab-block-post-grid-landscape":"","ab-block-post-grid-square":"","post-thumbnail":"","awb_sm":"","awb_md":"","awb_lg":"","awb_xl":""},"post_excerpt_stackable_v2":"<p>vida vertritt die Interessen der ArbeitnehmerInnen aus dem Verkehrs- und Dienstleistungsbereich. Voraussetzung f\u00fcr unseren Erfolg ist der solidarische Zusammenhalt quer durch alle Altersschichten. Deshalb sind die PensionistInnen ein wichtiger Teil von vida. F\u00fcr die Rechte der Menschen im Ruhestand machen wir vida-PensionistInnen uns stark. Bei den j\u00e4hrliche Pensionsverhandlungen, in Gespr\u00e4chen mit den politischen Entscheidungstr\u00e4gerInnen und bei Beh\u00f6rden. Uns geht es um &#8230; einen optimalen \u00dcbergang von Berufsleben in den Ruhestandsichere und faire Pensioneneine umfassende Gesundheitsvorsorge, die f\u00fcr alle leistbar bleibtgute und sichere \u00f6ffentliche VerkehrsmittelZusammenhalt quer durch Generationen Diese Ziele sind nicht f\u00fcr alle selbstverst\u00e4ndlich! Engagement ist heute wichtiger denn je!&hellip;<\/p>\n","category_list_v2":"<a href=\"https:\/\/blog.vida.at\/pensionisten\/category\/wer-wir-sind-und-was-wir-tun\/\" rel=\"category tag\">Wer wir sind und was wir tun<\/a>","author_info_v2":{"name":"michaelafeik","url":"https:\/\/blog.vida.at\/pensionisten\/author\/michaelafeik\/"},"comments_num_v2":"0 comments","yoast_head":"<!-- This site is optimized with the Yoast SEO plugin v27.3 - https:\/\/yoast.com\/product\/yoast-seo-wordpress\/ -->\n<title>Wir vida-PensionistInnen sind f\u00fcrs Mitreden!<\/title>\n<meta name=\"robots\" content=\"index, follow, max-snippet:-1, max-image-preview:large, max-video-preview:-1\" \/>\n<link rel=\"canonical\" href=\"https:\/\/blog.vida.at\/pensionisten\/2020\/09\/25\/wir-vida-pensionistinnen-sind-fuers-mitreden\/\" \/>\n<meta property=\"og:locale\" content=\"de_DE\" \/>\n<meta property=\"og:type\" content=\"article\" \/>\n<meta property=\"og:title\" content=\"Wir vida-PensionistInnen sind f\u00fcrs Mitreden!\" \/>\n<meta property=\"og:description\" content=\"vida vertritt die Interessen der ArbeitnehmerInnen aus dem Verkehrs- und Dienstleistungsbereich. Voraussetzung f\u00fcr unseren Erfolg ist der solidarische Zusammenhalt quer durch alle Altersschichten. Deshalb sind die PensionistInnen ein wichtiger Teil von vida. F\u00fcr die Rechte der Menschen im Ruhestand machen wir vida-PensionistInnen uns stark. Bei den j\u00e4hrliche Pensionsverhandlungen, in Gespr\u00e4chen mit den politischen Entscheidungstr\u00e4gerInnen und &hellip; \u201eWir vida-PensionistInnen sind f\u00fcrs Mitreden!\u201c weiterlesen\" \/>\n<meta property=\"og:url\" content=\"https:\/\/blog.vida.at\/pensionisten\/2020\/09\/25\/wir-vida-pensionistinnen-sind-fuers-mitreden\/\" \/>\n<meta property=\"og:site_name\" content=\"vida Pensionisten\" \/>\n<meta property=\"article:published_time\" content=\"2020-09-25T09:41:48+00:00\" \/>\n<meta property=\"article:modified_time\" content=\"2020-09-25T09:55:13+00:00\" \/>\n<meta name=\"author\" content=\"michaelafeik\" \/>\n<meta name=\"twitter:card\" content=\"summary_large_image\" \/>\n<meta name=\"twitter:label1\" content=\"Verfasst von\" \/>\n\t<meta name=\"twitter:data1\" content=\"michaelafeik\" \/>\n\t<meta name=\"twitter:label2\" content=\"Gesch\u00e4tzte Lesezeit\" \/>\n\t<meta name=\"twitter:data2\" content=\"1\u00a0Minute\" \/>\n<script type=\"application\/ld+json\" class=\"yoast-schema-graph\">{\"@context\":\"https:\\\/\\\/schema.org\",\"@graph\":[{\"@type\":\"Article\",\"@id\":\"https:\\\/\\\/blog.vida.at\\\/pensionisten\\\/2020\\\/09\\\/25\\\/wir-vida-pensionistinnen-sind-fuers-mitreden\\\/#article\",\"isPartOf\":{\"@id\":\"https:\\\/\\\/blog.vida.at\\\/pensionisten\\\/2020\\\/09\\\/25\\\/wir-vida-pensionistinnen-sind-fuers-mitreden\\\/\"},\"author\":{\"name\":\"michaelafeik\",\"@id\":\"https:\\\/\\\/blog.vida.at\\\/pensionisten\\\/#\\\/schema\\\/person\\\/2cea9cf3d58cf9334410ed5d6feb8a56\"},\"headline\":\"Wir vida-PensionistInnen sind f\u00fcrs Mitreden!\",\"datePublished\":\"2020-09-25T09:41:48+00:00\",\"dateModified\":\"2020-09-25T09:55:13+00:00\",\"mainEntityOfPage\":{\"@id\":\"https:\\\/\\\/blog.vida.at\\\/pensionisten\\\/2020\\\/09\\\/25\\\/wir-vida-pensionistinnen-sind-fuers-mitreden\\\/\"},\"wordCount\":187,\"commentCount\":0,\"articleSection\":[\"Wer wir sind und was wir tun\"],\"inLanguage\":\"de\",\"potentialAction\":[{\"@type\":\"CommentAction\",\"name\":\"Comment\",\"target\":[\"https:\\\/\\\/blog.vida.at\\\/pensionisten\\\/2020\\\/09\\\/25\\\/wir-vida-pensionistinnen-sind-fuers-mitreden\\\/#respond\"]}]},{\"@type\":\"WebPage\",\"@id\":\"https:\\\/\\\/blog.vida.at\\\/pensionisten\\\/2020\\\/09\\\/25\\\/wir-vida-pensionistinnen-sind-fuers-mitreden\\\/\",\"url\":\"https:\\\/\\\/blog.vida.at\\\/pensionisten\\\/2020\\\/09\\\/25\\\/wir-vida-pensionistinnen-sind-fuers-mitreden\\\/\",\"name\":\"Wir vida-PensionistInnen sind f\u00fcrs Mitreden!\",\"isPartOf\":{\"@id\":\"https:\\\/\\\/blog.vida.at\\\/pensionisten\\\/#website\"},\"datePublished\":\"2020-09-25T09:41:48+00:00\",\"dateModified\":\"2020-09-25T09:55:13+00:00\",\"author\":{\"@id\":\"https:\\\/\\\/blog.vida.at\\\/pensionisten\\\/#\\\/schema\\\/person\\\/2cea9cf3d58cf9334410ed5d6feb8a56\"},\"breadcrumb\":{\"@id\":\"https:\\\/\\\/blog.vida.at\\\/pensionisten\\\/2020\\\/09\\\/25\\\/wir-vida-pensionistinnen-sind-fuers-mitreden\\\/#breadcrumb\"},\"inLanguage\":\"de\",\"potentialAction\":[{\"@type\":\"ReadAction\",\"target\":[\"https:\\\/\\\/blog.vida.at\\\/pensionisten\\\/2020\\\/09\\\/25\\\/wir-vida-pensionistinnen-sind-fuers-mitreden\\\/\"]}]},{\"@type\":\"BreadcrumbList\",\"@id\":\"https:\\\/\\\/blog.vida.at\\\/pensionisten\\\/2020\\\/09\\\/25\\\/wir-vida-pensionistinnen-sind-fuers-mitreden\\\/#breadcrumb\",\"itemListElement\":[{\"@type\":\"ListItem\",\"position\":1,\"name\":\"Startseite\",\"item\":\"https:\\\/\\\/blog.vida.at\\\/pensionisten\\\/\"},{\"@type\":\"ListItem\",\"position\":2,\"name\":\"Wir vida-PensionistInnen sind f\u00fcrs Mitreden!\"}]},{\"@type\":\"WebSite\",\"@id\":\"https:\\\/\\\/blog.vida.at\\\/pensionisten\\\/#website\",\"url\":\"https:\\\/\\\/blog.vida.at\\\/pensionisten\\\/\",\"name\":\"vida Pensionisten\",\"description\":\"\",\"potentialAction\":[{\"@type\":\"SearchAction\",\"target\":{\"@type\":\"EntryPoint\",\"urlTemplate\":\"https:\\\/\\\/blog.vida.at\\\/pensionisten\\\/?s={search_term_string}\"},\"query-input\":{\"@type\":\"PropertyValueSpecification\",\"valueRequired\":true,\"valueName\":\"search_term_string\"}}],\"inLanguage\":\"de\"},{\"@type\":\"Person\",\"@id\":\"https:\\\/\\\/blog.vida.at\\\/pensionisten\\\/#\\\/schema\\\/person\\\/2cea9cf3d58cf9334410ed5d6feb8a56\",\"name\":\"michaelafeik\",\"image\":{\"@type\":\"ImageObject\",\"inLanguage\":\"de\",\"@id\":\"https:\\\/\\\/secure.gravatar.com\\\/avatar\\\/03d8da787452696abe6f1e2aedabdf17f0d62a0779c9ed004162282155b35ea3?s=96&d=mm&r=g\",\"url\":\"https:\\\/\\\/secure.gravatar.com\\\/avatar\\\/03d8da787452696abe6f1e2aedabdf17f0d62a0779c9ed004162282155b35ea3?s=96&d=mm&r=g\",\"contentUrl\":\"https:\\\/\\\/secure.gravatar.com\\\/avatar\\\/03d8da787452696abe6f1e2aedabdf17f0d62a0779c9ed004162282155b35ea3?s=96&d=mm&r=g\",\"caption\":\"michaelafeik\"},\"url\":\"https:\\\/\\\/blog.vida.at\\\/pensionisten\\\/author\\\/michaelafeik\\\/\"}]}<\/script>\n<!-- \/ Yoast SEO plugin. -->","yoast_head_json":{"title":"Wir vida-PensionistInnen sind f\u00fcrs Mitreden!","robots":{"index":"index","follow":"follow","max-snippet":"max-snippet:-1","max-image-preview":"max-image-preview:large","max-video-preview":"max-video-preview:-1"},"canonical":"https:\/\/blog.vida.at\/pensionisten\/2020\/09\/25\/wir-vida-pensionistinnen-sind-fuers-mitreden\/","og_locale":"de_DE","og_type":"article","og_title":"Wir vida-PensionistInnen sind f\u00fcrs Mitreden!","og_description":"vida vertritt die Interessen der ArbeitnehmerInnen aus dem Verkehrs- und Dienstleistungsbereich. Voraussetzung f\u00fcr unseren Erfolg ist der solidarische Zusammenhalt quer durch alle Altersschichten. Deshalb sind die PensionistInnen ein wichtiger Teil von vida. F\u00fcr die Rechte der Menschen im Ruhestand machen wir vida-PensionistInnen uns stark. Bei den j\u00e4hrliche Pensionsverhandlungen, in Gespr\u00e4chen mit den politischen Entscheidungstr\u00e4gerInnen und &hellip; \u201eWir vida-PensionistInnen sind f\u00fcrs Mitreden!\u201c weiterlesen","og_url":"https:\/\/blog.vida.at\/pensionisten\/2020\/09\/25\/wir-vida-pensionistinnen-sind-fuers-mitreden\/","og_site_name":"vida Pensionisten","article_published_time":"2020-09-25T09:41:48+00:00","article_modified_time":"2020-09-25T09:55:13+00:00","author":"michaelafeik","twitter_card":"summary_large_image","twitter_misc":{"Verfasst von":"michaelafeik","Gesch\u00e4tzte Lesezeit":"1\u00a0Minute"},"schema":{"@context":"https:\/\/schema.org","@graph":[{"@type":"Article","@id":"https:\/\/blog.vida.at\/pensionisten\/2020\/09\/25\/wir-vida-pensionistinnen-sind-fuers-mitreden\/#article","isPartOf":{"@id":"https:\/\/blog.vida.at\/pensionisten\/2020\/09\/25\/wir-vida-pensionistinnen-sind-fuers-mitreden\/"},"author":{"name":"michaelafeik","@id":"https:\/\/blog.vida.at\/pensionisten\/#\/schema\/person\/2cea9cf3d58cf9334410ed5d6feb8a56"},"headline":"Wir vida-PensionistInnen sind f\u00fcrs Mitreden!","datePublished":"2020-09-25T09:41:48+00:00","dateModified":"2020-09-25T09:55:13+00:00","mainEntityOfPage":{"@id":"https:\/\/blog.vida.at\/pensionisten\/2020\/09\/25\/wir-vida-pensionistinnen-sind-fuers-mitreden\/"},"wordCount":187,"commentCount":0,"articleSection":["Wer wir sind und was wir tun"],"inLanguage":"de","potentialAction":[{"@type":"CommentAction","name":"Comment","target":["https:\/\/blog.vida.at\/pensionisten\/2020\/09\/25\/wir-vida-pensionistinnen-sind-fuers-mitreden\/#respond"]}]},{"@type":"WebPage","@id":"https:\/\/blog.vida.at\/pensionisten\/2020\/09\/25\/wir-vida-pensionistinnen-sind-fuers-mitreden\/","url":"https:\/\/blog.vida.at\/pensionisten\/2020\/09\/25\/wir-vida-pensionistinnen-sind-fuers-mitreden\/","name":"Wir vida-PensionistInnen sind f\u00fcrs Mitreden!","isPartOf":{"@id":"https:\/\/blog.vida.at\/pensionisten\/#website"},"datePublished":"2020-09-25T09:41:48+00:00","dateModified":"2020-09-25T09:55:13+00:00","author":{"@id":"https:\/\/blog.vida.at\/pensionisten\/#\/schema\/person\/2cea9cf3d58cf9334410ed5d6feb8a56"},"breadcrumb":{"@id":"https:\/\/blog.vida.at\/pensionisten\/2020\/09\/25\/wir-vida-pensionistinnen-sind-fuers-mitreden\/#breadcrumb"},"inLanguage":"de","potentialAction":[{"@type":"ReadAction","target":["https:\/\/blog.vida.at\/pensionisten\/2020\/09\/25\/wir-vida-pensionistinnen-sind-fuers-mitreden\/"]}]},{"@type":"BreadcrumbList","@id":"https:\/\/blog.vida.at\/pensionisten\/2020\/09\/25\/wir-vida-pensionistinnen-sind-fuers-mitreden\/#breadcrumb","itemListElement":[{"@type":"ListItem","position":1,"name":"Startseite","item":"https:\/\/blog.vida.at\/pensionisten\/"},{"@type":"ListItem","position":2,"name":"Wir vida-PensionistInnen sind f\u00fcrs Mitreden!"}]},{"@type":"WebSite","@id":"https:\/\/blog.vida.at\/pensionisten\/#website","url":"https:\/\/blog.vida.at\/pensionisten\/","name":"vida Pensionisten","description":"","potentialAction":[{"@type":"SearchAction","target":{"@type":"EntryPoint","urlTemplate":"https:\/\/blog.vida.at\/pensionisten\/?s={search_term_string}"},"query-input":{"@type":"PropertyValueSpecification","valueRequired":true,"valueName":"search_term_string"}}],"inLanguage":"de"},{"@type":"Person","@id":"https:\/\/blog.vida.at\/pensionisten\/#\/schema\/person\/2cea9cf3d58cf9334410ed5d6feb8a56","name":"michaelafeik","image":{"@type":"ImageObject","inLanguage":"de","@id":"https:\/\/secure.gravatar.com\/avatar\/03d8da787452696abe6f1e2aedabdf17f0d62a0779c9ed004162282155b35ea3?s=96&d=mm&r=g","url":"https:\/\/secure.gravatar.com\/avatar\/03d8da787452696abe6f1e2aedabdf17f0d62a0779c9ed004162282155b35ea3?s=96&d=mm&r=g","contentUrl":"https:\/\/secure.gravatar.com\/avatar\/03d8da787452696abe6f1e2aedabdf17f0d62a0779c9ed004162282155b35ea3?s=96&d=mm&r=g","caption":"michaelafeik"},"url":"https:\/\/blog.vida.at\/pensionisten\/author\/michaelafeik\/"}]}},"author_meta":{"display_name":"michaelafeik","author_link":"https:\/\/blog.vida.at\/pensionisten\/author\/michaelafeik\/"},"featured_img":null,"featured_image_src":null,"featured_image_src_square":null,"uagb_featured_image_src":{"full":false,"thumbnail":false,"medium":false,"medium_large":false,"large":false,"1536x1536":false,"2048x2048":false,"ab-block-post-grid-landscape":false,"ab-block-post-grid-square":false,"post-thumbnail":false,"awb_sm":false,"awb_md":false,"awb_lg":false,"awb_xl":false},"uagb_author_info":{"display_name":"michaelafeik","author_link":"https:\/\/blog.vida.at\/pensionisten\/author\/michaelafeik\/"},"uagb_comment_info":0,"uagb_excerpt":"vida vertritt die Interessen der ArbeitnehmerInnen aus dem Verkehrs- und Dienstleistungsbereich. Voraussetzung f\u00fcr unseren Erfolg ist der solidarische Zusammenhalt quer durch alle Altersschichten. Deshalb sind die PensionistInnen ein wichtiger Teil von vida. F\u00fcr die Rechte der Menschen im Ruhestand machen wir vida-PensionistInnen uns stark. Bei den j\u00e4hrliche Pensionsverhandlungen, in Gespr\u00e4chen mit den politischen Entscheidungstr\u00e4gerInnen und&hellip;","coauthors":[],"tax_additional":{"categories":{"linked":["<a href=\"https:\/\/blog.vida.at\/pensionisten\/category\/wer-wir-sind-und-was-wir-tun\/\" class=\"advgb-post-tax-term\">Wer wir sind und was wir tun<\/a>"],"unlinked":["<span class=\"advgb-post-tax-term\">Wer wir sind und was wir tun<\/span>"]}},"comment_count":"0","relative_dates":{"created":"Ver\u00f6ffentlicht 6\u00a0Jahren vor","modified":"Aktualisiert 6\u00a0Jahren vor"},"absolute_dates":{"created":"Ver\u00f6ffentlicht am 25. September 2020","modified":"Aktualisiert am 25. September 2020"},"absolute_dates_time":{"created":"Ver\u00f6ffentlicht am 25. September 2020 11:41","modified":"Aktualisiert am 25. September 2020 11:55"},"featured_img_caption":"","series_order":"","_links":{"self":[{"href":"https:\/\/blog.vida.at\/pensionisten\/wp-json\/wp\/v2\/posts\/832","targetHints":{"allow":["GET"]}}],"collection":[{"href":"https:\/\/blog.vida.at\/pensionisten\/wp-json\/wp\/v2\/posts"}],"about":[{"href":"https:\/\/blog.vida.at\/pensionisten\/wp-json\/wp\/v2\/types\/post"}],"author":[{"embeddable":true,"href":"https:\/\/blog.vida.at\/pensionisten\/wp-json\/wp\/v2\/users\/5"}],"replies":[{"embeddable":true,"href":"https:\/\/blog.vida.at\/pensionisten\/wp-json\/wp\/v2\/comments?post=832"}],"version-history":[{"count":4,"href":"https:\/\/blog.vida.at\/pensionisten\/wp-json\/wp\/v2\/posts\/832\/revisions"}],"predecessor-version":[{"id":873,"href":"https:\/\/blog.vida.at\/pensionisten\/wp-json\/wp\/v2\/posts\/832\/revisions\/873"}],"wp:attachment":[{"href":"https:\/\/blog.vida.at\/pensionisten\/wp-json\/wp\/v2\/media?parent=832"}],"wp:term":[{"taxonomy":"category","embeddable":true,"href":"https:\/\/blog.vida.at\/pensionisten\/wp-json\/wp\/v2\/categories?post=832"},{"taxonomy":"post_tag","embeddable":true,"href":"https:\/\/blog.vida.at\/pensionisten\/wp-json\/wp\/v2\/tags?post=832"},{"taxonomy":"Orte","embeddable":true,"href":"https:\/\/blog.vida.at\/pensionisten\/wp-json\/wp\/v2\/Orte?post=832"},{"taxonomy":"activitytype","embeddable":true,"href":"https:\/\/blog.vida.at\/pensionisten\/wp-json\/wp\/v2\/activitytype?post=832"}],"curies":[{"name":"wp","href":"https:\/\/api.w.org\/{rel}","templated":true}]}}