
{"id":8457,"date":"2024-03-15T14:41:27","date_gmt":"2024-03-15T13:41:27","guid":{"rendered":"https:\/\/blog.vida.at\/pensionisten\/?p=8457"},"modified":"2024-03-15T14:41:28","modified_gmt":"2024-03-15T13:41:28","slug":"vida-region-donau","status":"publish","type":"post","link":"https:\/\/blog.vida.at\/pensionisten\/2024\/03\/15\/vida-region-donau\/","title":{"rendered":"vida Region Donau"},"content":{"rendered":"\n<div class=\"wp-block-group Container\"><div class=\"wp-block-group__inner-container is-layout-flow wp-block-group-is-layout-flow\">\n<h4 class=\"wp-block-heading\">Neuer Vorsitzender gew\u00e4hlt. Wir gratulieren Sebastian Kaatz.<\/h4>\n\n\n\n<br>\n\n\n\n<p><\/p>\n\n\n\n<!--more-->\n\n\n\n<p>Im Rahmen der Mitgliederversammlung der vida-Region Donau fand die Neuwahl des Vorsitzenden statt. Wir gratulieren Sebastian Kaatz.<\/p>\n\n\n<div class=\"wp-block-image is-style-rounded\">\n<figure class=\"aligncenter size-large\"><img loading=\"lazy\" decoding=\"async\" width=\"1024\" height=\"574\" src=\"https:\/\/blog.vida.at\/pensionisten\/wp-content\/uploads\/sites\/10\/2024\/03\/2024.03.01-Sebastian-Kaatz-neuer-Vorsitzender-Region-Donau-1024x574.jpeg\" alt=\"\" class=\"wp-image-8458\" srcset=\"https:\/\/blog.vida.at\/pensionisten\/wp-content\/uploads\/sites\/10\/2024\/03\/2024.03.01-Sebastian-Kaatz-neuer-Vorsitzender-Region-Donau-1024x574.jpeg 1024w, https:\/\/blog.vida.at\/pensionisten\/wp-content\/uploads\/sites\/10\/2024\/03\/2024.03.01-Sebastian-Kaatz-neuer-Vorsitzender-Region-Donau-300x168.jpeg 300w, https:\/\/blog.vida.at\/pensionisten\/wp-content\/uploads\/sites\/10\/2024\/03\/2024.03.01-Sebastian-Kaatz-neuer-Vorsitzender-Region-Donau-768x431.jpeg 768w, https:\/\/blog.vida.at\/pensionisten\/wp-content\/uploads\/sites\/10\/2024\/03\/2024.03.01-Sebastian-Kaatz-neuer-Vorsitzender-Region-Donau-500x280.jpeg 500w, https:\/\/blog.vida.at\/pensionisten\/wp-content\/uploads\/sites\/10\/2024\/03\/2024.03.01-Sebastian-Kaatz-neuer-Vorsitzender-Region-Donau-800x448.jpeg 800w, https:\/\/blog.vida.at\/pensionisten\/wp-content\/uploads\/sites\/10\/2024\/03\/2024.03.01-Sebastian-Kaatz-neuer-Vorsitzender-Region-Donau-1280x718.jpeg 1280w, https:\/\/blog.vida.at\/pensionisten\/wp-content\/uploads\/sites\/10\/2024\/03\/2024.03.01-Sebastian-Kaatz-neuer-Vorsitzender-Region-Donau.jpeg 1304w\" sizes=\"auto, (max-width: 1024px) 100vw, 1024px\" \/><\/figure>\n<\/div>\n\n\n<p class=\"has-text-align-center\"><em>Im Bild: G\u00fcnter Kraft, Bezirksstellenleiter der AK Tulln Leopold Pichler, vida OG Tulln Vorsitzender Christian Kainz, Landesgesch\u00e4ftsf\u00fchrer vida N\u00d6 Sebastian Kaatz, neuer Vorsitzender der vida Region Donau Reinhard Niedermayer, scheidender Vorsitzender der vida Region Donau Horst Pammer, Landesvorsitzender vida Nieder\u00f6sterreich, AK.Vize.Pr\u00e4s. N\u00d6 Josef Mayer Bundesvorsitzender Stv. vida Pensionisten<\/em><\/p>\n\n\n\n<figure class=\"wp-block-gallery has-nested-images columns-default is-cropped wp-block-gallery-1 is-layout-flex wp-block-gallery-is-layout-flex\"><\/figure>\n\n\n\n<p><\/p>\n<\/div><\/div>\n","protected":false},"excerpt":{"rendered":"<p>Neuer Vorsitzender gew\u00e4hlt. Wir gratulieren Sebastian Kaatz.<\/p>\n","protected":false},"author":8,"featured_media":8459,"comment_status":"open","ping_status":"open","sticky":false,"template":"","format":"standard","meta":{"_uag_custom_page_level_css":"","advgb_blocks_editor_width":"","advgb_blocks_columns_visual_guide":"","footnotes":""},"categories":[1,51,60,91,49],"tags":[],"Orte":[],"activitytype":[],"class_list":["post-8457","post","type-post","status-publish","format-standard","has-post-thumbnail","hentry","category-allgemein","category-niederoesterreich","category-og-amstetten","category-og-tulln","category-ortsgruppen","entry"],"featured_image_urls":{"full":["https:\/\/blog.vida.at\/pensionisten\/wp-content\/uploads\/sites\/10\/2024\/03\/2024.03.01-Sebastian-Kaatz-neuer-Vorsitzender-Region-Donau-1.jpeg",1097,731,false],"thumbnail":["https:\/\/blog.vida.at\/pensionisten\/wp-content\/uploads\/sites\/10\/2024\/03\/2024.03.01-Sebastian-Kaatz-neuer-Vorsitzender-Region-Donau-1-150x150.jpeg",150,150,true],"medium":["https:\/\/blog.vida.at\/pensionisten\/wp-content\/uploads\/sites\/10\/2024\/03\/2024.03.01-Sebastian-Kaatz-neuer-Vorsitzender-Region-Donau-1-300x200.jpeg",300,200,true],"medium_large":["https:\/\/blog.vida.at\/pensionisten\/wp-content\/uploads\/sites\/10\/2024\/03\/2024.03.01-Sebastian-Kaatz-neuer-Vorsitzender-Region-Donau-1-768x512.jpeg",640,427,true],"large":["https:\/\/blog.vida.at\/pensionisten\/wp-content\/uploads\/sites\/10\/2024\/03\/2024.03.01-Sebastian-Kaatz-neuer-Vorsitzender-Region-Donau-1-1024x682.jpeg",640,426,true],"1536x1536":["https:\/\/blog.vida.at\/pensionisten\/wp-content\/uploads\/sites\/10\/2024\/03\/2024.03.01-Sebastian-Kaatz-neuer-Vorsitzender-Region-Donau-1.jpeg",1097,731,false],"2048x2048":["https:\/\/blog.vida.at\/pensionisten\/wp-content\/uploads\/sites\/10\/2024\/03\/2024.03.01-Sebastian-Kaatz-neuer-Vorsitzender-Region-Donau-1.jpeg",1097,731,false],"ab-block-post-grid-landscape":["https:\/\/blog.vida.at\/pensionisten\/wp-content\/uploads\/sites\/10\/2024\/03\/2024.03.01-Sebastian-Kaatz-neuer-Vorsitzender-Region-Donau-1-600x400.jpeg",600,400,true],"ab-block-post-grid-square":["https:\/\/blog.vida.at\/pensionisten\/wp-content\/uploads\/sites\/10\/2024\/03\/2024.03.01-Sebastian-Kaatz-neuer-Vorsitzender-Region-Donau-1-600x600.jpeg",600,600,true],"post-thumbnail":["https:\/\/blog.vida.at\/pensionisten\/wp-content\/uploads\/sites\/10\/2024\/03\/2024.03.01-Sebastian-Kaatz-neuer-Vorsitzender-Region-Donau-1.jpeg",1097,731,false],"awb_sm":["https:\/\/blog.vida.at\/pensionisten\/wp-content\/uploads\/sites\/10\/2024\/03\/2024.03.01-Sebastian-Kaatz-neuer-Vorsitzender-Region-Donau-1-500x333.jpeg",500,333,true],"awb_md":["https:\/\/blog.vida.at\/pensionisten\/wp-content\/uploads\/sites\/10\/2024\/03\/2024.03.01-Sebastian-Kaatz-neuer-Vorsitzender-Region-Donau-1-800x533.jpeg",800,533,true],"awb_lg":["https:\/\/blog.vida.at\/pensionisten\/wp-content\/uploads\/sites\/10\/2024\/03\/2024.03.01-Sebastian-Kaatz-neuer-Vorsitzender-Region-Donau-1.jpeg",1097,731,false],"awb_xl":["https:\/\/blog.vida.at\/pensionisten\/wp-content\/uploads\/sites\/10\/2024\/03\/2024.03.01-Sebastian-Kaatz-neuer-Vorsitzender-Region-Donau-1.jpeg",1097,731,false]},"post_excerpt_stackable":"<p>Neuer Vorsitzender gew\u00e4hlt. Wir gratulieren Sebastian Kaatz. Im Rahmen der Mitgliederversammlung der vida-Region Donau fand die Neuwahl des Vorsitzenden statt. Wir gratulieren Sebastian Kaatz. Im Bild: G\u00fcnter Kraft, Bezirksstellenleiter der AK Tulln Leopold Pichler, vida OG Tulln Vorsitzender Christian Kainz, Landesgesch\u00e4ftsf\u00fchrer vida N\u00d6 Sebastian Kaatz, neuer Vorsitzender der vida Region Donau Reinhard Niedermayer, scheidender Vorsitzender der vida Region Donau Horst Pammer, Landesvorsitzender vida Nieder\u00f6sterreich, AK.Vize.Pr\u00e4s. N\u00d6 Josef Mayer Bundesvorsitzender Stv. vida Pensionisten<\/p>\n","category_list":"<a href=\"https:\/\/blog.vida.at\/pensionisten\/category\/allgemein\/\" rel=\"category tag\">Allgemein<\/a>, <a href=\"https:\/\/blog.vida.at\/pensionisten\/category\/ortsgruppen\/niederoesterreich\/\" rel=\"category tag\">Nieder\u00f6sterreich<\/a>, <a href=\"https:\/\/blog.vida.at\/pensionisten\/category\/ortsgruppen\/niederoesterreich\/og-amstetten\/\" rel=\"category tag\">OG Amstetten<\/a>, <a href=\"https:\/\/blog.vida.at\/pensionisten\/category\/ortsgruppen\/niederoesterreich\/og-tulln\/\" rel=\"category tag\">OG Tulln<\/a>, <a href=\"https:\/\/blog.vida.at\/pensionisten\/category\/ortsgruppen\/\" rel=\"category tag\">Ortsgruppen<\/a>","author_info":{"display_name":"mariontobola","author_link":"https:\/\/blog.vida.at\/pensionisten\/author\/mariontobola\/"},"comments_num":"0 comments","featured_image_urls_v2":{"full":["https:\/\/blog.vida.at\/pensionisten\/wp-content\/uploads\/sites\/10\/2024\/03\/2024.03.01-Sebastian-Kaatz-neuer-Vorsitzender-Region-Donau-1.jpeg",1097,731,false],"thumbnail":["https:\/\/blog.vida.at\/pensionisten\/wp-content\/uploads\/sites\/10\/2024\/03\/2024.03.01-Sebastian-Kaatz-neuer-Vorsitzender-Region-Donau-1-150x150.jpeg",150,150,true],"medium":["https:\/\/blog.vida.at\/pensionisten\/wp-content\/uploads\/sites\/10\/2024\/03\/2024.03.01-Sebastian-Kaatz-neuer-Vorsitzender-Region-Donau-1-300x200.jpeg",300,200,true],"medium_large":["https:\/\/blog.vida.at\/pensionisten\/wp-content\/uploads\/sites\/10\/2024\/03\/2024.03.01-Sebastian-Kaatz-neuer-Vorsitzender-Region-Donau-1-768x512.jpeg",640,427,true],"large":["https:\/\/blog.vida.at\/pensionisten\/wp-content\/uploads\/sites\/10\/2024\/03\/2024.03.01-Sebastian-Kaatz-neuer-Vorsitzender-Region-Donau-1-1024x682.jpeg",640,426,true],"1536x1536":["https:\/\/blog.vida.at\/pensionisten\/wp-content\/uploads\/sites\/10\/2024\/03\/2024.03.01-Sebastian-Kaatz-neuer-Vorsitzender-Region-Donau-1.jpeg",1097,731,false],"2048x2048":["https:\/\/blog.vida.at\/pensionisten\/wp-content\/uploads\/sites\/10\/2024\/03\/2024.03.01-Sebastian-Kaatz-neuer-Vorsitzender-Region-Donau-1.jpeg",1097,731,false],"ab-block-post-grid-landscape":["https:\/\/blog.vida.at\/pensionisten\/wp-content\/uploads\/sites\/10\/2024\/03\/2024.03.01-Sebastian-Kaatz-neuer-Vorsitzender-Region-Donau-1-600x400.jpeg",600,400,true],"ab-block-post-grid-square":["https:\/\/blog.vida.at\/pensionisten\/wp-content\/uploads\/sites\/10\/2024\/03\/2024.03.01-Sebastian-Kaatz-neuer-Vorsitzender-Region-Donau-1-600x600.jpeg",600,600,true],"post-thumbnail":["https:\/\/blog.vida.at\/pensionisten\/wp-content\/uploads\/sites\/10\/2024\/03\/2024.03.01-Sebastian-Kaatz-neuer-Vorsitzender-Region-Donau-1.jpeg",1097,731,false],"awb_sm":["https:\/\/blog.vida.at\/pensionisten\/wp-content\/uploads\/sites\/10\/2024\/03\/2024.03.01-Sebastian-Kaatz-neuer-Vorsitzender-Region-Donau-1-500x333.jpeg",500,333,true],"awb_md":["https:\/\/blog.vida.at\/pensionisten\/wp-content\/uploads\/sites\/10\/2024\/03\/2024.03.01-Sebastian-Kaatz-neuer-Vorsitzender-Region-Donau-1-800x533.jpeg",800,533,true],"awb_lg":["https:\/\/blog.vida.at\/pensionisten\/wp-content\/uploads\/sites\/10\/2024\/03\/2024.03.01-Sebastian-Kaatz-neuer-Vorsitzender-Region-Donau-1.jpeg",1097,731,false],"awb_xl":["https:\/\/blog.vida.at\/pensionisten\/wp-content\/uploads\/sites\/10\/2024\/03\/2024.03.01-Sebastian-Kaatz-neuer-Vorsitzender-Region-Donau-1.jpeg",1097,731,false]},"post_excerpt_stackable_v2":"<p>Neuer Vorsitzender gew\u00e4hlt. Wir gratulieren Sebastian Kaatz. Im Rahmen der Mitgliederversammlung der vida-Region Donau fand die Neuwahl des Vorsitzenden statt. Wir gratulieren Sebastian Kaatz. Im Bild: G\u00fcnter Kraft, Bezirksstellenleiter der AK Tulln Leopold Pichler, vida OG Tulln Vorsitzender Christian Kainz, Landesgesch\u00e4ftsf\u00fchrer vida N\u00d6 Sebastian Kaatz, neuer Vorsitzender der vida Region Donau Reinhard Niedermayer, scheidender Vorsitzender der vida Region Donau Horst Pammer, Landesvorsitzender vida Nieder\u00f6sterreich, AK.Vize.Pr\u00e4s. N\u00d6 Josef Mayer Bundesvorsitzender Stv. vida Pensionisten<\/p>\n","category_list_v2":"<a href=\"https:\/\/blog.vida.at\/pensionisten\/category\/allgemein\/\" rel=\"category tag\">Allgemein<\/a>, <a href=\"https:\/\/blog.vida.at\/pensionisten\/category\/ortsgruppen\/niederoesterreich\/\" rel=\"category tag\">Nieder\u00f6sterreich<\/a>, <a href=\"https:\/\/blog.vida.at\/pensionisten\/category\/ortsgruppen\/niederoesterreich\/og-amstetten\/\" rel=\"category tag\">OG Amstetten<\/a>, <a href=\"https:\/\/blog.vida.at\/pensionisten\/category\/ortsgruppen\/niederoesterreich\/og-tulln\/\" rel=\"category tag\">OG Tulln<\/a>, <a href=\"https:\/\/blog.vida.at\/pensionisten\/category\/ortsgruppen\/\" rel=\"category tag\">Ortsgruppen<\/a>","author_info_v2":{"name":"mariontobola","url":"https:\/\/blog.vida.at\/pensionisten\/author\/mariontobola\/"},"comments_num_v2":"0 comments","yoast_head":"<!-- This site is optimized with the Yoast SEO plugin v27.3 - https:\/\/yoast.com\/product\/yoast-seo-wordpress\/ -->\n<title>vida Region Donau<\/title>\n<meta name=\"robots\" content=\"index, follow, max-snippet:-1, max-image-preview:large, max-video-preview:-1\" \/>\n<link rel=\"canonical\" href=\"https:\/\/blog.vida.at\/pensionisten\/2024\/03\/15\/vida-region-donau\/\" \/>\n<meta property=\"og:locale\" content=\"de_DE\" \/>\n<meta property=\"og:type\" content=\"article\" \/>\n<meta property=\"og:title\" content=\"vida Region Donau\" \/>\n<meta property=\"og:description\" content=\"Neuer Vorsitzender gew\u00e4hlt. Wir gratulieren Sebastian Kaatz.\" \/>\n<meta property=\"og:url\" content=\"https:\/\/blog.vida.at\/pensionisten\/2024\/03\/15\/vida-region-donau\/\" \/>\n<meta property=\"og:site_name\" content=\"vida Pensionisten\" \/>\n<meta property=\"article:published_time\" content=\"2024-03-15T13:41:27+00:00\" \/>\n<meta property=\"article:modified_time\" content=\"2024-03-15T13:41:28+00:00\" \/>\n<meta property=\"og:image\" content=\"https:\/\/blog.vida.at\/pensionisten\/wp-content\/uploads\/sites\/10\/2024\/03\/2024.03.01-Sebastian-Kaatz-neuer-Vorsitzender-Region-Donau-1.jpeg\" \/>\n\t<meta property=\"og:image:width\" content=\"1097\" \/>\n\t<meta property=\"og:image:height\" content=\"731\" \/>\n\t<meta property=\"og:image:type\" content=\"image\/jpeg\" \/>\n<meta name=\"author\" content=\"mariontobola\" \/>\n<meta name=\"twitter:card\" content=\"summary_large_image\" \/>\n<meta name=\"twitter:label1\" content=\"Verfasst von\" \/>\n\t<meta name=\"twitter:data1\" content=\"mariontobola\" \/>\n\t<meta name=\"twitter:label2\" content=\"Gesch\u00e4tzte Lesezeit\" \/>\n\t<meta name=\"twitter:data2\" content=\"1\u00a0Minute\" \/>\n<script type=\"application\/ld+json\" class=\"yoast-schema-graph\">{\"@context\":\"https:\\\/\\\/schema.org\",\"@graph\":[{\"@type\":\"Article\",\"@id\":\"https:\\\/\\\/blog.vida.at\\\/pensionisten\\\/2024\\\/03\\\/15\\\/vida-region-donau\\\/#article\",\"isPartOf\":{\"@id\":\"https:\\\/\\\/blog.vida.at\\\/pensionisten\\\/2024\\\/03\\\/15\\\/vida-region-donau\\\/\"},\"author\":{\"name\":\"mariontobola\",\"@id\":\"https:\\\/\\\/blog.vida.at\\\/pensionisten\\\/#\\\/schema\\\/person\\\/88cee3ee93b9afdc51c92f5f63f38b8a\"},\"headline\":\"vida Region Donau\",\"datePublished\":\"2024-03-15T13:41:27+00:00\",\"dateModified\":\"2024-03-15T13:41:28+00:00\",\"mainEntityOfPage\":{\"@id\":\"https:\\\/\\\/blog.vida.at\\\/pensionisten\\\/2024\\\/03\\\/15\\\/vida-region-donau\\\/\"},\"wordCount\":83,\"commentCount\":0,\"image\":{\"@id\":\"https:\\\/\\\/blog.vida.at\\\/pensionisten\\\/2024\\\/03\\\/15\\\/vida-region-donau\\\/#primaryimage\"},\"thumbnailUrl\":\"https:\\\/\\\/blog.vida.at\\\/pensionisten\\\/wp-content\\\/uploads\\\/sites\\\/10\\\/2024\\\/03\\\/2024.03.01-Sebastian-Kaatz-neuer-Vorsitzender-Region-Donau-1.jpeg\",\"articleSection\":{\"1\":\"Nieder\u00f6sterreich\",\"2\":\"OG Amstetten\",\"3\":\"OG Tulln\",\"4\":\"Ortsgruppen\"},\"inLanguage\":\"de\",\"potentialAction\":[{\"@type\":\"CommentAction\",\"name\":\"Comment\",\"target\":[\"https:\\\/\\\/blog.vida.at\\\/pensionisten\\\/2024\\\/03\\\/15\\\/vida-region-donau\\\/#respond\"]}]},{\"@type\":\"WebPage\",\"@id\":\"https:\\\/\\\/blog.vida.at\\\/pensionisten\\\/2024\\\/03\\\/15\\\/vida-region-donau\\\/\",\"url\":\"https:\\\/\\\/blog.vida.at\\\/pensionisten\\\/2024\\\/03\\\/15\\\/vida-region-donau\\\/\",\"name\":\"vida Region Donau\",\"isPartOf\":{\"@id\":\"https:\\\/\\\/blog.vida.at\\\/pensionisten\\\/#website\"},\"primaryImageOfPage\":{\"@id\":\"https:\\\/\\\/blog.vida.at\\\/pensionisten\\\/2024\\\/03\\\/15\\\/vida-region-donau\\\/#primaryimage\"},\"image\":{\"@id\":\"https:\\\/\\\/blog.vida.at\\\/pensionisten\\\/2024\\\/03\\\/15\\\/vida-region-donau\\\/#primaryimage\"},\"thumbnailUrl\":\"https:\\\/\\\/blog.vida.at\\\/pensionisten\\\/wp-content\\\/uploads\\\/sites\\\/10\\\/2024\\\/03\\\/2024.03.01-Sebastian-Kaatz-neuer-Vorsitzender-Region-Donau-1.jpeg\",\"datePublished\":\"2024-03-15T13:41:27+00:00\",\"dateModified\":\"2024-03-15T13:41:28+00:00\",\"author\":{\"@id\":\"https:\\\/\\\/blog.vida.at\\\/pensionisten\\\/#\\\/schema\\\/person\\\/88cee3ee93b9afdc51c92f5f63f38b8a\"},\"breadcrumb\":{\"@id\":\"https:\\\/\\\/blog.vida.at\\\/pensionisten\\\/2024\\\/03\\\/15\\\/vida-region-donau\\\/#breadcrumb\"},\"inLanguage\":\"de\",\"potentialAction\":[{\"@type\":\"ReadAction\",\"target\":[\"https:\\\/\\\/blog.vida.at\\\/pensionisten\\\/2024\\\/03\\\/15\\\/vida-region-donau\\\/\"]}]},{\"@type\":\"ImageObject\",\"inLanguage\":\"de\",\"@id\":\"https:\\\/\\\/blog.vida.at\\\/pensionisten\\\/2024\\\/03\\\/15\\\/vida-region-donau\\\/#primaryimage\",\"url\":\"https:\\\/\\\/blog.vida.at\\\/pensionisten\\\/wp-content\\\/uploads\\\/sites\\\/10\\\/2024\\\/03\\\/2024.03.01-Sebastian-Kaatz-neuer-Vorsitzender-Region-Donau-1.jpeg\",\"contentUrl\":\"https:\\\/\\\/blog.vida.at\\\/pensionisten\\\/wp-content\\\/uploads\\\/sites\\\/10\\\/2024\\\/03\\\/2024.03.01-Sebastian-Kaatz-neuer-Vorsitzender-Region-Donau-1.jpeg\",\"width\":1097,\"height\":731},{\"@type\":\"BreadcrumbList\",\"@id\":\"https:\\\/\\\/blog.vida.at\\\/pensionisten\\\/2024\\\/03\\\/15\\\/vida-region-donau\\\/#breadcrumb\",\"itemListElement\":[{\"@type\":\"ListItem\",\"position\":1,\"name\":\"Startseite\",\"item\":\"https:\\\/\\\/blog.vida.at\\\/pensionisten\\\/\"},{\"@type\":\"ListItem\",\"position\":2,\"name\":\"vida Region Donau\"}]},{\"@type\":\"WebSite\",\"@id\":\"https:\\\/\\\/blog.vida.at\\\/pensionisten\\\/#website\",\"url\":\"https:\\\/\\\/blog.vida.at\\\/pensionisten\\\/\",\"name\":\"vida Pensionisten\",\"description\":\"\",\"potentialAction\":[{\"@type\":\"SearchAction\",\"target\":{\"@type\":\"EntryPoint\",\"urlTemplate\":\"https:\\\/\\\/blog.vida.at\\\/pensionisten\\\/?s={search_term_string}\"},\"query-input\":{\"@type\":\"PropertyValueSpecification\",\"valueRequired\":true,\"valueName\":\"search_term_string\"}}],\"inLanguage\":\"de\"},{\"@type\":\"Person\",\"@id\":\"https:\\\/\\\/blog.vida.at\\\/pensionisten\\\/#\\\/schema\\\/person\\\/88cee3ee93b9afdc51c92f5f63f38b8a\",\"name\":\"mariontobola\",\"image\":{\"@type\":\"ImageObject\",\"inLanguage\":\"de\",\"@id\":\"https:\\\/\\\/secure.gravatar.com\\\/avatar\\\/5d2c516985e4eda61bca05bd3b4359b4358135bd1e1a5b08c539e9cd1edd6528?s=96&d=mm&r=g\",\"url\":\"https:\\\/\\\/secure.gravatar.com\\\/avatar\\\/5d2c516985e4eda61bca05bd3b4359b4358135bd1e1a5b08c539e9cd1edd6528?s=96&d=mm&r=g\",\"contentUrl\":\"https:\\\/\\\/secure.gravatar.com\\\/avatar\\\/5d2c516985e4eda61bca05bd3b4359b4358135bd1e1a5b08c539e9cd1edd6528?s=96&d=mm&r=g\",\"caption\":\"mariontobola\"},\"url\":\"https:\\\/\\\/blog.vida.at\\\/pensionisten\\\/author\\\/mariontobola\\\/\"}]}<\/script>\n<!-- \/ Yoast SEO plugin. -->","yoast_head_json":{"title":"vida Region Donau","robots":{"index":"index","follow":"follow","max-snippet":"max-snippet:-1","max-image-preview":"max-image-preview:large","max-video-preview":"max-video-preview:-1"},"canonical":"https:\/\/blog.vida.at\/pensionisten\/2024\/03\/15\/vida-region-donau\/","og_locale":"de_DE","og_type":"article","og_title":"vida Region Donau","og_description":"Neuer Vorsitzender gew\u00e4hlt. Wir gratulieren Sebastian Kaatz.","og_url":"https:\/\/blog.vida.at\/pensionisten\/2024\/03\/15\/vida-region-donau\/","og_site_name":"vida Pensionisten","article_published_time":"2024-03-15T13:41:27+00:00","article_modified_time":"2024-03-15T13:41:28+00:00","og_image":[{"width":1097,"height":731,"url":"https:\/\/blog.vida.at\/pensionisten\/wp-content\/uploads\/sites\/10\/2024\/03\/2024.03.01-Sebastian-Kaatz-neuer-Vorsitzender-Region-Donau-1.jpeg","type":"image\/jpeg"}],"author":"mariontobola","twitter_card":"summary_large_image","twitter_misc":{"Verfasst von":"mariontobola","Gesch\u00e4tzte Lesezeit":"1\u00a0Minute"},"schema":{"@context":"https:\/\/schema.org","@graph":[{"@type":"Article","@id":"https:\/\/blog.vida.at\/pensionisten\/2024\/03\/15\/vida-region-donau\/#article","isPartOf":{"@id":"https:\/\/blog.vida.at\/pensionisten\/2024\/03\/15\/vida-region-donau\/"},"author":{"name":"mariontobola","@id":"https:\/\/blog.vida.at\/pensionisten\/#\/schema\/person\/88cee3ee93b9afdc51c92f5f63f38b8a"},"headline":"vida Region Donau","datePublished":"2024-03-15T13:41:27+00:00","dateModified":"2024-03-15T13:41:28+00:00","mainEntityOfPage":{"@id":"https:\/\/blog.vida.at\/pensionisten\/2024\/03\/15\/vida-region-donau\/"},"wordCount":83,"commentCount":0,"image":{"@id":"https:\/\/blog.vida.at\/pensionisten\/2024\/03\/15\/vida-region-donau\/#primaryimage"},"thumbnailUrl":"https:\/\/blog.vida.at\/pensionisten\/wp-content\/uploads\/sites\/10\/2024\/03\/2024.03.01-Sebastian-Kaatz-neuer-Vorsitzender-Region-Donau-1.jpeg","articleSection":{"1":"Nieder\u00f6sterreich","2":"OG Amstetten","3":"OG Tulln","4":"Ortsgruppen"},"inLanguage":"de","potentialAction":[{"@type":"CommentAction","name":"Comment","target":["https:\/\/blog.vida.at\/pensionisten\/2024\/03\/15\/vida-region-donau\/#respond"]}]},{"@type":"WebPage","@id":"https:\/\/blog.vida.at\/pensionisten\/2024\/03\/15\/vida-region-donau\/","url":"https:\/\/blog.vida.at\/pensionisten\/2024\/03\/15\/vida-region-donau\/","name":"vida Region Donau","isPartOf":{"@id":"https:\/\/blog.vida.at\/pensionisten\/#website"},"primaryImageOfPage":{"@id":"https:\/\/blog.vida.at\/pensionisten\/2024\/03\/15\/vida-region-donau\/#primaryimage"},"image":{"@id":"https:\/\/blog.vida.at\/pensionisten\/2024\/03\/15\/vida-region-donau\/#primaryimage"},"thumbnailUrl":"https:\/\/blog.vida.at\/pensionisten\/wp-content\/uploads\/sites\/10\/2024\/03\/2024.03.01-Sebastian-Kaatz-neuer-Vorsitzender-Region-Donau-1.jpeg","datePublished":"2024-03-15T13:41:27+00:00","dateModified":"2024-03-15T13:41:28+00:00","author":{"@id":"https:\/\/blog.vida.at\/pensionisten\/#\/schema\/person\/88cee3ee93b9afdc51c92f5f63f38b8a"},"breadcrumb":{"@id":"https:\/\/blog.vida.at\/pensionisten\/2024\/03\/15\/vida-region-donau\/#breadcrumb"},"inLanguage":"de","potentialAction":[{"@type":"ReadAction","target":["https:\/\/blog.vida.at\/pensionisten\/2024\/03\/15\/vida-region-donau\/"]}]},{"@type":"ImageObject","inLanguage":"de","@id":"https:\/\/blog.vida.at\/pensionisten\/2024\/03\/15\/vida-region-donau\/#primaryimage","url":"https:\/\/blog.vida.at\/pensionisten\/wp-content\/uploads\/sites\/10\/2024\/03\/2024.03.01-Sebastian-Kaatz-neuer-Vorsitzender-Region-Donau-1.jpeg","contentUrl":"https:\/\/blog.vida.at\/pensionisten\/wp-content\/uploads\/sites\/10\/2024\/03\/2024.03.01-Sebastian-Kaatz-neuer-Vorsitzender-Region-Donau-1.jpeg","width":1097,"height":731},{"@type":"BreadcrumbList","@id":"https:\/\/blog.vida.at\/pensionisten\/2024\/03\/15\/vida-region-donau\/#breadcrumb","itemListElement":[{"@type":"ListItem","position":1,"name":"Startseite","item":"https:\/\/blog.vida.at\/pensionisten\/"},{"@type":"ListItem","position":2,"name":"vida Region Donau"}]},{"@type":"WebSite","@id":"https:\/\/blog.vida.at\/pensionisten\/#website","url":"https:\/\/blog.vida.at\/pensionisten\/","name":"vida Pensionisten","description":"","potentialAction":[{"@type":"SearchAction","target":{"@type":"EntryPoint","urlTemplate":"https:\/\/blog.vida.at\/pensionisten\/?s={search_term_string}"},"query-input":{"@type":"PropertyValueSpecification","valueRequired":true,"valueName":"search_term_string"}}],"inLanguage":"de"},{"@type":"Person","@id":"https:\/\/blog.vida.at\/pensionisten\/#\/schema\/person\/88cee3ee93b9afdc51c92f5f63f38b8a","name":"mariontobola","image":{"@type":"ImageObject","inLanguage":"de","@id":"https:\/\/secure.gravatar.com\/avatar\/5d2c516985e4eda61bca05bd3b4359b4358135bd1e1a5b08c539e9cd1edd6528?s=96&d=mm&r=g","url":"https:\/\/secure.gravatar.com\/avatar\/5d2c516985e4eda61bca05bd3b4359b4358135bd1e1a5b08c539e9cd1edd6528?s=96&d=mm&r=g","contentUrl":"https:\/\/secure.gravatar.com\/avatar\/5d2c516985e4eda61bca05bd3b4359b4358135bd1e1a5b08c539e9cd1edd6528?s=96&d=mm&r=g","caption":"mariontobola"},"url":"https:\/\/blog.vida.at\/pensionisten\/author\/mariontobola\/"}]}},"author_meta":{"display_name":"mariontobola","author_link":"https:\/\/blog.vida.at\/pensionisten\/author\/mariontobola\/"},"featured_img":"https:\/\/blog.vida.at\/pensionisten\/wp-content\/uploads\/sites\/10\/2024\/03\/2024.03.01-Sebastian-Kaatz-neuer-Vorsitzender-Region-Donau-1-300x200.jpeg","featured_image_src":"https:\/\/blog.vida.at\/pensionisten\/wp-content\/uploads\/sites\/10\/2024\/03\/2024.03.01-Sebastian-Kaatz-neuer-Vorsitzender-Region-Donau-1-600x400.jpeg","featured_image_src_square":"https:\/\/blog.vida.at\/pensionisten\/wp-content\/uploads\/sites\/10\/2024\/03\/2024.03.01-Sebastian-Kaatz-neuer-Vorsitzender-Region-Donau-1-600x600.jpeg","uagb_featured_image_src":{"full":["https:\/\/blog.vida.at\/pensionisten\/wp-content\/uploads\/sites\/10\/2024\/03\/2024.03.01-Sebastian-Kaatz-neuer-Vorsitzender-Region-Donau-1.jpeg",1097,731,false],"thumbnail":["https:\/\/blog.vida.at\/pensionisten\/wp-content\/uploads\/sites\/10\/2024\/03\/2024.03.01-Sebastian-Kaatz-neuer-Vorsitzender-Region-Donau-1-150x150.jpeg",150,150,true],"medium":["https:\/\/blog.vida.at\/pensionisten\/wp-content\/uploads\/sites\/10\/2024\/03\/2024.03.01-Sebastian-Kaatz-neuer-Vorsitzender-Region-Donau-1-300x200.jpeg",300,200,true],"medium_large":["https:\/\/blog.vida.at\/pensionisten\/wp-content\/uploads\/sites\/10\/2024\/03\/2024.03.01-Sebastian-Kaatz-neuer-Vorsitzender-Region-Donau-1-768x512.jpeg",640,427,true],"large":["https:\/\/blog.vida.at\/pensionisten\/wp-content\/uploads\/sites\/10\/2024\/03\/2024.03.01-Sebastian-Kaatz-neuer-Vorsitzender-Region-Donau-1-1024x682.jpeg",640,426,true],"1536x1536":["https:\/\/blog.vida.at\/pensionisten\/wp-content\/uploads\/sites\/10\/2024\/03\/2024.03.01-Sebastian-Kaatz-neuer-Vorsitzender-Region-Donau-1.jpeg",1097,731,false],"2048x2048":["https:\/\/blog.vida.at\/pensionisten\/wp-content\/uploads\/sites\/10\/2024\/03\/2024.03.01-Sebastian-Kaatz-neuer-Vorsitzender-Region-Donau-1.jpeg",1097,731,false],"ab-block-post-grid-landscape":["https:\/\/blog.vida.at\/pensionisten\/wp-content\/uploads\/sites\/10\/2024\/03\/2024.03.01-Sebastian-Kaatz-neuer-Vorsitzender-Region-Donau-1-600x400.jpeg",600,400,true],"ab-block-post-grid-square":["https:\/\/blog.vida.at\/pensionisten\/wp-content\/uploads\/sites\/10\/2024\/03\/2024.03.01-Sebastian-Kaatz-neuer-Vorsitzender-Region-Donau-1-600x600.jpeg",600,600,true],"post-thumbnail":["https:\/\/blog.vida.at\/pensionisten\/wp-content\/uploads\/sites\/10\/2024\/03\/2024.03.01-Sebastian-Kaatz-neuer-Vorsitzender-Region-Donau-1.jpeg",1097,731,false],"awb_sm":["https:\/\/blog.vida.at\/pensionisten\/wp-content\/uploads\/sites\/10\/2024\/03\/2024.03.01-Sebastian-Kaatz-neuer-Vorsitzender-Region-Donau-1-500x333.jpeg",500,333,true],"awb_md":["https:\/\/blog.vida.at\/pensionisten\/wp-content\/uploads\/sites\/10\/2024\/03\/2024.03.01-Sebastian-Kaatz-neuer-Vorsitzender-Region-Donau-1-800x533.jpeg",800,533,true],"awb_lg":["https:\/\/blog.vida.at\/pensionisten\/wp-content\/uploads\/sites\/10\/2024\/03\/2024.03.01-Sebastian-Kaatz-neuer-Vorsitzender-Region-Donau-1.jpeg",1097,731,false],"awb_xl":["https:\/\/blog.vida.at\/pensionisten\/wp-content\/uploads\/sites\/10\/2024\/03\/2024.03.01-Sebastian-Kaatz-neuer-Vorsitzender-Region-Donau-1.jpeg",1097,731,false]},"uagb_author_info":{"display_name":"mariontobola","author_link":"https:\/\/blog.vida.at\/pensionisten\/author\/mariontobola\/"},"uagb_comment_info":0,"uagb_excerpt":"Neuer Vorsitzender gew\u00e4hlt. Wir gratulieren Sebastian Kaatz.","coauthors":[],"tax_additional":{"categories":{"linked":["<a href=\"https:\/\/blog.vida.at\/pensionisten\/category\/allgemein\/\" class=\"advgb-post-tax-term\">Allgemein<\/a>","<a href=\"https:\/\/blog.vida.at\/pensionisten\/category\/ortsgruppen\/niederoesterreich\/\" class=\"advgb-post-tax-term\">Nieder\u00f6sterreich<\/a>","<a href=\"https:\/\/blog.vida.at\/pensionisten\/category\/ortsgruppen\/niederoesterreich\/og-amstetten\/\" class=\"advgb-post-tax-term\">OG Amstetten<\/a>","<a href=\"https:\/\/blog.vida.at\/pensionisten\/category\/ortsgruppen\/niederoesterreich\/og-tulln\/\" class=\"advgb-post-tax-term\">OG Tulln<\/a>","<a href=\"https:\/\/blog.vida.at\/pensionisten\/category\/ortsgruppen\/\" class=\"advgb-post-tax-term\">Ortsgruppen<\/a>"],"unlinked":["<span class=\"advgb-post-tax-term\">Allgemein<\/span>","<span class=\"advgb-post-tax-term\">Nieder\u00f6sterreich<\/span>","<span class=\"advgb-post-tax-term\">OG Amstetten<\/span>","<span class=\"advgb-post-tax-term\">OG Tulln<\/span>","<span class=\"advgb-post-tax-term\">Ortsgruppen<\/span>"]}},"comment_count":"0","relative_dates":{"created":"Ver\u00f6ffentlicht 2\u00a0Jahren vor","modified":"Aktualisiert 2\u00a0Jahren vor"},"absolute_dates":{"created":"Ver\u00f6ffentlicht am 15. M\u00e4rz 2024","modified":"Aktualisiert am 15. M\u00e4rz 2024"},"absolute_dates_time":{"created":"Ver\u00f6ffentlicht am 15. M\u00e4rz 2024 14:41","modified":"Aktualisiert am 15. M\u00e4rz 2024 14:41"},"featured_img_caption":"","series_order":"","_links":{"self":[{"href":"https:\/\/blog.vida.at\/pensionisten\/wp-json\/wp\/v2\/posts\/8457","targetHints":{"allow":["GET"]}}],"collection":[{"href":"https:\/\/blog.vida.at\/pensionisten\/wp-json\/wp\/v2\/posts"}],"about":[{"href":"https:\/\/blog.vida.at\/pensionisten\/wp-json\/wp\/v2\/types\/post"}],"author":[{"embeddable":true,"href":"https:\/\/blog.vida.at\/pensionisten\/wp-json\/wp\/v2\/users\/8"}],"replies":[{"embeddable":true,"href":"https:\/\/blog.vida.at\/pensionisten\/wp-json\/wp\/v2\/comments?post=8457"}],"version-history":[{"count":1,"href":"https:\/\/blog.vida.at\/pensionisten\/wp-json\/wp\/v2\/posts\/8457\/revisions"}],"predecessor-version":[{"id":8460,"href":"https:\/\/blog.vida.at\/pensionisten\/wp-json\/wp\/v2\/posts\/8457\/revisions\/8460"}],"wp:featuredmedia":[{"embeddable":true,"href":"https:\/\/blog.vida.at\/pensionisten\/wp-json\/wp\/v2\/media\/8459"}],"wp:attachment":[{"href":"https:\/\/blog.vida.at\/pensionisten\/wp-json\/wp\/v2\/media?parent=8457"}],"wp:term":[{"taxonomy":"category","embeddable":true,"href":"https:\/\/blog.vida.at\/pensionisten\/wp-json\/wp\/v2\/categories?post=8457"},{"taxonomy":"post_tag","embeddable":true,"href":"https:\/\/blog.vida.at\/pensionisten\/wp-json\/wp\/v2\/tags?post=8457"},{"taxonomy":"Orte","embeddable":true,"href":"https:\/\/blog.vida.at\/pensionisten\/wp-json\/wp\/v2\/Orte?post=8457"},{"taxonomy":"activitytype","embeddable":true,"href":"https:\/\/blog.vida.at\/pensionisten\/wp-json\/wp\/v2\/activitytype?post=8457"}],"curies":[{"name":"wp","href":"https:\/\/api.w.org\/{rel}","templated":true}]}}