
{"id":8476,"date":"2024-03-15T19:14:24","date_gmt":"2024-03-15T18:14:24","guid":{"rendered":"https:\/\/blog.vida.at\/pensionisten\/?p=8476"},"modified":"2024-03-15T19:17:10","modified_gmt":"2024-03-15T18:17:10","slug":"og-villach-rosenbach","status":"publish","type":"post","link":"https:\/\/blog.vida.at\/pensionisten\/2024\/03\/15\/og-villach-rosenbach\/","title":{"rendered":"OG Villach\/Rosenbach"},"content":{"rendered":"\n<div class=\"wp-block-group Container\"><div class=\"wp-block-group__inner-container is-layout-flow wp-block-group-is-layout-flow\">\n<h4 class=\"wp-block-heading\">Das war unsere Mitgliederversammlung 2024.<\/h4>\n\n\n\n<br>\n\n\n\n<p><\/p>\n\n\n\n<!--more-->\n\n\n\n<p>Zu der j\u00e4hrlichen Mitgliederversammlung der vida-Ortsgruppse Villach\/Rosenbach im Paracelsus-Saal des Villacher Rathauses fanden sich zahlreiche vida-Pensionistinnen und vida-Pensionisten ein. OG-Obmann <strong>Heinz K\u00f6chl <\/strong>bedankte sich bei der <strong>gro\u00dfen Anzahl der Mitglieder <\/strong>f\u00fcr ihr Erscheinen. Weiters begr\u00fc\u00dfen konnte er vida-Bundesvorsitzenden <strong>Roman Hebenstreit<\/strong>,\u00a0 die vida K\u00e4rnten-Landesvorsitzende, <strong>Uschi Heitzer<\/strong>, den Landesvorsitzenden der vida-Pensionist:innen,\u00a0 <strong>Roman Kobald<\/strong>, den vida K\u00e4rnten-Landessekret\u00e4r, <strong>Mag. Heimo Mautzka<\/strong>, den ehemaligen vida K\u00e4rnten-Landesvorsitzenden, <strong>Hermann Lipitsch<\/strong>, sowie Vertreter:innen der <strong>\u00d6BV und SPARDA-BANK<\/strong>.<\/p>\n\n\n\n<figure class=\"wp-block-image size-large\"><img loading=\"lazy\" decoding=\"async\" width=\"1024\" height=\"768\" src=\"https:\/\/blog.vida.at\/pensionisten\/wp-content\/uploads\/sites\/10\/2024\/03\/Bild-1-1024x768.jpeg\" alt=\"\" class=\"wp-image-8477\" srcset=\"https:\/\/blog.vida.at\/pensionisten\/wp-content\/uploads\/sites\/10\/2024\/03\/Bild-1-1024x768.jpeg 1024w, https:\/\/blog.vida.at\/pensionisten\/wp-content\/uploads\/sites\/10\/2024\/03\/Bild-1-300x225.jpeg 300w, https:\/\/blog.vida.at\/pensionisten\/wp-content\/uploads\/sites\/10\/2024\/03\/Bild-1-768x576.jpeg 768w, https:\/\/blog.vida.at\/pensionisten\/wp-content\/uploads\/sites\/10\/2024\/03\/Bild-1-1536x1152.jpeg 1536w, https:\/\/blog.vida.at\/pensionisten\/wp-content\/uploads\/sites\/10\/2024\/03\/Bild-1-2048x1536.jpeg 2048w, https:\/\/blog.vida.at\/pensionisten\/wp-content\/uploads\/sites\/10\/2024\/03\/Bild-1-500x375.jpeg 500w, https:\/\/blog.vida.at\/pensionisten\/wp-content\/uploads\/sites\/10\/2024\/03\/Bild-1-800x600.jpeg 800w, https:\/\/blog.vida.at\/pensionisten\/wp-content\/uploads\/sites\/10\/2024\/03\/Bild-1-1280x960.jpeg 1280w, https:\/\/blog.vida.at\/pensionisten\/wp-content\/uploads\/sites\/10\/2024\/03\/Bild-1-1920x1440.jpeg 1920w, https:\/\/blog.vida.at\/pensionisten\/wp-content\/uploads\/sites\/10\/2024\/03\/Bild-1-1568x1176.jpeg 1568w\" sizes=\"auto, (max-width: 1024px) 100vw, 1024px\" \/><\/figure>\n\n\n\n<p><em>Im Bild 1 v. l.: Hubert Stefaner, Adolf Madl,  Rudolf Turner, Roman Hebenstreit, Uschi Heitzer, Roman Kobald und Heinz K\u00f6chl<\/em><\/p>\n\n\n\n<p>Nach einer kurzen Begr\u00fc\u00dfung  von vida K\u00e4rnten-Landesvorsitzenden Uschi Heitzer folgte ein sehr <strong>emotionales Referat <\/strong>unseres vida-Vorsitzenden Roman Hebenstreit, indem er die Probleme der aktuellen und zuk\u00fcnftigen <strong>Zeit Europas und \u00d6sterreichs<\/strong> ansprach.<\/p>\n\n\n\n<figure class=\"wp-block-image size-large\"><img loading=\"lazy\" decoding=\"async\" width=\"1024\" height=\"768\" src=\"https:\/\/blog.vida.at\/pensionisten\/wp-content\/uploads\/sites\/10\/2024\/03\/Bild-2-1024x768.jpeg\" alt=\"\" class=\"wp-image-8479\" srcset=\"https:\/\/blog.vida.at\/pensionisten\/wp-content\/uploads\/sites\/10\/2024\/03\/Bild-2-1024x768.jpeg 1024w, https:\/\/blog.vida.at\/pensionisten\/wp-content\/uploads\/sites\/10\/2024\/03\/Bild-2-300x225.jpeg 300w, https:\/\/blog.vida.at\/pensionisten\/wp-content\/uploads\/sites\/10\/2024\/03\/Bild-2-768x576.jpeg 768w, https:\/\/blog.vida.at\/pensionisten\/wp-content\/uploads\/sites\/10\/2024\/03\/Bild-2-1536x1152.jpeg 1536w, https:\/\/blog.vida.at\/pensionisten\/wp-content\/uploads\/sites\/10\/2024\/03\/Bild-2-2048x1536.jpeg 2048w, https:\/\/blog.vida.at\/pensionisten\/wp-content\/uploads\/sites\/10\/2024\/03\/Bild-2-500x375.jpeg 500w, https:\/\/blog.vida.at\/pensionisten\/wp-content\/uploads\/sites\/10\/2024\/03\/Bild-2-800x600.jpeg 800w, https:\/\/blog.vida.at\/pensionisten\/wp-content\/uploads\/sites\/10\/2024\/03\/Bild-2-1280x960.jpeg 1280w, https:\/\/blog.vida.at\/pensionisten\/wp-content\/uploads\/sites\/10\/2024\/03\/Bild-2-1920x1440.jpeg 1920w, https:\/\/blog.vida.at\/pensionisten\/wp-content\/uploads\/sites\/10\/2024\/03\/Bild-2-1568x1176.jpeg 1568w\" sizes=\"auto, (max-width: 1024px) 100vw, 1024px\" \/><\/figure>\n\n\n\n<p><em>Im Bild: vida-Bundesvorsitzender Roman Hebenstreit<\/em><\/p>\n\n\n\n<p>Nach diesem hervorragenden Referat gab es noch <strong>etliche Fragen und Diskussionen<\/strong> mit den Funktion\u00e4r:innen. Nach etwa zwei Stunden ging diese sehr interessante und gut besuchte Veranstaltung zu Ende. <\/p>\n\n\n\n<figure class=\"wp-block-image size-large\"><img loading=\"lazy\" decoding=\"async\" width=\"1024\" height=\"768\" src=\"https:\/\/blog.vida.at\/pensionisten\/wp-content\/uploads\/sites\/10\/2024\/03\/Bild-3-1024x768.jpeg\" alt=\"\" class=\"wp-image-8480\" srcset=\"https:\/\/blog.vida.at\/pensionisten\/wp-content\/uploads\/sites\/10\/2024\/03\/Bild-3-1024x768.jpeg 1024w, https:\/\/blog.vida.at\/pensionisten\/wp-content\/uploads\/sites\/10\/2024\/03\/Bild-3-300x225.jpeg 300w, https:\/\/blog.vida.at\/pensionisten\/wp-content\/uploads\/sites\/10\/2024\/03\/Bild-3-768x576.jpeg 768w, https:\/\/blog.vida.at\/pensionisten\/wp-content\/uploads\/sites\/10\/2024\/03\/Bild-3-1536x1152.jpeg 1536w, https:\/\/blog.vida.at\/pensionisten\/wp-content\/uploads\/sites\/10\/2024\/03\/Bild-3-500x375.jpeg 500w, https:\/\/blog.vida.at\/pensionisten\/wp-content\/uploads\/sites\/10\/2024\/03\/Bild-3-800x600.jpeg 800w, https:\/\/blog.vida.at\/pensionisten\/wp-content\/uploads\/sites\/10\/2024\/03\/Bild-3-1280x960.jpeg 1280w, https:\/\/blog.vida.at\/pensionisten\/wp-content\/uploads\/sites\/10\/2024\/03\/Bild-3-1920x1440.jpeg 1920w, https:\/\/blog.vida.at\/pensionisten\/wp-content\/uploads\/sites\/10\/2024\/03\/Bild-3-1568x1176.jpeg 1568w, https:\/\/blog.vida.at\/pensionisten\/wp-content\/uploads\/sites\/10\/2024\/03\/Bild-3.jpeg 2000w\" sizes=\"auto, (max-width: 1024px) 100vw, 1024px\" \/><\/figure>\n<\/div><\/div>\n\n\n\n<p><em>Im Bild: Funktion\u00e4r:innen der vida mit Vertreter:innen der SPARDA-BANK und der \u00d6BV<\/em><\/p>\n","protected":false},"excerpt":{"rendered":"<p>Das war unsere Mitgliederversammlung 2024.<\/p>\n","protected":false},"author":8,"featured_media":8481,"comment_status":"open","ping_status":"open","sticky":false,"template":"","format":"standard","meta":{"_uag_custom_page_level_css":"","advgb_blocks_editor_width":"","advgb_blocks_columns_visual_guide":"","footnotes":""},"categories":[1,56,60,49],"tags":[],"Orte":[],"activitytype":[],"class_list":["post-8476","post","type-post","status-publish","format-standard","has-post-thumbnail","hentry","category-allgemein","category-kaernten","category-og-amstetten","category-ortsgruppen","entry"],"featured_image_urls":{"full":["https:\/\/blog.vida.at\/pensionisten\/wp-content\/uploads\/sites\/10\/2024\/03\/Bild-3-1.jpeg",2000,1333,false],"thumbnail":["https:\/\/blog.vida.at\/pensionisten\/wp-content\/uploads\/sites\/10\/2024\/03\/Bild-3-1-150x150.jpeg",150,150,true],"medium":["https:\/\/blog.vida.at\/pensionisten\/wp-content\/uploads\/sites\/10\/2024\/03\/Bild-3-1-300x200.jpeg",300,200,true],"medium_large":["https:\/\/blog.vida.at\/pensionisten\/wp-content\/uploads\/sites\/10\/2024\/03\/Bild-3-1-768x512.jpeg",640,427,true],"large":["https:\/\/blog.vida.at\/pensionisten\/wp-content\/uploads\/sites\/10\/2024\/03\/Bild-3-1-1024x682.jpeg",640,426,true],"1536x1536":["https:\/\/blog.vida.at\/pensionisten\/wp-content\/uploads\/sites\/10\/2024\/03\/Bild-3-1-1536x1024.jpeg",1536,1024,true],"2048x2048":["https:\/\/blog.vida.at\/pensionisten\/wp-content\/uploads\/sites\/10\/2024\/03\/Bild-3-1.jpeg",2000,1333,false],"ab-block-post-grid-landscape":["https:\/\/blog.vida.at\/pensionisten\/wp-content\/uploads\/sites\/10\/2024\/03\/Bild-3-1-600x400.jpeg",600,400,true],"ab-block-post-grid-square":["https:\/\/blog.vida.at\/pensionisten\/wp-content\/uploads\/sites\/10\/2024\/03\/Bild-3-1-600x600.jpeg",600,600,true],"post-thumbnail":["https:\/\/blog.vida.at\/pensionisten\/wp-content\/uploads\/sites\/10\/2024\/03\/Bild-3-1-1568x1045.jpeg",1568,1045,true],"awb_sm":["https:\/\/blog.vida.at\/pensionisten\/wp-content\/uploads\/sites\/10\/2024\/03\/Bild-3-1-500x333.jpeg",500,333,true],"awb_md":["https:\/\/blog.vida.at\/pensionisten\/wp-content\/uploads\/sites\/10\/2024\/03\/Bild-3-1-800x533.jpeg",800,533,true],"awb_lg":["https:\/\/blog.vida.at\/pensionisten\/wp-content\/uploads\/sites\/10\/2024\/03\/Bild-3-1-1280x853.jpeg",1280,853,true],"awb_xl":["https:\/\/blog.vida.at\/pensionisten\/wp-content\/uploads\/sites\/10\/2024\/03\/Bild-3-1-1920x1280.jpeg",1920,1280,true]},"post_excerpt_stackable":"<p>Das war unsere Mitgliederversammlung 2024. Zu der j\u00e4hrlichen Mitgliederversammlung der vida-Ortsgruppse Villach\/Rosenbach im Paracelsus-Saal des Villacher Rathauses fanden sich zahlreiche vida-Pensionistinnen und vida-Pensionisten ein. OG-Obmann Heinz K\u00f6chl bedankte sich bei der gro\u00dfen Anzahl der Mitglieder f\u00fcr ihr Erscheinen. Weiters begr\u00fc\u00dfen konnte er vida-Bundesvorsitzenden Roman Hebenstreit,\u00a0 die vida K\u00e4rnten-Landesvorsitzende, Uschi Heitzer, den Landesvorsitzenden der vida-Pensionist:innen,\u00a0 Roman Kobald, den vida K\u00e4rnten-Landessekret\u00e4r, Mag. Heimo Mautzka, den ehemaligen vida K\u00e4rnten-Landesvorsitzenden, Hermann Lipitsch, sowie Vertreter:innen der \u00d6BV und SPARDA-BANK. Im Bild 1 v. l.: Hubert Stefaner, Adolf Madl, Rudolf Turner, Roman Hebenstreit, Uschi Heitzer, Roman Kobald und Heinz K\u00f6chl Nach einer kurzen Begr\u00fc\u00dfung von vida&hellip;<\/p>\n","category_list":"<a href=\"https:\/\/blog.vida.at\/pensionisten\/category\/allgemein\/\" rel=\"category tag\">Allgemein<\/a>, <a href=\"https:\/\/blog.vida.at\/pensionisten\/category\/ortsgruppen\/kaernten\/\" rel=\"category tag\">K\u00e4rnten<\/a>, <a href=\"https:\/\/blog.vida.at\/pensionisten\/category\/ortsgruppen\/niederoesterreich\/og-amstetten\/\" rel=\"category tag\">OG Amstetten<\/a>, <a href=\"https:\/\/blog.vida.at\/pensionisten\/category\/ortsgruppen\/\" rel=\"category tag\">Ortsgruppen<\/a>","author_info":{"display_name":"mariontobola","author_link":"https:\/\/blog.vida.at\/pensionisten\/author\/mariontobola\/"},"comments_num":"0 comments","featured_image_urls_v2":{"full":["https:\/\/blog.vida.at\/pensionisten\/wp-content\/uploads\/sites\/10\/2024\/03\/Bild-3-1.jpeg",2000,1333,false],"thumbnail":["https:\/\/blog.vida.at\/pensionisten\/wp-content\/uploads\/sites\/10\/2024\/03\/Bild-3-1-150x150.jpeg",150,150,true],"medium":["https:\/\/blog.vida.at\/pensionisten\/wp-content\/uploads\/sites\/10\/2024\/03\/Bild-3-1-300x200.jpeg",300,200,true],"medium_large":["https:\/\/blog.vida.at\/pensionisten\/wp-content\/uploads\/sites\/10\/2024\/03\/Bild-3-1-768x512.jpeg",640,427,true],"large":["https:\/\/blog.vida.at\/pensionisten\/wp-content\/uploads\/sites\/10\/2024\/03\/Bild-3-1-1024x682.jpeg",640,426,true],"1536x1536":["https:\/\/blog.vida.at\/pensionisten\/wp-content\/uploads\/sites\/10\/2024\/03\/Bild-3-1-1536x1024.jpeg",1536,1024,true],"2048x2048":["https:\/\/blog.vida.at\/pensionisten\/wp-content\/uploads\/sites\/10\/2024\/03\/Bild-3-1.jpeg",2000,1333,false],"ab-block-post-grid-landscape":["https:\/\/blog.vida.at\/pensionisten\/wp-content\/uploads\/sites\/10\/2024\/03\/Bild-3-1-600x400.jpeg",600,400,true],"ab-block-post-grid-square":["https:\/\/blog.vida.at\/pensionisten\/wp-content\/uploads\/sites\/10\/2024\/03\/Bild-3-1-600x600.jpeg",600,600,true],"post-thumbnail":["https:\/\/blog.vida.at\/pensionisten\/wp-content\/uploads\/sites\/10\/2024\/03\/Bild-3-1-1568x1045.jpeg",1568,1045,true],"awb_sm":["https:\/\/blog.vida.at\/pensionisten\/wp-content\/uploads\/sites\/10\/2024\/03\/Bild-3-1-500x333.jpeg",500,333,true],"awb_md":["https:\/\/blog.vida.at\/pensionisten\/wp-content\/uploads\/sites\/10\/2024\/03\/Bild-3-1-800x533.jpeg",800,533,true],"awb_lg":["https:\/\/blog.vida.at\/pensionisten\/wp-content\/uploads\/sites\/10\/2024\/03\/Bild-3-1-1280x853.jpeg",1280,853,true],"awb_xl":["https:\/\/blog.vida.at\/pensionisten\/wp-content\/uploads\/sites\/10\/2024\/03\/Bild-3-1-1920x1280.jpeg",1920,1280,true]},"post_excerpt_stackable_v2":"<p>Das war unsere Mitgliederversammlung 2024. Zu der j\u00e4hrlichen Mitgliederversammlung der vida-Ortsgruppse Villach\/Rosenbach im Paracelsus-Saal des Villacher Rathauses fanden sich zahlreiche vida-Pensionistinnen und vida-Pensionisten ein. OG-Obmann Heinz K\u00f6chl bedankte sich bei der gro\u00dfen Anzahl der Mitglieder f\u00fcr ihr Erscheinen. Weiters begr\u00fc\u00dfen konnte er vida-Bundesvorsitzenden Roman Hebenstreit,\u00a0 die vida K\u00e4rnten-Landesvorsitzende, Uschi Heitzer, den Landesvorsitzenden der vida-Pensionist:innen,\u00a0 Roman Kobald, den vida K\u00e4rnten-Landessekret\u00e4r, Mag. Heimo Mautzka, den ehemaligen vida K\u00e4rnten-Landesvorsitzenden, Hermann Lipitsch, sowie Vertreter:innen der \u00d6BV und SPARDA-BANK. Im Bild 1 v. l.: Hubert Stefaner, Adolf Madl, Rudolf Turner, Roman Hebenstreit, Uschi Heitzer, Roman Kobald und Heinz K\u00f6chl Nach einer kurzen Begr\u00fc\u00dfung von vida&hellip;<\/p>\n","category_list_v2":"<a href=\"https:\/\/blog.vida.at\/pensionisten\/category\/allgemein\/\" rel=\"category tag\">Allgemein<\/a>, <a href=\"https:\/\/blog.vida.at\/pensionisten\/category\/ortsgruppen\/kaernten\/\" rel=\"category tag\">K\u00e4rnten<\/a>, <a href=\"https:\/\/blog.vida.at\/pensionisten\/category\/ortsgruppen\/niederoesterreich\/og-amstetten\/\" rel=\"category tag\">OG Amstetten<\/a>, <a href=\"https:\/\/blog.vida.at\/pensionisten\/category\/ortsgruppen\/\" rel=\"category tag\">Ortsgruppen<\/a>","author_info_v2":{"name":"mariontobola","url":"https:\/\/blog.vida.at\/pensionisten\/author\/mariontobola\/"},"comments_num_v2":"0 comments","yoast_head":"<!-- This site is optimized with the Yoast SEO plugin v27.3 - https:\/\/yoast.com\/product\/yoast-seo-wordpress\/ -->\n<title>OG Villach\/Rosenbach<\/title>\n<meta name=\"robots\" content=\"index, follow, max-snippet:-1, max-image-preview:large, max-video-preview:-1\" \/>\n<link rel=\"canonical\" href=\"https:\/\/blog.vida.at\/pensionisten\/2024\/03\/15\/og-villach-rosenbach\/\" \/>\n<meta property=\"og:locale\" content=\"de_DE\" \/>\n<meta property=\"og:type\" content=\"article\" \/>\n<meta property=\"og:title\" content=\"OG Villach\/Rosenbach\" \/>\n<meta property=\"og:description\" content=\"Das war unsere Mitgliederversammlung 2024.\" \/>\n<meta property=\"og:url\" content=\"https:\/\/blog.vida.at\/pensionisten\/2024\/03\/15\/og-villach-rosenbach\/\" \/>\n<meta property=\"og:site_name\" content=\"vida Pensionisten\" \/>\n<meta property=\"article:published_time\" content=\"2024-03-15T18:14:24+00:00\" \/>\n<meta property=\"article:modified_time\" content=\"2024-03-15T18:17:10+00:00\" \/>\n<meta property=\"og:image\" content=\"https:\/\/blog.vida.at\/pensionisten\/wp-content\/uploads\/sites\/10\/2024\/03\/Bild-3-1.jpeg\" \/>\n\t<meta property=\"og:image:width\" content=\"2000\" \/>\n\t<meta property=\"og:image:height\" content=\"1333\" \/>\n\t<meta property=\"og:image:type\" content=\"image\/jpeg\" \/>\n<meta name=\"author\" content=\"mariontobola\" \/>\n<meta name=\"twitter:card\" content=\"summary_large_image\" \/>\n<meta name=\"twitter:label1\" content=\"Verfasst von\" \/>\n\t<meta name=\"twitter:data1\" content=\"mariontobola\" \/>\n\t<meta name=\"twitter:label2\" content=\"Gesch\u00e4tzte Lesezeit\" \/>\n\t<meta name=\"twitter:data2\" content=\"2\u00a0Minuten\" \/>\n<script type=\"application\/ld+json\" class=\"yoast-schema-graph\">{\"@context\":\"https:\\\/\\\/schema.org\",\"@graph\":[{\"@type\":\"Article\",\"@id\":\"https:\\\/\\\/blog.vida.at\\\/pensionisten\\\/2024\\\/03\\\/15\\\/og-villach-rosenbach\\\/#article\",\"isPartOf\":{\"@id\":\"https:\\\/\\\/blog.vida.at\\\/pensionisten\\\/2024\\\/03\\\/15\\\/og-villach-rosenbach\\\/\"},\"author\":{\"name\":\"mariontobola\",\"@id\":\"https:\\\/\\\/blog.vida.at\\\/pensionisten\\\/#\\\/schema\\\/person\\\/88cee3ee93b9afdc51c92f5f63f38b8a\"},\"headline\":\"OG Villach\\\/Rosenbach\",\"datePublished\":\"2024-03-15T18:14:24+00:00\",\"dateModified\":\"2024-03-15T18:17:10+00:00\",\"mainEntityOfPage\":{\"@id\":\"https:\\\/\\\/blog.vida.at\\\/pensionisten\\\/2024\\\/03\\\/15\\\/og-villach-rosenbach\\\/\"},\"wordCount\":192,\"commentCount\":0,\"image\":{\"@id\":\"https:\\\/\\\/blog.vida.at\\\/pensionisten\\\/2024\\\/03\\\/15\\\/og-villach-rosenbach\\\/#primaryimage\"},\"thumbnailUrl\":\"https:\\\/\\\/blog.vida.at\\\/pensionisten\\\/wp-content\\\/uploads\\\/sites\\\/10\\\/2024\\\/03\\\/Bild-3-1.jpeg\",\"articleSection\":{\"1\":\"K\u00e4rnten\",\"2\":\"OG Amstetten\",\"3\":\"Ortsgruppen\"},\"inLanguage\":\"de\",\"potentialAction\":[{\"@type\":\"CommentAction\",\"name\":\"Comment\",\"target\":[\"https:\\\/\\\/blog.vida.at\\\/pensionisten\\\/2024\\\/03\\\/15\\\/og-villach-rosenbach\\\/#respond\"]}]},{\"@type\":\"WebPage\",\"@id\":\"https:\\\/\\\/blog.vida.at\\\/pensionisten\\\/2024\\\/03\\\/15\\\/og-villach-rosenbach\\\/\",\"url\":\"https:\\\/\\\/blog.vida.at\\\/pensionisten\\\/2024\\\/03\\\/15\\\/og-villach-rosenbach\\\/\",\"name\":\"OG Villach\\\/Rosenbach\",\"isPartOf\":{\"@id\":\"https:\\\/\\\/blog.vida.at\\\/pensionisten\\\/#website\"},\"primaryImageOfPage\":{\"@id\":\"https:\\\/\\\/blog.vida.at\\\/pensionisten\\\/2024\\\/03\\\/15\\\/og-villach-rosenbach\\\/#primaryimage\"},\"image\":{\"@id\":\"https:\\\/\\\/blog.vida.at\\\/pensionisten\\\/2024\\\/03\\\/15\\\/og-villach-rosenbach\\\/#primaryimage\"},\"thumbnailUrl\":\"https:\\\/\\\/blog.vida.at\\\/pensionisten\\\/wp-content\\\/uploads\\\/sites\\\/10\\\/2024\\\/03\\\/Bild-3-1.jpeg\",\"datePublished\":\"2024-03-15T18:14:24+00:00\",\"dateModified\":\"2024-03-15T18:17:10+00:00\",\"author\":{\"@id\":\"https:\\\/\\\/blog.vida.at\\\/pensionisten\\\/#\\\/schema\\\/person\\\/88cee3ee93b9afdc51c92f5f63f38b8a\"},\"breadcrumb\":{\"@id\":\"https:\\\/\\\/blog.vida.at\\\/pensionisten\\\/2024\\\/03\\\/15\\\/og-villach-rosenbach\\\/#breadcrumb\"},\"inLanguage\":\"de\",\"potentialAction\":[{\"@type\":\"ReadAction\",\"target\":[\"https:\\\/\\\/blog.vida.at\\\/pensionisten\\\/2024\\\/03\\\/15\\\/og-villach-rosenbach\\\/\"]}]},{\"@type\":\"ImageObject\",\"inLanguage\":\"de\",\"@id\":\"https:\\\/\\\/blog.vida.at\\\/pensionisten\\\/2024\\\/03\\\/15\\\/og-villach-rosenbach\\\/#primaryimage\",\"url\":\"https:\\\/\\\/blog.vida.at\\\/pensionisten\\\/wp-content\\\/uploads\\\/sites\\\/10\\\/2024\\\/03\\\/Bild-3-1.jpeg\",\"contentUrl\":\"https:\\\/\\\/blog.vida.at\\\/pensionisten\\\/wp-content\\\/uploads\\\/sites\\\/10\\\/2024\\\/03\\\/Bild-3-1.jpeg\",\"width\":2000,\"height\":1333},{\"@type\":\"BreadcrumbList\",\"@id\":\"https:\\\/\\\/blog.vida.at\\\/pensionisten\\\/2024\\\/03\\\/15\\\/og-villach-rosenbach\\\/#breadcrumb\",\"itemListElement\":[{\"@type\":\"ListItem\",\"position\":1,\"name\":\"Startseite\",\"item\":\"https:\\\/\\\/blog.vida.at\\\/pensionisten\\\/\"},{\"@type\":\"ListItem\",\"position\":2,\"name\":\"OG Villach\\\/Rosenbach\"}]},{\"@type\":\"WebSite\",\"@id\":\"https:\\\/\\\/blog.vida.at\\\/pensionisten\\\/#website\",\"url\":\"https:\\\/\\\/blog.vida.at\\\/pensionisten\\\/\",\"name\":\"vida Pensionisten\",\"description\":\"\",\"potentialAction\":[{\"@type\":\"SearchAction\",\"target\":{\"@type\":\"EntryPoint\",\"urlTemplate\":\"https:\\\/\\\/blog.vida.at\\\/pensionisten\\\/?s={search_term_string}\"},\"query-input\":{\"@type\":\"PropertyValueSpecification\",\"valueRequired\":true,\"valueName\":\"search_term_string\"}}],\"inLanguage\":\"de\"},{\"@type\":\"Person\",\"@id\":\"https:\\\/\\\/blog.vida.at\\\/pensionisten\\\/#\\\/schema\\\/person\\\/88cee3ee93b9afdc51c92f5f63f38b8a\",\"name\":\"mariontobola\",\"image\":{\"@type\":\"ImageObject\",\"inLanguage\":\"de\",\"@id\":\"https:\\\/\\\/secure.gravatar.com\\\/avatar\\\/5d2c516985e4eda61bca05bd3b4359b4358135bd1e1a5b08c539e9cd1edd6528?s=96&d=mm&r=g\",\"url\":\"https:\\\/\\\/secure.gravatar.com\\\/avatar\\\/5d2c516985e4eda61bca05bd3b4359b4358135bd1e1a5b08c539e9cd1edd6528?s=96&d=mm&r=g\",\"contentUrl\":\"https:\\\/\\\/secure.gravatar.com\\\/avatar\\\/5d2c516985e4eda61bca05bd3b4359b4358135bd1e1a5b08c539e9cd1edd6528?s=96&d=mm&r=g\",\"caption\":\"mariontobola\"},\"url\":\"https:\\\/\\\/blog.vida.at\\\/pensionisten\\\/author\\\/mariontobola\\\/\"}]}<\/script>\n<!-- \/ Yoast SEO plugin. -->","yoast_head_json":{"title":"OG Villach\/Rosenbach","robots":{"index":"index","follow":"follow","max-snippet":"max-snippet:-1","max-image-preview":"max-image-preview:large","max-video-preview":"max-video-preview:-1"},"canonical":"https:\/\/blog.vida.at\/pensionisten\/2024\/03\/15\/og-villach-rosenbach\/","og_locale":"de_DE","og_type":"article","og_title":"OG Villach\/Rosenbach","og_description":"Das war unsere Mitgliederversammlung 2024.","og_url":"https:\/\/blog.vida.at\/pensionisten\/2024\/03\/15\/og-villach-rosenbach\/","og_site_name":"vida Pensionisten","article_published_time":"2024-03-15T18:14:24+00:00","article_modified_time":"2024-03-15T18:17:10+00:00","og_image":[{"width":2000,"height":1333,"url":"https:\/\/blog.vida.at\/pensionisten\/wp-content\/uploads\/sites\/10\/2024\/03\/Bild-3-1.jpeg","type":"image\/jpeg"}],"author":"mariontobola","twitter_card":"summary_large_image","twitter_misc":{"Verfasst von":"mariontobola","Gesch\u00e4tzte Lesezeit":"2\u00a0Minuten"},"schema":{"@context":"https:\/\/schema.org","@graph":[{"@type":"Article","@id":"https:\/\/blog.vida.at\/pensionisten\/2024\/03\/15\/og-villach-rosenbach\/#article","isPartOf":{"@id":"https:\/\/blog.vida.at\/pensionisten\/2024\/03\/15\/og-villach-rosenbach\/"},"author":{"name":"mariontobola","@id":"https:\/\/blog.vida.at\/pensionisten\/#\/schema\/person\/88cee3ee93b9afdc51c92f5f63f38b8a"},"headline":"OG Villach\/Rosenbach","datePublished":"2024-03-15T18:14:24+00:00","dateModified":"2024-03-15T18:17:10+00:00","mainEntityOfPage":{"@id":"https:\/\/blog.vida.at\/pensionisten\/2024\/03\/15\/og-villach-rosenbach\/"},"wordCount":192,"commentCount":0,"image":{"@id":"https:\/\/blog.vida.at\/pensionisten\/2024\/03\/15\/og-villach-rosenbach\/#primaryimage"},"thumbnailUrl":"https:\/\/blog.vida.at\/pensionisten\/wp-content\/uploads\/sites\/10\/2024\/03\/Bild-3-1.jpeg","articleSection":{"1":"K\u00e4rnten","2":"OG Amstetten","3":"Ortsgruppen"},"inLanguage":"de","potentialAction":[{"@type":"CommentAction","name":"Comment","target":["https:\/\/blog.vida.at\/pensionisten\/2024\/03\/15\/og-villach-rosenbach\/#respond"]}]},{"@type":"WebPage","@id":"https:\/\/blog.vida.at\/pensionisten\/2024\/03\/15\/og-villach-rosenbach\/","url":"https:\/\/blog.vida.at\/pensionisten\/2024\/03\/15\/og-villach-rosenbach\/","name":"OG Villach\/Rosenbach","isPartOf":{"@id":"https:\/\/blog.vida.at\/pensionisten\/#website"},"primaryImageOfPage":{"@id":"https:\/\/blog.vida.at\/pensionisten\/2024\/03\/15\/og-villach-rosenbach\/#primaryimage"},"image":{"@id":"https:\/\/blog.vida.at\/pensionisten\/2024\/03\/15\/og-villach-rosenbach\/#primaryimage"},"thumbnailUrl":"https:\/\/blog.vida.at\/pensionisten\/wp-content\/uploads\/sites\/10\/2024\/03\/Bild-3-1.jpeg","datePublished":"2024-03-15T18:14:24+00:00","dateModified":"2024-03-15T18:17:10+00:00","author":{"@id":"https:\/\/blog.vida.at\/pensionisten\/#\/schema\/person\/88cee3ee93b9afdc51c92f5f63f38b8a"},"breadcrumb":{"@id":"https:\/\/blog.vida.at\/pensionisten\/2024\/03\/15\/og-villach-rosenbach\/#breadcrumb"},"inLanguage":"de","potentialAction":[{"@type":"ReadAction","target":["https:\/\/blog.vida.at\/pensionisten\/2024\/03\/15\/og-villach-rosenbach\/"]}]},{"@type":"ImageObject","inLanguage":"de","@id":"https:\/\/blog.vida.at\/pensionisten\/2024\/03\/15\/og-villach-rosenbach\/#primaryimage","url":"https:\/\/blog.vida.at\/pensionisten\/wp-content\/uploads\/sites\/10\/2024\/03\/Bild-3-1.jpeg","contentUrl":"https:\/\/blog.vida.at\/pensionisten\/wp-content\/uploads\/sites\/10\/2024\/03\/Bild-3-1.jpeg","width":2000,"height":1333},{"@type":"BreadcrumbList","@id":"https:\/\/blog.vida.at\/pensionisten\/2024\/03\/15\/og-villach-rosenbach\/#breadcrumb","itemListElement":[{"@type":"ListItem","position":1,"name":"Startseite","item":"https:\/\/blog.vida.at\/pensionisten\/"},{"@type":"ListItem","position":2,"name":"OG Villach\/Rosenbach"}]},{"@type":"WebSite","@id":"https:\/\/blog.vida.at\/pensionisten\/#website","url":"https:\/\/blog.vida.at\/pensionisten\/","name":"vida Pensionisten","description":"","potentialAction":[{"@type":"SearchAction","target":{"@type":"EntryPoint","urlTemplate":"https:\/\/blog.vida.at\/pensionisten\/?s={search_term_string}"},"query-input":{"@type":"PropertyValueSpecification","valueRequired":true,"valueName":"search_term_string"}}],"inLanguage":"de"},{"@type":"Person","@id":"https:\/\/blog.vida.at\/pensionisten\/#\/schema\/person\/88cee3ee93b9afdc51c92f5f63f38b8a","name":"mariontobola","image":{"@type":"ImageObject","inLanguage":"de","@id":"https:\/\/secure.gravatar.com\/avatar\/5d2c516985e4eda61bca05bd3b4359b4358135bd1e1a5b08c539e9cd1edd6528?s=96&d=mm&r=g","url":"https:\/\/secure.gravatar.com\/avatar\/5d2c516985e4eda61bca05bd3b4359b4358135bd1e1a5b08c539e9cd1edd6528?s=96&d=mm&r=g","contentUrl":"https:\/\/secure.gravatar.com\/avatar\/5d2c516985e4eda61bca05bd3b4359b4358135bd1e1a5b08c539e9cd1edd6528?s=96&d=mm&r=g","caption":"mariontobola"},"url":"https:\/\/blog.vida.at\/pensionisten\/author\/mariontobola\/"}]}},"author_meta":{"display_name":"mariontobola","author_link":"https:\/\/blog.vida.at\/pensionisten\/author\/mariontobola\/"},"featured_img":"https:\/\/blog.vida.at\/pensionisten\/wp-content\/uploads\/sites\/10\/2024\/03\/Bild-3-1-300x200.jpeg","featured_image_src":"https:\/\/blog.vida.at\/pensionisten\/wp-content\/uploads\/sites\/10\/2024\/03\/Bild-3-1-600x400.jpeg","featured_image_src_square":"https:\/\/blog.vida.at\/pensionisten\/wp-content\/uploads\/sites\/10\/2024\/03\/Bild-3-1-600x600.jpeg","uagb_featured_image_src":{"full":["https:\/\/blog.vida.at\/pensionisten\/wp-content\/uploads\/sites\/10\/2024\/03\/Bild-3-1.jpeg",2000,1333,false],"thumbnail":["https:\/\/blog.vida.at\/pensionisten\/wp-content\/uploads\/sites\/10\/2024\/03\/Bild-3-1-150x150.jpeg",150,150,true],"medium":["https:\/\/blog.vida.at\/pensionisten\/wp-content\/uploads\/sites\/10\/2024\/03\/Bild-3-1-300x200.jpeg",300,200,true],"medium_large":["https:\/\/blog.vida.at\/pensionisten\/wp-content\/uploads\/sites\/10\/2024\/03\/Bild-3-1-768x512.jpeg",640,427,true],"large":["https:\/\/blog.vida.at\/pensionisten\/wp-content\/uploads\/sites\/10\/2024\/03\/Bild-3-1-1024x682.jpeg",640,426,true],"1536x1536":["https:\/\/blog.vida.at\/pensionisten\/wp-content\/uploads\/sites\/10\/2024\/03\/Bild-3-1-1536x1024.jpeg",1536,1024,true],"2048x2048":["https:\/\/blog.vida.at\/pensionisten\/wp-content\/uploads\/sites\/10\/2024\/03\/Bild-3-1.jpeg",2000,1333,false],"ab-block-post-grid-landscape":["https:\/\/blog.vida.at\/pensionisten\/wp-content\/uploads\/sites\/10\/2024\/03\/Bild-3-1-600x400.jpeg",600,400,true],"ab-block-post-grid-square":["https:\/\/blog.vida.at\/pensionisten\/wp-content\/uploads\/sites\/10\/2024\/03\/Bild-3-1-600x600.jpeg",600,600,true],"post-thumbnail":["https:\/\/blog.vida.at\/pensionisten\/wp-content\/uploads\/sites\/10\/2024\/03\/Bild-3-1-1568x1045.jpeg",1568,1045,true],"awb_sm":["https:\/\/blog.vida.at\/pensionisten\/wp-content\/uploads\/sites\/10\/2024\/03\/Bild-3-1-500x333.jpeg",500,333,true],"awb_md":["https:\/\/blog.vida.at\/pensionisten\/wp-content\/uploads\/sites\/10\/2024\/03\/Bild-3-1-800x533.jpeg",800,533,true],"awb_lg":["https:\/\/blog.vida.at\/pensionisten\/wp-content\/uploads\/sites\/10\/2024\/03\/Bild-3-1-1280x853.jpeg",1280,853,true],"awb_xl":["https:\/\/blog.vida.at\/pensionisten\/wp-content\/uploads\/sites\/10\/2024\/03\/Bild-3-1-1920x1280.jpeg",1920,1280,true]},"uagb_author_info":{"display_name":"mariontobola","author_link":"https:\/\/blog.vida.at\/pensionisten\/author\/mariontobola\/"},"uagb_comment_info":0,"uagb_excerpt":"Das war unsere Mitgliederversammlung 2024.","coauthors":[],"tax_additional":{"categories":{"linked":["<a href=\"https:\/\/blog.vida.at\/pensionisten\/category\/allgemein\/\" class=\"advgb-post-tax-term\">Allgemein<\/a>","<a href=\"https:\/\/blog.vida.at\/pensionisten\/category\/ortsgruppen\/kaernten\/\" class=\"advgb-post-tax-term\">K\u00e4rnten<\/a>","<a href=\"https:\/\/blog.vida.at\/pensionisten\/category\/ortsgruppen\/niederoesterreich\/og-amstetten\/\" class=\"advgb-post-tax-term\">OG Amstetten<\/a>","<a href=\"https:\/\/blog.vida.at\/pensionisten\/category\/ortsgruppen\/\" class=\"advgb-post-tax-term\">Ortsgruppen<\/a>"],"unlinked":["<span class=\"advgb-post-tax-term\">Allgemein<\/span>","<span class=\"advgb-post-tax-term\">K\u00e4rnten<\/span>","<span class=\"advgb-post-tax-term\">OG Amstetten<\/span>","<span class=\"advgb-post-tax-term\">Ortsgruppen<\/span>"]}},"comment_count":"0","relative_dates":{"created":"Ver\u00f6ffentlicht 2\u00a0Jahren vor","modified":"Aktualisiert 2\u00a0Jahren vor"},"absolute_dates":{"created":"Ver\u00f6ffentlicht am 15. M\u00e4rz 2024","modified":"Aktualisiert am 15. M\u00e4rz 2024"},"absolute_dates_time":{"created":"Ver\u00f6ffentlicht am 15. M\u00e4rz 2024 19:14","modified":"Aktualisiert am 15. M\u00e4rz 2024 19:17"},"featured_img_caption":"","series_order":"","_links":{"self":[{"href":"https:\/\/blog.vida.at\/pensionisten\/wp-json\/wp\/v2\/posts\/8476","targetHints":{"allow":["GET"]}}],"collection":[{"href":"https:\/\/blog.vida.at\/pensionisten\/wp-json\/wp\/v2\/posts"}],"about":[{"href":"https:\/\/blog.vida.at\/pensionisten\/wp-json\/wp\/v2\/types\/post"}],"author":[{"embeddable":true,"href":"https:\/\/blog.vida.at\/pensionisten\/wp-json\/wp\/v2\/users\/8"}],"replies":[{"embeddable":true,"href":"https:\/\/blog.vida.at\/pensionisten\/wp-json\/wp\/v2\/comments?post=8476"}],"version-history":[{"count":5,"href":"https:\/\/blog.vida.at\/pensionisten\/wp-json\/wp\/v2\/posts\/8476\/revisions"}],"predecessor-version":[{"id":8486,"href":"https:\/\/blog.vida.at\/pensionisten\/wp-json\/wp\/v2\/posts\/8476\/revisions\/8486"}],"wp:featuredmedia":[{"embeddable":true,"href":"https:\/\/blog.vida.at\/pensionisten\/wp-json\/wp\/v2\/media\/8481"}],"wp:attachment":[{"href":"https:\/\/blog.vida.at\/pensionisten\/wp-json\/wp\/v2\/media?parent=8476"}],"wp:term":[{"taxonomy":"category","embeddable":true,"href":"https:\/\/blog.vida.at\/pensionisten\/wp-json\/wp\/v2\/categories?post=8476"},{"taxonomy":"post_tag","embeddable":true,"href":"https:\/\/blog.vida.at\/pensionisten\/wp-json\/wp\/v2\/tags?post=8476"},{"taxonomy":"Orte","embeddable":true,"href":"https:\/\/blog.vida.at\/pensionisten\/wp-json\/wp\/v2\/Orte?post=8476"},{"taxonomy":"activitytype","embeddable":true,"href":"https:\/\/blog.vida.at\/pensionisten\/wp-json\/wp\/v2\/activitytype?post=8476"}],"curies":[{"name":"wp","href":"https:\/\/api.w.org\/{rel}","templated":true}]}}