
{"id":848,"date":"2020-09-24T16:28:17","date_gmt":"2020-09-24T14:28:17","guid":{"rendered":"http:\/\/blog.vida.at\/pensionisten\/?p=848"},"modified":"2020-10-13T16:50:21","modified_gmt":"2020-10-13T14:50:21","slug":"equal-pension-day-2020","status":"publish","type":"post","link":"https:\/\/blog.vida.at\/pensionisten\/2020\/09\/24\/equal-pension-day-2020\/","title":{"rendered":"Equal Pension Day 2020"},"content":{"rendered":"\n<h3 class=\"wp-block-heading\">Kinderkriegen darf nicht zur Falle werden!<\/h3>\n\n\n\n<p>Heute, am 30. Juli, ist der Tag, an&nbsp;dem M\u00e4nner in \u00d6sterreich bereits so viel Pension bekommen haben, wie Frauen erst bis Jahresende erhalten werden. Auch wenn im Vergleich zum Vorjahr ein Tag gewonnen wurde, ist die Lage weiterhin bedenklich und inakzeptabel. Elisabeth Vondrasek, Vorsitzende der vida-Frauen und stellvertretene vida-Vorsitzende, spricht im Interview dar\u00fcber, wie man den Frauen helfen kann und warum der Equal Pension Day so wichtig ist.<\/p>\n\n\n\n<!--more-->\n\n\n\n<p><\/p>\n\n\n\n<p><strong>Heute ist der Equal Pension Day: Warum gibt es den Tag und warum ist der Tag so wichtig?<\/strong><\/p>\n\n\n\n<p><strong>Elisabeth Vondrasek: <\/strong><em>\u201eHeute ist der Tag, an dem M\u00e4nner in \u00d6sterreich bereits so viel an Pension bekommen haben, wie Frauen im gesamten Jahr erhalten. Im Vergleich zum Vorjahr hat sich Nieder\u00f6sterreich dabei um zwei Tage verbessert. Es ist noch immer so, dass die Pensionen von M\u00e4nnern im Durchschnitt deutlich h\u00f6her sind als die von Frauen, die Spitze liegt bei 42 Prozent Differenz. So etwas ist nat\u00fcrlich inakzeptabel und es gilt, darauf \u00f6ffentlich hinzuweisen.\u201c<\/em><\/p>\n\n\n\n<p><strong>Warum gibt es solche Unterschiede? <\/strong><\/p>\n\n\n\n<p><strong>Elisabeth Vondrasek: <\/strong><em>\u201eDaf\u00fcr gibt es mehrere Gr\u00fcnde. Einerseits ist es so, dass viele Frauen mehrere Jahre lang in Teilzeit oder in schlechter bezahlten Jobs arbeiten. Dazu kommt dann noch, dass viele Frauen eine Berufspause einlegen, um sich um die Kinder und die Familie zu k\u00fcmmern. Auch das Pflegen von Angeh\u00f6ren ist da ein Thema.\u201c<\/em><\/p>\n\n\n\n<p><strong>Hei\u00dft das im Umkehrschluss, dass das Gr\u00fcnden einer Familie f\u00fcr die Frau sp\u00e4ter Nachteile hat? <\/strong><\/p>\n\n\n\n<p><strong>Elisabeth Vondrasek: <\/strong><em>\u201eJa, das kann man so sagen, es darf aber keinesfalls so sein, dass Kinderkriegen zur Falle wird. Die Regierung ist hier gefordert. Es passt nicht zusammen, dass wir einerseits davon reden, dass die Kinder unsere Zukunft sind, auf der anderen Seite legen wir den Frauen und damit&nbsp;Familien Steine in den Weg, wo sie es sich dann \u00fcberlegen m\u00fcssen, ob sie Kinder bekommen wollen.\u201c<\/em><\/p>\n\n\n\n<p><strong>Hat die Corona-Krise die Situation von Frauen weiter versch\u00e4rft?<\/strong><\/p>\n\n\n\n<p><strong>Elisabeth Vondrasek:<\/strong><em> \u201eJa und nein, am Beginn der Krise waren M\u00e4nner deutlicher von Arbeitslosigkeit und Kurzarbeit betroffen. Der Unterschied ist aber, dass es bei Frauen \u00f6fter jene trifft, die gute Qualifikationen haben. Laut Wiener Zeitung sind die 64.000, die im Juni im Vergleich zu Februar mehr arbeitslos waren, zu 85 Prozent weiblich.\u201c<\/em><\/p>\n\n\n\n<p><strong>Was muss die Regierung tun, um den Equal Pension Day der Vergangenheit angeh\u00f6ren zu lassen?&nbsp;<\/strong><\/p>\n\n\n\n<p><strong>Elisabeth Vondrasek: <\/strong><em>\u201eWichtigste Forderung unsererseits ist die stufenweise Verl\u00e4ngerung der Anrechnung der Kindererziehungszeiten bis zum 8. Lebensjahr des Kindes, statt bisher bis zum 4. Lebensjahr. Unser neues Modell w\u00fcrde Frauen insgesamt 175,40 Euro mehr im Monat bringen.\u201c<\/em><\/p>\n\n\n\n<p><\/p>\n\n\n\n<figure class=\"wp-block-embed-youtube wp-block-embed is-type-video is-provider-youtube wp-embed-aspect-16-9 wp-has-aspect-ratio\"><div class=\"wp-block-embed__wrapper\">\n<iframe loading=\"lazy\" title=\"Die stellvertretende Vorsitzende der Gewerkschaft vida, Elisabeth Vondrasek, zum Equal Pension Day\" width=\"640\" height=\"360\" src=\"https:\/\/www.youtube.com\/embed\/7H-oyR9-wrA?feature=oembed\" frameborder=\"0\" allow=\"accelerometer; autoplay; clipboard-write; encrypted-media; gyroscope; picture-in-picture; web-share\" referrerpolicy=\"strict-origin-when-cross-origin\" allowfullscreen><\/iframe>\n<\/div><\/figure>\n\n\n\n<div class=\"wp-block-buttons is-layout-flex wp-block-buttons-is-layout-flex\">\n<div class=\"wp-block-button\"><a class=\"wp-block-button__link\" href=\"https:\/\/www.oegb.at\/cms\/S06\/S06_0.a\/1342634110128\/home\/frauen-bekommen-42-weniger-pension-als-maenner\" target=\"_blank\" rel=\"noreferrer noopener\">&gt;&gt;&gt; Frauen bekommen 42% weniger Pension als M\u00e4nner<\/a><\/div>\n<\/div>\n\n\n\n<p><\/p>\n","protected":false},"excerpt":{"rendered":"<p>Kinderkriegen darf nicht zur Falle werden! Heute, am 30. Juli, ist der Tag, an&nbsp;dem M\u00e4nner in \u00d6sterreich bereits so viel Pension bekommen haben, wie Frauen erst bis Jahresende erhalten werden. Auch wenn im Vergleich zum Vorjahr ein Tag gewonnen wurde, ist die Lage weiterhin bedenklich und inakzeptabel. Elisabeth Vondrasek, Vorsitzende der vida-Frauen und stellvertretene vida-Vorsitzende, &hellip; <\/p>\n<p class=\"link-more\"><a href=\"https:\/\/blog.vida.at\/pensionisten\/2020\/09\/24\/equal-pension-day-2020\/\" class=\"more-link\"><span class=\"screen-reader-text\">\u201eEqual Pension Day 2020\u201c <\/span>weiterlesen<\/a><\/p>\n","protected":false},"author":5,"featured_media":849,"comment_status":"open","ping_status":"open","sticky":false,"template":"","format":"standard","meta":{"_uag_custom_page_level_css":"","advgb_blocks_editor_width":"","advgb_blocks_columns_visual_guide":"","footnotes":""},"categories":[4,1,32],"tags":[],"Orte":[],"activitytype":[],"class_list":["post-848","post","type-post","status-publish","format-standard","has-post-thumbnail","hentry","category-aktuelles","category-allgemein","category-top-aktuelles","entry"],"featured_image_urls":{"full":["https:\/\/blog.vida.at\/pensionisten\/wp-content\/uploads\/sites\/10\/2020\/09\/Unbenannt.png",900,600,false],"thumbnail":["https:\/\/blog.vida.at\/pensionisten\/wp-content\/uploads\/sites\/10\/2020\/09\/Unbenannt-150x150.png",150,150,true],"medium":["https:\/\/blog.vida.at\/pensionisten\/wp-content\/uploads\/sites\/10\/2020\/09\/Unbenannt-300x200.png",300,200,true],"medium_large":["https:\/\/blog.vida.at\/pensionisten\/wp-content\/uploads\/sites\/10\/2020\/09\/Unbenannt-768x512.png",640,427,true],"large":["https:\/\/blog.vida.at\/pensionisten\/wp-content\/uploads\/sites\/10\/2020\/09\/Unbenannt.png",640,427,false],"1536x1536":["https:\/\/blog.vida.at\/pensionisten\/wp-content\/uploads\/sites\/10\/2020\/09\/Unbenannt.png",900,600,false],"2048x2048":["https:\/\/blog.vida.at\/pensionisten\/wp-content\/uploads\/sites\/10\/2020\/09\/Unbenannt.png",900,600,false],"ab-block-post-grid-landscape":["https:\/\/blog.vida.at\/pensionisten\/wp-content\/uploads\/sites\/10\/2020\/09\/Unbenannt-600x400.png",600,400,true],"ab-block-post-grid-square":["https:\/\/blog.vida.at\/pensionisten\/wp-content\/uploads\/sites\/10\/2020\/09\/Unbenannt-600x600.png",600,600,true],"post-thumbnail":["https:\/\/blog.vida.at\/pensionisten\/wp-content\/uploads\/sites\/10\/2020\/09\/Unbenannt.png",900,600,false],"awb_sm":["https:\/\/blog.vida.at\/pensionisten\/wp-content\/uploads\/sites\/10\/2020\/09\/Unbenannt-500x333.png",500,333,true],"awb_md":["https:\/\/blog.vida.at\/pensionisten\/wp-content\/uploads\/sites\/10\/2020\/09\/Unbenannt-800x533.png",800,533,true],"awb_lg":["https:\/\/blog.vida.at\/pensionisten\/wp-content\/uploads\/sites\/10\/2020\/09\/Unbenannt.png",900,600,false],"awb_xl":["https:\/\/blog.vida.at\/pensionisten\/wp-content\/uploads\/sites\/10\/2020\/09\/Unbenannt.png",900,600,false]},"post_excerpt_stackable":"<p>Kinderkriegen darf nicht zur Falle werden! Heute, am 30. Juli, ist der Tag, an&nbsp;dem M\u00e4nner in \u00d6sterreich bereits so viel Pension bekommen haben, wie Frauen erst bis Jahresende erhalten werden. Auch wenn im Vergleich zum Vorjahr ein Tag gewonnen wurde, ist die Lage weiterhin bedenklich und inakzeptabel. Elisabeth Vondrasek, Vorsitzende der vida-Frauen und stellvertretene vida-Vorsitzende, spricht im Interview dar\u00fcber, wie man den Frauen helfen kann und warum der Equal Pension Day so wichtig ist. Heute ist der Equal Pension Day: Warum gibt es den Tag und warum ist der Tag so wichtig? Elisabeth Vondrasek: \u201eHeute ist der Tag, an dem&hellip;<\/p>\n","category_list":"<a href=\"https:\/\/blog.vida.at\/pensionisten\/category\/aktuelles\/\" rel=\"category tag\">Aktuelles<\/a>, <a href=\"https:\/\/blog.vida.at\/pensionisten\/category\/allgemein\/\" rel=\"category tag\">Allgemein<\/a>, <a href=\"https:\/\/blog.vida.at\/pensionisten\/category\/top-aktuelles\/\" rel=\"category tag\">Top Aktuelles<\/a>","author_info":{"display_name":"michaelafeik","author_link":"https:\/\/blog.vida.at\/pensionisten\/author\/michaelafeik\/"},"comments_num":"0 comments","featured_image_urls_v2":{"full":["https:\/\/blog.vida.at\/pensionisten\/wp-content\/uploads\/sites\/10\/2020\/09\/Unbenannt.png",900,600,false],"thumbnail":["https:\/\/blog.vida.at\/pensionisten\/wp-content\/uploads\/sites\/10\/2020\/09\/Unbenannt-150x150.png",150,150,true],"medium":["https:\/\/blog.vida.at\/pensionisten\/wp-content\/uploads\/sites\/10\/2020\/09\/Unbenannt-300x200.png",300,200,true],"medium_large":["https:\/\/blog.vida.at\/pensionisten\/wp-content\/uploads\/sites\/10\/2020\/09\/Unbenannt-768x512.png",640,427,true],"large":["https:\/\/blog.vida.at\/pensionisten\/wp-content\/uploads\/sites\/10\/2020\/09\/Unbenannt.png",640,427,false],"1536x1536":["https:\/\/blog.vida.at\/pensionisten\/wp-content\/uploads\/sites\/10\/2020\/09\/Unbenannt.png",900,600,false],"2048x2048":["https:\/\/blog.vida.at\/pensionisten\/wp-content\/uploads\/sites\/10\/2020\/09\/Unbenannt.png",900,600,false],"ab-block-post-grid-landscape":["https:\/\/blog.vida.at\/pensionisten\/wp-content\/uploads\/sites\/10\/2020\/09\/Unbenannt-600x400.png",600,400,true],"ab-block-post-grid-square":["https:\/\/blog.vida.at\/pensionisten\/wp-content\/uploads\/sites\/10\/2020\/09\/Unbenannt-600x600.png",600,600,true],"post-thumbnail":["https:\/\/blog.vida.at\/pensionisten\/wp-content\/uploads\/sites\/10\/2020\/09\/Unbenannt.png",900,600,false],"awb_sm":["https:\/\/blog.vida.at\/pensionisten\/wp-content\/uploads\/sites\/10\/2020\/09\/Unbenannt-500x333.png",500,333,true],"awb_md":["https:\/\/blog.vida.at\/pensionisten\/wp-content\/uploads\/sites\/10\/2020\/09\/Unbenannt-800x533.png",800,533,true],"awb_lg":["https:\/\/blog.vida.at\/pensionisten\/wp-content\/uploads\/sites\/10\/2020\/09\/Unbenannt.png",900,600,false],"awb_xl":["https:\/\/blog.vida.at\/pensionisten\/wp-content\/uploads\/sites\/10\/2020\/09\/Unbenannt.png",900,600,false]},"post_excerpt_stackable_v2":"<p>Kinderkriegen darf nicht zur Falle werden! Heute, am 30. Juli, ist der Tag, an&nbsp;dem M\u00e4nner in \u00d6sterreich bereits so viel Pension bekommen haben, wie Frauen erst bis Jahresende erhalten werden. Auch wenn im Vergleich zum Vorjahr ein Tag gewonnen wurde, ist die Lage weiterhin bedenklich und inakzeptabel. Elisabeth Vondrasek, Vorsitzende der vida-Frauen und stellvertretene vida-Vorsitzende, spricht im Interview dar\u00fcber, wie man den Frauen helfen kann und warum der Equal Pension Day so wichtig ist. Heute ist der Equal Pension Day: Warum gibt es den Tag und warum ist der Tag so wichtig? Elisabeth Vondrasek: \u201eHeute ist der Tag, an dem&hellip;<\/p>\n","category_list_v2":"<a href=\"https:\/\/blog.vida.at\/pensionisten\/category\/aktuelles\/\" rel=\"category tag\">Aktuelles<\/a>, <a href=\"https:\/\/blog.vida.at\/pensionisten\/category\/allgemein\/\" rel=\"category tag\">Allgemein<\/a>, <a href=\"https:\/\/blog.vida.at\/pensionisten\/category\/top-aktuelles\/\" rel=\"category tag\">Top Aktuelles<\/a>","author_info_v2":{"name":"michaelafeik","url":"https:\/\/blog.vida.at\/pensionisten\/author\/michaelafeik\/"},"comments_num_v2":"0 comments","yoast_head":"<!-- This site is optimized with the Yoast SEO plugin v27.3 - https:\/\/yoast.com\/product\/yoast-seo-wordpress\/ -->\n<title>Equal Pension Day 2020<\/title>\n<meta name=\"robots\" content=\"index, follow, max-snippet:-1, max-image-preview:large, max-video-preview:-1\" \/>\n<link rel=\"canonical\" href=\"https:\/\/blog.vida.at\/pensionisten\/2020\/09\/24\/equal-pension-day-2020\/\" \/>\n<meta property=\"og:locale\" content=\"de_DE\" \/>\n<meta property=\"og:type\" content=\"article\" \/>\n<meta property=\"og:title\" content=\"Equal Pension Day 2020\" \/>\n<meta property=\"og:description\" content=\"Kinderkriegen darf nicht zur Falle werden! Heute, am 30. Juli, ist der Tag, an&nbsp;dem M\u00e4nner in \u00d6sterreich bereits so viel Pension bekommen haben, wie Frauen erst bis Jahresende erhalten werden. Auch wenn im Vergleich zum Vorjahr ein Tag gewonnen wurde, ist die Lage weiterhin bedenklich und inakzeptabel. Elisabeth Vondrasek, Vorsitzende der vida-Frauen und stellvertretene vida-Vorsitzende, &hellip; \u201eEqual Pension Day 2020\u201c weiterlesen\" \/>\n<meta property=\"og:url\" content=\"https:\/\/blog.vida.at\/pensionisten\/2020\/09\/24\/equal-pension-day-2020\/\" \/>\n<meta property=\"og:site_name\" content=\"vida Pensionisten\" \/>\n<meta property=\"article:published_time\" content=\"2020-09-24T14:28:17+00:00\" \/>\n<meta property=\"article:modified_time\" content=\"2020-10-13T14:50:21+00:00\" \/>\n<meta property=\"og:image\" content=\"https:\/\/blog.vida.at\/pensionisten\/wp-content\/uploads\/sites\/10\/2020\/09\/Unbenannt.png\" \/>\n\t<meta property=\"og:image:width\" content=\"900\" \/>\n\t<meta property=\"og:image:height\" content=\"600\" \/>\n\t<meta property=\"og:image:type\" content=\"image\/png\" \/>\n<meta name=\"author\" content=\"michaelafeik\" \/>\n<meta name=\"twitter:card\" content=\"summary_large_image\" \/>\n<meta name=\"twitter:label1\" content=\"Verfasst von\" \/>\n\t<meta name=\"twitter:data1\" content=\"michaelafeik\" \/>\n\t<meta name=\"twitter:label2\" content=\"Gesch\u00e4tzte Lesezeit\" \/>\n\t<meta name=\"twitter:data2\" content=\"2\u00a0Minuten\" \/>\n<script type=\"application\/ld+json\" class=\"yoast-schema-graph\">{\"@context\":\"https:\\\/\\\/schema.org\",\"@graph\":[{\"@type\":\"Article\",\"@id\":\"https:\\\/\\\/blog.vida.at\\\/pensionisten\\\/2020\\\/09\\\/24\\\/equal-pension-day-2020\\\/#article\",\"isPartOf\":{\"@id\":\"https:\\\/\\\/blog.vida.at\\\/pensionisten\\\/2020\\\/09\\\/24\\\/equal-pension-day-2020\\\/\"},\"author\":{\"name\":\"michaelafeik\",\"@id\":\"https:\\\/\\\/blog.vida.at\\\/pensionisten\\\/#\\\/schema\\\/person\\\/2cea9cf3d58cf9334410ed5d6feb8a56\"},\"headline\":\"Equal Pension Day 2020\",\"datePublished\":\"2020-09-24T14:28:17+00:00\",\"dateModified\":\"2020-10-13T14:50:21+00:00\",\"mainEntityOfPage\":{\"@id\":\"https:\\\/\\\/blog.vida.at\\\/pensionisten\\\/2020\\\/09\\\/24\\\/equal-pension-day-2020\\\/\"},\"wordCount\":454,\"commentCount\":0,\"image\":{\"@id\":\"https:\\\/\\\/blog.vida.at\\\/pensionisten\\\/2020\\\/09\\\/24\\\/equal-pension-day-2020\\\/#primaryimage\"},\"thumbnailUrl\":\"https:\\\/\\\/blog.vida.at\\\/pensionisten\\\/wp-content\\\/uploads\\\/sites\\\/10\\\/2020\\\/09\\\/Unbenannt.png\",\"articleSection\":{\"0\":\"Aktuelles\",\"2\":\"Top Aktuelles\"},\"inLanguage\":\"de\",\"potentialAction\":[{\"@type\":\"CommentAction\",\"name\":\"Comment\",\"target\":[\"https:\\\/\\\/blog.vida.at\\\/pensionisten\\\/2020\\\/09\\\/24\\\/equal-pension-day-2020\\\/#respond\"]}]},{\"@type\":\"WebPage\",\"@id\":\"https:\\\/\\\/blog.vida.at\\\/pensionisten\\\/2020\\\/09\\\/24\\\/equal-pension-day-2020\\\/\",\"url\":\"https:\\\/\\\/blog.vida.at\\\/pensionisten\\\/2020\\\/09\\\/24\\\/equal-pension-day-2020\\\/\",\"name\":\"Equal Pension Day 2020\",\"isPartOf\":{\"@id\":\"https:\\\/\\\/blog.vida.at\\\/pensionisten\\\/#website\"},\"primaryImageOfPage\":{\"@id\":\"https:\\\/\\\/blog.vida.at\\\/pensionisten\\\/2020\\\/09\\\/24\\\/equal-pension-day-2020\\\/#primaryimage\"},\"image\":{\"@id\":\"https:\\\/\\\/blog.vida.at\\\/pensionisten\\\/2020\\\/09\\\/24\\\/equal-pension-day-2020\\\/#primaryimage\"},\"thumbnailUrl\":\"https:\\\/\\\/blog.vida.at\\\/pensionisten\\\/wp-content\\\/uploads\\\/sites\\\/10\\\/2020\\\/09\\\/Unbenannt.png\",\"datePublished\":\"2020-09-24T14:28:17+00:00\",\"dateModified\":\"2020-10-13T14:50:21+00:00\",\"author\":{\"@id\":\"https:\\\/\\\/blog.vida.at\\\/pensionisten\\\/#\\\/schema\\\/person\\\/2cea9cf3d58cf9334410ed5d6feb8a56\"},\"breadcrumb\":{\"@id\":\"https:\\\/\\\/blog.vida.at\\\/pensionisten\\\/2020\\\/09\\\/24\\\/equal-pension-day-2020\\\/#breadcrumb\"},\"inLanguage\":\"de\",\"potentialAction\":[{\"@type\":\"ReadAction\",\"target\":[\"https:\\\/\\\/blog.vida.at\\\/pensionisten\\\/2020\\\/09\\\/24\\\/equal-pension-day-2020\\\/\"]}]},{\"@type\":\"ImageObject\",\"inLanguage\":\"de\",\"@id\":\"https:\\\/\\\/blog.vida.at\\\/pensionisten\\\/2020\\\/09\\\/24\\\/equal-pension-day-2020\\\/#primaryimage\",\"url\":\"https:\\\/\\\/blog.vida.at\\\/pensionisten\\\/wp-content\\\/uploads\\\/sites\\\/10\\\/2020\\\/09\\\/Unbenannt.png\",\"contentUrl\":\"https:\\\/\\\/blog.vida.at\\\/pensionisten\\\/wp-content\\\/uploads\\\/sites\\\/10\\\/2020\\\/09\\\/Unbenannt.png\",\"width\":900,\"height\":600,\"caption\":\"kasto\\\/Adobe stock\"},{\"@type\":\"BreadcrumbList\",\"@id\":\"https:\\\/\\\/blog.vida.at\\\/pensionisten\\\/2020\\\/09\\\/24\\\/equal-pension-day-2020\\\/#breadcrumb\",\"itemListElement\":[{\"@type\":\"ListItem\",\"position\":1,\"name\":\"Startseite\",\"item\":\"https:\\\/\\\/blog.vida.at\\\/pensionisten\\\/\"},{\"@type\":\"ListItem\",\"position\":2,\"name\":\"Equal Pension Day 2020\"}]},{\"@type\":\"WebSite\",\"@id\":\"https:\\\/\\\/blog.vida.at\\\/pensionisten\\\/#website\",\"url\":\"https:\\\/\\\/blog.vida.at\\\/pensionisten\\\/\",\"name\":\"vida Pensionisten\",\"description\":\"\",\"potentialAction\":[{\"@type\":\"SearchAction\",\"target\":{\"@type\":\"EntryPoint\",\"urlTemplate\":\"https:\\\/\\\/blog.vida.at\\\/pensionisten\\\/?s={search_term_string}\"},\"query-input\":{\"@type\":\"PropertyValueSpecification\",\"valueRequired\":true,\"valueName\":\"search_term_string\"}}],\"inLanguage\":\"de\"},{\"@type\":\"Person\",\"@id\":\"https:\\\/\\\/blog.vida.at\\\/pensionisten\\\/#\\\/schema\\\/person\\\/2cea9cf3d58cf9334410ed5d6feb8a56\",\"name\":\"michaelafeik\",\"image\":{\"@type\":\"ImageObject\",\"inLanguage\":\"de\",\"@id\":\"https:\\\/\\\/secure.gravatar.com\\\/avatar\\\/03d8da787452696abe6f1e2aedabdf17f0d62a0779c9ed004162282155b35ea3?s=96&d=mm&r=g\",\"url\":\"https:\\\/\\\/secure.gravatar.com\\\/avatar\\\/03d8da787452696abe6f1e2aedabdf17f0d62a0779c9ed004162282155b35ea3?s=96&d=mm&r=g\",\"contentUrl\":\"https:\\\/\\\/secure.gravatar.com\\\/avatar\\\/03d8da787452696abe6f1e2aedabdf17f0d62a0779c9ed004162282155b35ea3?s=96&d=mm&r=g\",\"caption\":\"michaelafeik\"},\"url\":\"https:\\\/\\\/blog.vida.at\\\/pensionisten\\\/author\\\/michaelafeik\\\/\"}]}<\/script>\n<!-- \/ Yoast SEO plugin. -->","yoast_head_json":{"title":"Equal Pension Day 2020","robots":{"index":"index","follow":"follow","max-snippet":"max-snippet:-1","max-image-preview":"max-image-preview:large","max-video-preview":"max-video-preview:-1"},"canonical":"https:\/\/blog.vida.at\/pensionisten\/2020\/09\/24\/equal-pension-day-2020\/","og_locale":"de_DE","og_type":"article","og_title":"Equal Pension Day 2020","og_description":"Kinderkriegen darf nicht zur Falle werden! Heute, am 30. Juli, ist der Tag, an&nbsp;dem M\u00e4nner in \u00d6sterreich bereits so viel Pension bekommen haben, wie Frauen erst bis Jahresende erhalten werden. Auch wenn im Vergleich zum Vorjahr ein Tag gewonnen wurde, ist die Lage weiterhin bedenklich und inakzeptabel. Elisabeth Vondrasek, Vorsitzende der vida-Frauen und stellvertretene vida-Vorsitzende, &hellip; \u201eEqual Pension Day 2020\u201c weiterlesen","og_url":"https:\/\/blog.vida.at\/pensionisten\/2020\/09\/24\/equal-pension-day-2020\/","og_site_name":"vida Pensionisten","article_published_time":"2020-09-24T14:28:17+00:00","article_modified_time":"2020-10-13T14:50:21+00:00","og_image":[{"width":900,"height":600,"url":"https:\/\/blog.vida.at\/pensionisten\/wp-content\/uploads\/sites\/10\/2020\/09\/Unbenannt.png","type":"image\/png"}],"author":"michaelafeik","twitter_card":"summary_large_image","twitter_misc":{"Verfasst von":"michaelafeik","Gesch\u00e4tzte Lesezeit":"2\u00a0Minuten"},"schema":{"@context":"https:\/\/schema.org","@graph":[{"@type":"Article","@id":"https:\/\/blog.vida.at\/pensionisten\/2020\/09\/24\/equal-pension-day-2020\/#article","isPartOf":{"@id":"https:\/\/blog.vida.at\/pensionisten\/2020\/09\/24\/equal-pension-day-2020\/"},"author":{"name":"michaelafeik","@id":"https:\/\/blog.vida.at\/pensionisten\/#\/schema\/person\/2cea9cf3d58cf9334410ed5d6feb8a56"},"headline":"Equal Pension Day 2020","datePublished":"2020-09-24T14:28:17+00:00","dateModified":"2020-10-13T14:50:21+00:00","mainEntityOfPage":{"@id":"https:\/\/blog.vida.at\/pensionisten\/2020\/09\/24\/equal-pension-day-2020\/"},"wordCount":454,"commentCount":0,"image":{"@id":"https:\/\/blog.vida.at\/pensionisten\/2020\/09\/24\/equal-pension-day-2020\/#primaryimage"},"thumbnailUrl":"https:\/\/blog.vida.at\/pensionisten\/wp-content\/uploads\/sites\/10\/2020\/09\/Unbenannt.png","articleSection":{"0":"Aktuelles","2":"Top Aktuelles"},"inLanguage":"de","potentialAction":[{"@type":"CommentAction","name":"Comment","target":["https:\/\/blog.vida.at\/pensionisten\/2020\/09\/24\/equal-pension-day-2020\/#respond"]}]},{"@type":"WebPage","@id":"https:\/\/blog.vida.at\/pensionisten\/2020\/09\/24\/equal-pension-day-2020\/","url":"https:\/\/blog.vida.at\/pensionisten\/2020\/09\/24\/equal-pension-day-2020\/","name":"Equal Pension Day 2020","isPartOf":{"@id":"https:\/\/blog.vida.at\/pensionisten\/#website"},"primaryImageOfPage":{"@id":"https:\/\/blog.vida.at\/pensionisten\/2020\/09\/24\/equal-pension-day-2020\/#primaryimage"},"image":{"@id":"https:\/\/blog.vida.at\/pensionisten\/2020\/09\/24\/equal-pension-day-2020\/#primaryimage"},"thumbnailUrl":"https:\/\/blog.vida.at\/pensionisten\/wp-content\/uploads\/sites\/10\/2020\/09\/Unbenannt.png","datePublished":"2020-09-24T14:28:17+00:00","dateModified":"2020-10-13T14:50:21+00:00","author":{"@id":"https:\/\/blog.vida.at\/pensionisten\/#\/schema\/person\/2cea9cf3d58cf9334410ed5d6feb8a56"},"breadcrumb":{"@id":"https:\/\/blog.vida.at\/pensionisten\/2020\/09\/24\/equal-pension-day-2020\/#breadcrumb"},"inLanguage":"de","potentialAction":[{"@type":"ReadAction","target":["https:\/\/blog.vida.at\/pensionisten\/2020\/09\/24\/equal-pension-day-2020\/"]}]},{"@type":"ImageObject","inLanguage":"de","@id":"https:\/\/blog.vida.at\/pensionisten\/2020\/09\/24\/equal-pension-day-2020\/#primaryimage","url":"https:\/\/blog.vida.at\/pensionisten\/wp-content\/uploads\/sites\/10\/2020\/09\/Unbenannt.png","contentUrl":"https:\/\/blog.vida.at\/pensionisten\/wp-content\/uploads\/sites\/10\/2020\/09\/Unbenannt.png","width":900,"height":600,"caption":"kasto\/Adobe stock"},{"@type":"BreadcrumbList","@id":"https:\/\/blog.vida.at\/pensionisten\/2020\/09\/24\/equal-pension-day-2020\/#breadcrumb","itemListElement":[{"@type":"ListItem","position":1,"name":"Startseite","item":"https:\/\/blog.vida.at\/pensionisten\/"},{"@type":"ListItem","position":2,"name":"Equal Pension Day 2020"}]},{"@type":"WebSite","@id":"https:\/\/blog.vida.at\/pensionisten\/#website","url":"https:\/\/blog.vida.at\/pensionisten\/","name":"vida Pensionisten","description":"","potentialAction":[{"@type":"SearchAction","target":{"@type":"EntryPoint","urlTemplate":"https:\/\/blog.vida.at\/pensionisten\/?s={search_term_string}"},"query-input":{"@type":"PropertyValueSpecification","valueRequired":true,"valueName":"search_term_string"}}],"inLanguage":"de"},{"@type":"Person","@id":"https:\/\/blog.vida.at\/pensionisten\/#\/schema\/person\/2cea9cf3d58cf9334410ed5d6feb8a56","name":"michaelafeik","image":{"@type":"ImageObject","inLanguage":"de","@id":"https:\/\/secure.gravatar.com\/avatar\/03d8da787452696abe6f1e2aedabdf17f0d62a0779c9ed004162282155b35ea3?s=96&d=mm&r=g","url":"https:\/\/secure.gravatar.com\/avatar\/03d8da787452696abe6f1e2aedabdf17f0d62a0779c9ed004162282155b35ea3?s=96&d=mm&r=g","contentUrl":"https:\/\/secure.gravatar.com\/avatar\/03d8da787452696abe6f1e2aedabdf17f0d62a0779c9ed004162282155b35ea3?s=96&d=mm&r=g","caption":"michaelafeik"},"url":"https:\/\/blog.vida.at\/pensionisten\/author\/michaelafeik\/"}]}},"author_meta":{"display_name":"michaelafeik","author_link":"https:\/\/blog.vida.at\/pensionisten\/author\/michaelafeik\/"},"featured_img":"https:\/\/blog.vida.at\/pensionisten\/wp-content\/uploads\/sites\/10\/2020\/09\/Unbenannt-300x200.png","featured_image_src":"https:\/\/blog.vida.at\/pensionisten\/wp-content\/uploads\/sites\/10\/2020\/09\/Unbenannt-600x400.png","featured_image_src_square":"https:\/\/blog.vida.at\/pensionisten\/wp-content\/uploads\/sites\/10\/2020\/09\/Unbenannt-600x600.png","uagb_featured_image_src":{"full":["https:\/\/blog.vida.at\/pensionisten\/wp-content\/uploads\/sites\/10\/2020\/09\/Unbenannt.png",900,600,false],"thumbnail":["https:\/\/blog.vida.at\/pensionisten\/wp-content\/uploads\/sites\/10\/2020\/09\/Unbenannt-150x150.png",150,150,true],"medium":["https:\/\/blog.vida.at\/pensionisten\/wp-content\/uploads\/sites\/10\/2020\/09\/Unbenannt-300x200.png",300,200,true],"medium_large":["https:\/\/blog.vida.at\/pensionisten\/wp-content\/uploads\/sites\/10\/2020\/09\/Unbenannt-768x512.png",640,427,true],"large":["https:\/\/blog.vida.at\/pensionisten\/wp-content\/uploads\/sites\/10\/2020\/09\/Unbenannt.png",640,427,false],"1536x1536":["https:\/\/blog.vida.at\/pensionisten\/wp-content\/uploads\/sites\/10\/2020\/09\/Unbenannt.png",900,600,false],"2048x2048":["https:\/\/blog.vida.at\/pensionisten\/wp-content\/uploads\/sites\/10\/2020\/09\/Unbenannt.png",900,600,false],"ab-block-post-grid-landscape":["https:\/\/blog.vida.at\/pensionisten\/wp-content\/uploads\/sites\/10\/2020\/09\/Unbenannt-600x400.png",600,400,true],"ab-block-post-grid-square":["https:\/\/blog.vida.at\/pensionisten\/wp-content\/uploads\/sites\/10\/2020\/09\/Unbenannt-600x600.png",600,600,true],"post-thumbnail":["https:\/\/blog.vida.at\/pensionisten\/wp-content\/uploads\/sites\/10\/2020\/09\/Unbenannt.png",900,600,false],"awb_sm":["https:\/\/blog.vida.at\/pensionisten\/wp-content\/uploads\/sites\/10\/2020\/09\/Unbenannt-500x333.png",500,333,true],"awb_md":["https:\/\/blog.vida.at\/pensionisten\/wp-content\/uploads\/sites\/10\/2020\/09\/Unbenannt-800x533.png",800,533,true],"awb_lg":["https:\/\/blog.vida.at\/pensionisten\/wp-content\/uploads\/sites\/10\/2020\/09\/Unbenannt.png",900,600,false],"awb_xl":["https:\/\/blog.vida.at\/pensionisten\/wp-content\/uploads\/sites\/10\/2020\/09\/Unbenannt.png",900,600,false]},"uagb_author_info":{"display_name":"michaelafeik","author_link":"https:\/\/blog.vida.at\/pensionisten\/author\/michaelafeik\/"},"uagb_comment_info":0,"uagb_excerpt":"Kinderkriegen darf nicht zur Falle werden! Heute, am 30. Juli, ist der Tag, an&nbsp;dem M\u00e4nner in \u00d6sterreich bereits so viel Pension bekommen haben, wie Frauen erst bis Jahresende erhalten werden. Auch wenn im Vergleich zum Vorjahr ein Tag gewonnen wurde, ist die Lage weiterhin bedenklich und inakzeptabel. Elisabeth Vondrasek, Vorsitzende der vida-Frauen und stellvertretene vida-Vorsitzende,&hellip;","coauthors":[],"tax_additional":{"categories":{"linked":["<a href=\"https:\/\/blog.vida.at\/pensionisten\/category\/aktuelles\/\" class=\"advgb-post-tax-term\">Aktuelles<\/a>","<a href=\"https:\/\/blog.vida.at\/pensionisten\/category\/allgemein\/\" class=\"advgb-post-tax-term\">Allgemein<\/a>","<a href=\"https:\/\/blog.vida.at\/pensionisten\/category\/top-aktuelles\/\" class=\"advgb-post-tax-term\">Top Aktuelles<\/a>"],"unlinked":["<span class=\"advgb-post-tax-term\">Aktuelles<\/span>","<span class=\"advgb-post-tax-term\">Allgemein<\/span>","<span class=\"advgb-post-tax-term\">Top Aktuelles<\/span>"]}},"comment_count":"0","relative_dates":{"created":"Ver\u00f6ffentlicht 6\u00a0Jahren vor","modified":"Aktualisiert 6\u00a0Jahren vor"},"absolute_dates":{"created":"Ver\u00f6ffentlicht am 24. September 2020","modified":"Aktualisiert am 13. Oktober 2020"},"absolute_dates_time":{"created":"Ver\u00f6ffentlicht am 24. September 2020 16:28","modified":"Aktualisiert am 13. Oktober 2020 16:50"},"featured_img_caption":"kasto\/Adobe stock","series_order":"","_links":{"self":[{"href":"https:\/\/blog.vida.at\/pensionisten\/wp-json\/wp\/v2\/posts\/848","targetHints":{"allow":["GET"]}}],"collection":[{"href":"https:\/\/blog.vida.at\/pensionisten\/wp-json\/wp\/v2\/posts"}],"about":[{"href":"https:\/\/blog.vida.at\/pensionisten\/wp-json\/wp\/v2\/types\/post"}],"author":[{"embeddable":true,"href":"https:\/\/blog.vida.at\/pensionisten\/wp-json\/wp\/v2\/users\/5"}],"replies":[{"embeddable":true,"href":"https:\/\/blog.vida.at\/pensionisten\/wp-json\/wp\/v2\/comments?post=848"}],"version-history":[{"count":6,"href":"https:\/\/blog.vida.at\/pensionisten\/wp-json\/wp\/v2\/posts\/848\/revisions"}],"predecessor-version":[{"id":1266,"href":"https:\/\/blog.vida.at\/pensionisten\/wp-json\/wp\/v2\/posts\/848\/revisions\/1266"}],"wp:featuredmedia":[{"embeddable":true,"href":"https:\/\/blog.vida.at\/pensionisten\/wp-json\/wp\/v2\/media\/849"}],"wp:attachment":[{"href":"https:\/\/blog.vida.at\/pensionisten\/wp-json\/wp\/v2\/media?parent=848"}],"wp:term":[{"taxonomy":"category","embeddable":true,"href":"https:\/\/blog.vida.at\/pensionisten\/wp-json\/wp\/v2\/categories?post=848"},{"taxonomy":"post_tag","embeddable":true,"href":"https:\/\/blog.vida.at\/pensionisten\/wp-json\/wp\/v2\/tags?post=848"},{"taxonomy":"Orte","embeddable":true,"href":"https:\/\/blog.vida.at\/pensionisten\/wp-json\/wp\/v2\/Orte?post=848"},{"taxonomy":"activitytype","embeddable":true,"href":"https:\/\/blog.vida.at\/pensionisten\/wp-json\/wp\/v2\/activitytype?post=848"}],"curies":[{"name":"wp","href":"https:\/\/api.w.org\/{rel}","templated":true}]}}