
{"id":8608,"date":"2024-04-12T08:20:56","date_gmt":"2024-04-12T06:20:56","guid":{"rendered":"https:\/\/blog.vida.at\/pensionisten\/?p=8608"},"modified":"2024-04-12T08:21:14","modified_gmt":"2024-04-12T06:21:14","slug":"das-war-unsere-abschlussfeier","status":"publish","type":"post","link":"https:\/\/blog.vida.at\/pensionisten\/2024\/04\/12\/das-war-unsere-abschlussfeier\/","title":{"rendered":"Das war unsere Abschlussfeier"},"content":{"rendered":"\n<div class=\"wp-block-group Container\"><div class=\"wp-block-group__inner-container is-layout-flow wp-block-group-is-layout-flow\">\n<h4 class=\"wp-block-heading\">Die OG Herzogenburg blickt auf 2023 zur\u00fcck und sagt DANKE.<\/h4>\n\n\n\n<br>\n\n\n\n<p><\/p>\n\n\n\n<!--more-->\n\n\n\n<p>Am 19. Dezember 2023 lud die vida-Ortsgruppe Herzogenburg ihre Mitglieder zu einer <strong>Abschlussfeier im Gasthaus Dopler <\/strong>ein. <\/p>\n\n\n\n<p>33 Kolleginnen und Kollegen, die bei unseren Veranstaltungen wie <strong>OG-Stammtischen, Wanderungen, Radtouren, Nordic Walking Touren, Exkursionen<\/strong> und dergleichen teilnahmen, verbrachten einige <strong>gemeinsame, gem\u00fctliche Stunden bei Speis und Trank und guter Unterhaltung<\/strong>.<\/p>\n\n\n\n<p>Der OG-Vorsitzende berichtete \u00fcber unsere Aktivit\u00e4ten im Jahre 2023: <strong>Es waren 165 Veranstaltungen mit 1.385 Teilnehmer:innen!<\/strong><\/p>\n\n\n\n<p><strong>Vielen Dank an alle Kolleginnen und Kollegen<\/strong>, die unsere Aktivit\u00e4ten annehmen und dadurch einen wesentlichen Anteil f\u00fcr eine <strong>florierende Ortsgruppe <\/strong>beitragen!<\/p>\n\n\n\n<p><span class=\"stk-highlight\" style=\"color: #f60101\"><strong>Wir freuen uns auf die n\u00e4chsten gemeinsamen Veranstaltungen!<\/strong><\/span><\/p>\n\n\n\n<figure class=\"wp-block-gallery has-nested-images columns-default is-cropped wp-block-gallery-1 is-layout-flex wp-block-gallery-is-layout-flex\">\n<figure class=\"wp-block-image size-large\"><img loading=\"lazy\" decoding=\"async\" width=\"1024\" height=\"768\" data-id=\"8614\" src=\"https:\/\/blog.vida.at\/pensionisten\/wp-content\/uploads\/sites\/10\/2024\/04\/Abschluss-20235-1024x768.jpg\" alt=\"\" class=\"wp-image-8614\" srcset=\"https:\/\/blog.vida.at\/pensionisten\/wp-content\/uploads\/sites\/10\/2024\/04\/Abschluss-20235-1024x768.jpg 1024w, https:\/\/blog.vida.at\/pensionisten\/wp-content\/uploads\/sites\/10\/2024\/04\/Abschluss-20235-300x225.jpg 300w, https:\/\/blog.vida.at\/pensionisten\/wp-content\/uploads\/sites\/10\/2024\/04\/Abschluss-20235-768x576.jpg 768w, https:\/\/blog.vida.at\/pensionisten\/wp-content\/uploads\/sites\/10\/2024\/04\/Abschluss-20235-1536x1152.jpg 1536w, https:\/\/blog.vida.at\/pensionisten\/wp-content\/uploads\/sites\/10\/2024\/04\/Abschluss-20235-2048x1536.jpg 2048w, https:\/\/blog.vida.at\/pensionisten\/wp-content\/uploads\/sites\/10\/2024\/04\/Abschluss-20235-500x375.jpg 500w, https:\/\/blog.vida.at\/pensionisten\/wp-content\/uploads\/sites\/10\/2024\/04\/Abschluss-20235-800x600.jpg 800w, https:\/\/blog.vida.at\/pensionisten\/wp-content\/uploads\/sites\/10\/2024\/04\/Abschluss-20235-1280x960.jpg 1280w, https:\/\/blog.vida.at\/pensionisten\/wp-content\/uploads\/sites\/10\/2024\/04\/Abschluss-20235-1920x1440.jpg 1920w, https:\/\/blog.vida.at\/pensionisten\/wp-content\/uploads\/sites\/10\/2024\/04\/Abschluss-20235-1568x1176.jpg 1568w\" sizes=\"auto, (max-width: 1024px) 100vw, 1024px\" \/><\/figure>\n\n\n\n<figure class=\"wp-block-image size-large\"><img loading=\"lazy\" decoding=\"async\" width=\"1024\" height=\"768\" data-id=\"8613\" src=\"https:\/\/blog.vida.at\/pensionisten\/wp-content\/uploads\/sites\/10\/2024\/04\/Abschluss-20232-1024x768.jpg\" alt=\"\" class=\"wp-image-8613\" srcset=\"https:\/\/blog.vida.at\/pensionisten\/wp-content\/uploads\/sites\/10\/2024\/04\/Abschluss-20232-1024x768.jpg 1024w, https:\/\/blog.vida.at\/pensionisten\/wp-content\/uploads\/sites\/10\/2024\/04\/Abschluss-20232-300x225.jpg 300w, https:\/\/blog.vida.at\/pensionisten\/wp-content\/uploads\/sites\/10\/2024\/04\/Abschluss-20232-768x576.jpg 768w, https:\/\/blog.vida.at\/pensionisten\/wp-content\/uploads\/sites\/10\/2024\/04\/Abschluss-20232-1536x1152.jpg 1536w, https:\/\/blog.vida.at\/pensionisten\/wp-content\/uploads\/sites\/10\/2024\/04\/Abschluss-20232-2048x1536.jpg 2048w, https:\/\/blog.vida.at\/pensionisten\/wp-content\/uploads\/sites\/10\/2024\/04\/Abschluss-20232-500x375.jpg 500w, https:\/\/blog.vida.at\/pensionisten\/wp-content\/uploads\/sites\/10\/2024\/04\/Abschluss-20232-800x600.jpg 800w, https:\/\/blog.vida.at\/pensionisten\/wp-content\/uploads\/sites\/10\/2024\/04\/Abschluss-20232-1280x960.jpg 1280w, https:\/\/blog.vida.at\/pensionisten\/wp-content\/uploads\/sites\/10\/2024\/04\/Abschluss-20232-1920x1440.jpg 1920w, https:\/\/blog.vida.at\/pensionisten\/wp-content\/uploads\/sites\/10\/2024\/04\/Abschluss-20232-1568x1176.jpg 1568w\" sizes=\"auto, (max-width: 1024px) 100vw, 1024px\" \/><\/figure>\n\n\n\n<figure class=\"wp-block-image size-large\"><img loading=\"lazy\" decoding=\"async\" width=\"1024\" height=\"768\" data-id=\"8611\" src=\"https:\/\/blog.vida.at\/pensionisten\/wp-content\/uploads\/sites\/10\/2024\/04\/Abschluss-20233-1024x768.jpg\" alt=\"\" class=\"wp-image-8611\" srcset=\"https:\/\/blog.vida.at\/pensionisten\/wp-content\/uploads\/sites\/10\/2024\/04\/Abschluss-20233-1024x768.jpg 1024w, https:\/\/blog.vida.at\/pensionisten\/wp-content\/uploads\/sites\/10\/2024\/04\/Abschluss-20233-300x225.jpg 300w, https:\/\/blog.vida.at\/pensionisten\/wp-content\/uploads\/sites\/10\/2024\/04\/Abschluss-20233-768x576.jpg 768w, https:\/\/blog.vida.at\/pensionisten\/wp-content\/uploads\/sites\/10\/2024\/04\/Abschluss-20233-1536x1152.jpg 1536w, https:\/\/blog.vida.at\/pensionisten\/wp-content\/uploads\/sites\/10\/2024\/04\/Abschluss-20233-2048x1536.jpg 2048w, https:\/\/blog.vida.at\/pensionisten\/wp-content\/uploads\/sites\/10\/2024\/04\/Abschluss-20233-500x375.jpg 500w, https:\/\/blog.vida.at\/pensionisten\/wp-content\/uploads\/sites\/10\/2024\/04\/Abschluss-20233-800x600.jpg 800w, https:\/\/blog.vida.at\/pensionisten\/wp-content\/uploads\/sites\/10\/2024\/04\/Abschluss-20233-1280x960.jpg 1280w, https:\/\/blog.vida.at\/pensionisten\/wp-content\/uploads\/sites\/10\/2024\/04\/Abschluss-20233-1920x1440.jpg 1920w, https:\/\/blog.vida.at\/pensionisten\/wp-content\/uploads\/sites\/10\/2024\/04\/Abschluss-20233-1568x1176.jpg 1568w\" sizes=\"auto, (max-width: 1024px) 100vw, 1024px\" \/><\/figure>\n\n\n\n<figure class=\"wp-block-image size-large\"><img loading=\"lazy\" decoding=\"async\" width=\"1024\" height=\"768\" data-id=\"8610\" src=\"https:\/\/blog.vida.at\/pensionisten\/wp-content\/uploads\/sites\/10\/2024\/04\/Abschluss-20234-1024x768.jpg\" alt=\"\" class=\"wp-image-8610\" srcset=\"https:\/\/blog.vida.at\/pensionisten\/wp-content\/uploads\/sites\/10\/2024\/04\/Abschluss-20234-1024x768.jpg 1024w, https:\/\/blog.vida.at\/pensionisten\/wp-content\/uploads\/sites\/10\/2024\/04\/Abschluss-20234-300x225.jpg 300w, https:\/\/blog.vida.at\/pensionisten\/wp-content\/uploads\/sites\/10\/2024\/04\/Abschluss-20234-768x576.jpg 768w, https:\/\/blog.vida.at\/pensionisten\/wp-content\/uploads\/sites\/10\/2024\/04\/Abschluss-20234-1536x1152.jpg 1536w, https:\/\/blog.vida.at\/pensionisten\/wp-content\/uploads\/sites\/10\/2024\/04\/Abschluss-20234-2048x1536.jpg 2048w, https:\/\/blog.vida.at\/pensionisten\/wp-content\/uploads\/sites\/10\/2024\/04\/Abschluss-20234-500x375.jpg 500w, https:\/\/blog.vida.at\/pensionisten\/wp-content\/uploads\/sites\/10\/2024\/04\/Abschluss-20234-800x600.jpg 800w, https:\/\/blog.vida.at\/pensionisten\/wp-content\/uploads\/sites\/10\/2024\/04\/Abschluss-20234-1280x960.jpg 1280w, https:\/\/blog.vida.at\/pensionisten\/wp-content\/uploads\/sites\/10\/2024\/04\/Abschluss-20234-1920x1440.jpg 1920w, https:\/\/blog.vida.at\/pensionisten\/wp-content\/uploads\/sites\/10\/2024\/04\/Abschluss-20234-1568x1176.jpg 1568w\" sizes=\"auto, (max-width: 1024px) 100vw, 1024px\" \/><\/figure>\n\n\n\n<figure class=\"wp-block-image size-large\"><img loading=\"lazy\" decoding=\"async\" width=\"1024\" height=\"683\" data-id=\"8609\" src=\"https:\/\/blog.vida.at\/pensionisten\/wp-content\/uploads\/sites\/10\/2024\/04\/Abschluss-2023-1024x683.jpg\" alt=\"\" class=\"wp-image-8609\" srcset=\"https:\/\/blog.vida.at\/pensionisten\/wp-content\/uploads\/sites\/10\/2024\/04\/Abschluss-2023-1024x683.jpg 1024w, https:\/\/blog.vida.at\/pensionisten\/wp-content\/uploads\/sites\/10\/2024\/04\/Abschluss-2023-300x200.jpg 300w, https:\/\/blog.vida.at\/pensionisten\/wp-content\/uploads\/sites\/10\/2024\/04\/Abschluss-2023-768x512.jpg 768w, https:\/\/blog.vida.at\/pensionisten\/wp-content\/uploads\/sites\/10\/2024\/04\/Abschluss-2023-1536x1024.jpg 1536w, https:\/\/blog.vida.at\/pensionisten\/wp-content\/uploads\/sites\/10\/2024\/04\/Abschluss-2023-2048x1365.jpg 2048w, https:\/\/blog.vida.at\/pensionisten\/wp-content\/uploads\/sites\/10\/2024\/04\/Abschluss-2023-500x333.jpg 500w, https:\/\/blog.vida.at\/pensionisten\/wp-content\/uploads\/sites\/10\/2024\/04\/Abschluss-2023-800x533.jpg 800w, https:\/\/blog.vida.at\/pensionisten\/wp-content\/uploads\/sites\/10\/2024\/04\/Abschluss-2023-1280x853.jpg 1280w, https:\/\/blog.vida.at\/pensionisten\/wp-content\/uploads\/sites\/10\/2024\/04\/Abschluss-2023-1920x1280.jpg 1920w, https:\/\/blog.vida.at\/pensionisten\/wp-content\/uploads\/sites\/10\/2024\/04\/Abschluss-2023-600x400.jpg 600w, https:\/\/blog.vida.at\/pensionisten\/wp-content\/uploads\/sites\/10\/2024\/04\/Abschluss-2023-1568x1045.jpg 1568w\" sizes=\"auto, (max-width: 1024px) 100vw, 1024px\" \/><\/figure>\n\n\n\n<figure class=\"wp-block-image size-large\"><img loading=\"lazy\" decoding=\"async\" width=\"1024\" height=\"768\" data-id=\"8612\" src=\"https:\/\/blog.vida.at\/pensionisten\/wp-content\/uploads\/sites\/10\/2024\/04\/Abschluss-20236-1024x768.jpg\" alt=\"\" class=\"wp-image-8612\" srcset=\"https:\/\/blog.vida.at\/pensionisten\/wp-content\/uploads\/sites\/10\/2024\/04\/Abschluss-20236-1024x768.jpg 1024w, https:\/\/blog.vida.at\/pensionisten\/wp-content\/uploads\/sites\/10\/2024\/04\/Abschluss-20236-300x225.jpg 300w, https:\/\/blog.vida.at\/pensionisten\/wp-content\/uploads\/sites\/10\/2024\/04\/Abschluss-20236-768x576.jpg 768w, https:\/\/blog.vida.at\/pensionisten\/wp-content\/uploads\/sites\/10\/2024\/04\/Abschluss-20236-1536x1152.jpg 1536w, https:\/\/blog.vida.at\/pensionisten\/wp-content\/uploads\/sites\/10\/2024\/04\/Abschluss-20236-2048x1536.jpg 2048w, https:\/\/blog.vida.at\/pensionisten\/wp-content\/uploads\/sites\/10\/2024\/04\/Abschluss-20236-500x375.jpg 500w, https:\/\/blog.vida.at\/pensionisten\/wp-content\/uploads\/sites\/10\/2024\/04\/Abschluss-20236-800x600.jpg 800w, https:\/\/blog.vida.at\/pensionisten\/wp-content\/uploads\/sites\/10\/2024\/04\/Abschluss-20236-1280x960.jpg 1280w, https:\/\/blog.vida.at\/pensionisten\/wp-content\/uploads\/sites\/10\/2024\/04\/Abschluss-20236-1920x1440.jpg 1920w, https:\/\/blog.vida.at\/pensionisten\/wp-content\/uploads\/sites\/10\/2024\/04\/Abschluss-20236-1568x1176.jpg 1568w\" sizes=\"auto, (max-width: 1024px) 100vw, 1024px\" \/><\/figure>\n\n\n\n<figure class=\"wp-block-image size-large\"><img loading=\"lazy\" decoding=\"async\" width=\"1024\" height=\"768\" data-id=\"8615\" src=\"https:\/\/blog.vida.at\/pensionisten\/wp-content\/uploads\/sites\/10\/2024\/04\/OG-Abschluss-2023-1024x768.jpg\" alt=\"\" class=\"wp-image-8615\" srcset=\"https:\/\/blog.vida.at\/pensionisten\/wp-content\/uploads\/sites\/10\/2024\/04\/OG-Abschluss-2023-1024x768.jpg 1024w, https:\/\/blog.vida.at\/pensionisten\/wp-content\/uploads\/sites\/10\/2024\/04\/OG-Abschluss-2023-300x225.jpg 300w, https:\/\/blog.vida.at\/pensionisten\/wp-content\/uploads\/sites\/10\/2024\/04\/OG-Abschluss-2023-768x576.jpg 768w, https:\/\/blog.vida.at\/pensionisten\/wp-content\/uploads\/sites\/10\/2024\/04\/OG-Abschluss-2023-1536x1152.jpg 1536w, https:\/\/blog.vida.at\/pensionisten\/wp-content\/uploads\/sites\/10\/2024\/04\/OG-Abschluss-2023-500x375.jpg 500w, https:\/\/blog.vida.at\/pensionisten\/wp-content\/uploads\/sites\/10\/2024\/04\/OG-Abschluss-2023-800x600.jpg 800w, https:\/\/blog.vida.at\/pensionisten\/wp-content\/uploads\/sites\/10\/2024\/04\/OG-Abschluss-2023-1280x960.jpg 1280w, https:\/\/blog.vida.at\/pensionisten\/wp-content\/uploads\/sites\/10\/2024\/04\/OG-Abschluss-2023-1920x1440.jpg 1920w, https:\/\/blog.vida.at\/pensionisten\/wp-content\/uploads\/sites\/10\/2024\/04\/OG-Abschluss-2023-1568x1176.jpg 1568w, https:\/\/blog.vida.at\/pensionisten\/wp-content\/uploads\/sites\/10\/2024\/04\/OG-Abschluss-2023.jpg 2016w\" sizes=\"auto, (max-width: 1024px) 100vw, 1024px\" \/><\/figure>\n\n\n\n<figure class=\"wp-block-image size-large\"><img loading=\"lazy\" decoding=\"async\" width=\"1024\" height=\"768\" data-id=\"8617\" src=\"https:\/\/blog.vida.at\/pensionisten\/wp-content\/uploads\/sites\/10\/2024\/04\/OG-Abschluss-19.12.2024-1024x768.jpg\" alt=\"\" class=\"wp-image-8617\" srcset=\"https:\/\/blog.vida.at\/pensionisten\/wp-content\/uploads\/sites\/10\/2024\/04\/OG-Abschluss-19.12.2024-1024x768.jpg 1024w, https:\/\/blog.vida.at\/pensionisten\/wp-content\/uploads\/sites\/10\/2024\/04\/OG-Abschluss-19.12.2024-300x225.jpg 300w, https:\/\/blog.vida.at\/pensionisten\/wp-content\/uploads\/sites\/10\/2024\/04\/OG-Abschluss-19.12.2024-768x576.jpg 768w, https:\/\/blog.vida.at\/pensionisten\/wp-content\/uploads\/sites\/10\/2024\/04\/OG-Abschluss-19.12.2024-1536x1152.jpg 1536w, https:\/\/blog.vida.at\/pensionisten\/wp-content\/uploads\/sites\/10\/2024\/04\/OG-Abschluss-19.12.2024-500x375.jpg 500w, https:\/\/blog.vida.at\/pensionisten\/wp-content\/uploads\/sites\/10\/2024\/04\/OG-Abschluss-19.12.2024-800x600.jpg 800w, https:\/\/blog.vida.at\/pensionisten\/wp-content\/uploads\/sites\/10\/2024\/04\/OG-Abschluss-19.12.2024-1280x960.jpg 1280w, https:\/\/blog.vida.at\/pensionisten\/wp-content\/uploads\/sites\/10\/2024\/04\/OG-Abschluss-19.12.2024-1920x1440.jpg 1920w, https:\/\/blog.vida.at\/pensionisten\/wp-content\/uploads\/sites\/10\/2024\/04\/OG-Abschluss-19.12.2024-1568x1176.jpg 1568w, https:\/\/blog.vida.at\/pensionisten\/wp-content\/uploads\/sites\/10\/2024\/04\/OG-Abschluss-19.12.2024.jpg 2016w\" sizes=\"auto, (max-width: 1024px) 100vw, 1024px\" \/><\/figure>\n\n\n\n<figure class=\"wp-block-image size-large\"><img loading=\"lazy\" decoding=\"async\" width=\"1024\" height=\"768\" data-id=\"8616\" src=\"https:\/\/blog.vida.at\/pensionisten\/wp-content\/uploads\/sites\/10\/2024\/04\/OG-Abschluss-2023-1-1024x768.jpg\" alt=\"\" class=\"wp-image-8616\" srcset=\"https:\/\/blog.vida.at\/pensionisten\/wp-content\/uploads\/sites\/10\/2024\/04\/OG-Abschluss-2023-1-1024x768.jpg 1024w, https:\/\/blog.vida.at\/pensionisten\/wp-content\/uploads\/sites\/10\/2024\/04\/OG-Abschluss-2023-1-300x225.jpg 300w, https:\/\/blog.vida.at\/pensionisten\/wp-content\/uploads\/sites\/10\/2024\/04\/OG-Abschluss-2023-1-768x576.jpg 768w, https:\/\/blog.vida.at\/pensionisten\/wp-content\/uploads\/sites\/10\/2024\/04\/OG-Abschluss-2023-1-1536x1152.jpg 1536w, https:\/\/blog.vida.at\/pensionisten\/wp-content\/uploads\/sites\/10\/2024\/04\/OG-Abschluss-2023-1-500x375.jpg 500w, https:\/\/blog.vida.at\/pensionisten\/wp-content\/uploads\/sites\/10\/2024\/04\/OG-Abschluss-2023-1-800x600.jpg 800w, https:\/\/blog.vida.at\/pensionisten\/wp-content\/uploads\/sites\/10\/2024\/04\/OG-Abschluss-2023-1-1280x960.jpg 1280w, https:\/\/blog.vida.at\/pensionisten\/wp-content\/uploads\/sites\/10\/2024\/04\/OG-Abschluss-2023-1-1920x1440.jpg 1920w, https:\/\/blog.vida.at\/pensionisten\/wp-content\/uploads\/sites\/10\/2024\/04\/OG-Abschluss-2023-1-1568x1176.jpg 1568w, https:\/\/blog.vida.at\/pensionisten\/wp-content\/uploads\/sites\/10\/2024\/04\/OG-Abschluss-2023-1.jpg 2016w\" sizes=\"auto, (max-width: 1024px) 100vw, 1024px\" \/><\/figure>\n\n\n\n<figure class=\"wp-block-image size-large\"><img loading=\"lazy\" decoding=\"async\" width=\"1024\" height=\"768\" data-id=\"8618\" src=\"https:\/\/blog.vida.at\/pensionisten\/wp-content\/uploads\/sites\/10\/2024\/04\/VIDA-OG-Herzogenburg-Abschluss-19.12.2023-1024x768.jpg\" alt=\"\" class=\"wp-image-8618\" srcset=\"https:\/\/blog.vida.at\/pensionisten\/wp-content\/uploads\/sites\/10\/2024\/04\/VIDA-OG-Herzogenburg-Abschluss-19.12.2023-1024x768.jpg 1024w, https:\/\/blog.vida.at\/pensionisten\/wp-content\/uploads\/sites\/10\/2024\/04\/VIDA-OG-Herzogenburg-Abschluss-19.12.2023-300x225.jpg 300w, https:\/\/blog.vida.at\/pensionisten\/wp-content\/uploads\/sites\/10\/2024\/04\/VIDA-OG-Herzogenburg-Abschluss-19.12.2023-768x576.jpg 768w, https:\/\/blog.vida.at\/pensionisten\/wp-content\/uploads\/sites\/10\/2024\/04\/VIDA-OG-Herzogenburg-Abschluss-19.12.2023-1536x1152.jpg 1536w, https:\/\/blog.vida.at\/pensionisten\/wp-content\/uploads\/sites\/10\/2024\/04\/VIDA-OG-Herzogenburg-Abschluss-19.12.2023-2048x1536.jpg 2048w, https:\/\/blog.vida.at\/pensionisten\/wp-content\/uploads\/sites\/10\/2024\/04\/VIDA-OG-Herzogenburg-Abschluss-19.12.2023-500x375.jpg 500w, https:\/\/blog.vida.at\/pensionisten\/wp-content\/uploads\/sites\/10\/2024\/04\/VIDA-OG-Herzogenburg-Abschluss-19.12.2023-800x600.jpg 800w, https:\/\/blog.vida.at\/pensionisten\/wp-content\/uploads\/sites\/10\/2024\/04\/VIDA-OG-Herzogenburg-Abschluss-19.12.2023-1280x960.jpg 1280w, https:\/\/blog.vida.at\/pensionisten\/wp-content\/uploads\/sites\/10\/2024\/04\/VIDA-OG-Herzogenburg-Abschluss-19.12.2023-1920x1440.jpg 1920w, https:\/\/blog.vida.at\/pensionisten\/wp-content\/uploads\/sites\/10\/2024\/04\/VIDA-OG-Herzogenburg-Abschluss-19.12.2023-1568x1176.jpg 1568w\" sizes=\"auto, (max-width: 1024px) 100vw, 1024px\" \/><\/figure>\n<\/figure>\n\n\n\n<p><\/p>\n<\/div><\/div>\n","protected":false},"excerpt":{"rendered":"<p>Die OG Herzogenburg blickt auf 2023 zur\u00fcck und sagt DANKE.<\/p>\n","protected":false},"author":8,"featured_media":8619,"comment_status":"open","ping_status":"open","sticky":false,"template":"","format":"standard","meta":{"_uag_custom_page_level_css":"","advgb_blocks_editor_width":"","advgb_blocks_columns_visual_guide":"","footnotes":""},"categories":[1,59,49],"tags":[],"Orte":[],"activitytype":[],"class_list":["post-8608","post","type-post","status-publish","format-standard","has-post-thumbnail","hentry","category-allgemein","category-og-herzogenburg","category-ortsgruppen","entry"],"featured_image_urls":{"full":["https:\/\/blog.vida.at\/pensionisten\/wp-content\/uploads\/sites\/10\/2024\/04\/Abschluss-20235-1-scaled.jpg",2560,1707,false],"thumbnail":["https:\/\/blog.vida.at\/pensionisten\/wp-content\/uploads\/sites\/10\/2024\/04\/Abschluss-20235-1-150x150.jpg",150,150,true],"medium":["https:\/\/blog.vida.at\/pensionisten\/wp-content\/uploads\/sites\/10\/2024\/04\/Abschluss-20235-1-300x200.jpg",300,200,true],"medium_large":["https:\/\/blog.vida.at\/pensionisten\/wp-content\/uploads\/sites\/10\/2024\/04\/Abschluss-20235-1-768x512.jpg",640,427,true],"large":["https:\/\/blog.vida.at\/pensionisten\/wp-content\/uploads\/sites\/10\/2024\/04\/Abschluss-20235-1-1024x683.jpg",640,427,true],"1536x1536":["https:\/\/blog.vida.at\/pensionisten\/wp-content\/uploads\/sites\/10\/2024\/04\/Abschluss-20235-1-1536x1024.jpg",1536,1024,true],"2048x2048":["https:\/\/blog.vida.at\/pensionisten\/wp-content\/uploads\/sites\/10\/2024\/04\/Abschluss-20235-1-2048x1365.jpg",2048,1365,true],"ab-block-post-grid-landscape":["https:\/\/blog.vida.at\/pensionisten\/wp-content\/uploads\/sites\/10\/2024\/04\/Abschluss-20235-1-600x400.jpg",600,400,true],"ab-block-post-grid-square":["https:\/\/blog.vida.at\/pensionisten\/wp-content\/uploads\/sites\/10\/2024\/04\/Abschluss-20235-1-600x600.jpg",600,600,true],"post-thumbnail":["https:\/\/blog.vida.at\/pensionisten\/wp-content\/uploads\/sites\/10\/2024\/04\/Abschluss-20235-1-1568x1045.jpg",1568,1045,true],"awb_sm":["https:\/\/blog.vida.at\/pensionisten\/wp-content\/uploads\/sites\/10\/2024\/04\/Abschluss-20235-1-500x333.jpg",500,333,true],"awb_md":["https:\/\/blog.vida.at\/pensionisten\/wp-content\/uploads\/sites\/10\/2024\/04\/Abschluss-20235-1-800x533.jpg",800,533,true],"awb_lg":["https:\/\/blog.vida.at\/pensionisten\/wp-content\/uploads\/sites\/10\/2024\/04\/Abschluss-20235-1-1280x853.jpg",1280,853,true],"awb_xl":["https:\/\/blog.vida.at\/pensionisten\/wp-content\/uploads\/sites\/10\/2024\/04\/Abschluss-20235-1-1920x1280.jpg",1920,1280,true]},"post_excerpt_stackable":"<p>Die OG Herzogenburg blickt auf 2023 zur\u00fcck und sagt DANKE. Am 19. Dezember 2023 lud die vida-Ortsgruppe Herzogenburg ihre Mitglieder zu einer Abschlussfeier im Gasthaus Dopler ein. 33 Kolleginnen und Kollegen, die bei unseren Veranstaltungen wie OG-Stammtischen, Wanderungen, Radtouren, Nordic Walking Touren, Exkursionen und dergleichen teilnahmen, verbrachten einige gemeinsame, gem\u00fctliche Stunden bei Speis und Trank und guter Unterhaltung. Der OG-Vorsitzende berichtete \u00fcber unsere Aktivit\u00e4ten im Jahre 2023: Es waren 165 Veranstaltungen mit 1.385 Teilnehmer:innen! Vielen Dank an alle Kolleginnen und Kollegen, die unsere Aktivit\u00e4ten annehmen und dadurch einen wesentlichen Anteil f\u00fcr eine florierende Ortsgruppe beitragen! Wir freuen uns auf die&hellip;<\/p>\n","category_list":"<a href=\"https:\/\/blog.vida.at\/pensionisten\/category\/allgemein\/\" rel=\"category tag\">Allgemein<\/a>, <a href=\"https:\/\/blog.vida.at\/pensionisten\/category\/ortsgruppen\/niederoesterreich\/og-herzogenburg\/\" rel=\"category tag\">OG Herzogenburg<\/a>, <a href=\"https:\/\/blog.vida.at\/pensionisten\/category\/ortsgruppen\/\" rel=\"category tag\">Ortsgruppen<\/a>","author_info":{"display_name":"mariontobola","author_link":"https:\/\/blog.vida.at\/pensionisten\/author\/mariontobola\/"},"comments_num":"0 comments","featured_image_urls_v2":{"full":["https:\/\/blog.vida.at\/pensionisten\/wp-content\/uploads\/sites\/10\/2024\/04\/Abschluss-20235-1-scaled.jpg",2560,1707,false],"thumbnail":["https:\/\/blog.vida.at\/pensionisten\/wp-content\/uploads\/sites\/10\/2024\/04\/Abschluss-20235-1-150x150.jpg",150,150,true],"medium":["https:\/\/blog.vida.at\/pensionisten\/wp-content\/uploads\/sites\/10\/2024\/04\/Abschluss-20235-1-300x200.jpg",300,200,true],"medium_large":["https:\/\/blog.vida.at\/pensionisten\/wp-content\/uploads\/sites\/10\/2024\/04\/Abschluss-20235-1-768x512.jpg",640,427,true],"large":["https:\/\/blog.vida.at\/pensionisten\/wp-content\/uploads\/sites\/10\/2024\/04\/Abschluss-20235-1-1024x683.jpg",640,427,true],"1536x1536":["https:\/\/blog.vida.at\/pensionisten\/wp-content\/uploads\/sites\/10\/2024\/04\/Abschluss-20235-1-1536x1024.jpg",1536,1024,true],"2048x2048":["https:\/\/blog.vida.at\/pensionisten\/wp-content\/uploads\/sites\/10\/2024\/04\/Abschluss-20235-1-2048x1365.jpg",2048,1365,true],"ab-block-post-grid-landscape":["https:\/\/blog.vida.at\/pensionisten\/wp-content\/uploads\/sites\/10\/2024\/04\/Abschluss-20235-1-600x400.jpg",600,400,true],"ab-block-post-grid-square":["https:\/\/blog.vida.at\/pensionisten\/wp-content\/uploads\/sites\/10\/2024\/04\/Abschluss-20235-1-600x600.jpg",600,600,true],"post-thumbnail":["https:\/\/blog.vida.at\/pensionisten\/wp-content\/uploads\/sites\/10\/2024\/04\/Abschluss-20235-1-1568x1045.jpg",1568,1045,true],"awb_sm":["https:\/\/blog.vida.at\/pensionisten\/wp-content\/uploads\/sites\/10\/2024\/04\/Abschluss-20235-1-500x333.jpg",500,333,true],"awb_md":["https:\/\/blog.vida.at\/pensionisten\/wp-content\/uploads\/sites\/10\/2024\/04\/Abschluss-20235-1-800x533.jpg",800,533,true],"awb_lg":["https:\/\/blog.vida.at\/pensionisten\/wp-content\/uploads\/sites\/10\/2024\/04\/Abschluss-20235-1-1280x853.jpg",1280,853,true],"awb_xl":["https:\/\/blog.vida.at\/pensionisten\/wp-content\/uploads\/sites\/10\/2024\/04\/Abschluss-20235-1-1920x1280.jpg",1920,1280,true]},"post_excerpt_stackable_v2":"<p>Die OG Herzogenburg blickt auf 2023 zur\u00fcck und sagt DANKE. Am 19. Dezember 2023 lud die vida-Ortsgruppe Herzogenburg ihre Mitglieder zu einer Abschlussfeier im Gasthaus Dopler ein. 33 Kolleginnen und Kollegen, die bei unseren Veranstaltungen wie OG-Stammtischen, Wanderungen, Radtouren, Nordic Walking Touren, Exkursionen und dergleichen teilnahmen, verbrachten einige gemeinsame, gem\u00fctliche Stunden bei Speis und Trank und guter Unterhaltung. Der OG-Vorsitzende berichtete \u00fcber unsere Aktivit\u00e4ten im Jahre 2023: Es waren 165 Veranstaltungen mit 1.385 Teilnehmer:innen! Vielen Dank an alle Kolleginnen und Kollegen, die unsere Aktivit\u00e4ten annehmen und dadurch einen wesentlichen Anteil f\u00fcr eine florierende Ortsgruppe beitragen! Wir freuen uns auf die&hellip;<\/p>\n","category_list_v2":"<a href=\"https:\/\/blog.vida.at\/pensionisten\/category\/allgemein\/\" rel=\"category tag\">Allgemein<\/a>, <a href=\"https:\/\/blog.vida.at\/pensionisten\/category\/ortsgruppen\/niederoesterreich\/og-herzogenburg\/\" rel=\"category tag\">OG Herzogenburg<\/a>, <a href=\"https:\/\/blog.vida.at\/pensionisten\/category\/ortsgruppen\/\" rel=\"category tag\">Ortsgruppen<\/a>","author_info_v2":{"name":"mariontobola","url":"https:\/\/blog.vida.at\/pensionisten\/author\/mariontobola\/"},"comments_num_v2":"0 comments","yoast_head":"<!-- This site is optimized with the Yoast SEO plugin v27.3 - https:\/\/yoast.com\/product\/yoast-seo-wordpress\/ -->\n<title>Das war unsere Abschlussfeier<\/title>\n<meta name=\"robots\" content=\"index, follow, max-snippet:-1, max-image-preview:large, max-video-preview:-1\" \/>\n<link rel=\"canonical\" href=\"https:\/\/blog.vida.at\/pensionisten\/2024\/04\/12\/das-war-unsere-abschlussfeier\/\" \/>\n<meta property=\"og:locale\" content=\"de_DE\" \/>\n<meta property=\"og:type\" content=\"article\" \/>\n<meta property=\"og:title\" content=\"Das war unsere Abschlussfeier\" \/>\n<meta property=\"og:description\" content=\"Die OG Herzogenburg blickt auf 2023 zur\u00fcck und sagt DANKE.\" \/>\n<meta property=\"og:url\" content=\"https:\/\/blog.vida.at\/pensionisten\/2024\/04\/12\/das-war-unsere-abschlussfeier\/\" \/>\n<meta property=\"og:site_name\" content=\"vida Pensionisten\" \/>\n<meta property=\"article:published_time\" content=\"2024-04-12T06:20:56+00:00\" \/>\n<meta property=\"article:modified_time\" content=\"2024-04-12T06:21:14+00:00\" \/>\n<meta property=\"og:image\" content=\"https:\/\/blog.vida.at\/pensionisten\/wp-content\/uploads\/sites\/10\/2024\/04\/Abschluss-20235-1-scaled.jpg\" \/>\n\t<meta property=\"og:image:width\" content=\"2560\" \/>\n\t<meta property=\"og:image:height\" content=\"1707\" \/>\n\t<meta property=\"og:image:type\" content=\"image\/jpeg\" \/>\n<meta name=\"author\" content=\"mariontobola\" \/>\n<meta name=\"twitter:card\" content=\"summary_large_image\" \/>\n<meta name=\"twitter:label1\" content=\"Verfasst von\" \/>\n\t<meta name=\"twitter:data1\" content=\"mariontobola\" \/>\n\t<meta name=\"twitter:label2\" content=\"Gesch\u00e4tzte Lesezeit\" \/>\n\t<meta name=\"twitter:data2\" content=\"3\u00a0Minuten\" \/>\n<script type=\"application\/ld+json\" class=\"yoast-schema-graph\">{\"@context\":\"https:\\\/\\\/schema.org\",\"@graph\":[{\"@type\":\"Article\",\"@id\":\"https:\\\/\\\/blog.vida.at\\\/pensionisten\\\/2024\\\/04\\\/12\\\/das-war-unsere-abschlussfeier\\\/#article\",\"isPartOf\":{\"@id\":\"https:\\\/\\\/blog.vida.at\\\/pensionisten\\\/2024\\\/04\\\/12\\\/das-war-unsere-abschlussfeier\\\/\"},\"author\":{\"name\":\"mariontobola\",\"@id\":\"https:\\\/\\\/blog.vida.at\\\/pensionisten\\\/#\\\/schema\\\/person\\\/88cee3ee93b9afdc51c92f5f63f38b8a\"},\"headline\":\"Das war unsere Abschlussfeier\",\"datePublished\":\"2024-04-12T06:20:56+00:00\",\"dateModified\":\"2024-04-12T06:21:14+00:00\",\"mainEntityOfPage\":{\"@id\":\"https:\\\/\\\/blog.vida.at\\\/pensionisten\\\/2024\\\/04\\\/12\\\/das-war-unsere-abschlussfeier\\\/\"},\"wordCount\":107,\"commentCount\":0,\"image\":{\"@id\":\"https:\\\/\\\/blog.vida.at\\\/pensionisten\\\/2024\\\/04\\\/12\\\/das-war-unsere-abschlussfeier\\\/#primaryimage\"},\"thumbnailUrl\":\"https:\\\/\\\/blog.vida.at\\\/pensionisten\\\/wp-content\\\/uploads\\\/sites\\\/10\\\/2024\\\/04\\\/Abschluss-20235-1-scaled.jpg\",\"articleSection\":{\"1\":\"OG Herzogenburg\",\"2\":\"Ortsgruppen\"},\"inLanguage\":\"de\",\"potentialAction\":[{\"@type\":\"CommentAction\",\"name\":\"Comment\",\"target\":[\"https:\\\/\\\/blog.vida.at\\\/pensionisten\\\/2024\\\/04\\\/12\\\/das-war-unsere-abschlussfeier\\\/#respond\"]}]},{\"@type\":\"WebPage\",\"@id\":\"https:\\\/\\\/blog.vida.at\\\/pensionisten\\\/2024\\\/04\\\/12\\\/das-war-unsere-abschlussfeier\\\/\",\"url\":\"https:\\\/\\\/blog.vida.at\\\/pensionisten\\\/2024\\\/04\\\/12\\\/das-war-unsere-abschlussfeier\\\/\",\"name\":\"Das war unsere Abschlussfeier\",\"isPartOf\":{\"@id\":\"https:\\\/\\\/blog.vida.at\\\/pensionisten\\\/#website\"},\"primaryImageOfPage\":{\"@id\":\"https:\\\/\\\/blog.vida.at\\\/pensionisten\\\/2024\\\/04\\\/12\\\/das-war-unsere-abschlussfeier\\\/#primaryimage\"},\"image\":{\"@id\":\"https:\\\/\\\/blog.vida.at\\\/pensionisten\\\/2024\\\/04\\\/12\\\/das-war-unsere-abschlussfeier\\\/#primaryimage\"},\"thumbnailUrl\":\"https:\\\/\\\/blog.vida.at\\\/pensionisten\\\/wp-content\\\/uploads\\\/sites\\\/10\\\/2024\\\/04\\\/Abschluss-20235-1-scaled.jpg\",\"datePublished\":\"2024-04-12T06:20:56+00:00\",\"dateModified\":\"2024-04-12T06:21:14+00:00\",\"author\":{\"@id\":\"https:\\\/\\\/blog.vida.at\\\/pensionisten\\\/#\\\/schema\\\/person\\\/88cee3ee93b9afdc51c92f5f63f38b8a\"},\"breadcrumb\":{\"@id\":\"https:\\\/\\\/blog.vida.at\\\/pensionisten\\\/2024\\\/04\\\/12\\\/das-war-unsere-abschlussfeier\\\/#breadcrumb\"},\"inLanguage\":\"de\",\"potentialAction\":[{\"@type\":\"ReadAction\",\"target\":[\"https:\\\/\\\/blog.vida.at\\\/pensionisten\\\/2024\\\/04\\\/12\\\/das-war-unsere-abschlussfeier\\\/\"]}]},{\"@type\":\"ImageObject\",\"inLanguage\":\"de\",\"@id\":\"https:\\\/\\\/blog.vida.at\\\/pensionisten\\\/2024\\\/04\\\/12\\\/das-war-unsere-abschlussfeier\\\/#primaryimage\",\"url\":\"https:\\\/\\\/blog.vida.at\\\/pensionisten\\\/wp-content\\\/uploads\\\/sites\\\/10\\\/2024\\\/04\\\/Abschluss-20235-1-scaled.jpg\",\"contentUrl\":\"https:\\\/\\\/blog.vida.at\\\/pensionisten\\\/wp-content\\\/uploads\\\/sites\\\/10\\\/2024\\\/04\\\/Abschluss-20235-1-scaled.jpg\",\"width\":2560,\"height\":1707},{\"@type\":\"BreadcrumbList\",\"@id\":\"https:\\\/\\\/blog.vida.at\\\/pensionisten\\\/2024\\\/04\\\/12\\\/das-war-unsere-abschlussfeier\\\/#breadcrumb\",\"itemListElement\":[{\"@type\":\"ListItem\",\"position\":1,\"name\":\"Startseite\",\"item\":\"https:\\\/\\\/blog.vida.at\\\/pensionisten\\\/\"},{\"@type\":\"ListItem\",\"position\":2,\"name\":\"Das war unsere Abschlussfeier\"}]},{\"@type\":\"WebSite\",\"@id\":\"https:\\\/\\\/blog.vida.at\\\/pensionisten\\\/#website\",\"url\":\"https:\\\/\\\/blog.vida.at\\\/pensionisten\\\/\",\"name\":\"vida Pensionisten\",\"description\":\"\",\"potentialAction\":[{\"@type\":\"SearchAction\",\"target\":{\"@type\":\"EntryPoint\",\"urlTemplate\":\"https:\\\/\\\/blog.vida.at\\\/pensionisten\\\/?s={search_term_string}\"},\"query-input\":{\"@type\":\"PropertyValueSpecification\",\"valueRequired\":true,\"valueName\":\"search_term_string\"}}],\"inLanguage\":\"de\"},{\"@type\":\"Person\",\"@id\":\"https:\\\/\\\/blog.vida.at\\\/pensionisten\\\/#\\\/schema\\\/person\\\/88cee3ee93b9afdc51c92f5f63f38b8a\",\"name\":\"mariontobola\",\"image\":{\"@type\":\"ImageObject\",\"inLanguage\":\"de\",\"@id\":\"https:\\\/\\\/secure.gravatar.com\\\/avatar\\\/5d2c516985e4eda61bca05bd3b4359b4358135bd1e1a5b08c539e9cd1edd6528?s=96&d=mm&r=g\",\"url\":\"https:\\\/\\\/secure.gravatar.com\\\/avatar\\\/5d2c516985e4eda61bca05bd3b4359b4358135bd1e1a5b08c539e9cd1edd6528?s=96&d=mm&r=g\",\"contentUrl\":\"https:\\\/\\\/secure.gravatar.com\\\/avatar\\\/5d2c516985e4eda61bca05bd3b4359b4358135bd1e1a5b08c539e9cd1edd6528?s=96&d=mm&r=g\",\"caption\":\"mariontobola\"},\"url\":\"https:\\\/\\\/blog.vida.at\\\/pensionisten\\\/author\\\/mariontobola\\\/\"}]}<\/script>\n<!-- \/ Yoast SEO plugin. -->","yoast_head_json":{"title":"Das war unsere Abschlussfeier","robots":{"index":"index","follow":"follow","max-snippet":"max-snippet:-1","max-image-preview":"max-image-preview:large","max-video-preview":"max-video-preview:-1"},"canonical":"https:\/\/blog.vida.at\/pensionisten\/2024\/04\/12\/das-war-unsere-abschlussfeier\/","og_locale":"de_DE","og_type":"article","og_title":"Das war unsere Abschlussfeier","og_description":"Die OG Herzogenburg blickt auf 2023 zur\u00fcck und sagt DANKE.","og_url":"https:\/\/blog.vida.at\/pensionisten\/2024\/04\/12\/das-war-unsere-abschlussfeier\/","og_site_name":"vida Pensionisten","article_published_time":"2024-04-12T06:20:56+00:00","article_modified_time":"2024-04-12T06:21:14+00:00","og_image":[{"width":2560,"height":1707,"url":"https:\/\/blog.vida.at\/pensionisten\/wp-content\/uploads\/sites\/10\/2024\/04\/Abschluss-20235-1-scaled.jpg","type":"image\/jpeg"}],"author":"mariontobola","twitter_card":"summary_large_image","twitter_misc":{"Verfasst von":"mariontobola","Gesch\u00e4tzte Lesezeit":"3\u00a0Minuten"},"schema":{"@context":"https:\/\/schema.org","@graph":[{"@type":"Article","@id":"https:\/\/blog.vida.at\/pensionisten\/2024\/04\/12\/das-war-unsere-abschlussfeier\/#article","isPartOf":{"@id":"https:\/\/blog.vida.at\/pensionisten\/2024\/04\/12\/das-war-unsere-abschlussfeier\/"},"author":{"name":"mariontobola","@id":"https:\/\/blog.vida.at\/pensionisten\/#\/schema\/person\/88cee3ee93b9afdc51c92f5f63f38b8a"},"headline":"Das war unsere Abschlussfeier","datePublished":"2024-04-12T06:20:56+00:00","dateModified":"2024-04-12T06:21:14+00:00","mainEntityOfPage":{"@id":"https:\/\/blog.vida.at\/pensionisten\/2024\/04\/12\/das-war-unsere-abschlussfeier\/"},"wordCount":107,"commentCount":0,"image":{"@id":"https:\/\/blog.vida.at\/pensionisten\/2024\/04\/12\/das-war-unsere-abschlussfeier\/#primaryimage"},"thumbnailUrl":"https:\/\/blog.vida.at\/pensionisten\/wp-content\/uploads\/sites\/10\/2024\/04\/Abschluss-20235-1-scaled.jpg","articleSection":{"1":"OG Herzogenburg","2":"Ortsgruppen"},"inLanguage":"de","potentialAction":[{"@type":"CommentAction","name":"Comment","target":["https:\/\/blog.vida.at\/pensionisten\/2024\/04\/12\/das-war-unsere-abschlussfeier\/#respond"]}]},{"@type":"WebPage","@id":"https:\/\/blog.vida.at\/pensionisten\/2024\/04\/12\/das-war-unsere-abschlussfeier\/","url":"https:\/\/blog.vida.at\/pensionisten\/2024\/04\/12\/das-war-unsere-abschlussfeier\/","name":"Das war unsere Abschlussfeier","isPartOf":{"@id":"https:\/\/blog.vida.at\/pensionisten\/#website"},"primaryImageOfPage":{"@id":"https:\/\/blog.vida.at\/pensionisten\/2024\/04\/12\/das-war-unsere-abschlussfeier\/#primaryimage"},"image":{"@id":"https:\/\/blog.vida.at\/pensionisten\/2024\/04\/12\/das-war-unsere-abschlussfeier\/#primaryimage"},"thumbnailUrl":"https:\/\/blog.vida.at\/pensionisten\/wp-content\/uploads\/sites\/10\/2024\/04\/Abschluss-20235-1-scaled.jpg","datePublished":"2024-04-12T06:20:56+00:00","dateModified":"2024-04-12T06:21:14+00:00","author":{"@id":"https:\/\/blog.vida.at\/pensionisten\/#\/schema\/person\/88cee3ee93b9afdc51c92f5f63f38b8a"},"breadcrumb":{"@id":"https:\/\/blog.vida.at\/pensionisten\/2024\/04\/12\/das-war-unsere-abschlussfeier\/#breadcrumb"},"inLanguage":"de","potentialAction":[{"@type":"ReadAction","target":["https:\/\/blog.vida.at\/pensionisten\/2024\/04\/12\/das-war-unsere-abschlussfeier\/"]}]},{"@type":"ImageObject","inLanguage":"de","@id":"https:\/\/blog.vida.at\/pensionisten\/2024\/04\/12\/das-war-unsere-abschlussfeier\/#primaryimage","url":"https:\/\/blog.vida.at\/pensionisten\/wp-content\/uploads\/sites\/10\/2024\/04\/Abschluss-20235-1-scaled.jpg","contentUrl":"https:\/\/blog.vida.at\/pensionisten\/wp-content\/uploads\/sites\/10\/2024\/04\/Abschluss-20235-1-scaled.jpg","width":2560,"height":1707},{"@type":"BreadcrumbList","@id":"https:\/\/blog.vida.at\/pensionisten\/2024\/04\/12\/das-war-unsere-abschlussfeier\/#breadcrumb","itemListElement":[{"@type":"ListItem","position":1,"name":"Startseite","item":"https:\/\/blog.vida.at\/pensionisten\/"},{"@type":"ListItem","position":2,"name":"Das war unsere Abschlussfeier"}]},{"@type":"WebSite","@id":"https:\/\/blog.vida.at\/pensionisten\/#website","url":"https:\/\/blog.vida.at\/pensionisten\/","name":"vida Pensionisten","description":"","potentialAction":[{"@type":"SearchAction","target":{"@type":"EntryPoint","urlTemplate":"https:\/\/blog.vida.at\/pensionisten\/?s={search_term_string}"},"query-input":{"@type":"PropertyValueSpecification","valueRequired":true,"valueName":"search_term_string"}}],"inLanguage":"de"},{"@type":"Person","@id":"https:\/\/blog.vida.at\/pensionisten\/#\/schema\/person\/88cee3ee93b9afdc51c92f5f63f38b8a","name":"mariontobola","image":{"@type":"ImageObject","inLanguage":"de","@id":"https:\/\/secure.gravatar.com\/avatar\/5d2c516985e4eda61bca05bd3b4359b4358135bd1e1a5b08c539e9cd1edd6528?s=96&d=mm&r=g","url":"https:\/\/secure.gravatar.com\/avatar\/5d2c516985e4eda61bca05bd3b4359b4358135bd1e1a5b08c539e9cd1edd6528?s=96&d=mm&r=g","contentUrl":"https:\/\/secure.gravatar.com\/avatar\/5d2c516985e4eda61bca05bd3b4359b4358135bd1e1a5b08c539e9cd1edd6528?s=96&d=mm&r=g","caption":"mariontobola"},"url":"https:\/\/blog.vida.at\/pensionisten\/author\/mariontobola\/"}]}},"author_meta":{"display_name":"mariontobola","author_link":"https:\/\/blog.vida.at\/pensionisten\/author\/mariontobola\/"},"featured_img":"https:\/\/blog.vida.at\/pensionisten\/wp-content\/uploads\/sites\/10\/2024\/04\/Abschluss-20235-1-300x200.jpg","featured_image_src":"https:\/\/blog.vida.at\/pensionisten\/wp-content\/uploads\/sites\/10\/2024\/04\/Abschluss-20235-1-600x400.jpg","featured_image_src_square":"https:\/\/blog.vida.at\/pensionisten\/wp-content\/uploads\/sites\/10\/2024\/04\/Abschluss-20235-1-600x600.jpg","uagb_featured_image_src":{"full":["https:\/\/blog.vida.at\/pensionisten\/wp-content\/uploads\/sites\/10\/2024\/04\/Abschluss-20235-1-scaled.jpg",2560,1707,false],"thumbnail":["https:\/\/blog.vida.at\/pensionisten\/wp-content\/uploads\/sites\/10\/2024\/04\/Abschluss-20235-1-150x150.jpg",150,150,true],"medium":["https:\/\/blog.vida.at\/pensionisten\/wp-content\/uploads\/sites\/10\/2024\/04\/Abschluss-20235-1-300x200.jpg",300,200,true],"medium_large":["https:\/\/blog.vida.at\/pensionisten\/wp-content\/uploads\/sites\/10\/2024\/04\/Abschluss-20235-1-768x512.jpg",640,427,true],"large":["https:\/\/blog.vida.at\/pensionisten\/wp-content\/uploads\/sites\/10\/2024\/04\/Abschluss-20235-1-1024x683.jpg",640,427,true],"1536x1536":["https:\/\/blog.vida.at\/pensionisten\/wp-content\/uploads\/sites\/10\/2024\/04\/Abschluss-20235-1-1536x1024.jpg",1536,1024,true],"2048x2048":["https:\/\/blog.vida.at\/pensionisten\/wp-content\/uploads\/sites\/10\/2024\/04\/Abschluss-20235-1-2048x1365.jpg",2048,1365,true],"ab-block-post-grid-landscape":["https:\/\/blog.vida.at\/pensionisten\/wp-content\/uploads\/sites\/10\/2024\/04\/Abschluss-20235-1-600x400.jpg",600,400,true],"ab-block-post-grid-square":["https:\/\/blog.vida.at\/pensionisten\/wp-content\/uploads\/sites\/10\/2024\/04\/Abschluss-20235-1-600x600.jpg",600,600,true],"post-thumbnail":["https:\/\/blog.vida.at\/pensionisten\/wp-content\/uploads\/sites\/10\/2024\/04\/Abschluss-20235-1-1568x1045.jpg",1568,1045,true],"awb_sm":["https:\/\/blog.vida.at\/pensionisten\/wp-content\/uploads\/sites\/10\/2024\/04\/Abschluss-20235-1-500x333.jpg",500,333,true],"awb_md":["https:\/\/blog.vida.at\/pensionisten\/wp-content\/uploads\/sites\/10\/2024\/04\/Abschluss-20235-1-800x533.jpg",800,533,true],"awb_lg":["https:\/\/blog.vida.at\/pensionisten\/wp-content\/uploads\/sites\/10\/2024\/04\/Abschluss-20235-1-1280x853.jpg",1280,853,true],"awb_xl":["https:\/\/blog.vida.at\/pensionisten\/wp-content\/uploads\/sites\/10\/2024\/04\/Abschluss-20235-1-1920x1280.jpg",1920,1280,true]},"uagb_author_info":{"display_name":"mariontobola","author_link":"https:\/\/blog.vida.at\/pensionisten\/author\/mariontobola\/"},"uagb_comment_info":0,"uagb_excerpt":"Die OG Herzogenburg blickt auf 2023 zur\u00fcck und sagt DANKE.","coauthors":[],"tax_additional":{"categories":{"linked":["<a href=\"https:\/\/blog.vida.at\/pensionisten\/category\/allgemein\/\" class=\"advgb-post-tax-term\">Allgemein<\/a>","<a href=\"https:\/\/blog.vida.at\/pensionisten\/category\/ortsgruppen\/niederoesterreich\/og-herzogenburg\/\" class=\"advgb-post-tax-term\">OG Herzogenburg<\/a>","<a href=\"https:\/\/blog.vida.at\/pensionisten\/category\/ortsgruppen\/\" class=\"advgb-post-tax-term\">Ortsgruppen<\/a>"],"unlinked":["<span class=\"advgb-post-tax-term\">Allgemein<\/span>","<span class=\"advgb-post-tax-term\">OG Herzogenburg<\/span>","<span class=\"advgb-post-tax-term\">Ortsgruppen<\/span>"]}},"comment_count":"0","relative_dates":{"created":"Ver\u00f6ffentlicht 2\u00a0Jahren vor","modified":"Aktualisiert 2\u00a0Jahren vor"},"absolute_dates":{"created":"Ver\u00f6ffentlicht am 12. April 2024","modified":"Aktualisiert am 12. April 2024"},"absolute_dates_time":{"created":"Ver\u00f6ffentlicht am 12. April 2024 8:20","modified":"Aktualisiert am 12. April 2024 8:21"},"featured_img_caption":"","series_order":"","_links":{"self":[{"href":"https:\/\/blog.vida.at\/pensionisten\/wp-json\/wp\/v2\/posts\/8608","targetHints":{"allow":["GET"]}}],"collection":[{"href":"https:\/\/blog.vida.at\/pensionisten\/wp-json\/wp\/v2\/posts"}],"about":[{"href":"https:\/\/blog.vida.at\/pensionisten\/wp-json\/wp\/v2\/types\/post"}],"author":[{"embeddable":true,"href":"https:\/\/blog.vida.at\/pensionisten\/wp-json\/wp\/v2\/users\/8"}],"replies":[{"embeddable":true,"href":"https:\/\/blog.vida.at\/pensionisten\/wp-json\/wp\/v2\/comments?post=8608"}],"version-history":[{"count":2,"href":"https:\/\/blog.vida.at\/pensionisten\/wp-json\/wp\/v2\/posts\/8608\/revisions"}],"predecessor-version":[{"id":8621,"href":"https:\/\/blog.vida.at\/pensionisten\/wp-json\/wp\/v2\/posts\/8608\/revisions\/8621"}],"wp:featuredmedia":[{"embeddable":true,"href":"https:\/\/blog.vida.at\/pensionisten\/wp-json\/wp\/v2\/media\/8619"}],"wp:attachment":[{"href":"https:\/\/blog.vida.at\/pensionisten\/wp-json\/wp\/v2\/media?parent=8608"}],"wp:term":[{"taxonomy":"category","embeddable":true,"href":"https:\/\/blog.vida.at\/pensionisten\/wp-json\/wp\/v2\/categories?post=8608"},{"taxonomy":"post_tag","embeddable":true,"href":"https:\/\/blog.vida.at\/pensionisten\/wp-json\/wp\/v2\/tags?post=8608"},{"taxonomy":"Orte","embeddable":true,"href":"https:\/\/blog.vida.at\/pensionisten\/wp-json\/wp\/v2\/Orte?post=8608"},{"taxonomy":"activitytype","embeddable":true,"href":"https:\/\/blog.vida.at\/pensionisten\/wp-json\/wp\/v2\/activitytype?post=8608"}],"curies":[{"name":"wp","href":"https:\/\/api.w.org\/{rel}","templated":true}]}}