
{"id":8727,"date":"2024-05-04T06:57:07","date_gmt":"2024-05-04T04:57:07","guid":{"rendered":"https:\/\/blog.vida.at\/pensionisten\/?p=8727"},"modified":"2024-05-04T06:57:07","modified_gmt":"2024-05-04T04:57:07","slug":"landeskonferenz-vida-wien","status":"publish","type":"post","link":"https:\/\/blog.vida.at\/pensionisten\/2024\/05\/04\/landeskonferenz-vida-wien\/","title":{"rendered":"Landeskonferenz vida Wien"},"content":{"rendered":"\n<div class=\"wp-block-group Container\"><div class=\"wp-block-group__inner-container is-layout-flow wp-block-group-is-layout-flow\">\n<p><strong>Helene Starzer <\/strong>zur<strong> Pensionist:innen-Landesvorsitzenden <\/strong>gew\u00e4hlt.<\/p>\n\n\n\n<br>\n\n\n\n<br>\n\n\n\n<!--more-->\n\n\n\n<p>Am <strong>26. April 2024<\/strong> fand die <strong>Pensionist:innen-Landeskonferenz f\u00fcr Wien<\/strong> statt.\u00a0 Dabei wurde <strong>Helene Starzer <\/strong>zur <strong>Vorsitzenden der vida Wien-Pensionist:innen<\/strong> gew\u00e4hlt.<\/p>\n\n\n\n<p>Wir danken allen <strong>Ehreng\u00e4sten<\/strong> f\u00fcr die  <strong>generationen\u00fcbergreifende Podiumsdiskussion<\/strong>:<\/p>\n\n\n\n<ul class=\"wp-block-list\">\n<li><strong>Monika Kemperle<\/strong>, \u00d6GB Vorsitzende Pensionist:innen<\/li>\n\n\n\n<li><strong>Prof. Harry Kopietz<\/strong>, PV\u00d6 Landespr\u00e4sident Wien<\/li>\n\n\n\n<li><strong>Werner Bogendorfer<\/strong>, Generaldirektor-Stellvertreter BVAEB<\/li>\n\n\n\n<li><strong>Karl Koczurek<\/strong>, Landesdirektor \u00d6BV<\/li>\n\n\n\n<li><strong>Helene Starzer<\/strong>, vida Wien-Landespensionist:innen-Vorsitzende<\/li>\n\n\n\n<li><strong>Anton St\u00f6ger<\/strong>, Ortsgruppenvorsitzender SIGWE<\/li>\n\n\n\n<li><strong>Julian Brenner<\/strong>, Jugendsekret\u00e4r vida Wien<\/li>\n<\/ul>\n\n\n\n<p>Wir danken <a href=\"https:\/\/www.jaw.at\/\">\u201eJugend am Werk\u201c<\/a> f\u00fcr die spannende Showeinlage.<\/p>\n\n\n\n<p><mark style=\"color:#f80505\" class=\"has-inline-color\"><strong>Wir gratulieren dem neu gew\u00e4hlten vida Wien Pensionist:innen-Team herzlich!<\/strong><\/mark><\/p>\n\n\n\n<figure class=\"wp-block-gallery has-nested-images columns-default is-cropped wp-block-gallery-1 is-layout-flex wp-block-gallery-is-layout-flex\">\n<figure class=\"wp-block-image size-large\"><img loading=\"lazy\" decoding=\"async\" width=\"1024\" height=\"682\" data-id=\"8730\" src=\"https:\/\/blog.vida.at\/pensionisten\/wp-content\/uploads\/sites\/10\/2024\/05\/440450412_771640275071628_3569797891477000414_n-1024x682.jpg\" alt=\"\" class=\"wp-image-8730\" srcset=\"https:\/\/blog.vida.at\/pensionisten\/wp-content\/uploads\/sites\/10\/2024\/05\/440450412_771640275071628_3569797891477000414_n-1024x682.jpg 1024w, https:\/\/blog.vida.at\/pensionisten\/wp-content\/uploads\/sites\/10\/2024\/05\/440450412_771640275071628_3569797891477000414_n-300x200.jpg 300w, https:\/\/blog.vida.at\/pensionisten\/wp-content\/uploads\/sites\/10\/2024\/05\/440450412_771640275071628_3569797891477000414_n-768x512.jpg 768w, https:\/\/blog.vida.at\/pensionisten\/wp-content\/uploads\/sites\/10\/2024\/05\/440450412_771640275071628_3569797891477000414_n-500x333.jpg 500w, https:\/\/blog.vida.at\/pensionisten\/wp-content\/uploads\/sites\/10\/2024\/05\/440450412_771640275071628_3569797891477000414_n-800x533.jpg 800w, https:\/\/blog.vida.at\/pensionisten\/wp-content\/uploads\/sites\/10\/2024\/05\/440450412_771640275071628_3569797891477000414_n-600x400.jpg 600w, https:\/\/blog.vida.at\/pensionisten\/wp-content\/uploads\/sites\/10\/2024\/05\/440450412_771640275071628_3569797891477000414_n.jpg 1060w\" sizes=\"auto, (max-width: 1024px) 100vw, 1024px\" \/><\/figure>\n\n\n\n<figure class=\"wp-block-image size-large\"><img loading=\"lazy\" decoding=\"async\" width=\"1024\" height=\"678\" data-id=\"8728\" src=\"https:\/\/blog.vida.at\/pensionisten\/wp-content\/uploads\/sites\/10\/2024\/05\/439858406_771640585071597_6471821528830312821_n-1024x678.jpg\" alt=\"\" class=\"wp-image-8728\" srcset=\"https:\/\/blog.vida.at\/pensionisten\/wp-content\/uploads\/sites\/10\/2024\/05\/439858406_771640585071597_6471821528830312821_n-1024x678.jpg 1024w, https:\/\/blog.vida.at\/pensionisten\/wp-content\/uploads\/sites\/10\/2024\/05\/439858406_771640585071597_6471821528830312821_n-300x199.jpg 300w, https:\/\/blog.vida.at\/pensionisten\/wp-content\/uploads\/sites\/10\/2024\/05\/439858406_771640585071597_6471821528830312821_n-768x509.jpg 768w, https:\/\/blog.vida.at\/pensionisten\/wp-content\/uploads\/sites\/10\/2024\/05\/439858406_771640585071597_6471821528830312821_n-1536x1017.jpg 1536w, https:\/\/blog.vida.at\/pensionisten\/wp-content\/uploads\/sites\/10\/2024\/05\/439858406_771640585071597_6471821528830312821_n-500x331.jpg 500w, https:\/\/blog.vida.at\/pensionisten\/wp-content\/uploads\/sites\/10\/2024\/05\/439858406_771640585071597_6471821528830312821_n-800x530.jpg 800w, https:\/\/blog.vida.at\/pensionisten\/wp-content\/uploads\/sites\/10\/2024\/05\/439858406_771640585071597_6471821528830312821_n-1280x848.jpg 1280w, https:\/\/blog.vida.at\/pensionisten\/wp-content\/uploads\/sites\/10\/2024\/05\/439858406_771640585071597_6471821528830312821_n-1920x1271.jpg 1920w, https:\/\/blog.vida.at\/pensionisten\/wp-content\/uploads\/sites\/10\/2024\/05\/439858406_771640585071597_6471821528830312821_n-1568x1038.jpg 1568w, https:\/\/blog.vida.at\/pensionisten\/wp-content\/uploads\/sites\/10\/2024\/05\/439858406_771640585071597_6471821528830312821_n.jpg 2048w\" sizes=\"auto, (max-width: 1024px) 100vw, 1024px\" \/><\/figure>\n\n\n\n<figure class=\"wp-block-image size-large\"><img loading=\"lazy\" decoding=\"async\" width=\"1024\" height=\"678\" data-id=\"8731\" src=\"https:\/\/blog.vida.at\/pensionisten\/wp-content\/uploads\/sites\/10\/2024\/05\/440582874_771640541738268_6945585453239906791_n-1024x678.jpg\" alt=\"\" class=\"wp-image-8731\" srcset=\"https:\/\/blog.vida.at\/pensionisten\/wp-content\/uploads\/sites\/10\/2024\/05\/440582874_771640541738268_6945585453239906791_n-1024x678.jpg 1024w, https:\/\/blog.vida.at\/pensionisten\/wp-content\/uploads\/sites\/10\/2024\/05\/440582874_771640541738268_6945585453239906791_n-300x199.jpg 300w, https:\/\/blog.vida.at\/pensionisten\/wp-content\/uploads\/sites\/10\/2024\/05\/440582874_771640541738268_6945585453239906791_n-768x509.jpg 768w, https:\/\/blog.vida.at\/pensionisten\/wp-content\/uploads\/sites\/10\/2024\/05\/440582874_771640541738268_6945585453239906791_n-1536x1017.jpg 1536w, https:\/\/blog.vida.at\/pensionisten\/wp-content\/uploads\/sites\/10\/2024\/05\/440582874_771640541738268_6945585453239906791_n-500x331.jpg 500w, https:\/\/blog.vida.at\/pensionisten\/wp-content\/uploads\/sites\/10\/2024\/05\/440582874_771640541738268_6945585453239906791_n-800x530.jpg 800w, https:\/\/blog.vida.at\/pensionisten\/wp-content\/uploads\/sites\/10\/2024\/05\/440582874_771640541738268_6945585453239906791_n-1280x848.jpg 1280w, https:\/\/blog.vida.at\/pensionisten\/wp-content\/uploads\/sites\/10\/2024\/05\/440582874_771640541738268_6945585453239906791_n-1920x1271.jpg 1920w, https:\/\/blog.vida.at\/pensionisten\/wp-content\/uploads\/sites\/10\/2024\/05\/440582874_771640541738268_6945585453239906791_n-1568x1038.jpg 1568w, https:\/\/blog.vida.at\/pensionisten\/wp-content\/uploads\/sites\/10\/2024\/05\/440582874_771640541738268_6945585453239906791_n.jpg 2048w\" sizes=\"auto, (max-width: 1024px) 100vw, 1024px\" \/><\/figure>\n\n\n\n<figure class=\"wp-block-image size-large\"><img loading=\"lazy\" decoding=\"async\" width=\"1024\" height=\"678\" data-id=\"8729\" src=\"https:\/\/blog.vida.at\/pensionisten\/wp-content\/uploads\/sites\/10\/2024\/05\/439934687_771640411738281_7782793821249869242_n-1024x678.jpg\" alt=\"\" class=\"wp-image-8729\" srcset=\"https:\/\/blog.vida.at\/pensionisten\/wp-content\/uploads\/sites\/10\/2024\/05\/439934687_771640411738281_7782793821249869242_n-1024x678.jpg 1024w, https:\/\/blog.vida.at\/pensionisten\/wp-content\/uploads\/sites\/10\/2024\/05\/439934687_771640411738281_7782793821249869242_n-300x199.jpg 300w, https:\/\/blog.vida.at\/pensionisten\/wp-content\/uploads\/sites\/10\/2024\/05\/439934687_771640411738281_7782793821249869242_n-768x509.jpg 768w, https:\/\/blog.vida.at\/pensionisten\/wp-content\/uploads\/sites\/10\/2024\/05\/439934687_771640411738281_7782793821249869242_n-1536x1017.jpg 1536w, https:\/\/blog.vida.at\/pensionisten\/wp-content\/uploads\/sites\/10\/2024\/05\/439934687_771640411738281_7782793821249869242_n-500x331.jpg 500w, https:\/\/blog.vida.at\/pensionisten\/wp-content\/uploads\/sites\/10\/2024\/05\/439934687_771640411738281_7782793821249869242_n-800x530.jpg 800w, https:\/\/blog.vida.at\/pensionisten\/wp-content\/uploads\/sites\/10\/2024\/05\/439934687_771640411738281_7782793821249869242_n-1280x848.jpg 1280w, https:\/\/blog.vida.at\/pensionisten\/wp-content\/uploads\/sites\/10\/2024\/05\/439934687_771640411738281_7782793821249869242_n-1920x1271.jpg 1920w, https:\/\/blog.vida.at\/pensionisten\/wp-content\/uploads\/sites\/10\/2024\/05\/439934687_771640411738281_7782793821249869242_n-1568x1038.jpg 1568w, https:\/\/blog.vida.at\/pensionisten\/wp-content\/uploads\/sites\/10\/2024\/05\/439934687_771640411738281_7782793821249869242_n.jpg 2048w\" sizes=\"auto, (max-width: 1024px) 100vw, 1024px\" \/><\/figure>\n<\/figure>\n<\/div><\/div>\n\n\n\n<p><em>I<\/em><\/p>\n","protected":false},"excerpt":{"rendered":"<p>Helene Starzer zur Pensionist:innen-Landesvorsitzenden gew\u00e4hlt.<\/p>\n","protected":false},"author":8,"featured_media":8729,"comment_status":"open","ping_status":"open","sticky":false,"template":"","format":"standard","meta":{"_uag_custom_page_level_css":"","advgb_blocks_editor_width":"","advgb_blocks_columns_visual_guide":"","footnotes":""},"categories":[4,1,32],"tags":[],"Orte":[],"activitytype":[],"class_list":["post-8727","post","type-post","status-publish","format-standard","has-post-thumbnail","hentry","category-aktuelles","category-allgemein","category-top-aktuelles","entry"],"featured_image_urls":{"full":["https:\/\/blog.vida.at\/pensionisten\/wp-content\/uploads\/sites\/10\/2024\/05\/439934687_771640411738281_7782793821249869242_n.jpg",2048,1356,false],"thumbnail":["https:\/\/blog.vida.at\/pensionisten\/wp-content\/uploads\/sites\/10\/2024\/05\/439934687_771640411738281_7782793821249869242_n-150x150.jpg",150,150,true],"medium":["https:\/\/blog.vida.at\/pensionisten\/wp-content\/uploads\/sites\/10\/2024\/05\/439934687_771640411738281_7782793821249869242_n-300x199.jpg",300,199,true],"medium_large":["https:\/\/blog.vida.at\/pensionisten\/wp-content\/uploads\/sites\/10\/2024\/05\/439934687_771640411738281_7782793821249869242_n-768x509.jpg",640,424,true],"large":["https:\/\/blog.vida.at\/pensionisten\/wp-content\/uploads\/sites\/10\/2024\/05\/439934687_771640411738281_7782793821249869242_n-1024x678.jpg",640,424,true],"1536x1536":["https:\/\/blog.vida.at\/pensionisten\/wp-content\/uploads\/sites\/10\/2024\/05\/439934687_771640411738281_7782793821249869242_n-1536x1017.jpg",1536,1017,true],"2048x2048":["https:\/\/blog.vida.at\/pensionisten\/wp-content\/uploads\/sites\/10\/2024\/05\/439934687_771640411738281_7782793821249869242_n.jpg",2048,1356,false],"ab-block-post-grid-landscape":["https:\/\/blog.vida.at\/pensionisten\/wp-content\/uploads\/sites\/10\/2024\/05\/439934687_771640411738281_7782793821249869242_n-600x400.jpg",600,400,true],"ab-block-post-grid-square":["https:\/\/blog.vida.at\/pensionisten\/wp-content\/uploads\/sites\/10\/2024\/05\/439934687_771640411738281_7782793821249869242_n-600x600.jpg",600,600,true],"post-thumbnail":["https:\/\/blog.vida.at\/pensionisten\/wp-content\/uploads\/sites\/10\/2024\/05\/439934687_771640411738281_7782793821249869242_n-1568x1038.jpg",1568,1038,true],"awb_sm":["https:\/\/blog.vida.at\/pensionisten\/wp-content\/uploads\/sites\/10\/2024\/05\/439934687_771640411738281_7782793821249869242_n-500x331.jpg",500,331,true],"awb_md":["https:\/\/blog.vida.at\/pensionisten\/wp-content\/uploads\/sites\/10\/2024\/05\/439934687_771640411738281_7782793821249869242_n-800x530.jpg",800,530,true],"awb_lg":["https:\/\/blog.vida.at\/pensionisten\/wp-content\/uploads\/sites\/10\/2024\/05\/439934687_771640411738281_7782793821249869242_n-1280x848.jpg",1280,848,true],"awb_xl":["https:\/\/blog.vida.at\/pensionisten\/wp-content\/uploads\/sites\/10\/2024\/05\/439934687_771640411738281_7782793821249869242_n-1920x1271.jpg",1920,1271,true]},"post_excerpt_stackable":"<p>Helene Starzer zur Pensionist:innen-Landesvorsitzenden gew\u00e4hlt. Am 26. April 2024 fand die Pensionist:innen-Landeskonferenz f\u00fcr Wien statt.\u00a0 Dabei wurde Helene Starzer zur Vorsitzenden der vida Wien-Pensionist:innen gew\u00e4hlt. Wir danken allen Ehreng\u00e4sten f\u00fcr die generationen\u00fcbergreifende Podiumsdiskussion: Monika Kemperle, \u00d6GB Vorsitzende Pensionist:innen Prof. Harry Kopietz, PV\u00d6 Landespr\u00e4sident Wien Werner Bogendorfer, Generaldirektor-Stellvertreter BVAEB Karl Koczurek, Landesdirektor \u00d6BV Helene Starzer, vida Wien-Landespensionist:innen-Vorsitzende Anton St\u00f6ger, Ortsgruppenvorsitzender SIGWE Julian Brenner, Jugendsekret\u00e4r vida Wien Wir danken \u201eJugend am Werk\u201c f\u00fcr die spannende Showeinlage. Wir gratulieren dem neu gew\u00e4hlten vida Wien Pensionist:innen-Team herzlich! I<\/p>\n","category_list":"<a href=\"https:\/\/blog.vida.at\/pensionisten\/category\/aktuelles\/\" rel=\"category tag\">Aktuelles<\/a>, <a href=\"https:\/\/blog.vida.at\/pensionisten\/category\/allgemein\/\" rel=\"category tag\">Allgemein<\/a>, <a href=\"https:\/\/blog.vida.at\/pensionisten\/category\/top-aktuelles\/\" rel=\"category tag\">Top Aktuelles<\/a>","author_info":{"display_name":"mariontobola","author_link":"https:\/\/blog.vida.at\/pensionisten\/author\/mariontobola\/"},"comments_num":"0 comments","featured_image_urls_v2":{"full":["https:\/\/blog.vida.at\/pensionisten\/wp-content\/uploads\/sites\/10\/2024\/05\/439934687_771640411738281_7782793821249869242_n.jpg",2048,1356,false],"thumbnail":["https:\/\/blog.vida.at\/pensionisten\/wp-content\/uploads\/sites\/10\/2024\/05\/439934687_771640411738281_7782793821249869242_n-150x150.jpg",150,150,true],"medium":["https:\/\/blog.vida.at\/pensionisten\/wp-content\/uploads\/sites\/10\/2024\/05\/439934687_771640411738281_7782793821249869242_n-300x199.jpg",300,199,true],"medium_large":["https:\/\/blog.vida.at\/pensionisten\/wp-content\/uploads\/sites\/10\/2024\/05\/439934687_771640411738281_7782793821249869242_n-768x509.jpg",640,424,true],"large":["https:\/\/blog.vida.at\/pensionisten\/wp-content\/uploads\/sites\/10\/2024\/05\/439934687_771640411738281_7782793821249869242_n-1024x678.jpg",640,424,true],"1536x1536":["https:\/\/blog.vida.at\/pensionisten\/wp-content\/uploads\/sites\/10\/2024\/05\/439934687_771640411738281_7782793821249869242_n-1536x1017.jpg",1536,1017,true],"2048x2048":["https:\/\/blog.vida.at\/pensionisten\/wp-content\/uploads\/sites\/10\/2024\/05\/439934687_771640411738281_7782793821249869242_n.jpg",2048,1356,false],"ab-block-post-grid-landscape":["https:\/\/blog.vida.at\/pensionisten\/wp-content\/uploads\/sites\/10\/2024\/05\/439934687_771640411738281_7782793821249869242_n-600x400.jpg",600,400,true],"ab-block-post-grid-square":["https:\/\/blog.vida.at\/pensionisten\/wp-content\/uploads\/sites\/10\/2024\/05\/439934687_771640411738281_7782793821249869242_n-600x600.jpg",600,600,true],"post-thumbnail":["https:\/\/blog.vida.at\/pensionisten\/wp-content\/uploads\/sites\/10\/2024\/05\/439934687_771640411738281_7782793821249869242_n-1568x1038.jpg",1568,1038,true],"awb_sm":["https:\/\/blog.vida.at\/pensionisten\/wp-content\/uploads\/sites\/10\/2024\/05\/439934687_771640411738281_7782793821249869242_n-500x331.jpg",500,331,true],"awb_md":["https:\/\/blog.vida.at\/pensionisten\/wp-content\/uploads\/sites\/10\/2024\/05\/439934687_771640411738281_7782793821249869242_n-800x530.jpg",800,530,true],"awb_lg":["https:\/\/blog.vida.at\/pensionisten\/wp-content\/uploads\/sites\/10\/2024\/05\/439934687_771640411738281_7782793821249869242_n-1280x848.jpg",1280,848,true],"awb_xl":["https:\/\/blog.vida.at\/pensionisten\/wp-content\/uploads\/sites\/10\/2024\/05\/439934687_771640411738281_7782793821249869242_n-1920x1271.jpg",1920,1271,true]},"post_excerpt_stackable_v2":"<p>Helene Starzer zur Pensionist:innen-Landesvorsitzenden gew\u00e4hlt. Am 26. April 2024 fand die Pensionist:innen-Landeskonferenz f\u00fcr Wien statt.\u00a0 Dabei wurde Helene Starzer zur Vorsitzenden der vida Wien-Pensionist:innen gew\u00e4hlt. Wir danken allen Ehreng\u00e4sten f\u00fcr die generationen\u00fcbergreifende Podiumsdiskussion: Monika Kemperle, \u00d6GB Vorsitzende Pensionist:innen Prof. Harry Kopietz, PV\u00d6 Landespr\u00e4sident Wien Werner Bogendorfer, Generaldirektor-Stellvertreter BVAEB Karl Koczurek, Landesdirektor \u00d6BV Helene Starzer, vida Wien-Landespensionist:innen-Vorsitzende Anton St\u00f6ger, Ortsgruppenvorsitzender SIGWE Julian Brenner, Jugendsekret\u00e4r vida Wien Wir danken \u201eJugend am Werk\u201c f\u00fcr die spannende Showeinlage. Wir gratulieren dem neu gew\u00e4hlten vida Wien Pensionist:innen-Team herzlich! I<\/p>\n","category_list_v2":"<a href=\"https:\/\/blog.vida.at\/pensionisten\/category\/aktuelles\/\" rel=\"category tag\">Aktuelles<\/a>, <a href=\"https:\/\/blog.vida.at\/pensionisten\/category\/allgemein\/\" rel=\"category tag\">Allgemein<\/a>, <a href=\"https:\/\/blog.vida.at\/pensionisten\/category\/top-aktuelles\/\" rel=\"category tag\">Top Aktuelles<\/a>","author_info_v2":{"name":"mariontobola","url":"https:\/\/blog.vida.at\/pensionisten\/author\/mariontobola\/"},"comments_num_v2":"0 comments","yoast_head":"<!-- This site is optimized with the Yoast SEO plugin v27.3 - https:\/\/yoast.com\/product\/yoast-seo-wordpress\/ -->\n<title>Landeskonferenz vida Wien<\/title>\n<meta name=\"robots\" content=\"index, follow, max-snippet:-1, max-image-preview:large, max-video-preview:-1\" \/>\n<link rel=\"canonical\" href=\"https:\/\/blog.vida.at\/pensionisten\/2024\/05\/04\/landeskonferenz-vida-wien\/\" \/>\n<meta property=\"og:locale\" content=\"de_DE\" \/>\n<meta property=\"og:type\" content=\"article\" \/>\n<meta property=\"og:title\" content=\"Landeskonferenz vida Wien\" \/>\n<meta property=\"og:description\" content=\"Helene Starzer zur Pensionist:innen-Landesvorsitzenden gew\u00e4hlt.\" \/>\n<meta property=\"og:url\" content=\"https:\/\/blog.vida.at\/pensionisten\/2024\/05\/04\/landeskonferenz-vida-wien\/\" \/>\n<meta property=\"og:site_name\" content=\"vida Pensionisten\" \/>\n<meta property=\"article:published_time\" content=\"2024-05-04T04:57:07+00:00\" \/>\n<meta property=\"og:image\" content=\"https:\/\/blog.vida.at\/pensionisten\/wp-content\/uploads\/sites\/10\/2024\/05\/439934687_771640411738281_7782793821249869242_n.jpg\" \/>\n\t<meta property=\"og:image:width\" content=\"2048\" \/>\n\t<meta property=\"og:image:height\" content=\"1356\" \/>\n\t<meta property=\"og:image:type\" content=\"image\/jpeg\" \/>\n<meta name=\"author\" content=\"mariontobola\" \/>\n<meta name=\"twitter:card\" content=\"summary_large_image\" \/>\n<meta name=\"twitter:label1\" content=\"Verfasst von\" \/>\n\t<meta name=\"twitter:data1\" content=\"mariontobola\" \/>\n\t<meta name=\"twitter:label2\" content=\"Gesch\u00e4tzte Lesezeit\" \/>\n\t<meta name=\"twitter:data2\" content=\"2\u00a0Minuten\" \/>\n<script type=\"application\/ld+json\" class=\"yoast-schema-graph\">{\"@context\":\"https:\\\/\\\/schema.org\",\"@graph\":[{\"@type\":\"Article\",\"@id\":\"https:\\\/\\\/blog.vida.at\\\/pensionisten\\\/2024\\\/05\\\/04\\\/landeskonferenz-vida-wien\\\/#article\",\"isPartOf\":{\"@id\":\"https:\\\/\\\/blog.vida.at\\\/pensionisten\\\/2024\\\/05\\\/04\\\/landeskonferenz-vida-wien\\\/\"},\"author\":{\"name\":\"mariontobola\",\"@id\":\"https:\\\/\\\/blog.vida.at\\\/pensionisten\\\/#\\\/schema\\\/person\\\/88cee3ee93b9afdc51c92f5f63f38b8a\"},\"headline\":\"Landeskonferenz vida Wien\",\"datePublished\":\"2024-05-04T04:57:07+00:00\",\"mainEntityOfPage\":{\"@id\":\"https:\\\/\\\/blog.vida.at\\\/pensionisten\\\/2024\\\/05\\\/04\\\/landeskonferenz-vida-wien\\\/\"},\"wordCount\":102,\"commentCount\":0,\"image\":{\"@id\":\"https:\\\/\\\/blog.vida.at\\\/pensionisten\\\/2024\\\/05\\\/04\\\/landeskonferenz-vida-wien\\\/#primaryimage\"},\"thumbnailUrl\":\"https:\\\/\\\/blog.vida.at\\\/pensionisten\\\/wp-content\\\/uploads\\\/sites\\\/10\\\/2024\\\/05\\\/439934687_771640411738281_7782793821249869242_n.jpg\",\"articleSection\":{\"0\":\"Aktuelles\",\"2\":\"Top Aktuelles\"},\"inLanguage\":\"de\",\"potentialAction\":[{\"@type\":\"CommentAction\",\"name\":\"Comment\",\"target\":[\"https:\\\/\\\/blog.vida.at\\\/pensionisten\\\/2024\\\/05\\\/04\\\/landeskonferenz-vida-wien\\\/#respond\"]}]},{\"@type\":\"WebPage\",\"@id\":\"https:\\\/\\\/blog.vida.at\\\/pensionisten\\\/2024\\\/05\\\/04\\\/landeskonferenz-vida-wien\\\/\",\"url\":\"https:\\\/\\\/blog.vida.at\\\/pensionisten\\\/2024\\\/05\\\/04\\\/landeskonferenz-vida-wien\\\/\",\"name\":\"Landeskonferenz vida Wien\",\"isPartOf\":{\"@id\":\"https:\\\/\\\/blog.vida.at\\\/pensionisten\\\/#website\"},\"primaryImageOfPage\":{\"@id\":\"https:\\\/\\\/blog.vida.at\\\/pensionisten\\\/2024\\\/05\\\/04\\\/landeskonferenz-vida-wien\\\/#primaryimage\"},\"image\":{\"@id\":\"https:\\\/\\\/blog.vida.at\\\/pensionisten\\\/2024\\\/05\\\/04\\\/landeskonferenz-vida-wien\\\/#primaryimage\"},\"thumbnailUrl\":\"https:\\\/\\\/blog.vida.at\\\/pensionisten\\\/wp-content\\\/uploads\\\/sites\\\/10\\\/2024\\\/05\\\/439934687_771640411738281_7782793821249869242_n.jpg\",\"datePublished\":\"2024-05-04T04:57:07+00:00\",\"author\":{\"@id\":\"https:\\\/\\\/blog.vida.at\\\/pensionisten\\\/#\\\/schema\\\/person\\\/88cee3ee93b9afdc51c92f5f63f38b8a\"},\"breadcrumb\":{\"@id\":\"https:\\\/\\\/blog.vida.at\\\/pensionisten\\\/2024\\\/05\\\/04\\\/landeskonferenz-vida-wien\\\/#breadcrumb\"},\"inLanguage\":\"de\",\"potentialAction\":[{\"@type\":\"ReadAction\",\"target\":[\"https:\\\/\\\/blog.vida.at\\\/pensionisten\\\/2024\\\/05\\\/04\\\/landeskonferenz-vida-wien\\\/\"]}]},{\"@type\":\"ImageObject\",\"inLanguage\":\"de\",\"@id\":\"https:\\\/\\\/blog.vida.at\\\/pensionisten\\\/2024\\\/05\\\/04\\\/landeskonferenz-vida-wien\\\/#primaryimage\",\"url\":\"https:\\\/\\\/blog.vida.at\\\/pensionisten\\\/wp-content\\\/uploads\\\/sites\\\/10\\\/2024\\\/05\\\/439934687_771640411738281_7782793821249869242_n.jpg\",\"contentUrl\":\"https:\\\/\\\/blog.vida.at\\\/pensionisten\\\/wp-content\\\/uploads\\\/sites\\\/10\\\/2024\\\/05\\\/439934687_771640411738281_7782793821249869242_n.jpg\",\"width\":2048,\"height\":1356},{\"@type\":\"BreadcrumbList\",\"@id\":\"https:\\\/\\\/blog.vida.at\\\/pensionisten\\\/2024\\\/05\\\/04\\\/landeskonferenz-vida-wien\\\/#breadcrumb\",\"itemListElement\":[{\"@type\":\"ListItem\",\"position\":1,\"name\":\"Startseite\",\"item\":\"https:\\\/\\\/blog.vida.at\\\/pensionisten\\\/\"},{\"@type\":\"ListItem\",\"position\":2,\"name\":\"Landeskonferenz vida Wien\"}]},{\"@type\":\"WebSite\",\"@id\":\"https:\\\/\\\/blog.vida.at\\\/pensionisten\\\/#website\",\"url\":\"https:\\\/\\\/blog.vida.at\\\/pensionisten\\\/\",\"name\":\"vida Pensionisten\",\"description\":\"\",\"potentialAction\":[{\"@type\":\"SearchAction\",\"target\":{\"@type\":\"EntryPoint\",\"urlTemplate\":\"https:\\\/\\\/blog.vida.at\\\/pensionisten\\\/?s={search_term_string}\"},\"query-input\":{\"@type\":\"PropertyValueSpecification\",\"valueRequired\":true,\"valueName\":\"search_term_string\"}}],\"inLanguage\":\"de\"},{\"@type\":\"Person\",\"@id\":\"https:\\\/\\\/blog.vida.at\\\/pensionisten\\\/#\\\/schema\\\/person\\\/88cee3ee93b9afdc51c92f5f63f38b8a\",\"name\":\"mariontobola\",\"image\":{\"@type\":\"ImageObject\",\"inLanguage\":\"de\",\"@id\":\"https:\\\/\\\/secure.gravatar.com\\\/avatar\\\/5d2c516985e4eda61bca05bd3b4359b4358135bd1e1a5b08c539e9cd1edd6528?s=96&d=mm&r=g\",\"url\":\"https:\\\/\\\/secure.gravatar.com\\\/avatar\\\/5d2c516985e4eda61bca05bd3b4359b4358135bd1e1a5b08c539e9cd1edd6528?s=96&d=mm&r=g\",\"contentUrl\":\"https:\\\/\\\/secure.gravatar.com\\\/avatar\\\/5d2c516985e4eda61bca05bd3b4359b4358135bd1e1a5b08c539e9cd1edd6528?s=96&d=mm&r=g\",\"caption\":\"mariontobola\"},\"url\":\"https:\\\/\\\/blog.vida.at\\\/pensionisten\\\/author\\\/mariontobola\\\/\"}]}<\/script>\n<!-- \/ Yoast SEO plugin. -->","yoast_head_json":{"title":"Landeskonferenz vida Wien","robots":{"index":"index","follow":"follow","max-snippet":"max-snippet:-1","max-image-preview":"max-image-preview:large","max-video-preview":"max-video-preview:-1"},"canonical":"https:\/\/blog.vida.at\/pensionisten\/2024\/05\/04\/landeskonferenz-vida-wien\/","og_locale":"de_DE","og_type":"article","og_title":"Landeskonferenz vida Wien","og_description":"Helene Starzer zur Pensionist:innen-Landesvorsitzenden gew\u00e4hlt.","og_url":"https:\/\/blog.vida.at\/pensionisten\/2024\/05\/04\/landeskonferenz-vida-wien\/","og_site_name":"vida Pensionisten","article_published_time":"2024-05-04T04:57:07+00:00","og_image":[{"width":2048,"height":1356,"url":"https:\/\/blog.vida.at\/pensionisten\/wp-content\/uploads\/sites\/10\/2024\/05\/439934687_771640411738281_7782793821249869242_n.jpg","type":"image\/jpeg"}],"author":"mariontobola","twitter_card":"summary_large_image","twitter_misc":{"Verfasst von":"mariontobola","Gesch\u00e4tzte Lesezeit":"2\u00a0Minuten"},"schema":{"@context":"https:\/\/schema.org","@graph":[{"@type":"Article","@id":"https:\/\/blog.vida.at\/pensionisten\/2024\/05\/04\/landeskonferenz-vida-wien\/#article","isPartOf":{"@id":"https:\/\/blog.vida.at\/pensionisten\/2024\/05\/04\/landeskonferenz-vida-wien\/"},"author":{"name":"mariontobola","@id":"https:\/\/blog.vida.at\/pensionisten\/#\/schema\/person\/88cee3ee93b9afdc51c92f5f63f38b8a"},"headline":"Landeskonferenz vida Wien","datePublished":"2024-05-04T04:57:07+00:00","mainEntityOfPage":{"@id":"https:\/\/blog.vida.at\/pensionisten\/2024\/05\/04\/landeskonferenz-vida-wien\/"},"wordCount":102,"commentCount":0,"image":{"@id":"https:\/\/blog.vida.at\/pensionisten\/2024\/05\/04\/landeskonferenz-vida-wien\/#primaryimage"},"thumbnailUrl":"https:\/\/blog.vida.at\/pensionisten\/wp-content\/uploads\/sites\/10\/2024\/05\/439934687_771640411738281_7782793821249869242_n.jpg","articleSection":{"0":"Aktuelles","2":"Top Aktuelles"},"inLanguage":"de","potentialAction":[{"@type":"CommentAction","name":"Comment","target":["https:\/\/blog.vida.at\/pensionisten\/2024\/05\/04\/landeskonferenz-vida-wien\/#respond"]}]},{"@type":"WebPage","@id":"https:\/\/blog.vida.at\/pensionisten\/2024\/05\/04\/landeskonferenz-vida-wien\/","url":"https:\/\/blog.vida.at\/pensionisten\/2024\/05\/04\/landeskonferenz-vida-wien\/","name":"Landeskonferenz vida Wien","isPartOf":{"@id":"https:\/\/blog.vida.at\/pensionisten\/#website"},"primaryImageOfPage":{"@id":"https:\/\/blog.vida.at\/pensionisten\/2024\/05\/04\/landeskonferenz-vida-wien\/#primaryimage"},"image":{"@id":"https:\/\/blog.vida.at\/pensionisten\/2024\/05\/04\/landeskonferenz-vida-wien\/#primaryimage"},"thumbnailUrl":"https:\/\/blog.vida.at\/pensionisten\/wp-content\/uploads\/sites\/10\/2024\/05\/439934687_771640411738281_7782793821249869242_n.jpg","datePublished":"2024-05-04T04:57:07+00:00","author":{"@id":"https:\/\/blog.vida.at\/pensionisten\/#\/schema\/person\/88cee3ee93b9afdc51c92f5f63f38b8a"},"breadcrumb":{"@id":"https:\/\/blog.vida.at\/pensionisten\/2024\/05\/04\/landeskonferenz-vida-wien\/#breadcrumb"},"inLanguage":"de","potentialAction":[{"@type":"ReadAction","target":["https:\/\/blog.vida.at\/pensionisten\/2024\/05\/04\/landeskonferenz-vida-wien\/"]}]},{"@type":"ImageObject","inLanguage":"de","@id":"https:\/\/blog.vida.at\/pensionisten\/2024\/05\/04\/landeskonferenz-vida-wien\/#primaryimage","url":"https:\/\/blog.vida.at\/pensionisten\/wp-content\/uploads\/sites\/10\/2024\/05\/439934687_771640411738281_7782793821249869242_n.jpg","contentUrl":"https:\/\/blog.vida.at\/pensionisten\/wp-content\/uploads\/sites\/10\/2024\/05\/439934687_771640411738281_7782793821249869242_n.jpg","width":2048,"height":1356},{"@type":"BreadcrumbList","@id":"https:\/\/blog.vida.at\/pensionisten\/2024\/05\/04\/landeskonferenz-vida-wien\/#breadcrumb","itemListElement":[{"@type":"ListItem","position":1,"name":"Startseite","item":"https:\/\/blog.vida.at\/pensionisten\/"},{"@type":"ListItem","position":2,"name":"Landeskonferenz vida Wien"}]},{"@type":"WebSite","@id":"https:\/\/blog.vida.at\/pensionisten\/#website","url":"https:\/\/blog.vida.at\/pensionisten\/","name":"vida Pensionisten","description":"","potentialAction":[{"@type":"SearchAction","target":{"@type":"EntryPoint","urlTemplate":"https:\/\/blog.vida.at\/pensionisten\/?s={search_term_string}"},"query-input":{"@type":"PropertyValueSpecification","valueRequired":true,"valueName":"search_term_string"}}],"inLanguage":"de"},{"@type":"Person","@id":"https:\/\/blog.vida.at\/pensionisten\/#\/schema\/person\/88cee3ee93b9afdc51c92f5f63f38b8a","name":"mariontobola","image":{"@type":"ImageObject","inLanguage":"de","@id":"https:\/\/secure.gravatar.com\/avatar\/5d2c516985e4eda61bca05bd3b4359b4358135bd1e1a5b08c539e9cd1edd6528?s=96&d=mm&r=g","url":"https:\/\/secure.gravatar.com\/avatar\/5d2c516985e4eda61bca05bd3b4359b4358135bd1e1a5b08c539e9cd1edd6528?s=96&d=mm&r=g","contentUrl":"https:\/\/secure.gravatar.com\/avatar\/5d2c516985e4eda61bca05bd3b4359b4358135bd1e1a5b08c539e9cd1edd6528?s=96&d=mm&r=g","caption":"mariontobola"},"url":"https:\/\/blog.vida.at\/pensionisten\/author\/mariontobola\/"}]}},"author_meta":{"display_name":"mariontobola","author_link":"https:\/\/blog.vida.at\/pensionisten\/author\/mariontobola\/"},"featured_img":"https:\/\/blog.vida.at\/pensionisten\/wp-content\/uploads\/sites\/10\/2024\/05\/439934687_771640411738281_7782793821249869242_n-300x199.jpg","featured_image_src":"https:\/\/blog.vida.at\/pensionisten\/wp-content\/uploads\/sites\/10\/2024\/05\/439934687_771640411738281_7782793821249869242_n-600x400.jpg","featured_image_src_square":"https:\/\/blog.vida.at\/pensionisten\/wp-content\/uploads\/sites\/10\/2024\/05\/439934687_771640411738281_7782793821249869242_n-600x600.jpg","uagb_featured_image_src":{"full":["https:\/\/blog.vida.at\/pensionisten\/wp-content\/uploads\/sites\/10\/2024\/05\/439934687_771640411738281_7782793821249869242_n.jpg",2048,1356,false],"thumbnail":["https:\/\/blog.vida.at\/pensionisten\/wp-content\/uploads\/sites\/10\/2024\/05\/439934687_771640411738281_7782793821249869242_n-150x150.jpg",150,150,true],"medium":["https:\/\/blog.vida.at\/pensionisten\/wp-content\/uploads\/sites\/10\/2024\/05\/439934687_771640411738281_7782793821249869242_n-300x199.jpg",300,199,true],"medium_large":["https:\/\/blog.vida.at\/pensionisten\/wp-content\/uploads\/sites\/10\/2024\/05\/439934687_771640411738281_7782793821249869242_n-768x509.jpg",640,424,true],"large":["https:\/\/blog.vida.at\/pensionisten\/wp-content\/uploads\/sites\/10\/2024\/05\/439934687_771640411738281_7782793821249869242_n-1024x678.jpg",640,424,true],"1536x1536":["https:\/\/blog.vida.at\/pensionisten\/wp-content\/uploads\/sites\/10\/2024\/05\/439934687_771640411738281_7782793821249869242_n-1536x1017.jpg",1536,1017,true],"2048x2048":["https:\/\/blog.vida.at\/pensionisten\/wp-content\/uploads\/sites\/10\/2024\/05\/439934687_771640411738281_7782793821249869242_n.jpg",2048,1356,false],"ab-block-post-grid-landscape":["https:\/\/blog.vida.at\/pensionisten\/wp-content\/uploads\/sites\/10\/2024\/05\/439934687_771640411738281_7782793821249869242_n-600x400.jpg",600,400,true],"ab-block-post-grid-square":["https:\/\/blog.vida.at\/pensionisten\/wp-content\/uploads\/sites\/10\/2024\/05\/439934687_771640411738281_7782793821249869242_n-600x600.jpg",600,600,true],"post-thumbnail":["https:\/\/blog.vida.at\/pensionisten\/wp-content\/uploads\/sites\/10\/2024\/05\/439934687_771640411738281_7782793821249869242_n-1568x1038.jpg",1568,1038,true],"awb_sm":["https:\/\/blog.vida.at\/pensionisten\/wp-content\/uploads\/sites\/10\/2024\/05\/439934687_771640411738281_7782793821249869242_n-500x331.jpg",500,331,true],"awb_md":["https:\/\/blog.vida.at\/pensionisten\/wp-content\/uploads\/sites\/10\/2024\/05\/439934687_771640411738281_7782793821249869242_n-800x530.jpg",800,530,true],"awb_lg":["https:\/\/blog.vida.at\/pensionisten\/wp-content\/uploads\/sites\/10\/2024\/05\/439934687_771640411738281_7782793821249869242_n-1280x848.jpg",1280,848,true],"awb_xl":["https:\/\/blog.vida.at\/pensionisten\/wp-content\/uploads\/sites\/10\/2024\/05\/439934687_771640411738281_7782793821249869242_n-1920x1271.jpg",1920,1271,true]},"uagb_author_info":{"display_name":"mariontobola","author_link":"https:\/\/blog.vida.at\/pensionisten\/author\/mariontobola\/"},"uagb_comment_info":0,"uagb_excerpt":"Helene Starzer zur Pensionist:innen-Landesvorsitzenden gew\u00e4hlt.","coauthors":[],"tax_additional":{"categories":{"linked":["<a href=\"https:\/\/blog.vida.at\/pensionisten\/category\/aktuelles\/\" class=\"advgb-post-tax-term\">Aktuelles<\/a>","<a href=\"https:\/\/blog.vida.at\/pensionisten\/category\/allgemein\/\" class=\"advgb-post-tax-term\">Allgemein<\/a>","<a href=\"https:\/\/blog.vida.at\/pensionisten\/category\/top-aktuelles\/\" class=\"advgb-post-tax-term\">Top Aktuelles<\/a>"],"unlinked":["<span class=\"advgb-post-tax-term\">Aktuelles<\/span>","<span class=\"advgb-post-tax-term\">Allgemein<\/span>","<span class=\"advgb-post-tax-term\">Top Aktuelles<\/span>"]}},"comment_count":"0","relative_dates":{"created":"Ver\u00f6ffentlicht 2\u00a0Jahren vor","modified":"Aktualisiert 2\u00a0Jahren vor"},"absolute_dates":{"created":"Ver\u00f6ffentlicht am 4. Mai 2024","modified":"Aktualisiert am 4. Mai 2024"},"absolute_dates_time":{"created":"Ver\u00f6ffentlicht am 4. Mai 2024 6:57","modified":"Aktualisiert am 4. Mai 2024 6:57"},"featured_img_caption":"","series_order":"","_links":{"self":[{"href":"https:\/\/blog.vida.at\/pensionisten\/wp-json\/wp\/v2\/posts\/8727","targetHints":{"allow":["GET"]}}],"collection":[{"href":"https:\/\/blog.vida.at\/pensionisten\/wp-json\/wp\/v2\/posts"}],"about":[{"href":"https:\/\/blog.vida.at\/pensionisten\/wp-json\/wp\/v2\/types\/post"}],"author":[{"embeddable":true,"href":"https:\/\/blog.vida.at\/pensionisten\/wp-json\/wp\/v2\/users\/8"}],"replies":[{"embeddable":true,"href":"https:\/\/blog.vida.at\/pensionisten\/wp-json\/wp\/v2\/comments?post=8727"}],"version-history":[{"count":1,"href":"https:\/\/blog.vida.at\/pensionisten\/wp-json\/wp\/v2\/posts\/8727\/revisions"}],"predecessor-version":[{"id":8732,"href":"https:\/\/blog.vida.at\/pensionisten\/wp-json\/wp\/v2\/posts\/8727\/revisions\/8732"}],"wp:featuredmedia":[{"embeddable":true,"href":"https:\/\/blog.vida.at\/pensionisten\/wp-json\/wp\/v2\/media\/8729"}],"wp:attachment":[{"href":"https:\/\/blog.vida.at\/pensionisten\/wp-json\/wp\/v2\/media?parent=8727"}],"wp:term":[{"taxonomy":"category","embeddable":true,"href":"https:\/\/blog.vida.at\/pensionisten\/wp-json\/wp\/v2\/categories?post=8727"},{"taxonomy":"post_tag","embeddable":true,"href":"https:\/\/blog.vida.at\/pensionisten\/wp-json\/wp\/v2\/tags?post=8727"},{"taxonomy":"Orte","embeddable":true,"href":"https:\/\/blog.vida.at\/pensionisten\/wp-json\/wp\/v2\/Orte?post=8727"},{"taxonomy":"activitytype","embeddable":true,"href":"https:\/\/blog.vida.at\/pensionisten\/wp-json\/wp\/v2\/activitytype?post=8727"}],"curies":[{"name":"wp","href":"https:\/\/api.w.org\/{rel}","templated":true}]}}