
{"id":8746,"date":"2024-05-07T08:19:42","date_gmt":"2024-05-07T06:19:42","guid":{"rendered":"https:\/\/blog.vida.at\/pensionisten\/?p=8746"},"modified":"2024-05-07T08:19:42","modified_gmt":"2024-05-07T06:19:42","slug":"tullnerinnen-am-maiaufmarsch-in-wien","status":"publish","type":"post","link":"https:\/\/blog.vida.at\/pensionisten\/2024\/05\/07\/tullnerinnen-am-maiaufmarsch-in-wien\/","title":{"rendered":"Tullner:innen am Maiaufmarsch in Wien"},"content":{"rendered":"\n<div class=\"wp-block-group Container\"><div class=\"wp-block-group__inner-container is-layout-flow wp-block-group-is-layout-flow\">\n<h4 class=\"wp-block-heading\">1. Mai &#8211; Tag der Arbeit &#8211; Kampftag der Gewerkschafter:innen.<\/h4>\n\n\n\n<br>\n\n\n\n<br>\n\n\n\n<!--more-->\n\n\n\n<p>Der 1. Mai, der Tag der Arbeit, ist ein gesetzlicher Feiertag. F\u00fcr uns Gewerkschafter:innen ist er vor allem Kampftag. <\/p>\n\n\n\n<p><strong>Seit mehr als 130 Jahren gehen Menschen am 1. Mai auf die Stra\u00dfe, um f\u00fcr die Rechte der Arbeitnehmer:innen zu k\u00e4mpfen. <\/strong><\/p>\n\n\n\n<p>Auch dieses Jahr fanden wieder zahlreiche Kundgebungen in ganz \u00d6sterreich statt. <\/p>\n\n\n\n<p><strong>Die vida-Ortsgruppe Tulln nahm am Maiaufmarsch im Wien teil.<\/strong><\/p>\n\n\n\n<figure class=\"wp-block-gallery has-nested-images columns-default is-cropped wp-block-gallery-1 is-layout-flex wp-block-gallery-is-layout-flex\">\n<figure class=\"wp-block-image size-large\"><img loading=\"lazy\" decoding=\"async\" width=\"949\" height=\"638\" data-id=\"8748\" src=\"https:\/\/blog.vida.at\/pensionisten\/wp-content\/uploads\/sites\/10\/2024\/05\/2024.05.01-1.-Mai-Wien-1.jpg\" alt=\"\" class=\"wp-image-8748\" srcset=\"https:\/\/blog.vida.at\/pensionisten\/wp-content\/uploads\/sites\/10\/2024\/05\/2024.05.01-1.-Mai-Wien-1.jpg 949w, https:\/\/blog.vida.at\/pensionisten\/wp-content\/uploads\/sites\/10\/2024\/05\/2024.05.01-1.-Mai-Wien-1-300x202.jpg 300w, https:\/\/blog.vida.at\/pensionisten\/wp-content\/uploads\/sites\/10\/2024\/05\/2024.05.01-1.-Mai-Wien-1-768x516.jpg 768w, https:\/\/blog.vida.at\/pensionisten\/wp-content\/uploads\/sites\/10\/2024\/05\/2024.05.01-1.-Mai-Wien-1-500x336.jpg 500w, https:\/\/blog.vida.at\/pensionisten\/wp-content\/uploads\/sites\/10\/2024\/05\/2024.05.01-1.-Mai-Wien-1-800x538.jpg 800w\" sizes=\"auto, (max-width: 949px) 100vw, 949px\" \/><\/figure>\n\n\n\n<figure class=\"wp-block-image size-large\"><img loading=\"lazy\" decoding=\"async\" width=\"834\" height=\"543\" data-id=\"8749\" src=\"https:\/\/blog.vida.at\/pensionisten\/wp-content\/uploads\/sites\/10\/2024\/05\/2024.05.01-1.-Mai-Wien-2.jpg\" alt=\"\" class=\"wp-image-8749\" srcset=\"https:\/\/blog.vida.at\/pensionisten\/wp-content\/uploads\/sites\/10\/2024\/05\/2024.05.01-1.-Mai-Wien-2.jpg 834w, https:\/\/blog.vida.at\/pensionisten\/wp-content\/uploads\/sites\/10\/2024\/05\/2024.05.01-1.-Mai-Wien-2-300x195.jpg 300w, https:\/\/blog.vida.at\/pensionisten\/wp-content\/uploads\/sites\/10\/2024\/05\/2024.05.01-1.-Mai-Wien-2-768x500.jpg 768w, https:\/\/blog.vida.at\/pensionisten\/wp-content\/uploads\/sites\/10\/2024\/05\/2024.05.01-1.-Mai-Wien-2-500x326.jpg 500w, https:\/\/blog.vida.at\/pensionisten\/wp-content\/uploads\/sites\/10\/2024\/05\/2024.05.01-1.-Mai-Wien-2-800x521.jpg 800w\" sizes=\"auto, (max-width: 834px) 100vw, 834px\" \/><\/figure>\n\n\n\n<figure class=\"wp-block-image size-large\"><img loading=\"lazy\" decoding=\"async\" width=\"1011\" height=\"827\" data-id=\"8750\" src=\"https:\/\/blog.vida.at\/pensionisten\/wp-content\/uploads\/sites\/10\/2024\/05\/2024.05.01-1.-Mai-Wien-3.jpg\" alt=\"\" class=\"wp-image-8750\" srcset=\"https:\/\/blog.vida.at\/pensionisten\/wp-content\/uploads\/sites\/10\/2024\/05\/2024.05.01-1.-Mai-Wien-3.jpg 1011w, https:\/\/blog.vida.at\/pensionisten\/wp-content\/uploads\/sites\/10\/2024\/05\/2024.05.01-1.-Mai-Wien-3-300x245.jpg 300w, https:\/\/blog.vida.at\/pensionisten\/wp-content\/uploads\/sites\/10\/2024\/05\/2024.05.01-1.-Mai-Wien-3-768x628.jpg 768w, https:\/\/blog.vida.at\/pensionisten\/wp-content\/uploads\/sites\/10\/2024\/05\/2024.05.01-1.-Mai-Wien-3-500x409.jpg 500w, https:\/\/blog.vida.at\/pensionisten\/wp-content\/uploads\/sites\/10\/2024\/05\/2024.05.01-1.-Mai-Wien-3-800x654.jpg 800w\" sizes=\"auto, (max-width: 1011px) 100vw, 1011px\" \/><\/figure>\n\n\n\n<figure class=\"wp-block-image size-large\"><img loading=\"lazy\" decoding=\"async\" width=\"1008\" height=\"750\" data-id=\"8747\" src=\"https:\/\/blog.vida.at\/pensionisten\/wp-content\/uploads\/sites\/10\/2024\/05\/2024.05.01-1.-Mai-Wien-4.jpg\" alt=\"\" class=\"wp-image-8747\" srcset=\"https:\/\/blog.vida.at\/pensionisten\/wp-content\/uploads\/sites\/10\/2024\/05\/2024.05.01-1.-Mai-Wien-4.jpg 1008w, https:\/\/blog.vida.at\/pensionisten\/wp-content\/uploads\/sites\/10\/2024\/05\/2024.05.01-1.-Mai-Wien-4-300x223.jpg 300w, https:\/\/blog.vida.at\/pensionisten\/wp-content\/uploads\/sites\/10\/2024\/05\/2024.05.01-1.-Mai-Wien-4-768x571.jpg 768w, https:\/\/blog.vida.at\/pensionisten\/wp-content\/uploads\/sites\/10\/2024\/05\/2024.05.01-1.-Mai-Wien-4-500x372.jpg 500w, https:\/\/blog.vida.at\/pensionisten\/wp-content\/uploads\/sites\/10\/2024\/05\/2024.05.01-1.-Mai-Wien-4-800x595.jpg 800w\" sizes=\"auto, (max-width: 1008px) 100vw, 1008px\" \/><\/figure>\n\n\n\n<figure class=\"wp-block-image size-large\"><img loading=\"lazy\" decoding=\"async\" width=\"936\" height=\"708\" data-id=\"8751\" src=\"https:\/\/blog.vida.at\/pensionisten\/wp-content\/uploads\/sites\/10\/2024\/05\/2024.05.01-1.-Mai-Wien-5.jpg\" alt=\"\" class=\"wp-image-8751\" srcset=\"https:\/\/blog.vida.at\/pensionisten\/wp-content\/uploads\/sites\/10\/2024\/05\/2024.05.01-1.-Mai-Wien-5.jpg 936w, https:\/\/blog.vida.at\/pensionisten\/wp-content\/uploads\/sites\/10\/2024\/05\/2024.05.01-1.-Mai-Wien-5-300x227.jpg 300w, https:\/\/blog.vida.at\/pensionisten\/wp-content\/uploads\/sites\/10\/2024\/05\/2024.05.01-1.-Mai-Wien-5-768x581.jpg 768w, https:\/\/blog.vida.at\/pensionisten\/wp-content\/uploads\/sites\/10\/2024\/05\/2024.05.01-1.-Mai-Wien-5-500x378.jpg 500w, https:\/\/blog.vida.at\/pensionisten\/wp-content\/uploads\/sites\/10\/2024\/05\/2024.05.01-1.-Mai-Wien-5-800x605.jpg 800w\" sizes=\"auto, (max-width: 936px) 100vw, 936px\" \/><\/figure>\n\n\n\n<figure class=\"wp-block-image size-large\"><img loading=\"lazy\" decoding=\"async\" width=\"1024\" height=\"798\" data-id=\"8752\" src=\"https:\/\/blog.vida.at\/pensionisten\/wp-content\/uploads\/sites\/10\/2024\/05\/2024.05.01-1.-Mai-Wien-6-1024x798.jpg\" alt=\"\" class=\"wp-image-8752\" srcset=\"https:\/\/blog.vida.at\/pensionisten\/wp-content\/uploads\/sites\/10\/2024\/05\/2024.05.01-1.-Mai-Wien-6-1024x798.jpg 1024w, https:\/\/blog.vida.at\/pensionisten\/wp-content\/uploads\/sites\/10\/2024\/05\/2024.05.01-1.-Mai-Wien-6-300x234.jpg 300w, https:\/\/blog.vida.at\/pensionisten\/wp-content\/uploads\/sites\/10\/2024\/05\/2024.05.01-1.-Mai-Wien-6-768x598.jpg 768w, https:\/\/blog.vida.at\/pensionisten\/wp-content\/uploads\/sites\/10\/2024\/05\/2024.05.01-1.-Mai-Wien-6-500x389.jpg 500w, https:\/\/blog.vida.at\/pensionisten\/wp-content\/uploads\/sites\/10\/2024\/05\/2024.05.01-1.-Mai-Wien-6-800x623.jpg 800w, https:\/\/blog.vida.at\/pensionisten\/wp-content\/uploads\/sites\/10\/2024\/05\/2024.05.01-1.-Mai-Wien-6.jpg 1131w\" sizes=\"auto, (max-width: 1024px) 100vw, 1024px\" \/><\/figure>\n\n\n\n<figure class=\"wp-block-image size-large\"><img loading=\"lazy\" decoding=\"async\" width=\"938\" height=\"792\" data-id=\"8754\" src=\"https:\/\/blog.vida.at\/pensionisten\/wp-content\/uploads\/sites\/10\/2024\/05\/2024.05.01-1.-Mai-Wien-7.jpg\" alt=\"\" class=\"wp-image-8754\" srcset=\"https:\/\/blog.vida.at\/pensionisten\/wp-content\/uploads\/sites\/10\/2024\/05\/2024.05.01-1.-Mai-Wien-7.jpg 938w, https:\/\/blog.vida.at\/pensionisten\/wp-content\/uploads\/sites\/10\/2024\/05\/2024.05.01-1.-Mai-Wien-7-300x253.jpg 300w, https:\/\/blog.vida.at\/pensionisten\/wp-content\/uploads\/sites\/10\/2024\/05\/2024.05.01-1.-Mai-Wien-7-768x648.jpg 768w, https:\/\/blog.vida.at\/pensionisten\/wp-content\/uploads\/sites\/10\/2024\/05\/2024.05.01-1.-Mai-Wien-7-500x422.jpg 500w, https:\/\/blog.vida.at\/pensionisten\/wp-content\/uploads\/sites\/10\/2024\/05\/2024.05.01-1.-Mai-Wien-7-800x675.jpg 800w\" sizes=\"auto, (max-width: 938px) 100vw, 938px\" \/><\/figure>\n\n\n\n<figure class=\"wp-block-image size-large\"><img loading=\"lazy\" decoding=\"async\" width=\"989\" height=\"709\" data-id=\"8753\" src=\"https:\/\/blog.vida.at\/pensionisten\/wp-content\/uploads\/sites\/10\/2024\/05\/2024.05.01-1.-Mai-Wien-8.jpg\" alt=\"\" class=\"wp-image-8753\" srcset=\"https:\/\/blog.vida.at\/pensionisten\/wp-content\/uploads\/sites\/10\/2024\/05\/2024.05.01-1.-Mai-Wien-8.jpg 989w, https:\/\/blog.vida.at\/pensionisten\/wp-content\/uploads\/sites\/10\/2024\/05\/2024.05.01-1.-Mai-Wien-8-300x215.jpg 300w, https:\/\/blog.vida.at\/pensionisten\/wp-content\/uploads\/sites\/10\/2024\/05\/2024.05.01-1.-Mai-Wien-8-768x551.jpg 768w, https:\/\/blog.vida.at\/pensionisten\/wp-content\/uploads\/sites\/10\/2024\/05\/2024.05.01-1.-Mai-Wien-8-500x358.jpg 500w, https:\/\/blog.vida.at\/pensionisten\/wp-content\/uploads\/sites\/10\/2024\/05\/2024.05.01-1.-Mai-Wien-8-800x574.jpg 800w\" sizes=\"auto, (max-width: 989px) 100vw, 989px\" \/><\/figure>\n<\/figure>\n<\/div><\/div>\n","protected":false},"excerpt":{"rendered":"<p>1. Mai &#8211; Tag der Arbeit &#8211; Kampftag der Gewerkschafter:innen.<\/p>\n","protected":false},"author":8,"featured_media":8755,"comment_status":"open","ping_status":"open","sticky":false,"template":"","format":"standard","meta":{"_uag_custom_page_level_css":"","advgb_blocks_editor_width":"","advgb_blocks_columns_visual_guide":"","footnotes":""},"categories":[1,91,49],"tags":[],"Orte":[],"activitytype":[],"class_list":["post-8746","post","type-post","status-publish","format-standard","has-post-thumbnail","hentry","category-allgemein","category-og-tulln","category-ortsgruppen","entry"],"featured_image_urls":{"full":["https:\/\/blog.vida.at\/pensionisten\/wp-content\/uploads\/sites\/10\/2024\/05\/2024.05.01-1.-Mai-Wien-2-1.jpg",683,455,false],"thumbnail":["https:\/\/blog.vida.at\/pensionisten\/wp-content\/uploads\/sites\/10\/2024\/05\/2024.05.01-1.-Mai-Wien-2-1-150x150.jpg",150,150,true],"medium":["https:\/\/blog.vida.at\/pensionisten\/wp-content\/uploads\/sites\/10\/2024\/05\/2024.05.01-1.-Mai-Wien-2-1-300x200.jpg",300,200,true],"medium_large":["https:\/\/blog.vida.at\/pensionisten\/wp-content\/uploads\/sites\/10\/2024\/05\/2024.05.01-1.-Mai-Wien-2-1.jpg",640,426,false],"large":["https:\/\/blog.vida.at\/pensionisten\/wp-content\/uploads\/sites\/10\/2024\/05\/2024.05.01-1.-Mai-Wien-2-1.jpg",640,426,false],"1536x1536":["https:\/\/blog.vida.at\/pensionisten\/wp-content\/uploads\/sites\/10\/2024\/05\/2024.05.01-1.-Mai-Wien-2-1.jpg",683,455,false],"2048x2048":["https:\/\/blog.vida.at\/pensionisten\/wp-content\/uploads\/sites\/10\/2024\/05\/2024.05.01-1.-Mai-Wien-2-1.jpg",683,455,false],"ab-block-post-grid-landscape":["https:\/\/blog.vida.at\/pensionisten\/wp-content\/uploads\/sites\/10\/2024\/05\/2024.05.01-1.-Mai-Wien-2-1-600x400.jpg",600,400,true],"ab-block-post-grid-square":["https:\/\/blog.vida.at\/pensionisten\/wp-content\/uploads\/sites\/10\/2024\/05\/2024.05.01-1.-Mai-Wien-2-1-600x455.jpg",600,455,true],"post-thumbnail":["https:\/\/blog.vida.at\/pensionisten\/wp-content\/uploads\/sites\/10\/2024\/05\/2024.05.01-1.-Mai-Wien-2-1.jpg",683,455,false],"awb_sm":["https:\/\/blog.vida.at\/pensionisten\/wp-content\/uploads\/sites\/10\/2024\/05\/2024.05.01-1.-Mai-Wien-2-1-500x333.jpg",500,333,true],"awb_md":["https:\/\/blog.vida.at\/pensionisten\/wp-content\/uploads\/sites\/10\/2024\/05\/2024.05.01-1.-Mai-Wien-2-1.jpg",683,455,false],"awb_lg":["https:\/\/blog.vida.at\/pensionisten\/wp-content\/uploads\/sites\/10\/2024\/05\/2024.05.01-1.-Mai-Wien-2-1.jpg",683,455,false],"awb_xl":["https:\/\/blog.vida.at\/pensionisten\/wp-content\/uploads\/sites\/10\/2024\/05\/2024.05.01-1.-Mai-Wien-2-1.jpg",683,455,false]},"post_excerpt_stackable":"<p>1. Mai &#8211; Tag der Arbeit &#8211; Kampftag der Gewerkschafter:innen. Der 1. Mai, der Tag der Arbeit, ist ein gesetzlicher Feiertag. F\u00fcr uns Gewerkschafter:innen ist er vor allem Kampftag. Seit mehr als 130 Jahren gehen Menschen am 1. Mai auf die Stra\u00dfe, um f\u00fcr die Rechte der Arbeitnehmer:innen zu k\u00e4mpfen. Auch dieses Jahr fanden wieder zahlreiche Kundgebungen in ganz \u00d6sterreich statt. Die vida-Ortsgruppe Tulln nahm am Maiaufmarsch im Wien teil.<\/p>\n","category_list":"<a href=\"https:\/\/blog.vida.at\/pensionisten\/category\/allgemein\/\" rel=\"category tag\">Allgemein<\/a>, <a href=\"https:\/\/blog.vida.at\/pensionisten\/category\/ortsgruppen\/niederoesterreich\/og-tulln\/\" rel=\"category tag\">OG Tulln<\/a>, <a href=\"https:\/\/blog.vida.at\/pensionisten\/category\/ortsgruppen\/\" rel=\"category tag\">Ortsgruppen<\/a>","author_info":{"display_name":"mariontobola","author_link":"https:\/\/blog.vida.at\/pensionisten\/author\/mariontobola\/"},"comments_num":"0 comments","featured_image_urls_v2":{"full":["https:\/\/blog.vida.at\/pensionisten\/wp-content\/uploads\/sites\/10\/2024\/05\/2024.05.01-1.-Mai-Wien-2-1.jpg",683,455,false],"thumbnail":["https:\/\/blog.vida.at\/pensionisten\/wp-content\/uploads\/sites\/10\/2024\/05\/2024.05.01-1.-Mai-Wien-2-1-150x150.jpg",150,150,true],"medium":["https:\/\/blog.vida.at\/pensionisten\/wp-content\/uploads\/sites\/10\/2024\/05\/2024.05.01-1.-Mai-Wien-2-1-300x200.jpg",300,200,true],"medium_large":["https:\/\/blog.vida.at\/pensionisten\/wp-content\/uploads\/sites\/10\/2024\/05\/2024.05.01-1.-Mai-Wien-2-1.jpg",640,426,false],"large":["https:\/\/blog.vida.at\/pensionisten\/wp-content\/uploads\/sites\/10\/2024\/05\/2024.05.01-1.-Mai-Wien-2-1.jpg",640,426,false],"1536x1536":["https:\/\/blog.vida.at\/pensionisten\/wp-content\/uploads\/sites\/10\/2024\/05\/2024.05.01-1.-Mai-Wien-2-1.jpg",683,455,false],"2048x2048":["https:\/\/blog.vida.at\/pensionisten\/wp-content\/uploads\/sites\/10\/2024\/05\/2024.05.01-1.-Mai-Wien-2-1.jpg",683,455,false],"ab-block-post-grid-landscape":["https:\/\/blog.vida.at\/pensionisten\/wp-content\/uploads\/sites\/10\/2024\/05\/2024.05.01-1.-Mai-Wien-2-1-600x400.jpg",600,400,true],"ab-block-post-grid-square":["https:\/\/blog.vida.at\/pensionisten\/wp-content\/uploads\/sites\/10\/2024\/05\/2024.05.01-1.-Mai-Wien-2-1-600x455.jpg",600,455,true],"post-thumbnail":["https:\/\/blog.vida.at\/pensionisten\/wp-content\/uploads\/sites\/10\/2024\/05\/2024.05.01-1.-Mai-Wien-2-1.jpg",683,455,false],"awb_sm":["https:\/\/blog.vida.at\/pensionisten\/wp-content\/uploads\/sites\/10\/2024\/05\/2024.05.01-1.-Mai-Wien-2-1-500x333.jpg",500,333,true],"awb_md":["https:\/\/blog.vida.at\/pensionisten\/wp-content\/uploads\/sites\/10\/2024\/05\/2024.05.01-1.-Mai-Wien-2-1.jpg",683,455,false],"awb_lg":["https:\/\/blog.vida.at\/pensionisten\/wp-content\/uploads\/sites\/10\/2024\/05\/2024.05.01-1.-Mai-Wien-2-1.jpg",683,455,false],"awb_xl":["https:\/\/blog.vida.at\/pensionisten\/wp-content\/uploads\/sites\/10\/2024\/05\/2024.05.01-1.-Mai-Wien-2-1.jpg",683,455,false]},"post_excerpt_stackable_v2":"<p>1. Mai &#8211; Tag der Arbeit &#8211; Kampftag der Gewerkschafter:innen. Der 1. Mai, der Tag der Arbeit, ist ein gesetzlicher Feiertag. F\u00fcr uns Gewerkschafter:innen ist er vor allem Kampftag. Seit mehr als 130 Jahren gehen Menschen am 1. Mai auf die Stra\u00dfe, um f\u00fcr die Rechte der Arbeitnehmer:innen zu k\u00e4mpfen. Auch dieses Jahr fanden wieder zahlreiche Kundgebungen in ganz \u00d6sterreich statt. Die vida-Ortsgruppe Tulln nahm am Maiaufmarsch im Wien teil.<\/p>\n","category_list_v2":"<a href=\"https:\/\/blog.vida.at\/pensionisten\/category\/allgemein\/\" rel=\"category tag\">Allgemein<\/a>, <a href=\"https:\/\/blog.vida.at\/pensionisten\/category\/ortsgruppen\/niederoesterreich\/og-tulln\/\" rel=\"category tag\">OG Tulln<\/a>, <a href=\"https:\/\/blog.vida.at\/pensionisten\/category\/ortsgruppen\/\" rel=\"category tag\">Ortsgruppen<\/a>","author_info_v2":{"name":"mariontobola","url":"https:\/\/blog.vida.at\/pensionisten\/author\/mariontobola\/"},"comments_num_v2":"0 comments","yoast_head":"<!-- This site is optimized with the Yoast SEO plugin v27.3 - https:\/\/yoast.com\/product\/yoast-seo-wordpress\/ -->\n<title>Tullner:innen am Maiaufmarsch in Wien<\/title>\n<meta name=\"robots\" content=\"index, follow, max-snippet:-1, max-image-preview:large, max-video-preview:-1\" \/>\n<link rel=\"canonical\" href=\"https:\/\/blog.vida.at\/pensionisten\/2024\/05\/07\/tullnerinnen-am-maiaufmarsch-in-wien\/\" \/>\n<meta property=\"og:locale\" content=\"de_DE\" \/>\n<meta property=\"og:type\" content=\"article\" \/>\n<meta property=\"og:title\" content=\"Tullner:innen am Maiaufmarsch in Wien\" \/>\n<meta property=\"og:description\" content=\"1. Mai &#8211; Tag der Arbeit &#8211; Kampftag der Gewerkschafter:innen.\" \/>\n<meta property=\"og:url\" content=\"https:\/\/blog.vida.at\/pensionisten\/2024\/05\/07\/tullnerinnen-am-maiaufmarsch-in-wien\/\" \/>\n<meta property=\"og:site_name\" content=\"vida Pensionisten\" \/>\n<meta property=\"article:published_time\" content=\"2024-05-07T06:19:42+00:00\" \/>\n<meta property=\"og:image\" content=\"https:\/\/blog.vida.at\/pensionisten\/wp-content\/uploads\/sites\/10\/2024\/05\/2024.05.01-1.-Mai-Wien-2-1.jpg\" \/>\n\t<meta property=\"og:image:width\" content=\"683\" \/>\n\t<meta property=\"og:image:height\" content=\"455\" \/>\n\t<meta property=\"og:image:type\" content=\"image\/jpeg\" \/>\n<meta name=\"author\" content=\"mariontobola\" \/>\n<meta name=\"twitter:card\" content=\"summary_large_image\" \/>\n<meta name=\"twitter:label1\" content=\"Verfasst von\" \/>\n\t<meta name=\"twitter:data1\" content=\"mariontobola\" \/>\n\t<meta name=\"twitter:label2\" content=\"Gesch\u00e4tzte Lesezeit\" \/>\n\t<meta name=\"twitter:data2\" content=\"3\u00a0Minuten\" \/>\n<script type=\"application\/ld+json\" class=\"yoast-schema-graph\">{\"@context\":\"https:\\\/\\\/schema.org\",\"@graph\":[{\"@type\":\"Article\",\"@id\":\"https:\\\/\\\/blog.vida.at\\\/pensionisten\\\/2024\\\/05\\\/07\\\/tullnerinnen-am-maiaufmarsch-in-wien\\\/#article\",\"isPartOf\":{\"@id\":\"https:\\\/\\\/blog.vida.at\\\/pensionisten\\\/2024\\\/05\\\/07\\\/tullnerinnen-am-maiaufmarsch-in-wien\\\/\"},\"author\":{\"name\":\"mariontobola\",\"@id\":\"https:\\\/\\\/blog.vida.at\\\/pensionisten\\\/#\\\/schema\\\/person\\\/88cee3ee93b9afdc51c92f5f63f38b8a\"},\"headline\":\"Tullner:innen am Maiaufmarsch in Wien\",\"datePublished\":\"2024-05-07T06:19:42+00:00\",\"mainEntityOfPage\":{\"@id\":\"https:\\\/\\\/blog.vida.at\\\/pensionisten\\\/2024\\\/05\\\/07\\\/tullnerinnen-am-maiaufmarsch-in-wien\\\/\"},\"wordCount\":79,\"commentCount\":0,\"image\":{\"@id\":\"https:\\\/\\\/blog.vida.at\\\/pensionisten\\\/2024\\\/05\\\/07\\\/tullnerinnen-am-maiaufmarsch-in-wien\\\/#primaryimage\"},\"thumbnailUrl\":\"https:\\\/\\\/blog.vida.at\\\/pensionisten\\\/wp-content\\\/uploads\\\/sites\\\/10\\\/2024\\\/05\\\/2024.05.01-1.-Mai-Wien-2-1.jpg\",\"articleSection\":{\"1\":\"OG Tulln\",\"2\":\"Ortsgruppen\"},\"inLanguage\":\"de\",\"potentialAction\":[{\"@type\":\"CommentAction\",\"name\":\"Comment\",\"target\":[\"https:\\\/\\\/blog.vida.at\\\/pensionisten\\\/2024\\\/05\\\/07\\\/tullnerinnen-am-maiaufmarsch-in-wien\\\/#respond\"]}]},{\"@type\":\"WebPage\",\"@id\":\"https:\\\/\\\/blog.vida.at\\\/pensionisten\\\/2024\\\/05\\\/07\\\/tullnerinnen-am-maiaufmarsch-in-wien\\\/\",\"url\":\"https:\\\/\\\/blog.vida.at\\\/pensionisten\\\/2024\\\/05\\\/07\\\/tullnerinnen-am-maiaufmarsch-in-wien\\\/\",\"name\":\"Tullner:innen am Maiaufmarsch in Wien\",\"isPartOf\":{\"@id\":\"https:\\\/\\\/blog.vida.at\\\/pensionisten\\\/#website\"},\"primaryImageOfPage\":{\"@id\":\"https:\\\/\\\/blog.vida.at\\\/pensionisten\\\/2024\\\/05\\\/07\\\/tullnerinnen-am-maiaufmarsch-in-wien\\\/#primaryimage\"},\"image\":{\"@id\":\"https:\\\/\\\/blog.vida.at\\\/pensionisten\\\/2024\\\/05\\\/07\\\/tullnerinnen-am-maiaufmarsch-in-wien\\\/#primaryimage\"},\"thumbnailUrl\":\"https:\\\/\\\/blog.vida.at\\\/pensionisten\\\/wp-content\\\/uploads\\\/sites\\\/10\\\/2024\\\/05\\\/2024.05.01-1.-Mai-Wien-2-1.jpg\",\"datePublished\":\"2024-05-07T06:19:42+00:00\",\"author\":{\"@id\":\"https:\\\/\\\/blog.vida.at\\\/pensionisten\\\/#\\\/schema\\\/person\\\/88cee3ee93b9afdc51c92f5f63f38b8a\"},\"breadcrumb\":{\"@id\":\"https:\\\/\\\/blog.vida.at\\\/pensionisten\\\/2024\\\/05\\\/07\\\/tullnerinnen-am-maiaufmarsch-in-wien\\\/#breadcrumb\"},\"inLanguage\":\"de\",\"potentialAction\":[{\"@type\":\"ReadAction\",\"target\":[\"https:\\\/\\\/blog.vida.at\\\/pensionisten\\\/2024\\\/05\\\/07\\\/tullnerinnen-am-maiaufmarsch-in-wien\\\/\"]}]},{\"@type\":\"ImageObject\",\"inLanguage\":\"de\",\"@id\":\"https:\\\/\\\/blog.vida.at\\\/pensionisten\\\/2024\\\/05\\\/07\\\/tullnerinnen-am-maiaufmarsch-in-wien\\\/#primaryimage\",\"url\":\"https:\\\/\\\/blog.vida.at\\\/pensionisten\\\/wp-content\\\/uploads\\\/sites\\\/10\\\/2024\\\/05\\\/2024.05.01-1.-Mai-Wien-2-1.jpg\",\"contentUrl\":\"https:\\\/\\\/blog.vida.at\\\/pensionisten\\\/wp-content\\\/uploads\\\/sites\\\/10\\\/2024\\\/05\\\/2024.05.01-1.-Mai-Wien-2-1.jpg\",\"width\":683,\"height\":455},{\"@type\":\"BreadcrumbList\",\"@id\":\"https:\\\/\\\/blog.vida.at\\\/pensionisten\\\/2024\\\/05\\\/07\\\/tullnerinnen-am-maiaufmarsch-in-wien\\\/#breadcrumb\",\"itemListElement\":[{\"@type\":\"ListItem\",\"position\":1,\"name\":\"Startseite\",\"item\":\"https:\\\/\\\/blog.vida.at\\\/pensionisten\\\/\"},{\"@type\":\"ListItem\",\"position\":2,\"name\":\"Tullner:innen am Maiaufmarsch in Wien\"}]},{\"@type\":\"WebSite\",\"@id\":\"https:\\\/\\\/blog.vida.at\\\/pensionisten\\\/#website\",\"url\":\"https:\\\/\\\/blog.vida.at\\\/pensionisten\\\/\",\"name\":\"vida Pensionisten\",\"description\":\"\",\"potentialAction\":[{\"@type\":\"SearchAction\",\"target\":{\"@type\":\"EntryPoint\",\"urlTemplate\":\"https:\\\/\\\/blog.vida.at\\\/pensionisten\\\/?s={search_term_string}\"},\"query-input\":{\"@type\":\"PropertyValueSpecification\",\"valueRequired\":true,\"valueName\":\"search_term_string\"}}],\"inLanguage\":\"de\"},{\"@type\":\"Person\",\"@id\":\"https:\\\/\\\/blog.vida.at\\\/pensionisten\\\/#\\\/schema\\\/person\\\/88cee3ee93b9afdc51c92f5f63f38b8a\",\"name\":\"mariontobola\",\"image\":{\"@type\":\"ImageObject\",\"inLanguage\":\"de\",\"@id\":\"https:\\\/\\\/secure.gravatar.com\\\/avatar\\\/5d2c516985e4eda61bca05bd3b4359b4358135bd1e1a5b08c539e9cd1edd6528?s=96&d=mm&r=g\",\"url\":\"https:\\\/\\\/secure.gravatar.com\\\/avatar\\\/5d2c516985e4eda61bca05bd3b4359b4358135bd1e1a5b08c539e9cd1edd6528?s=96&d=mm&r=g\",\"contentUrl\":\"https:\\\/\\\/secure.gravatar.com\\\/avatar\\\/5d2c516985e4eda61bca05bd3b4359b4358135bd1e1a5b08c539e9cd1edd6528?s=96&d=mm&r=g\",\"caption\":\"mariontobola\"},\"url\":\"https:\\\/\\\/blog.vida.at\\\/pensionisten\\\/author\\\/mariontobola\\\/\"}]}<\/script>\n<!-- \/ Yoast SEO plugin. -->","yoast_head_json":{"title":"Tullner:innen am Maiaufmarsch in Wien","robots":{"index":"index","follow":"follow","max-snippet":"max-snippet:-1","max-image-preview":"max-image-preview:large","max-video-preview":"max-video-preview:-1"},"canonical":"https:\/\/blog.vida.at\/pensionisten\/2024\/05\/07\/tullnerinnen-am-maiaufmarsch-in-wien\/","og_locale":"de_DE","og_type":"article","og_title":"Tullner:innen am Maiaufmarsch in Wien","og_description":"1. Mai &#8211; Tag der Arbeit &#8211; Kampftag der Gewerkschafter:innen.","og_url":"https:\/\/blog.vida.at\/pensionisten\/2024\/05\/07\/tullnerinnen-am-maiaufmarsch-in-wien\/","og_site_name":"vida Pensionisten","article_published_time":"2024-05-07T06:19:42+00:00","og_image":[{"width":683,"height":455,"url":"https:\/\/blog.vida.at\/pensionisten\/wp-content\/uploads\/sites\/10\/2024\/05\/2024.05.01-1.-Mai-Wien-2-1.jpg","type":"image\/jpeg"}],"author":"mariontobola","twitter_card":"summary_large_image","twitter_misc":{"Verfasst von":"mariontobola","Gesch\u00e4tzte Lesezeit":"3\u00a0Minuten"},"schema":{"@context":"https:\/\/schema.org","@graph":[{"@type":"Article","@id":"https:\/\/blog.vida.at\/pensionisten\/2024\/05\/07\/tullnerinnen-am-maiaufmarsch-in-wien\/#article","isPartOf":{"@id":"https:\/\/blog.vida.at\/pensionisten\/2024\/05\/07\/tullnerinnen-am-maiaufmarsch-in-wien\/"},"author":{"name":"mariontobola","@id":"https:\/\/blog.vida.at\/pensionisten\/#\/schema\/person\/88cee3ee93b9afdc51c92f5f63f38b8a"},"headline":"Tullner:innen am Maiaufmarsch in Wien","datePublished":"2024-05-07T06:19:42+00:00","mainEntityOfPage":{"@id":"https:\/\/blog.vida.at\/pensionisten\/2024\/05\/07\/tullnerinnen-am-maiaufmarsch-in-wien\/"},"wordCount":79,"commentCount":0,"image":{"@id":"https:\/\/blog.vida.at\/pensionisten\/2024\/05\/07\/tullnerinnen-am-maiaufmarsch-in-wien\/#primaryimage"},"thumbnailUrl":"https:\/\/blog.vida.at\/pensionisten\/wp-content\/uploads\/sites\/10\/2024\/05\/2024.05.01-1.-Mai-Wien-2-1.jpg","articleSection":{"1":"OG Tulln","2":"Ortsgruppen"},"inLanguage":"de","potentialAction":[{"@type":"CommentAction","name":"Comment","target":["https:\/\/blog.vida.at\/pensionisten\/2024\/05\/07\/tullnerinnen-am-maiaufmarsch-in-wien\/#respond"]}]},{"@type":"WebPage","@id":"https:\/\/blog.vida.at\/pensionisten\/2024\/05\/07\/tullnerinnen-am-maiaufmarsch-in-wien\/","url":"https:\/\/blog.vida.at\/pensionisten\/2024\/05\/07\/tullnerinnen-am-maiaufmarsch-in-wien\/","name":"Tullner:innen am Maiaufmarsch in Wien","isPartOf":{"@id":"https:\/\/blog.vida.at\/pensionisten\/#website"},"primaryImageOfPage":{"@id":"https:\/\/blog.vida.at\/pensionisten\/2024\/05\/07\/tullnerinnen-am-maiaufmarsch-in-wien\/#primaryimage"},"image":{"@id":"https:\/\/blog.vida.at\/pensionisten\/2024\/05\/07\/tullnerinnen-am-maiaufmarsch-in-wien\/#primaryimage"},"thumbnailUrl":"https:\/\/blog.vida.at\/pensionisten\/wp-content\/uploads\/sites\/10\/2024\/05\/2024.05.01-1.-Mai-Wien-2-1.jpg","datePublished":"2024-05-07T06:19:42+00:00","author":{"@id":"https:\/\/blog.vida.at\/pensionisten\/#\/schema\/person\/88cee3ee93b9afdc51c92f5f63f38b8a"},"breadcrumb":{"@id":"https:\/\/blog.vida.at\/pensionisten\/2024\/05\/07\/tullnerinnen-am-maiaufmarsch-in-wien\/#breadcrumb"},"inLanguage":"de","potentialAction":[{"@type":"ReadAction","target":["https:\/\/blog.vida.at\/pensionisten\/2024\/05\/07\/tullnerinnen-am-maiaufmarsch-in-wien\/"]}]},{"@type":"ImageObject","inLanguage":"de","@id":"https:\/\/blog.vida.at\/pensionisten\/2024\/05\/07\/tullnerinnen-am-maiaufmarsch-in-wien\/#primaryimage","url":"https:\/\/blog.vida.at\/pensionisten\/wp-content\/uploads\/sites\/10\/2024\/05\/2024.05.01-1.-Mai-Wien-2-1.jpg","contentUrl":"https:\/\/blog.vida.at\/pensionisten\/wp-content\/uploads\/sites\/10\/2024\/05\/2024.05.01-1.-Mai-Wien-2-1.jpg","width":683,"height":455},{"@type":"BreadcrumbList","@id":"https:\/\/blog.vida.at\/pensionisten\/2024\/05\/07\/tullnerinnen-am-maiaufmarsch-in-wien\/#breadcrumb","itemListElement":[{"@type":"ListItem","position":1,"name":"Startseite","item":"https:\/\/blog.vida.at\/pensionisten\/"},{"@type":"ListItem","position":2,"name":"Tullner:innen am Maiaufmarsch in Wien"}]},{"@type":"WebSite","@id":"https:\/\/blog.vida.at\/pensionisten\/#website","url":"https:\/\/blog.vida.at\/pensionisten\/","name":"vida Pensionisten","description":"","potentialAction":[{"@type":"SearchAction","target":{"@type":"EntryPoint","urlTemplate":"https:\/\/blog.vida.at\/pensionisten\/?s={search_term_string}"},"query-input":{"@type":"PropertyValueSpecification","valueRequired":true,"valueName":"search_term_string"}}],"inLanguage":"de"},{"@type":"Person","@id":"https:\/\/blog.vida.at\/pensionisten\/#\/schema\/person\/88cee3ee93b9afdc51c92f5f63f38b8a","name":"mariontobola","image":{"@type":"ImageObject","inLanguage":"de","@id":"https:\/\/secure.gravatar.com\/avatar\/5d2c516985e4eda61bca05bd3b4359b4358135bd1e1a5b08c539e9cd1edd6528?s=96&d=mm&r=g","url":"https:\/\/secure.gravatar.com\/avatar\/5d2c516985e4eda61bca05bd3b4359b4358135bd1e1a5b08c539e9cd1edd6528?s=96&d=mm&r=g","contentUrl":"https:\/\/secure.gravatar.com\/avatar\/5d2c516985e4eda61bca05bd3b4359b4358135bd1e1a5b08c539e9cd1edd6528?s=96&d=mm&r=g","caption":"mariontobola"},"url":"https:\/\/blog.vida.at\/pensionisten\/author\/mariontobola\/"}]}},"author_meta":{"display_name":"mariontobola","author_link":"https:\/\/blog.vida.at\/pensionisten\/author\/mariontobola\/"},"featured_img":"https:\/\/blog.vida.at\/pensionisten\/wp-content\/uploads\/sites\/10\/2024\/05\/2024.05.01-1.-Mai-Wien-2-1-300x200.jpg","featured_image_src":"https:\/\/blog.vida.at\/pensionisten\/wp-content\/uploads\/sites\/10\/2024\/05\/2024.05.01-1.-Mai-Wien-2-1-600x400.jpg","featured_image_src_square":"https:\/\/blog.vida.at\/pensionisten\/wp-content\/uploads\/sites\/10\/2024\/05\/2024.05.01-1.-Mai-Wien-2-1-600x455.jpg","uagb_featured_image_src":{"full":["https:\/\/blog.vida.at\/pensionisten\/wp-content\/uploads\/sites\/10\/2024\/05\/2024.05.01-1.-Mai-Wien-2-1.jpg",683,455,false],"thumbnail":["https:\/\/blog.vida.at\/pensionisten\/wp-content\/uploads\/sites\/10\/2024\/05\/2024.05.01-1.-Mai-Wien-2-1-150x150.jpg",150,150,true],"medium":["https:\/\/blog.vida.at\/pensionisten\/wp-content\/uploads\/sites\/10\/2024\/05\/2024.05.01-1.-Mai-Wien-2-1-300x200.jpg",300,200,true],"medium_large":["https:\/\/blog.vida.at\/pensionisten\/wp-content\/uploads\/sites\/10\/2024\/05\/2024.05.01-1.-Mai-Wien-2-1.jpg",640,426,false],"large":["https:\/\/blog.vida.at\/pensionisten\/wp-content\/uploads\/sites\/10\/2024\/05\/2024.05.01-1.-Mai-Wien-2-1.jpg",640,426,false],"1536x1536":["https:\/\/blog.vida.at\/pensionisten\/wp-content\/uploads\/sites\/10\/2024\/05\/2024.05.01-1.-Mai-Wien-2-1.jpg",683,455,false],"2048x2048":["https:\/\/blog.vida.at\/pensionisten\/wp-content\/uploads\/sites\/10\/2024\/05\/2024.05.01-1.-Mai-Wien-2-1.jpg",683,455,false],"ab-block-post-grid-landscape":["https:\/\/blog.vida.at\/pensionisten\/wp-content\/uploads\/sites\/10\/2024\/05\/2024.05.01-1.-Mai-Wien-2-1-600x400.jpg",600,400,true],"ab-block-post-grid-square":["https:\/\/blog.vida.at\/pensionisten\/wp-content\/uploads\/sites\/10\/2024\/05\/2024.05.01-1.-Mai-Wien-2-1-600x455.jpg",600,455,true],"post-thumbnail":["https:\/\/blog.vida.at\/pensionisten\/wp-content\/uploads\/sites\/10\/2024\/05\/2024.05.01-1.-Mai-Wien-2-1.jpg",683,455,false],"awb_sm":["https:\/\/blog.vida.at\/pensionisten\/wp-content\/uploads\/sites\/10\/2024\/05\/2024.05.01-1.-Mai-Wien-2-1-500x333.jpg",500,333,true],"awb_md":["https:\/\/blog.vida.at\/pensionisten\/wp-content\/uploads\/sites\/10\/2024\/05\/2024.05.01-1.-Mai-Wien-2-1.jpg",683,455,false],"awb_lg":["https:\/\/blog.vida.at\/pensionisten\/wp-content\/uploads\/sites\/10\/2024\/05\/2024.05.01-1.-Mai-Wien-2-1.jpg",683,455,false],"awb_xl":["https:\/\/blog.vida.at\/pensionisten\/wp-content\/uploads\/sites\/10\/2024\/05\/2024.05.01-1.-Mai-Wien-2-1.jpg",683,455,false]},"uagb_author_info":{"display_name":"mariontobola","author_link":"https:\/\/blog.vida.at\/pensionisten\/author\/mariontobola\/"},"uagb_comment_info":0,"uagb_excerpt":"1. Mai &#8211; Tag der Arbeit &#8211; Kampftag der Gewerkschafter:innen.","coauthors":[],"tax_additional":{"categories":{"linked":["<a href=\"https:\/\/blog.vida.at\/pensionisten\/category\/allgemein\/\" class=\"advgb-post-tax-term\">Allgemein<\/a>","<a href=\"https:\/\/blog.vida.at\/pensionisten\/category\/ortsgruppen\/niederoesterreich\/og-tulln\/\" class=\"advgb-post-tax-term\">OG Tulln<\/a>","<a href=\"https:\/\/blog.vida.at\/pensionisten\/category\/ortsgruppen\/\" class=\"advgb-post-tax-term\">Ortsgruppen<\/a>"],"unlinked":["<span class=\"advgb-post-tax-term\">Allgemein<\/span>","<span class=\"advgb-post-tax-term\">OG Tulln<\/span>","<span class=\"advgb-post-tax-term\">Ortsgruppen<\/span>"]}},"comment_count":"0","relative_dates":{"created":"Ver\u00f6ffentlicht 2\u00a0Jahren vor","modified":"Aktualisiert 2\u00a0Jahren vor"},"absolute_dates":{"created":"Ver\u00f6ffentlicht am 7. Mai 2024","modified":"Aktualisiert am 7. Mai 2024"},"absolute_dates_time":{"created":"Ver\u00f6ffentlicht am 7. Mai 2024 8:19","modified":"Aktualisiert am 7. Mai 2024 8:19"},"featured_img_caption":"","series_order":"","_links":{"self":[{"href":"https:\/\/blog.vida.at\/pensionisten\/wp-json\/wp\/v2\/posts\/8746","targetHints":{"allow":["GET"]}}],"collection":[{"href":"https:\/\/blog.vida.at\/pensionisten\/wp-json\/wp\/v2\/posts"}],"about":[{"href":"https:\/\/blog.vida.at\/pensionisten\/wp-json\/wp\/v2\/types\/post"}],"author":[{"embeddable":true,"href":"https:\/\/blog.vida.at\/pensionisten\/wp-json\/wp\/v2\/users\/8"}],"replies":[{"embeddable":true,"href":"https:\/\/blog.vida.at\/pensionisten\/wp-json\/wp\/v2\/comments?post=8746"}],"version-history":[{"count":1,"href":"https:\/\/blog.vida.at\/pensionisten\/wp-json\/wp\/v2\/posts\/8746\/revisions"}],"predecessor-version":[{"id":8756,"href":"https:\/\/blog.vida.at\/pensionisten\/wp-json\/wp\/v2\/posts\/8746\/revisions\/8756"}],"wp:featuredmedia":[{"embeddable":true,"href":"https:\/\/blog.vida.at\/pensionisten\/wp-json\/wp\/v2\/media\/8755"}],"wp:attachment":[{"href":"https:\/\/blog.vida.at\/pensionisten\/wp-json\/wp\/v2\/media?parent=8746"}],"wp:term":[{"taxonomy":"category","embeddable":true,"href":"https:\/\/blog.vida.at\/pensionisten\/wp-json\/wp\/v2\/categories?post=8746"},{"taxonomy":"post_tag","embeddable":true,"href":"https:\/\/blog.vida.at\/pensionisten\/wp-json\/wp\/v2\/tags?post=8746"},{"taxonomy":"Orte","embeddable":true,"href":"https:\/\/blog.vida.at\/pensionisten\/wp-json\/wp\/v2\/Orte?post=8746"},{"taxonomy":"activitytype","embeddable":true,"href":"https:\/\/blog.vida.at\/pensionisten\/wp-json\/wp\/v2\/activitytype?post=8746"}],"curies":[{"name":"wp","href":"https:\/\/api.w.org\/{rel}","templated":true}]}}