
{"id":8760,"date":"2024-05-10T13:24:40","date_gmt":"2024-05-10T11:24:40","guid":{"rendered":"https:\/\/blog.vida.at\/pensionisten\/?p=8760"},"modified":"2024-05-14T18:34:26","modified_gmt":"2024-05-14T16:34:26","slug":"in-der-not-sind-wir-in-der-pflege-tot","status":"publish","type":"post","link":"https:\/\/blog.vida.at\/pensionisten\/2024\/05\/10\/in-der-not-sind-wir-in-der-pflege-tot\/","title":{"rendered":"In der Not sind wir in der Pflege tot"},"content":{"rendered":"\n<div class=\"wp-block-group Container\"><div class=\"wp-block-group__inner-container is-layout-flow wp-block-group-is-layout-flow\">\n<p>Gewerkschafts-Pensionist:innen machen auf die Situation im Pflegebereich aufmerksam.<\/p>\n\n\n\n<br>\n\n\n\n<br>\n\n\n\n<!--more-->\n\n\n\n<p>Jedes Jahr am <strong>12. Mai <\/strong>steht der internationale<strong> Tag der Pflege<\/strong> im Kalender \u2013 eine Gelegenheit, um die entscheidende Rolle der Pflegekr\u00e4fte f\u00fcr die Gesellschaft zu w\u00fcrdigen. Doch hinter der Wertsch\u00e4tzung verbergen sich <strong>tiefgreifende strukturelle Probleme<\/strong>, die dringend gel\u00f6st werden m\u00fcssen. Die <a href=\"https:\/\/www.oegb.at\/themen\/pensionen\/in-der-not-sind-wir-ohne-pflege-tot-\" target=\"_blank\" rel=\"noreferrer noopener\">\u00d6GB-Pensionist:innen<\/a> brachten am 8. Mai ihre <strong>Sorgen und Forderungen <\/strong>vor das <strong>Sozialministerium in Wien<\/strong>, um auf diese <strong>Missst\u00e4nde<\/strong> aufmerksam zu machen.&nbsp;<\/p>\n\n\n\n<figure class=\"wp-block-embed is-type-video is-provider-youtube wp-block-embed-youtube wp-embed-aspect-16-9 wp-has-aspect-ratio\"><div class=\"wp-block-embed__wrapper\">\n<iframe loading=\"lazy\" title=\"20240508 PensionistInnen Pflegeaktion\" width=\"640\" height=\"360\" src=\"https:\/\/www.youtube.com\/embed\/zOPakY7q67A?feature=oembed\" frameborder=\"0\" allow=\"accelerometer; autoplay; clipboard-write; encrypted-media; gyroscope; picture-in-picture; web-share\" referrerpolicy=\"strict-origin-when-cross-origin\" allowfullscreen><\/iframe>\n<\/div><\/figure>\n\n\n\n<p>Nicht nur in Wien machten die \u00d6GB-Pensionist:innen auf die Situation im Pflegebereich aufmerksam. <strong>In ganz \u00d6sterreich gingen sie auf die Stra\u00dfe und setzten ein wichtiges Zeichen \u2013 zum Beispiel in Graz<\/strong> \u2013 mit dabei auch vida-Pensionist:innen, unter anderem Pensionist:innen-Vorsitzender der vida Steiermark, <strong>Walter Haas <\/strong>(siehe Foto links au\u00dfen).<\/p>\n\n\n<div class=\"wp-block-image\">\n<figure class=\"aligncenter size-large\"><img loading=\"lazy\" decoding=\"async\" width=\"1024\" height=\"768\" src=\"https:\/\/blog.vida.at\/pensionisten\/wp-content\/uploads\/sites\/10\/2024\/05\/Pflege-Aktion-Graz-2024-1024x768.jpg\" alt=\"\" class=\"wp-image-8761\" srcset=\"https:\/\/blog.vida.at\/pensionisten\/wp-content\/uploads\/sites\/10\/2024\/05\/Pflege-Aktion-Graz-2024-1024x768.jpg 1024w, https:\/\/blog.vida.at\/pensionisten\/wp-content\/uploads\/sites\/10\/2024\/05\/Pflege-Aktion-Graz-2024-300x225.jpg 300w, https:\/\/blog.vida.at\/pensionisten\/wp-content\/uploads\/sites\/10\/2024\/05\/Pflege-Aktion-Graz-2024-768x576.jpg 768w, https:\/\/blog.vida.at\/pensionisten\/wp-content\/uploads\/sites\/10\/2024\/05\/Pflege-Aktion-Graz-2024-1536x1152.jpg 1536w, https:\/\/blog.vida.at\/pensionisten\/wp-content\/uploads\/sites\/10\/2024\/05\/Pflege-Aktion-Graz-2024-500x375.jpg 500w, https:\/\/blog.vida.at\/pensionisten\/wp-content\/uploads\/sites\/10\/2024\/05\/Pflege-Aktion-Graz-2024-800x600.jpg 800w, https:\/\/blog.vida.at\/pensionisten\/wp-content\/uploads\/sites\/10\/2024\/05\/Pflege-Aktion-Graz-2024-1280x960.jpg 1280w, https:\/\/blog.vida.at\/pensionisten\/wp-content\/uploads\/sites\/10\/2024\/05\/Pflege-Aktion-Graz-2024-1568x1176.jpg 1568w, https:\/\/blog.vida.at\/pensionisten\/wp-content\/uploads\/sites\/10\/2024\/05\/Pflege-Aktion-Graz-2024.jpg 1600w\" sizes=\"auto, (max-width: 1024px) 100vw, 1024px\" \/><\/figure>\n<\/div>\n\n\n<p><strong>F\u00fcr die Regierung ist es fix, bei der Pflege tut sie nix:<\/strong><\/p>\n\n\n\n<ul class=\"wp-block-list\">\n<li>Keine langfristige Finanzierung des Pflegsystems in \u00d6sterreich.<\/li>\n\n\n\n<li>Keine Ausbildungsoffensive, allein in der Steiermark fehlen bis 2030 pro Jahr 500 Pflegekr\u00e4fte mehr als jetzt schon fehlen.<\/li>\n\n\n\n<li>Keine Verbesserung der Arbeitsbedingungen f\u00fcr das Pflegepersonal.<\/li>\n\n\n\n<li>Keine Unterst\u00fctzung f\u00fcr pflegende Angeh\u00f6rige. Pflege Unterst\u00fctzung dzt. \u20ac 1500.- pro Jahr wenn jemand wegen Pflege seine Beruf aufgeben muss.<\/li>\n<\/ul>\n\n\n\n<p><strong>Und auch die \u00d6GB- und vida-Pensionist:innen in Nieder\u00f6sterreich haben ein starkes Zeichen f\u00fcr die Pflege gesetzt:<\/strong><\/p>\n\n\n<div class=\"wp-block-image\">\n<figure class=\"aligncenter size-large\"><img loading=\"lazy\" decoding=\"async\" width=\"1024\" height=\"576\" src=\"https:\/\/blog.vida.at\/pensionisten\/wp-content\/uploads\/sites\/10\/2024\/05\/424605086_8169575393070797_3031820969325613857_n-1024x576.jpg\" alt=\"\" class=\"wp-image-8771\" srcset=\"https:\/\/blog.vida.at\/pensionisten\/wp-content\/uploads\/sites\/10\/2024\/05\/424605086_8169575393070797_3031820969325613857_n-1024x576.jpg 1024w, https:\/\/blog.vida.at\/pensionisten\/wp-content\/uploads\/sites\/10\/2024\/05\/424605086_8169575393070797_3031820969325613857_n-300x169.jpg 300w, https:\/\/blog.vida.at\/pensionisten\/wp-content\/uploads\/sites\/10\/2024\/05\/424605086_8169575393070797_3031820969325613857_n-768x432.jpg 768w, https:\/\/blog.vida.at\/pensionisten\/wp-content\/uploads\/sites\/10\/2024\/05\/424605086_8169575393070797_3031820969325613857_n-1536x864.jpg 1536w, https:\/\/blog.vida.at\/pensionisten\/wp-content\/uploads\/sites\/10\/2024\/05\/424605086_8169575393070797_3031820969325613857_n-500x281.jpg 500w, https:\/\/blog.vida.at\/pensionisten\/wp-content\/uploads\/sites\/10\/2024\/05\/424605086_8169575393070797_3031820969325613857_n-800x450.jpg 800w, https:\/\/blog.vida.at\/pensionisten\/wp-content\/uploads\/sites\/10\/2024\/05\/424605086_8169575393070797_3031820969325613857_n-1280x720.jpg 1280w, https:\/\/blog.vida.at\/pensionisten\/wp-content\/uploads\/sites\/10\/2024\/05\/424605086_8169575393070797_3031820969325613857_n-1920x1080.jpg 1920w, https:\/\/blog.vida.at\/pensionisten\/wp-content\/uploads\/sites\/10\/2024\/05\/424605086_8169575393070797_3031820969325613857_n-1568x882.jpg 1568w, https:\/\/blog.vida.at\/pensionisten\/wp-content\/uploads\/sites\/10\/2024\/05\/424605086_8169575393070797_3031820969325613857_n.jpg 2048w\" sizes=\"auto, (max-width: 1024px) 100vw, 1024px\" \/><\/figure>\n<\/div>\n\n\n<p><strong>Alle Fotos der Aktionen gibt es hier:<\/strong><\/p>\n\n\n\n<figure class=\"wp-block-embed aligncenter is-type-rich is-provider-flickr wp-block-embed-flickr\"><div class=\"wp-block-embed__wrapper\">\n<a data-flickr-embed='true' href='https:\/\/www.flickr.com\/photos\/oegb\/albums\/72177720316754677' title='In der Not sind wir ohne Pflege tot! by \u00d6sterreichischer Gewerkschaftsbund, on Flickr'><img src='https:\/\/live.staticflickr.com\/65535\/53707240653_12675bf88c_z.jpg' width='800' height='600' alt='In der Not sind wir ohne Pflege tot'><\/a><script async src='https:\/\/embedr.flickr.com\/assets\/client-code.js' charset='utf-8'><\/script>\n<\/div><\/figure>\n\n\n\n<div data-wp-interactive=\"core\/file\" class=\"wp-block-file\"><object data-wp-bind--hidden=\"!state.hasPdfPreview\" hidden class=\"wp-block-file__embed\" data=\"https:\/\/blog.vida.at\/pensionisten\/wp-content\/uploads\/sites\/10\/2024\/05\/OeGB_Pensionistinnen_Folder_zum_Tag_der_Pflege.pdf\" type=\"application\/pdf\" style=\"width:100%;height:600px\" aria-label=\"Einbettung von OeGB_Pensionistinnen_Folder_zum_Tag_der_Pflege.\"><\/object><a id=\"wp-block-file--media-2417150f-63e5-4d9c-bbf3-6e5acc17bd82\" href=\"https:\/\/blog.vida.at\/pensionisten\/wp-content\/uploads\/sites\/10\/2024\/05\/OeGB_Pensionistinnen_Folder_zum_Tag_der_Pflege.pdf\">OeGB_Pensionistinnen_Folder_zum_Tag_der_Pflege<\/a><a href=\"https:\/\/blog.vida.at\/pensionisten\/wp-content\/uploads\/sites\/10\/2024\/05\/OeGB_Pensionistinnen_Folder_zum_Tag_der_Pflege.pdf\" class=\"wp-block-file__button wp-element-button\" download aria-describedby=\"wp-block-file--media-2417150f-63e5-4d9c-bbf3-6e5acc17bd82\">Herunterladen<\/a><\/div>\n<\/div><\/div>\n\n\n\n<p><\/p>\n","protected":false},"excerpt":{"rendered":"<p>Gewerkschafts-Pensionist:innen machen auf die Situation im Pflegebereich aufmerksam.<\/p>\n","protected":false},"author":8,"featured_media":8761,"comment_status":"open","ping_status":"open","sticky":false,"template":"","format":"standard","meta":{"_uag_custom_page_level_css":"","advgb_blocks_editor_width":"","advgb_blocks_columns_visual_guide":"","footnotes":""},"categories":[4,1,32],"tags":[],"Orte":[],"activitytype":[],"class_list":["post-8760","post","type-post","status-publish","format-standard","has-post-thumbnail","hentry","category-aktuelles","category-allgemein","category-top-aktuelles","entry"],"featured_image_urls":{"full":["https:\/\/blog.vida.at\/pensionisten\/wp-content\/uploads\/sites\/10\/2024\/05\/Pflege-Aktion-Graz-2024.jpg",1600,1200,false],"thumbnail":["https:\/\/blog.vida.at\/pensionisten\/wp-content\/uploads\/sites\/10\/2024\/05\/Pflege-Aktion-Graz-2024-150x150.jpg",150,150,true],"medium":["https:\/\/blog.vida.at\/pensionisten\/wp-content\/uploads\/sites\/10\/2024\/05\/Pflege-Aktion-Graz-2024-300x225.jpg",300,225,true],"medium_large":["https:\/\/blog.vida.at\/pensionisten\/wp-content\/uploads\/sites\/10\/2024\/05\/Pflege-Aktion-Graz-2024-768x576.jpg",640,480,true],"large":["https:\/\/blog.vida.at\/pensionisten\/wp-content\/uploads\/sites\/10\/2024\/05\/Pflege-Aktion-Graz-2024-1024x768.jpg",640,480,true],"1536x1536":["https:\/\/blog.vida.at\/pensionisten\/wp-content\/uploads\/sites\/10\/2024\/05\/Pflege-Aktion-Graz-2024-1536x1152.jpg",1536,1152,true],"2048x2048":["https:\/\/blog.vida.at\/pensionisten\/wp-content\/uploads\/sites\/10\/2024\/05\/Pflege-Aktion-Graz-2024.jpg",1600,1200,false],"ab-block-post-grid-landscape":["https:\/\/blog.vida.at\/pensionisten\/wp-content\/uploads\/sites\/10\/2024\/05\/Pflege-Aktion-Graz-2024-600x400.jpg",600,400,true],"ab-block-post-grid-square":["https:\/\/blog.vida.at\/pensionisten\/wp-content\/uploads\/sites\/10\/2024\/05\/Pflege-Aktion-Graz-2024-600x600.jpg",600,600,true],"post-thumbnail":["https:\/\/blog.vida.at\/pensionisten\/wp-content\/uploads\/sites\/10\/2024\/05\/Pflege-Aktion-Graz-2024-1568x1176.jpg",1568,1176,true],"awb_sm":["https:\/\/blog.vida.at\/pensionisten\/wp-content\/uploads\/sites\/10\/2024\/05\/Pflege-Aktion-Graz-2024-500x375.jpg",500,375,true],"awb_md":["https:\/\/blog.vida.at\/pensionisten\/wp-content\/uploads\/sites\/10\/2024\/05\/Pflege-Aktion-Graz-2024-800x600.jpg",800,600,true],"awb_lg":["https:\/\/blog.vida.at\/pensionisten\/wp-content\/uploads\/sites\/10\/2024\/05\/Pflege-Aktion-Graz-2024-1280x960.jpg",1280,960,true],"awb_xl":["https:\/\/blog.vida.at\/pensionisten\/wp-content\/uploads\/sites\/10\/2024\/05\/Pflege-Aktion-Graz-2024.jpg",1600,1200,false]},"post_excerpt_stackable":"<p>Gewerkschafts-Pensionist:innen machen auf die Situation im Pflegebereich aufmerksam. Jedes Jahr am 12. Mai steht der internationale Tag der Pflege im Kalender \u2013 eine Gelegenheit, um die entscheidende Rolle der Pflegekr\u00e4fte f\u00fcr die Gesellschaft zu w\u00fcrdigen. Doch hinter der Wertsch\u00e4tzung verbergen sich tiefgreifende strukturelle Probleme, die dringend gel\u00f6st werden m\u00fcssen. Die \u00d6GB-Pensionist:innen brachten am 8. Mai ihre Sorgen und Forderungen vor das Sozialministerium in Wien, um auf diese Missst\u00e4nde aufmerksam zu machen.&nbsp; Nicht nur in Wien machten die \u00d6GB-Pensionist:innen auf die Situation im Pflegebereich aufmerksam. In ganz \u00d6sterreich gingen sie auf die Stra\u00dfe und setzten ein wichtiges Zeichen \u2013 zum Beispiel&hellip;<\/p>\n","category_list":"<a href=\"https:\/\/blog.vida.at\/pensionisten\/category\/aktuelles\/\" rel=\"category tag\">Aktuelles<\/a>, <a href=\"https:\/\/blog.vida.at\/pensionisten\/category\/allgemein\/\" rel=\"category tag\">Allgemein<\/a>, <a href=\"https:\/\/blog.vida.at\/pensionisten\/category\/top-aktuelles\/\" rel=\"category tag\">Top Aktuelles<\/a>","author_info":{"display_name":"mariontobola","author_link":"https:\/\/blog.vida.at\/pensionisten\/author\/mariontobola\/"},"comments_num":"0 comments","featured_image_urls_v2":{"full":["https:\/\/blog.vida.at\/pensionisten\/wp-content\/uploads\/sites\/10\/2024\/05\/Pflege-Aktion-Graz-2024.jpg",1600,1200,false],"thumbnail":["https:\/\/blog.vida.at\/pensionisten\/wp-content\/uploads\/sites\/10\/2024\/05\/Pflege-Aktion-Graz-2024-150x150.jpg",150,150,true],"medium":["https:\/\/blog.vida.at\/pensionisten\/wp-content\/uploads\/sites\/10\/2024\/05\/Pflege-Aktion-Graz-2024-300x225.jpg",300,225,true],"medium_large":["https:\/\/blog.vida.at\/pensionisten\/wp-content\/uploads\/sites\/10\/2024\/05\/Pflege-Aktion-Graz-2024-768x576.jpg",640,480,true],"large":["https:\/\/blog.vida.at\/pensionisten\/wp-content\/uploads\/sites\/10\/2024\/05\/Pflege-Aktion-Graz-2024-1024x768.jpg",640,480,true],"1536x1536":["https:\/\/blog.vida.at\/pensionisten\/wp-content\/uploads\/sites\/10\/2024\/05\/Pflege-Aktion-Graz-2024-1536x1152.jpg",1536,1152,true],"2048x2048":["https:\/\/blog.vida.at\/pensionisten\/wp-content\/uploads\/sites\/10\/2024\/05\/Pflege-Aktion-Graz-2024.jpg",1600,1200,false],"ab-block-post-grid-landscape":["https:\/\/blog.vida.at\/pensionisten\/wp-content\/uploads\/sites\/10\/2024\/05\/Pflege-Aktion-Graz-2024-600x400.jpg",600,400,true],"ab-block-post-grid-square":["https:\/\/blog.vida.at\/pensionisten\/wp-content\/uploads\/sites\/10\/2024\/05\/Pflege-Aktion-Graz-2024-600x600.jpg",600,600,true],"post-thumbnail":["https:\/\/blog.vida.at\/pensionisten\/wp-content\/uploads\/sites\/10\/2024\/05\/Pflege-Aktion-Graz-2024-1568x1176.jpg",1568,1176,true],"awb_sm":["https:\/\/blog.vida.at\/pensionisten\/wp-content\/uploads\/sites\/10\/2024\/05\/Pflege-Aktion-Graz-2024-500x375.jpg",500,375,true],"awb_md":["https:\/\/blog.vida.at\/pensionisten\/wp-content\/uploads\/sites\/10\/2024\/05\/Pflege-Aktion-Graz-2024-800x600.jpg",800,600,true],"awb_lg":["https:\/\/blog.vida.at\/pensionisten\/wp-content\/uploads\/sites\/10\/2024\/05\/Pflege-Aktion-Graz-2024-1280x960.jpg",1280,960,true],"awb_xl":["https:\/\/blog.vida.at\/pensionisten\/wp-content\/uploads\/sites\/10\/2024\/05\/Pflege-Aktion-Graz-2024.jpg",1600,1200,false]},"post_excerpt_stackable_v2":"<p>Gewerkschafts-Pensionist:innen machen auf die Situation im Pflegebereich aufmerksam. Jedes Jahr am 12. Mai steht der internationale Tag der Pflege im Kalender \u2013 eine Gelegenheit, um die entscheidende Rolle der Pflegekr\u00e4fte f\u00fcr die Gesellschaft zu w\u00fcrdigen. Doch hinter der Wertsch\u00e4tzung verbergen sich tiefgreifende strukturelle Probleme, die dringend gel\u00f6st werden m\u00fcssen. Die \u00d6GB-Pensionist:innen brachten am 8. Mai ihre Sorgen und Forderungen vor das Sozialministerium in Wien, um auf diese Missst\u00e4nde aufmerksam zu machen.&nbsp; Nicht nur in Wien machten die \u00d6GB-Pensionist:innen auf die Situation im Pflegebereich aufmerksam. In ganz \u00d6sterreich gingen sie auf die Stra\u00dfe und setzten ein wichtiges Zeichen \u2013 zum Beispiel&hellip;<\/p>\n","category_list_v2":"<a href=\"https:\/\/blog.vida.at\/pensionisten\/category\/aktuelles\/\" rel=\"category tag\">Aktuelles<\/a>, <a href=\"https:\/\/blog.vida.at\/pensionisten\/category\/allgemein\/\" rel=\"category tag\">Allgemein<\/a>, <a href=\"https:\/\/blog.vida.at\/pensionisten\/category\/top-aktuelles\/\" rel=\"category tag\">Top Aktuelles<\/a>","author_info_v2":{"name":"mariontobola","url":"https:\/\/blog.vida.at\/pensionisten\/author\/mariontobola\/"},"comments_num_v2":"0 comments","yoast_head":"<!-- This site is optimized with the Yoast SEO plugin v27.3 - https:\/\/yoast.com\/product\/yoast-seo-wordpress\/ -->\n<title>In der Not sind wir in der Pflege tot<\/title>\n<meta name=\"robots\" content=\"index, follow, max-snippet:-1, max-image-preview:large, max-video-preview:-1\" \/>\n<link rel=\"canonical\" href=\"https:\/\/blog.vida.at\/pensionisten\/2024\/05\/10\/in-der-not-sind-wir-in-der-pflege-tot\/\" \/>\n<meta property=\"og:locale\" content=\"de_DE\" \/>\n<meta property=\"og:type\" content=\"article\" \/>\n<meta property=\"og:title\" content=\"In der Not sind wir in der Pflege tot\" \/>\n<meta property=\"og:description\" content=\"Gewerkschafts-Pensionist:innen machen auf die Situation im Pflegebereich aufmerksam.\" \/>\n<meta property=\"og:url\" content=\"https:\/\/blog.vida.at\/pensionisten\/2024\/05\/10\/in-der-not-sind-wir-in-der-pflege-tot\/\" \/>\n<meta property=\"og:site_name\" content=\"vida Pensionisten\" \/>\n<meta property=\"article:published_time\" content=\"2024-05-10T11:24:40+00:00\" \/>\n<meta property=\"article:modified_time\" content=\"2024-05-14T16:34:26+00:00\" \/>\n<meta property=\"og:image\" content=\"https:\/\/blog.vida.at\/pensionisten\/wp-content\/uploads\/sites\/10\/2024\/05\/Pflege-Aktion-Graz-2024.jpg\" \/>\n\t<meta property=\"og:image:width\" content=\"1600\" \/>\n\t<meta property=\"og:image:height\" content=\"1200\" \/>\n\t<meta property=\"og:image:type\" content=\"image\/jpeg\" \/>\n<meta name=\"author\" content=\"mariontobola\" \/>\n<meta name=\"twitter:card\" content=\"summary_large_image\" \/>\n<meta name=\"twitter:label1\" content=\"Verfasst von\" \/>\n\t<meta name=\"twitter:data1\" content=\"mariontobola\" \/>\n\t<meta name=\"twitter:label2\" content=\"Gesch\u00e4tzte Lesezeit\" \/>\n\t<meta name=\"twitter:data2\" content=\"2\u00a0Minuten\" \/>\n<script type=\"application\/ld+json\" class=\"yoast-schema-graph\">{\"@context\":\"https:\\\/\\\/schema.org\",\"@graph\":[{\"@type\":\"Article\",\"@id\":\"https:\\\/\\\/blog.vida.at\\\/pensionisten\\\/2024\\\/05\\\/10\\\/in-der-not-sind-wir-in-der-pflege-tot\\\/#article\",\"isPartOf\":{\"@id\":\"https:\\\/\\\/blog.vida.at\\\/pensionisten\\\/2024\\\/05\\\/10\\\/in-der-not-sind-wir-in-der-pflege-tot\\\/\"},\"author\":{\"name\":\"mariontobola\",\"@id\":\"https:\\\/\\\/blog.vida.at\\\/pensionisten\\\/#\\\/schema\\\/person\\\/88cee3ee93b9afdc51c92f5f63f38b8a\"},\"headline\":\"In der Not sind wir in der Pflege tot\",\"datePublished\":\"2024-05-10T11:24:40+00:00\",\"dateModified\":\"2024-05-14T16:34:26+00:00\",\"mainEntityOfPage\":{\"@id\":\"https:\\\/\\\/blog.vida.at\\\/pensionisten\\\/2024\\\/05\\\/10\\\/in-der-not-sind-wir-in-der-pflege-tot\\\/\"},\"wordCount\":257,\"commentCount\":0,\"image\":{\"@id\":\"https:\\\/\\\/blog.vida.at\\\/pensionisten\\\/2024\\\/05\\\/10\\\/in-der-not-sind-wir-in-der-pflege-tot\\\/#primaryimage\"},\"thumbnailUrl\":\"https:\\\/\\\/blog.vida.at\\\/pensionisten\\\/wp-content\\\/uploads\\\/sites\\\/10\\\/2024\\\/05\\\/Pflege-Aktion-Graz-2024.jpg\",\"articleSection\":{\"0\":\"Aktuelles\",\"2\":\"Top Aktuelles\"},\"inLanguage\":\"de\",\"potentialAction\":[{\"@type\":\"CommentAction\",\"name\":\"Comment\",\"target\":[\"https:\\\/\\\/blog.vida.at\\\/pensionisten\\\/2024\\\/05\\\/10\\\/in-der-not-sind-wir-in-der-pflege-tot\\\/#respond\"]}]},{\"@type\":\"WebPage\",\"@id\":\"https:\\\/\\\/blog.vida.at\\\/pensionisten\\\/2024\\\/05\\\/10\\\/in-der-not-sind-wir-in-der-pflege-tot\\\/\",\"url\":\"https:\\\/\\\/blog.vida.at\\\/pensionisten\\\/2024\\\/05\\\/10\\\/in-der-not-sind-wir-in-der-pflege-tot\\\/\",\"name\":\"In der Not sind wir in der Pflege tot\",\"isPartOf\":{\"@id\":\"https:\\\/\\\/blog.vida.at\\\/pensionisten\\\/#website\"},\"primaryImageOfPage\":{\"@id\":\"https:\\\/\\\/blog.vida.at\\\/pensionisten\\\/2024\\\/05\\\/10\\\/in-der-not-sind-wir-in-der-pflege-tot\\\/#primaryimage\"},\"image\":{\"@id\":\"https:\\\/\\\/blog.vida.at\\\/pensionisten\\\/2024\\\/05\\\/10\\\/in-der-not-sind-wir-in-der-pflege-tot\\\/#primaryimage\"},\"thumbnailUrl\":\"https:\\\/\\\/blog.vida.at\\\/pensionisten\\\/wp-content\\\/uploads\\\/sites\\\/10\\\/2024\\\/05\\\/Pflege-Aktion-Graz-2024.jpg\",\"datePublished\":\"2024-05-10T11:24:40+00:00\",\"dateModified\":\"2024-05-14T16:34:26+00:00\",\"author\":{\"@id\":\"https:\\\/\\\/blog.vida.at\\\/pensionisten\\\/#\\\/schema\\\/person\\\/88cee3ee93b9afdc51c92f5f63f38b8a\"},\"breadcrumb\":{\"@id\":\"https:\\\/\\\/blog.vida.at\\\/pensionisten\\\/2024\\\/05\\\/10\\\/in-der-not-sind-wir-in-der-pflege-tot\\\/#breadcrumb\"},\"inLanguage\":\"de\",\"potentialAction\":[{\"@type\":\"ReadAction\",\"target\":[\"https:\\\/\\\/blog.vida.at\\\/pensionisten\\\/2024\\\/05\\\/10\\\/in-der-not-sind-wir-in-der-pflege-tot\\\/\"]}]},{\"@type\":\"ImageObject\",\"inLanguage\":\"de\",\"@id\":\"https:\\\/\\\/blog.vida.at\\\/pensionisten\\\/2024\\\/05\\\/10\\\/in-der-not-sind-wir-in-der-pflege-tot\\\/#primaryimage\",\"url\":\"https:\\\/\\\/blog.vida.at\\\/pensionisten\\\/wp-content\\\/uploads\\\/sites\\\/10\\\/2024\\\/05\\\/Pflege-Aktion-Graz-2024.jpg\",\"contentUrl\":\"https:\\\/\\\/blog.vida.at\\\/pensionisten\\\/wp-content\\\/uploads\\\/sites\\\/10\\\/2024\\\/05\\\/Pflege-Aktion-Graz-2024.jpg\",\"width\":1600,\"height\":1200},{\"@type\":\"BreadcrumbList\",\"@id\":\"https:\\\/\\\/blog.vida.at\\\/pensionisten\\\/2024\\\/05\\\/10\\\/in-der-not-sind-wir-in-der-pflege-tot\\\/#breadcrumb\",\"itemListElement\":[{\"@type\":\"ListItem\",\"position\":1,\"name\":\"Startseite\",\"item\":\"https:\\\/\\\/blog.vida.at\\\/pensionisten\\\/\"},{\"@type\":\"ListItem\",\"position\":2,\"name\":\"In der Not sind wir in der Pflege tot\"}]},{\"@type\":\"WebSite\",\"@id\":\"https:\\\/\\\/blog.vida.at\\\/pensionisten\\\/#website\",\"url\":\"https:\\\/\\\/blog.vida.at\\\/pensionisten\\\/\",\"name\":\"vida Pensionisten\",\"description\":\"\",\"potentialAction\":[{\"@type\":\"SearchAction\",\"target\":{\"@type\":\"EntryPoint\",\"urlTemplate\":\"https:\\\/\\\/blog.vida.at\\\/pensionisten\\\/?s={search_term_string}\"},\"query-input\":{\"@type\":\"PropertyValueSpecification\",\"valueRequired\":true,\"valueName\":\"search_term_string\"}}],\"inLanguage\":\"de\"},{\"@type\":\"Person\",\"@id\":\"https:\\\/\\\/blog.vida.at\\\/pensionisten\\\/#\\\/schema\\\/person\\\/88cee3ee93b9afdc51c92f5f63f38b8a\",\"name\":\"mariontobola\",\"image\":{\"@type\":\"ImageObject\",\"inLanguage\":\"de\",\"@id\":\"https:\\\/\\\/secure.gravatar.com\\\/avatar\\\/5d2c516985e4eda61bca05bd3b4359b4358135bd1e1a5b08c539e9cd1edd6528?s=96&d=mm&r=g\",\"url\":\"https:\\\/\\\/secure.gravatar.com\\\/avatar\\\/5d2c516985e4eda61bca05bd3b4359b4358135bd1e1a5b08c539e9cd1edd6528?s=96&d=mm&r=g\",\"contentUrl\":\"https:\\\/\\\/secure.gravatar.com\\\/avatar\\\/5d2c516985e4eda61bca05bd3b4359b4358135bd1e1a5b08c539e9cd1edd6528?s=96&d=mm&r=g\",\"caption\":\"mariontobola\"},\"url\":\"https:\\\/\\\/blog.vida.at\\\/pensionisten\\\/author\\\/mariontobola\\\/\"}]}<\/script>\n<!-- \/ Yoast SEO plugin. -->","yoast_head_json":{"title":"In der Not sind wir in der Pflege tot","robots":{"index":"index","follow":"follow","max-snippet":"max-snippet:-1","max-image-preview":"max-image-preview:large","max-video-preview":"max-video-preview:-1"},"canonical":"https:\/\/blog.vida.at\/pensionisten\/2024\/05\/10\/in-der-not-sind-wir-in-der-pflege-tot\/","og_locale":"de_DE","og_type":"article","og_title":"In der Not sind wir in der Pflege tot","og_description":"Gewerkschafts-Pensionist:innen machen auf die Situation im Pflegebereich aufmerksam.","og_url":"https:\/\/blog.vida.at\/pensionisten\/2024\/05\/10\/in-der-not-sind-wir-in-der-pflege-tot\/","og_site_name":"vida Pensionisten","article_published_time":"2024-05-10T11:24:40+00:00","article_modified_time":"2024-05-14T16:34:26+00:00","og_image":[{"width":1600,"height":1200,"url":"https:\/\/blog.vida.at\/pensionisten\/wp-content\/uploads\/sites\/10\/2024\/05\/Pflege-Aktion-Graz-2024.jpg","type":"image\/jpeg"}],"author":"mariontobola","twitter_card":"summary_large_image","twitter_misc":{"Verfasst von":"mariontobola","Gesch\u00e4tzte Lesezeit":"2\u00a0Minuten"},"schema":{"@context":"https:\/\/schema.org","@graph":[{"@type":"Article","@id":"https:\/\/blog.vida.at\/pensionisten\/2024\/05\/10\/in-der-not-sind-wir-in-der-pflege-tot\/#article","isPartOf":{"@id":"https:\/\/blog.vida.at\/pensionisten\/2024\/05\/10\/in-der-not-sind-wir-in-der-pflege-tot\/"},"author":{"name":"mariontobola","@id":"https:\/\/blog.vida.at\/pensionisten\/#\/schema\/person\/88cee3ee93b9afdc51c92f5f63f38b8a"},"headline":"In der Not sind wir in der Pflege tot","datePublished":"2024-05-10T11:24:40+00:00","dateModified":"2024-05-14T16:34:26+00:00","mainEntityOfPage":{"@id":"https:\/\/blog.vida.at\/pensionisten\/2024\/05\/10\/in-der-not-sind-wir-in-der-pflege-tot\/"},"wordCount":257,"commentCount":0,"image":{"@id":"https:\/\/blog.vida.at\/pensionisten\/2024\/05\/10\/in-der-not-sind-wir-in-der-pflege-tot\/#primaryimage"},"thumbnailUrl":"https:\/\/blog.vida.at\/pensionisten\/wp-content\/uploads\/sites\/10\/2024\/05\/Pflege-Aktion-Graz-2024.jpg","articleSection":{"0":"Aktuelles","2":"Top Aktuelles"},"inLanguage":"de","potentialAction":[{"@type":"CommentAction","name":"Comment","target":["https:\/\/blog.vida.at\/pensionisten\/2024\/05\/10\/in-der-not-sind-wir-in-der-pflege-tot\/#respond"]}]},{"@type":"WebPage","@id":"https:\/\/blog.vida.at\/pensionisten\/2024\/05\/10\/in-der-not-sind-wir-in-der-pflege-tot\/","url":"https:\/\/blog.vida.at\/pensionisten\/2024\/05\/10\/in-der-not-sind-wir-in-der-pflege-tot\/","name":"In der Not sind wir in der Pflege tot","isPartOf":{"@id":"https:\/\/blog.vida.at\/pensionisten\/#website"},"primaryImageOfPage":{"@id":"https:\/\/blog.vida.at\/pensionisten\/2024\/05\/10\/in-der-not-sind-wir-in-der-pflege-tot\/#primaryimage"},"image":{"@id":"https:\/\/blog.vida.at\/pensionisten\/2024\/05\/10\/in-der-not-sind-wir-in-der-pflege-tot\/#primaryimage"},"thumbnailUrl":"https:\/\/blog.vida.at\/pensionisten\/wp-content\/uploads\/sites\/10\/2024\/05\/Pflege-Aktion-Graz-2024.jpg","datePublished":"2024-05-10T11:24:40+00:00","dateModified":"2024-05-14T16:34:26+00:00","author":{"@id":"https:\/\/blog.vida.at\/pensionisten\/#\/schema\/person\/88cee3ee93b9afdc51c92f5f63f38b8a"},"breadcrumb":{"@id":"https:\/\/blog.vida.at\/pensionisten\/2024\/05\/10\/in-der-not-sind-wir-in-der-pflege-tot\/#breadcrumb"},"inLanguage":"de","potentialAction":[{"@type":"ReadAction","target":["https:\/\/blog.vida.at\/pensionisten\/2024\/05\/10\/in-der-not-sind-wir-in-der-pflege-tot\/"]}]},{"@type":"ImageObject","inLanguage":"de","@id":"https:\/\/blog.vida.at\/pensionisten\/2024\/05\/10\/in-der-not-sind-wir-in-der-pflege-tot\/#primaryimage","url":"https:\/\/blog.vida.at\/pensionisten\/wp-content\/uploads\/sites\/10\/2024\/05\/Pflege-Aktion-Graz-2024.jpg","contentUrl":"https:\/\/blog.vida.at\/pensionisten\/wp-content\/uploads\/sites\/10\/2024\/05\/Pflege-Aktion-Graz-2024.jpg","width":1600,"height":1200},{"@type":"BreadcrumbList","@id":"https:\/\/blog.vida.at\/pensionisten\/2024\/05\/10\/in-der-not-sind-wir-in-der-pflege-tot\/#breadcrumb","itemListElement":[{"@type":"ListItem","position":1,"name":"Startseite","item":"https:\/\/blog.vida.at\/pensionisten\/"},{"@type":"ListItem","position":2,"name":"In der Not sind wir in der Pflege tot"}]},{"@type":"WebSite","@id":"https:\/\/blog.vida.at\/pensionisten\/#website","url":"https:\/\/blog.vida.at\/pensionisten\/","name":"vida Pensionisten","description":"","potentialAction":[{"@type":"SearchAction","target":{"@type":"EntryPoint","urlTemplate":"https:\/\/blog.vida.at\/pensionisten\/?s={search_term_string}"},"query-input":{"@type":"PropertyValueSpecification","valueRequired":true,"valueName":"search_term_string"}}],"inLanguage":"de"},{"@type":"Person","@id":"https:\/\/blog.vida.at\/pensionisten\/#\/schema\/person\/88cee3ee93b9afdc51c92f5f63f38b8a","name":"mariontobola","image":{"@type":"ImageObject","inLanguage":"de","@id":"https:\/\/secure.gravatar.com\/avatar\/5d2c516985e4eda61bca05bd3b4359b4358135bd1e1a5b08c539e9cd1edd6528?s=96&d=mm&r=g","url":"https:\/\/secure.gravatar.com\/avatar\/5d2c516985e4eda61bca05bd3b4359b4358135bd1e1a5b08c539e9cd1edd6528?s=96&d=mm&r=g","contentUrl":"https:\/\/secure.gravatar.com\/avatar\/5d2c516985e4eda61bca05bd3b4359b4358135bd1e1a5b08c539e9cd1edd6528?s=96&d=mm&r=g","caption":"mariontobola"},"url":"https:\/\/blog.vida.at\/pensionisten\/author\/mariontobola\/"}]}},"author_meta":{"display_name":"mariontobola","author_link":"https:\/\/blog.vida.at\/pensionisten\/author\/mariontobola\/"},"featured_img":"https:\/\/blog.vida.at\/pensionisten\/wp-content\/uploads\/sites\/10\/2024\/05\/Pflege-Aktion-Graz-2024-300x225.jpg","featured_image_src":"https:\/\/blog.vida.at\/pensionisten\/wp-content\/uploads\/sites\/10\/2024\/05\/Pflege-Aktion-Graz-2024-600x400.jpg","featured_image_src_square":"https:\/\/blog.vida.at\/pensionisten\/wp-content\/uploads\/sites\/10\/2024\/05\/Pflege-Aktion-Graz-2024-600x600.jpg","uagb_featured_image_src":{"full":["https:\/\/blog.vida.at\/pensionisten\/wp-content\/uploads\/sites\/10\/2024\/05\/Pflege-Aktion-Graz-2024.jpg",1600,1200,false],"thumbnail":["https:\/\/blog.vida.at\/pensionisten\/wp-content\/uploads\/sites\/10\/2024\/05\/Pflege-Aktion-Graz-2024-150x150.jpg",150,150,true],"medium":["https:\/\/blog.vida.at\/pensionisten\/wp-content\/uploads\/sites\/10\/2024\/05\/Pflege-Aktion-Graz-2024-300x225.jpg",300,225,true],"medium_large":["https:\/\/blog.vida.at\/pensionisten\/wp-content\/uploads\/sites\/10\/2024\/05\/Pflege-Aktion-Graz-2024-768x576.jpg",640,480,true],"large":["https:\/\/blog.vida.at\/pensionisten\/wp-content\/uploads\/sites\/10\/2024\/05\/Pflege-Aktion-Graz-2024-1024x768.jpg",640,480,true],"1536x1536":["https:\/\/blog.vida.at\/pensionisten\/wp-content\/uploads\/sites\/10\/2024\/05\/Pflege-Aktion-Graz-2024-1536x1152.jpg",1536,1152,true],"2048x2048":["https:\/\/blog.vida.at\/pensionisten\/wp-content\/uploads\/sites\/10\/2024\/05\/Pflege-Aktion-Graz-2024.jpg",1600,1200,false],"ab-block-post-grid-landscape":["https:\/\/blog.vida.at\/pensionisten\/wp-content\/uploads\/sites\/10\/2024\/05\/Pflege-Aktion-Graz-2024-600x400.jpg",600,400,true],"ab-block-post-grid-square":["https:\/\/blog.vida.at\/pensionisten\/wp-content\/uploads\/sites\/10\/2024\/05\/Pflege-Aktion-Graz-2024-600x600.jpg",600,600,true],"post-thumbnail":["https:\/\/blog.vida.at\/pensionisten\/wp-content\/uploads\/sites\/10\/2024\/05\/Pflege-Aktion-Graz-2024-1568x1176.jpg",1568,1176,true],"awb_sm":["https:\/\/blog.vida.at\/pensionisten\/wp-content\/uploads\/sites\/10\/2024\/05\/Pflege-Aktion-Graz-2024-500x375.jpg",500,375,true],"awb_md":["https:\/\/blog.vida.at\/pensionisten\/wp-content\/uploads\/sites\/10\/2024\/05\/Pflege-Aktion-Graz-2024-800x600.jpg",800,600,true],"awb_lg":["https:\/\/blog.vida.at\/pensionisten\/wp-content\/uploads\/sites\/10\/2024\/05\/Pflege-Aktion-Graz-2024-1280x960.jpg",1280,960,true],"awb_xl":["https:\/\/blog.vida.at\/pensionisten\/wp-content\/uploads\/sites\/10\/2024\/05\/Pflege-Aktion-Graz-2024.jpg",1600,1200,false]},"uagb_author_info":{"display_name":"mariontobola","author_link":"https:\/\/blog.vida.at\/pensionisten\/author\/mariontobola\/"},"uagb_comment_info":0,"uagb_excerpt":"Gewerkschafts-Pensionist:innen machen auf die Situation im Pflegebereich aufmerksam.","coauthors":[],"tax_additional":{"categories":{"linked":["<a href=\"https:\/\/blog.vida.at\/pensionisten\/category\/aktuelles\/\" class=\"advgb-post-tax-term\">Aktuelles<\/a>","<a href=\"https:\/\/blog.vida.at\/pensionisten\/category\/allgemein\/\" class=\"advgb-post-tax-term\">Allgemein<\/a>","<a href=\"https:\/\/blog.vida.at\/pensionisten\/category\/top-aktuelles\/\" class=\"advgb-post-tax-term\">Top Aktuelles<\/a>"],"unlinked":["<span class=\"advgb-post-tax-term\">Aktuelles<\/span>","<span class=\"advgb-post-tax-term\">Allgemein<\/span>","<span class=\"advgb-post-tax-term\">Top Aktuelles<\/span>"]}},"comment_count":"0","relative_dates":{"created":"Ver\u00f6ffentlicht 2\u00a0Jahren vor","modified":"Aktualisiert 2\u00a0Jahren vor"},"absolute_dates":{"created":"Ver\u00f6ffentlicht am 10. Mai 2024","modified":"Aktualisiert am 14. Mai 2024"},"absolute_dates_time":{"created":"Ver\u00f6ffentlicht am 10. Mai 2024 13:24","modified":"Aktualisiert am 14. Mai 2024 18:34"},"featured_img_caption":"","series_order":"","_links":{"self":[{"href":"https:\/\/blog.vida.at\/pensionisten\/wp-json\/wp\/v2\/posts\/8760","targetHints":{"allow":["GET"]}}],"collection":[{"href":"https:\/\/blog.vida.at\/pensionisten\/wp-json\/wp\/v2\/posts"}],"about":[{"href":"https:\/\/blog.vida.at\/pensionisten\/wp-json\/wp\/v2\/types\/post"}],"author":[{"embeddable":true,"href":"https:\/\/blog.vida.at\/pensionisten\/wp-json\/wp\/v2\/users\/8"}],"replies":[{"embeddable":true,"href":"https:\/\/blog.vida.at\/pensionisten\/wp-json\/wp\/v2\/comments?post=8760"}],"version-history":[{"count":12,"href":"https:\/\/blog.vida.at\/pensionisten\/wp-json\/wp\/v2\/posts\/8760\/revisions"}],"predecessor-version":[{"id":8781,"href":"https:\/\/blog.vida.at\/pensionisten\/wp-json\/wp\/v2\/posts\/8760\/revisions\/8781"}],"wp:featuredmedia":[{"embeddable":true,"href":"https:\/\/blog.vida.at\/pensionisten\/wp-json\/wp\/v2\/media\/8761"}],"wp:attachment":[{"href":"https:\/\/blog.vida.at\/pensionisten\/wp-json\/wp\/v2\/media?parent=8760"}],"wp:term":[{"taxonomy":"category","embeddable":true,"href":"https:\/\/blog.vida.at\/pensionisten\/wp-json\/wp\/v2\/categories?post=8760"},{"taxonomy":"post_tag","embeddable":true,"href":"https:\/\/blog.vida.at\/pensionisten\/wp-json\/wp\/v2\/tags?post=8760"},{"taxonomy":"Orte","embeddable":true,"href":"https:\/\/blog.vida.at\/pensionisten\/wp-json\/wp\/v2\/Orte?post=8760"},{"taxonomy":"activitytype","embeddable":true,"href":"https:\/\/blog.vida.at\/pensionisten\/wp-json\/wp\/v2\/activitytype?post=8760"}],"curies":[{"name":"wp","href":"https:\/\/api.w.org\/{rel}","templated":true}]}}