
{"id":9645,"date":"2024-09-26T16:11:27","date_gmt":"2024-09-26T14:11:27","guid":{"rendered":"https:\/\/blog.vida.at\/pensionisten\/?p=9645"},"modified":"2024-09-26T16:12:19","modified_gmt":"2024-09-26T14:12:19","slug":"og-goepfritz-2","status":"publish","type":"post","link":"https:\/\/blog.vida.at\/pensionisten\/2024\/09\/26\/og-goepfritz-2\/","title":{"rendered":"OG G\u00f6pfritz"},"content":{"rendered":"\n<div class=\"wp-block-group Container\"><div class=\"wp-block-group__inner-container is-layout-flow wp-block-group-is-layout-flow\">\n<h4 class=\"wp-block-heading\">Das war die Mitgliederversammlung am 20. September 2024.<\/h4>\n\n\n\n<br>\n\n\n\n<p><\/p>\n\n\n\n<!--more-->\n\n\n\n<p><\/p>\n\n\n\n<p>Am 20. September 2024 fand die <strong>Mitgliederversammlung der Ortsgruppe G\u00f6pfritz<\/strong> statt. Als Referent war der neue Vorsitzende der vida N\u00d6 Pensionist:innen, Josef Gradwohl, geladen. Er konnte zusammen mit dem Ortsgruppen-Vorsitzenden Leopold Klein drei Mitglieder f\u00fcr ihre<strong> 50-j\u00e4hrige Gewerkschaftsmitgliedschaft <\/strong>ehren. Leopold Klein wurde aus diesem Anlass zu seinem <strong>70. Geburtstag<\/strong> ein Geschenk im Namen der vida \u00fcberreicht: Ein <strong>Original 1. Klasse-Sitz aus dem ehemaligen Transalpin<\/strong> (\u00d6BB-Baureihe 4010), der einen Ehrenplatz in dem von den Modellbahnfreunden G\u00f6pfritz betreuten Modellbahnhof G\u00f6pfritz im Dachgescho\u00df des Gemeindeamtes erhalten wird (\u00d6ffnungszeiten: Gegen Voranmeldung beim Gemeindeamt Tel. 02825\/8310 oder am Hl. Abend von 09:00-12:00 und von 13:00-16:00 Uhr).<\/p>\n\n\n\n<figure class=\"wp-block-image size-full\"><img loading=\"lazy\" decoding=\"async\" width=\"974\" height=\"664\" src=\"https:\/\/blog.vida.at\/pensionisten\/wp-content\/uploads\/sites\/10\/2024\/09\/1fbb951510ce4cdf9da06d49205b081c.jpg\" alt=\"\" class=\"wp-image-9646\" srcset=\"https:\/\/blog.vida.at\/pensionisten\/wp-content\/uploads\/sites\/10\/2024\/09\/1fbb951510ce4cdf9da06d49205b081c.jpg 974w, https:\/\/blog.vida.at\/pensionisten\/wp-content\/uploads\/sites\/10\/2024\/09\/1fbb951510ce4cdf9da06d49205b081c-300x205.jpg 300w, https:\/\/blog.vida.at\/pensionisten\/wp-content\/uploads\/sites\/10\/2024\/09\/1fbb951510ce4cdf9da06d49205b081c-768x524.jpg 768w, https:\/\/blog.vida.at\/pensionisten\/wp-content\/uploads\/sites\/10\/2024\/09\/1fbb951510ce4cdf9da06d49205b081c-500x341.jpg 500w, https:\/\/blog.vida.at\/pensionisten\/wp-content\/uploads\/sites\/10\/2024\/09\/1fbb951510ce4cdf9da06d49205b081c-800x545.jpg 800w\" sizes=\"auto, (max-width: 974px) 100vw, 974px\" \/><\/figure>\n\n\n\n<p><em>Im Bild (v.l.n.r.): Werner Vlcek, Josef Gradwohl, die drei Jubilare Florian Gro\u00dfer, Franz Altrichter und Karl Raidl sowie Leopold Klein<\/em><\/p>\n\n\n\n<figure class=\"wp-block-image size-full\"><img loading=\"lazy\" decoding=\"async\" width=\"897\" height=\"796\" src=\"https:\/\/blog.vida.at\/pensionisten\/wp-content\/uploads\/sites\/10\/2024\/09\/3c5a8ab5138418f56e7436d6d484f80e.jpg\" alt=\"\" class=\"wp-image-9647\" srcset=\"https:\/\/blog.vida.at\/pensionisten\/wp-content\/uploads\/sites\/10\/2024\/09\/3c5a8ab5138418f56e7436d6d484f80e.jpg 897w, https:\/\/blog.vida.at\/pensionisten\/wp-content\/uploads\/sites\/10\/2024\/09\/3c5a8ab5138418f56e7436d6d484f80e-300x266.jpg 300w, https:\/\/blog.vida.at\/pensionisten\/wp-content\/uploads\/sites\/10\/2024\/09\/3c5a8ab5138418f56e7436d6d484f80e-768x682.jpg 768w, https:\/\/blog.vida.at\/pensionisten\/wp-content\/uploads\/sites\/10\/2024\/09\/3c5a8ab5138418f56e7436d6d484f80e-500x444.jpg 500w, https:\/\/blog.vida.at\/pensionisten\/wp-content\/uploads\/sites\/10\/2024\/09\/3c5a8ab5138418f56e7436d6d484f80e-800x710.jpg 800w\" sizes=\"auto, (max-width: 897px) 100vw, 897px\" \/><\/figure>\n\n\n\n<p><em>2. Bild: Leopold Klein am 1. Klasse-Sitz, flankiert von Josef Gradwohl und Werner Vlcek<\/em><\/p>\n\n\n\n<figure class=\"wp-block-gallery has-nested-images columns-default is-cropped wp-block-gallery-1 is-layout-flex wp-block-gallery-is-layout-flex\"><\/figure>\n\n\n\n<div class=\"wp-block-buttons is-content-justification-center is-layout-flex wp-container-core-buttons-is-layout-16018d1d wp-block-buttons-is-layout-flex\"><\/div>\n\n\n\n<div class=\"wp-block-buttons is-content-justification-center is-layout-flex wp-container-core-buttons-is-layout-16018d1d wp-block-buttons-is-layout-flex\"><\/div>\n\n\n\n<p><\/p>\n<\/div><\/div>\n\n\n\n<p><\/p>\n","protected":false},"excerpt":{"rendered":"<p>Das war die Mitgliederversammlung am 20. September 2024.<\/p>\n","protected":false},"author":8,"featured_media":9648,"comment_status":"open","ping_status":"open","sticky":false,"template":"","format":"standard","meta":{"_uag_custom_page_level_css":"","advgb_blocks_editor_width":"","advgb_blocks_columns_visual_guide":"","footnotes":""},"categories":[1,69,49],"tags":[],"Orte":[],"activitytype":[],"class_list":["post-9645","post","type-post","status-publish","format-standard","has-post-thumbnail","hentry","category-allgemein","category-og-goepfritz","category-ortsgruppen","entry"],"featured_image_urls":{"full":["https:\/\/blog.vida.at\/pensionisten\/wp-content\/uploads\/sites\/10\/2024\/09\/1fbb951510ce4cdf9da06d49205b081c-1.jpg",974,649,false],"thumbnail":["https:\/\/blog.vida.at\/pensionisten\/wp-content\/uploads\/sites\/10\/2024\/09\/1fbb951510ce4cdf9da06d49205b081c-1-150x150.jpg",150,150,true],"medium":["https:\/\/blog.vida.at\/pensionisten\/wp-content\/uploads\/sites\/10\/2024\/09\/1fbb951510ce4cdf9da06d49205b081c-1-300x200.jpg",300,200,true],"medium_large":["https:\/\/blog.vida.at\/pensionisten\/wp-content\/uploads\/sites\/10\/2024\/09\/1fbb951510ce4cdf9da06d49205b081c-1-768x512.jpg",640,427,true],"large":["https:\/\/blog.vida.at\/pensionisten\/wp-content\/uploads\/sites\/10\/2024\/09\/1fbb951510ce4cdf9da06d49205b081c-1.jpg",640,426,false],"1536x1536":["https:\/\/blog.vida.at\/pensionisten\/wp-content\/uploads\/sites\/10\/2024\/09\/1fbb951510ce4cdf9da06d49205b081c-1.jpg",974,649,false],"2048x2048":["https:\/\/blog.vida.at\/pensionisten\/wp-content\/uploads\/sites\/10\/2024\/09\/1fbb951510ce4cdf9da06d49205b081c-1.jpg",974,649,false],"ab-block-post-grid-landscape":["https:\/\/blog.vida.at\/pensionisten\/wp-content\/uploads\/sites\/10\/2024\/09\/1fbb951510ce4cdf9da06d49205b081c-1-600x400.jpg",600,400,true],"ab-block-post-grid-square":["https:\/\/blog.vida.at\/pensionisten\/wp-content\/uploads\/sites\/10\/2024\/09\/1fbb951510ce4cdf9da06d49205b081c-1-600x600.jpg",600,600,true],"post-thumbnail":["https:\/\/blog.vida.at\/pensionisten\/wp-content\/uploads\/sites\/10\/2024\/09\/1fbb951510ce4cdf9da06d49205b081c-1.jpg",974,649,false],"awb_sm":["https:\/\/blog.vida.at\/pensionisten\/wp-content\/uploads\/sites\/10\/2024\/09\/1fbb951510ce4cdf9da06d49205b081c-1-500x333.jpg",500,333,true],"awb_md":["https:\/\/blog.vida.at\/pensionisten\/wp-content\/uploads\/sites\/10\/2024\/09\/1fbb951510ce4cdf9da06d49205b081c-1-800x533.jpg",800,533,true],"awb_lg":["https:\/\/blog.vida.at\/pensionisten\/wp-content\/uploads\/sites\/10\/2024\/09\/1fbb951510ce4cdf9da06d49205b081c-1.jpg",974,649,false],"awb_xl":["https:\/\/blog.vida.at\/pensionisten\/wp-content\/uploads\/sites\/10\/2024\/09\/1fbb951510ce4cdf9da06d49205b081c-1.jpg",974,649,false]},"post_excerpt_stackable":"<p>Das war die Mitgliederversammlung am 20. September 2024. Am 20. September 2024 fand die Mitgliederversammlung der Ortsgruppe G\u00f6pfritz statt. Als Referent war der neue Vorsitzende der vida N\u00d6 Pensionist:innen, Josef Gradwohl, geladen. Er konnte zusammen mit dem Ortsgruppen-Vorsitzenden Leopold Klein drei Mitglieder f\u00fcr ihre 50-j\u00e4hrige Gewerkschaftsmitgliedschaft ehren. Leopold Klein wurde aus diesem Anlass zu seinem 70. Geburtstag ein Geschenk im Namen der vida \u00fcberreicht: Ein Original 1. Klasse-Sitz aus dem ehemaligen Transalpin (\u00d6BB-Baureihe 4010), der einen Ehrenplatz in dem von den Modellbahnfreunden G\u00f6pfritz betreuten Modellbahnhof G\u00f6pfritz im Dachgescho\u00df des Gemeindeamtes erhalten wird (\u00d6ffnungszeiten: Gegen Voranmeldung beim Gemeindeamt Tel. 02825\/8310 oder&hellip;<\/p>\n","category_list":"<a href=\"https:\/\/blog.vida.at\/pensionisten\/category\/allgemein\/\" rel=\"category tag\">Allgemein<\/a>, <a href=\"https:\/\/blog.vida.at\/pensionisten\/category\/ortsgruppen\/niederoesterreich\/og-goepfritz\/\" rel=\"category tag\">OG G\u00f6pfritz<\/a>, <a href=\"https:\/\/blog.vida.at\/pensionisten\/category\/ortsgruppen\/\" rel=\"category tag\">Ortsgruppen<\/a>","author_info":{"display_name":"mariontobola","author_link":"https:\/\/blog.vida.at\/pensionisten\/author\/mariontobola\/"},"comments_num":"0 comments","featured_image_urls_v2":{"full":["https:\/\/blog.vida.at\/pensionisten\/wp-content\/uploads\/sites\/10\/2024\/09\/1fbb951510ce4cdf9da06d49205b081c-1.jpg",974,649,false],"thumbnail":["https:\/\/blog.vida.at\/pensionisten\/wp-content\/uploads\/sites\/10\/2024\/09\/1fbb951510ce4cdf9da06d49205b081c-1-150x150.jpg",150,150,true],"medium":["https:\/\/blog.vida.at\/pensionisten\/wp-content\/uploads\/sites\/10\/2024\/09\/1fbb951510ce4cdf9da06d49205b081c-1-300x200.jpg",300,200,true],"medium_large":["https:\/\/blog.vida.at\/pensionisten\/wp-content\/uploads\/sites\/10\/2024\/09\/1fbb951510ce4cdf9da06d49205b081c-1-768x512.jpg",640,427,true],"large":["https:\/\/blog.vida.at\/pensionisten\/wp-content\/uploads\/sites\/10\/2024\/09\/1fbb951510ce4cdf9da06d49205b081c-1.jpg",640,426,false],"1536x1536":["https:\/\/blog.vida.at\/pensionisten\/wp-content\/uploads\/sites\/10\/2024\/09\/1fbb951510ce4cdf9da06d49205b081c-1.jpg",974,649,false],"2048x2048":["https:\/\/blog.vida.at\/pensionisten\/wp-content\/uploads\/sites\/10\/2024\/09\/1fbb951510ce4cdf9da06d49205b081c-1.jpg",974,649,false],"ab-block-post-grid-landscape":["https:\/\/blog.vida.at\/pensionisten\/wp-content\/uploads\/sites\/10\/2024\/09\/1fbb951510ce4cdf9da06d49205b081c-1-600x400.jpg",600,400,true],"ab-block-post-grid-square":["https:\/\/blog.vida.at\/pensionisten\/wp-content\/uploads\/sites\/10\/2024\/09\/1fbb951510ce4cdf9da06d49205b081c-1-600x600.jpg",600,600,true],"post-thumbnail":["https:\/\/blog.vida.at\/pensionisten\/wp-content\/uploads\/sites\/10\/2024\/09\/1fbb951510ce4cdf9da06d49205b081c-1.jpg",974,649,false],"awb_sm":["https:\/\/blog.vida.at\/pensionisten\/wp-content\/uploads\/sites\/10\/2024\/09\/1fbb951510ce4cdf9da06d49205b081c-1-500x333.jpg",500,333,true],"awb_md":["https:\/\/blog.vida.at\/pensionisten\/wp-content\/uploads\/sites\/10\/2024\/09\/1fbb951510ce4cdf9da06d49205b081c-1-800x533.jpg",800,533,true],"awb_lg":["https:\/\/blog.vida.at\/pensionisten\/wp-content\/uploads\/sites\/10\/2024\/09\/1fbb951510ce4cdf9da06d49205b081c-1.jpg",974,649,false],"awb_xl":["https:\/\/blog.vida.at\/pensionisten\/wp-content\/uploads\/sites\/10\/2024\/09\/1fbb951510ce4cdf9da06d49205b081c-1.jpg",974,649,false]},"post_excerpt_stackable_v2":"<p>Das war die Mitgliederversammlung am 20. September 2024. Am 20. September 2024 fand die Mitgliederversammlung der Ortsgruppe G\u00f6pfritz statt. Als Referent war der neue Vorsitzende der vida N\u00d6 Pensionist:innen, Josef Gradwohl, geladen. Er konnte zusammen mit dem Ortsgruppen-Vorsitzenden Leopold Klein drei Mitglieder f\u00fcr ihre 50-j\u00e4hrige Gewerkschaftsmitgliedschaft ehren. Leopold Klein wurde aus diesem Anlass zu seinem 70. Geburtstag ein Geschenk im Namen der vida \u00fcberreicht: Ein Original 1. Klasse-Sitz aus dem ehemaligen Transalpin (\u00d6BB-Baureihe 4010), der einen Ehrenplatz in dem von den Modellbahnfreunden G\u00f6pfritz betreuten Modellbahnhof G\u00f6pfritz im Dachgescho\u00df des Gemeindeamtes erhalten wird (\u00d6ffnungszeiten: Gegen Voranmeldung beim Gemeindeamt Tel. 02825\/8310 oder&hellip;<\/p>\n","category_list_v2":"<a href=\"https:\/\/blog.vida.at\/pensionisten\/category\/allgemein\/\" rel=\"category tag\">Allgemein<\/a>, <a href=\"https:\/\/blog.vida.at\/pensionisten\/category\/ortsgruppen\/niederoesterreich\/og-goepfritz\/\" rel=\"category tag\">OG G\u00f6pfritz<\/a>, <a href=\"https:\/\/blog.vida.at\/pensionisten\/category\/ortsgruppen\/\" rel=\"category tag\">Ortsgruppen<\/a>","author_info_v2":{"name":"mariontobola","url":"https:\/\/blog.vida.at\/pensionisten\/author\/mariontobola\/"},"comments_num_v2":"0 comments","yoast_head":"<!-- This site is optimized with the Yoast SEO plugin v27.3 - https:\/\/yoast.com\/product\/yoast-seo-wordpress\/ -->\n<title>OG G\u00f6pfritz<\/title>\n<meta name=\"robots\" content=\"index, follow, max-snippet:-1, max-image-preview:large, max-video-preview:-1\" \/>\n<link rel=\"canonical\" href=\"https:\/\/blog.vida.at\/pensionisten\/2024\/09\/26\/og-goepfritz-2\/\" \/>\n<meta property=\"og:locale\" content=\"de_DE\" \/>\n<meta property=\"og:type\" content=\"article\" \/>\n<meta property=\"og:title\" content=\"OG G\u00f6pfritz\" \/>\n<meta property=\"og:description\" content=\"Das war die Mitgliederversammlung am 20. September 2024.\" \/>\n<meta property=\"og:url\" content=\"https:\/\/blog.vida.at\/pensionisten\/2024\/09\/26\/og-goepfritz-2\/\" \/>\n<meta property=\"og:site_name\" content=\"vida Pensionisten\" \/>\n<meta property=\"article:published_time\" content=\"2024-09-26T14:11:27+00:00\" \/>\n<meta property=\"article:modified_time\" content=\"2024-09-26T14:12:19+00:00\" \/>\n<meta property=\"og:image\" content=\"https:\/\/blog.vida.at\/pensionisten\/wp-content\/uploads\/sites\/10\/2024\/09\/1fbb951510ce4cdf9da06d49205b081c-1.jpg\" \/>\n\t<meta property=\"og:image:width\" content=\"974\" \/>\n\t<meta property=\"og:image:height\" content=\"649\" \/>\n\t<meta property=\"og:image:type\" content=\"image\/jpeg\" \/>\n<meta name=\"author\" content=\"mariontobola\" \/>\n<meta name=\"twitter:card\" content=\"summary_large_image\" \/>\n<meta name=\"twitter:label1\" content=\"Verfasst von\" \/>\n\t<meta name=\"twitter:data1\" content=\"mariontobola\" \/>\n\t<meta name=\"twitter:label2\" content=\"Gesch\u00e4tzte Lesezeit\" \/>\n\t<meta name=\"twitter:data2\" content=\"2\u00a0Minuten\" \/>\n<script type=\"application\/ld+json\" class=\"yoast-schema-graph\">{\"@context\":\"https:\\\/\\\/schema.org\",\"@graph\":[{\"@type\":\"Article\",\"@id\":\"https:\\\/\\\/blog.vida.at\\\/pensionisten\\\/2024\\\/09\\\/26\\\/og-goepfritz-2\\\/#article\",\"isPartOf\":{\"@id\":\"https:\\\/\\\/blog.vida.at\\\/pensionisten\\\/2024\\\/09\\\/26\\\/og-goepfritz-2\\\/\"},\"author\":{\"name\":\"mariontobola\",\"@id\":\"https:\\\/\\\/blog.vida.at\\\/pensionisten\\\/#\\\/schema\\\/person\\\/88cee3ee93b9afdc51c92f5f63f38b8a\"},\"headline\":\"OG G\u00f6pfritz\",\"datePublished\":\"2024-09-26T14:11:27+00:00\",\"dateModified\":\"2024-09-26T14:12:19+00:00\",\"mainEntityOfPage\":{\"@id\":\"https:\\\/\\\/blog.vida.at\\\/pensionisten\\\/2024\\\/09\\\/26\\\/og-goepfritz-2\\\/\"},\"wordCount\":146,\"commentCount\":0,\"image\":{\"@id\":\"https:\\\/\\\/blog.vida.at\\\/pensionisten\\\/2024\\\/09\\\/26\\\/og-goepfritz-2\\\/#primaryimage\"},\"thumbnailUrl\":\"https:\\\/\\\/blog.vida.at\\\/pensionisten\\\/wp-content\\\/uploads\\\/sites\\\/10\\\/2024\\\/09\\\/1fbb951510ce4cdf9da06d49205b081c-1.jpg\",\"articleSection\":{\"1\":\"OG G\u00f6pfritz\",\"2\":\"Ortsgruppen\"},\"inLanguage\":\"de\",\"potentialAction\":[{\"@type\":\"CommentAction\",\"name\":\"Comment\",\"target\":[\"https:\\\/\\\/blog.vida.at\\\/pensionisten\\\/2024\\\/09\\\/26\\\/og-goepfritz-2\\\/#respond\"]}]},{\"@type\":\"WebPage\",\"@id\":\"https:\\\/\\\/blog.vida.at\\\/pensionisten\\\/2024\\\/09\\\/26\\\/og-goepfritz-2\\\/\",\"url\":\"https:\\\/\\\/blog.vida.at\\\/pensionisten\\\/2024\\\/09\\\/26\\\/og-goepfritz-2\\\/\",\"name\":\"OG G\u00f6pfritz\",\"isPartOf\":{\"@id\":\"https:\\\/\\\/blog.vida.at\\\/pensionisten\\\/#website\"},\"primaryImageOfPage\":{\"@id\":\"https:\\\/\\\/blog.vida.at\\\/pensionisten\\\/2024\\\/09\\\/26\\\/og-goepfritz-2\\\/#primaryimage\"},\"image\":{\"@id\":\"https:\\\/\\\/blog.vida.at\\\/pensionisten\\\/2024\\\/09\\\/26\\\/og-goepfritz-2\\\/#primaryimage\"},\"thumbnailUrl\":\"https:\\\/\\\/blog.vida.at\\\/pensionisten\\\/wp-content\\\/uploads\\\/sites\\\/10\\\/2024\\\/09\\\/1fbb951510ce4cdf9da06d49205b081c-1.jpg\",\"datePublished\":\"2024-09-26T14:11:27+00:00\",\"dateModified\":\"2024-09-26T14:12:19+00:00\",\"author\":{\"@id\":\"https:\\\/\\\/blog.vida.at\\\/pensionisten\\\/#\\\/schema\\\/person\\\/88cee3ee93b9afdc51c92f5f63f38b8a\"},\"breadcrumb\":{\"@id\":\"https:\\\/\\\/blog.vida.at\\\/pensionisten\\\/2024\\\/09\\\/26\\\/og-goepfritz-2\\\/#breadcrumb\"},\"inLanguage\":\"de\",\"potentialAction\":[{\"@type\":\"ReadAction\",\"target\":[\"https:\\\/\\\/blog.vida.at\\\/pensionisten\\\/2024\\\/09\\\/26\\\/og-goepfritz-2\\\/\"]}]},{\"@type\":\"ImageObject\",\"inLanguage\":\"de\",\"@id\":\"https:\\\/\\\/blog.vida.at\\\/pensionisten\\\/2024\\\/09\\\/26\\\/og-goepfritz-2\\\/#primaryimage\",\"url\":\"https:\\\/\\\/blog.vida.at\\\/pensionisten\\\/wp-content\\\/uploads\\\/sites\\\/10\\\/2024\\\/09\\\/1fbb951510ce4cdf9da06d49205b081c-1.jpg\",\"contentUrl\":\"https:\\\/\\\/blog.vida.at\\\/pensionisten\\\/wp-content\\\/uploads\\\/sites\\\/10\\\/2024\\\/09\\\/1fbb951510ce4cdf9da06d49205b081c-1.jpg\",\"width\":974,\"height\":649},{\"@type\":\"BreadcrumbList\",\"@id\":\"https:\\\/\\\/blog.vida.at\\\/pensionisten\\\/2024\\\/09\\\/26\\\/og-goepfritz-2\\\/#breadcrumb\",\"itemListElement\":[{\"@type\":\"ListItem\",\"position\":1,\"name\":\"Startseite\",\"item\":\"https:\\\/\\\/blog.vida.at\\\/pensionisten\\\/\"},{\"@type\":\"ListItem\",\"position\":2,\"name\":\"OG G\u00f6pfritz\"}]},{\"@type\":\"WebSite\",\"@id\":\"https:\\\/\\\/blog.vida.at\\\/pensionisten\\\/#website\",\"url\":\"https:\\\/\\\/blog.vida.at\\\/pensionisten\\\/\",\"name\":\"vida Pensionisten\",\"description\":\"\",\"potentialAction\":[{\"@type\":\"SearchAction\",\"target\":{\"@type\":\"EntryPoint\",\"urlTemplate\":\"https:\\\/\\\/blog.vida.at\\\/pensionisten\\\/?s={search_term_string}\"},\"query-input\":{\"@type\":\"PropertyValueSpecification\",\"valueRequired\":true,\"valueName\":\"search_term_string\"}}],\"inLanguage\":\"de\"},{\"@type\":\"Person\",\"@id\":\"https:\\\/\\\/blog.vida.at\\\/pensionisten\\\/#\\\/schema\\\/person\\\/88cee3ee93b9afdc51c92f5f63f38b8a\",\"name\":\"mariontobola\",\"image\":{\"@type\":\"ImageObject\",\"inLanguage\":\"de\",\"@id\":\"https:\\\/\\\/secure.gravatar.com\\\/avatar\\\/5d2c516985e4eda61bca05bd3b4359b4358135bd1e1a5b08c539e9cd1edd6528?s=96&d=mm&r=g\",\"url\":\"https:\\\/\\\/secure.gravatar.com\\\/avatar\\\/5d2c516985e4eda61bca05bd3b4359b4358135bd1e1a5b08c539e9cd1edd6528?s=96&d=mm&r=g\",\"contentUrl\":\"https:\\\/\\\/secure.gravatar.com\\\/avatar\\\/5d2c516985e4eda61bca05bd3b4359b4358135bd1e1a5b08c539e9cd1edd6528?s=96&d=mm&r=g\",\"caption\":\"mariontobola\"},\"url\":\"https:\\\/\\\/blog.vida.at\\\/pensionisten\\\/author\\\/mariontobola\\\/\"}]}<\/script>\n<!-- \/ Yoast SEO plugin. -->","yoast_head_json":{"title":"OG G\u00f6pfritz","robots":{"index":"index","follow":"follow","max-snippet":"max-snippet:-1","max-image-preview":"max-image-preview:large","max-video-preview":"max-video-preview:-1"},"canonical":"https:\/\/blog.vida.at\/pensionisten\/2024\/09\/26\/og-goepfritz-2\/","og_locale":"de_DE","og_type":"article","og_title":"OG G\u00f6pfritz","og_description":"Das war die Mitgliederversammlung am 20. September 2024.","og_url":"https:\/\/blog.vida.at\/pensionisten\/2024\/09\/26\/og-goepfritz-2\/","og_site_name":"vida Pensionisten","article_published_time":"2024-09-26T14:11:27+00:00","article_modified_time":"2024-09-26T14:12:19+00:00","og_image":[{"width":974,"height":649,"url":"https:\/\/blog.vida.at\/pensionisten\/wp-content\/uploads\/sites\/10\/2024\/09\/1fbb951510ce4cdf9da06d49205b081c-1.jpg","type":"image\/jpeg"}],"author":"mariontobola","twitter_card":"summary_large_image","twitter_misc":{"Verfasst von":"mariontobola","Gesch\u00e4tzte Lesezeit":"2\u00a0Minuten"},"schema":{"@context":"https:\/\/schema.org","@graph":[{"@type":"Article","@id":"https:\/\/blog.vida.at\/pensionisten\/2024\/09\/26\/og-goepfritz-2\/#article","isPartOf":{"@id":"https:\/\/blog.vida.at\/pensionisten\/2024\/09\/26\/og-goepfritz-2\/"},"author":{"name":"mariontobola","@id":"https:\/\/blog.vida.at\/pensionisten\/#\/schema\/person\/88cee3ee93b9afdc51c92f5f63f38b8a"},"headline":"OG G\u00f6pfritz","datePublished":"2024-09-26T14:11:27+00:00","dateModified":"2024-09-26T14:12:19+00:00","mainEntityOfPage":{"@id":"https:\/\/blog.vida.at\/pensionisten\/2024\/09\/26\/og-goepfritz-2\/"},"wordCount":146,"commentCount":0,"image":{"@id":"https:\/\/blog.vida.at\/pensionisten\/2024\/09\/26\/og-goepfritz-2\/#primaryimage"},"thumbnailUrl":"https:\/\/blog.vida.at\/pensionisten\/wp-content\/uploads\/sites\/10\/2024\/09\/1fbb951510ce4cdf9da06d49205b081c-1.jpg","articleSection":{"1":"OG G\u00f6pfritz","2":"Ortsgruppen"},"inLanguage":"de","potentialAction":[{"@type":"CommentAction","name":"Comment","target":["https:\/\/blog.vida.at\/pensionisten\/2024\/09\/26\/og-goepfritz-2\/#respond"]}]},{"@type":"WebPage","@id":"https:\/\/blog.vida.at\/pensionisten\/2024\/09\/26\/og-goepfritz-2\/","url":"https:\/\/blog.vida.at\/pensionisten\/2024\/09\/26\/og-goepfritz-2\/","name":"OG G\u00f6pfritz","isPartOf":{"@id":"https:\/\/blog.vida.at\/pensionisten\/#website"},"primaryImageOfPage":{"@id":"https:\/\/blog.vida.at\/pensionisten\/2024\/09\/26\/og-goepfritz-2\/#primaryimage"},"image":{"@id":"https:\/\/blog.vida.at\/pensionisten\/2024\/09\/26\/og-goepfritz-2\/#primaryimage"},"thumbnailUrl":"https:\/\/blog.vida.at\/pensionisten\/wp-content\/uploads\/sites\/10\/2024\/09\/1fbb951510ce4cdf9da06d49205b081c-1.jpg","datePublished":"2024-09-26T14:11:27+00:00","dateModified":"2024-09-26T14:12:19+00:00","author":{"@id":"https:\/\/blog.vida.at\/pensionisten\/#\/schema\/person\/88cee3ee93b9afdc51c92f5f63f38b8a"},"breadcrumb":{"@id":"https:\/\/blog.vida.at\/pensionisten\/2024\/09\/26\/og-goepfritz-2\/#breadcrumb"},"inLanguage":"de","potentialAction":[{"@type":"ReadAction","target":["https:\/\/blog.vida.at\/pensionisten\/2024\/09\/26\/og-goepfritz-2\/"]}]},{"@type":"ImageObject","inLanguage":"de","@id":"https:\/\/blog.vida.at\/pensionisten\/2024\/09\/26\/og-goepfritz-2\/#primaryimage","url":"https:\/\/blog.vida.at\/pensionisten\/wp-content\/uploads\/sites\/10\/2024\/09\/1fbb951510ce4cdf9da06d49205b081c-1.jpg","contentUrl":"https:\/\/blog.vida.at\/pensionisten\/wp-content\/uploads\/sites\/10\/2024\/09\/1fbb951510ce4cdf9da06d49205b081c-1.jpg","width":974,"height":649},{"@type":"BreadcrumbList","@id":"https:\/\/blog.vida.at\/pensionisten\/2024\/09\/26\/og-goepfritz-2\/#breadcrumb","itemListElement":[{"@type":"ListItem","position":1,"name":"Startseite","item":"https:\/\/blog.vida.at\/pensionisten\/"},{"@type":"ListItem","position":2,"name":"OG G\u00f6pfritz"}]},{"@type":"WebSite","@id":"https:\/\/blog.vida.at\/pensionisten\/#website","url":"https:\/\/blog.vida.at\/pensionisten\/","name":"vida Pensionisten","description":"","potentialAction":[{"@type":"SearchAction","target":{"@type":"EntryPoint","urlTemplate":"https:\/\/blog.vida.at\/pensionisten\/?s={search_term_string}"},"query-input":{"@type":"PropertyValueSpecification","valueRequired":true,"valueName":"search_term_string"}}],"inLanguage":"de"},{"@type":"Person","@id":"https:\/\/blog.vida.at\/pensionisten\/#\/schema\/person\/88cee3ee93b9afdc51c92f5f63f38b8a","name":"mariontobola","image":{"@type":"ImageObject","inLanguage":"de","@id":"https:\/\/secure.gravatar.com\/avatar\/5d2c516985e4eda61bca05bd3b4359b4358135bd1e1a5b08c539e9cd1edd6528?s=96&d=mm&r=g","url":"https:\/\/secure.gravatar.com\/avatar\/5d2c516985e4eda61bca05bd3b4359b4358135bd1e1a5b08c539e9cd1edd6528?s=96&d=mm&r=g","contentUrl":"https:\/\/secure.gravatar.com\/avatar\/5d2c516985e4eda61bca05bd3b4359b4358135bd1e1a5b08c539e9cd1edd6528?s=96&d=mm&r=g","caption":"mariontobola"},"url":"https:\/\/blog.vida.at\/pensionisten\/author\/mariontobola\/"}]}},"author_meta":{"display_name":"mariontobola","author_link":"https:\/\/blog.vida.at\/pensionisten\/author\/mariontobola\/"},"featured_img":"https:\/\/blog.vida.at\/pensionisten\/wp-content\/uploads\/sites\/10\/2024\/09\/1fbb951510ce4cdf9da06d49205b081c-1-300x200.jpg","featured_image_src":"https:\/\/blog.vida.at\/pensionisten\/wp-content\/uploads\/sites\/10\/2024\/09\/1fbb951510ce4cdf9da06d49205b081c-1-600x400.jpg","featured_image_src_square":"https:\/\/blog.vida.at\/pensionisten\/wp-content\/uploads\/sites\/10\/2024\/09\/1fbb951510ce4cdf9da06d49205b081c-1-600x600.jpg","uagb_featured_image_src":{"full":["https:\/\/blog.vida.at\/pensionisten\/wp-content\/uploads\/sites\/10\/2024\/09\/1fbb951510ce4cdf9da06d49205b081c-1.jpg",974,649,false],"thumbnail":["https:\/\/blog.vida.at\/pensionisten\/wp-content\/uploads\/sites\/10\/2024\/09\/1fbb951510ce4cdf9da06d49205b081c-1-150x150.jpg",150,150,true],"medium":["https:\/\/blog.vida.at\/pensionisten\/wp-content\/uploads\/sites\/10\/2024\/09\/1fbb951510ce4cdf9da06d49205b081c-1-300x200.jpg",300,200,true],"medium_large":["https:\/\/blog.vida.at\/pensionisten\/wp-content\/uploads\/sites\/10\/2024\/09\/1fbb951510ce4cdf9da06d49205b081c-1-768x512.jpg",640,427,true],"large":["https:\/\/blog.vida.at\/pensionisten\/wp-content\/uploads\/sites\/10\/2024\/09\/1fbb951510ce4cdf9da06d49205b081c-1.jpg",640,426,false],"1536x1536":["https:\/\/blog.vida.at\/pensionisten\/wp-content\/uploads\/sites\/10\/2024\/09\/1fbb951510ce4cdf9da06d49205b081c-1.jpg",974,649,false],"2048x2048":["https:\/\/blog.vida.at\/pensionisten\/wp-content\/uploads\/sites\/10\/2024\/09\/1fbb951510ce4cdf9da06d49205b081c-1.jpg",974,649,false],"ab-block-post-grid-landscape":["https:\/\/blog.vida.at\/pensionisten\/wp-content\/uploads\/sites\/10\/2024\/09\/1fbb951510ce4cdf9da06d49205b081c-1-600x400.jpg",600,400,true],"ab-block-post-grid-square":["https:\/\/blog.vida.at\/pensionisten\/wp-content\/uploads\/sites\/10\/2024\/09\/1fbb951510ce4cdf9da06d49205b081c-1-600x600.jpg",600,600,true],"post-thumbnail":["https:\/\/blog.vida.at\/pensionisten\/wp-content\/uploads\/sites\/10\/2024\/09\/1fbb951510ce4cdf9da06d49205b081c-1.jpg",974,649,false],"awb_sm":["https:\/\/blog.vida.at\/pensionisten\/wp-content\/uploads\/sites\/10\/2024\/09\/1fbb951510ce4cdf9da06d49205b081c-1-500x333.jpg",500,333,true],"awb_md":["https:\/\/blog.vida.at\/pensionisten\/wp-content\/uploads\/sites\/10\/2024\/09\/1fbb951510ce4cdf9da06d49205b081c-1-800x533.jpg",800,533,true],"awb_lg":["https:\/\/blog.vida.at\/pensionisten\/wp-content\/uploads\/sites\/10\/2024\/09\/1fbb951510ce4cdf9da06d49205b081c-1.jpg",974,649,false],"awb_xl":["https:\/\/blog.vida.at\/pensionisten\/wp-content\/uploads\/sites\/10\/2024\/09\/1fbb951510ce4cdf9da06d49205b081c-1.jpg",974,649,false]},"uagb_author_info":{"display_name":"mariontobola","author_link":"https:\/\/blog.vida.at\/pensionisten\/author\/mariontobola\/"},"uagb_comment_info":0,"uagb_excerpt":"Das war die Mitgliederversammlung am 20. September 2024.","coauthors":[],"tax_additional":{"categories":{"linked":["<a href=\"https:\/\/blog.vida.at\/pensionisten\/category\/allgemein\/\" class=\"advgb-post-tax-term\">Allgemein<\/a>","<a href=\"https:\/\/blog.vida.at\/pensionisten\/category\/ortsgruppen\/niederoesterreich\/og-goepfritz\/\" class=\"advgb-post-tax-term\">OG G\u00f6pfritz<\/a>","<a href=\"https:\/\/blog.vida.at\/pensionisten\/category\/ortsgruppen\/\" class=\"advgb-post-tax-term\">Ortsgruppen<\/a>"],"unlinked":["<span class=\"advgb-post-tax-term\">Allgemein<\/span>","<span class=\"advgb-post-tax-term\">OG G\u00f6pfritz<\/span>","<span class=\"advgb-post-tax-term\">Ortsgruppen<\/span>"]}},"comment_count":"0","relative_dates":{"created":"Ver\u00f6ffentlicht 2\u00a0Jahren vor","modified":"Aktualisiert 2\u00a0Jahren vor"},"absolute_dates":{"created":"Ver\u00f6ffentlicht am 26. September 2024","modified":"Aktualisiert am 26. September 2024"},"absolute_dates_time":{"created":"Ver\u00f6ffentlicht am 26. September 2024 16:11","modified":"Aktualisiert am 26. September 2024 16:12"},"featured_img_caption":"","series_order":"","_links":{"self":[{"href":"https:\/\/blog.vida.at\/pensionisten\/wp-json\/wp\/v2\/posts\/9645","targetHints":{"allow":["GET"]}}],"collection":[{"href":"https:\/\/blog.vida.at\/pensionisten\/wp-json\/wp\/v2\/posts"}],"about":[{"href":"https:\/\/blog.vida.at\/pensionisten\/wp-json\/wp\/v2\/types\/post"}],"author":[{"embeddable":true,"href":"https:\/\/blog.vida.at\/pensionisten\/wp-json\/wp\/v2\/users\/8"}],"replies":[{"embeddable":true,"href":"https:\/\/blog.vida.at\/pensionisten\/wp-json\/wp\/v2\/comments?post=9645"}],"version-history":[{"count":2,"href":"https:\/\/blog.vida.at\/pensionisten\/wp-json\/wp\/v2\/posts\/9645\/revisions"}],"predecessor-version":[{"id":9650,"href":"https:\/\/blog.vida.at\/pensionisten\/wp-json\/wp\/v2\/posts\/9645\/revisions\/9650"}],"wp:featuredmedia":[{"embeddable":true,"href":"https:\/\/blog.vida.at\/pensionisten\/wp-json\/wp\/v2\/media\/9648"}],"wp:attachment":[{"href":"https:\/\/blog.vida.at\/pensionisten\/wp-json\/wp\/v2\/media?parent=9645"}],"wp:term":[{"taxonomy":"category","embeddable":true,"href":"https:\/\/blog.vida.at\/pensionisten\/wp-json\/wp\/v2\/categories?post=9645"},{"taxonomy":"post_tag","embeddable":true,"href":"https:\/\/blog.vida.at\/pensionisten\/wp-json\/wp\/v2\/tags?post=9645"},{"taxonomy":"Orte","embeddable":true,"href":"https:\/\/blog.vida.at\/pensionisten\/wp-json\/wp\/v2\/Orte?post=9645"},{"taxonomy":"activitytype","embeddable":true,"href":"https:\/\/blog.vida.at\/pensionisten\/wp-json\/wp\/v2\/activitytype?post=9645"}],"curies":[{"name":"wp","href":"https:\/\/api.w.org\/{rel}","templated":true}]}}