
{"id":9775,"date":"2024-11-05T15:35:36","date_gmt":"2024-11-05T14:35:36","guid":{"rendered":"https:\/\/blog.vida.at\/pensionisten\/?p=9775"},"modified":"2024-11-05T15:37:38","modified_gmt":"2024-11-05T14:37:38","slug":"sicherheit-fuer-seniorinnen","status":"publish","type":"post","link":"https:\/\/blog.vida.at\/pensionisten\/2024\/11\/05\/sicherheit-fuer-seniorinnen\/","title":{"rendered":"Sicherheit f\u00fcr Senior:innen"},"content":{"rendered":"\n<div class=\"wp-block-group Container\"><div class=\"wp-block-group__inner-container is-layout-flow wp-block-group-is-layout-flow\">\n<h4 class=\"wp-block-heading\">Die vida-Ortsgruppen Innsbruck und Hall luden zu einer Info-Veranstaltung ein. <\/h4>\n\n\n\n<br>\n\n\n\n<p><\/p>\n\n\n\n<!--more-->\n\n\n\n<p>Der <strong>Pensionistenvorsitzende der vida-Ortsgruppe Innsbruck, Bernhard Winterle<\/strong>, und der <strong>Pensionistenvorsitzende der vida-Ortsgruppe Hall, Erich Gritsch<\/strong>, konnten bei der <strong>Informationsveranstaltung \u201eSicherheit f\u00fcr Senior:innen\u201c<\/strong> im \u00d6GB Saal den <strong>Chefinspektor Hans Peter Seewald <\/strong>und seinen Kollegen <strong>Clemens Lukasser <\/strong>begr\u00fc\u00dfen. Besondere G\u00e4ste waren von der <strong>\u00d6BV<\/strong> der <strong>Landesdirektor Harald Klotz<\/strong> und sein <strong>Vertriebsleiter Manfred Binder<\/strong>.<\/p>\n\n\n\n<p>Die vida-Mitglieder wurden von der <strong>Pr\u00e4ventionsgruppe des Landespolizeikommandos Tirol<\/strong> unter der Leitung vom Vortragenden Chefinspektor Hans Peter Seewald \u00fcber die <strong>Ma\u00dfnahmen f\u00fcr eine Vorgangsweise ohne b\u00f6se \u00dcberraschungen<\/strong> aufgekl\u00e4rt.<\/p>\n\n\n\n<p>Die interessierten Zuh\u00f6rer:innen wurden auf <strong>informative Internetseiten<\/strong> verwiesen, um wichtige Informationen zu erhalten.<\/p>\n\n\n\n<p><a href=\"http:\/\/www.digitaleseniorinnen.at\">www.digitaleseniorinnen.a<\/a><a href=\"http:\/\/www.digitaleseniorinnen.at\" target=\"_blank\" rel=\"noreferrer noopener\">t<\/a><\/p>\n\n\n\n<p><a href=\"http:\/\/www.ombudsstelle.at\" target=\"_blank\" rel=\"noreferrer noopener\">www.ombudsstelle.at<\/a><\/p>\n\n\n\n<p><a href=\"http:\/\/www.saferinternet.at\" target=\"_blank\" rel=\"noreferrer noopener\">www.saferinternet.at<\/a><\/p>\n\n\n\n<p><a href=\"http:\/\/www.watchlist-internet.at\" target=\"_blank\" rel=\"noreferrer noopener\">www.watchlist-internet.at<\/a><\/p>\n\n\n\n<p>Die beiden Pensionistenvorsitzenden f\u00fchrten zum Schluss eine <strong>Tombola<\/strong> durch, bei der <strong>attraktive Gewinne<\/strong> von der Polizei und der \u00d6BV an die Teilnehmer:innen der Informationsveranstaltung \u00fcberreicht wurden.<\/p>\n\n\n\n<figure class=\"wp-block-gallery has-nested-images columns-default is-cropped wp-block-gallery-1 is-layout-flex wp-block-gallery-is-layout-flex\">\n<figure class=\"wp-block-image size-large\"><img loading=\"lazy\" decoding=\"async\" width=\"1024\" height=\"803\" data-id=\"9778\" src=\"https:\/\/blog.vida.at\/pensionisten\/wp-content\/uploads\/sites\/10\/2024\/11\/PHOTO-2024-10-02-09-40-12-002-1024x803.jpg\" alt=\"\" class=\"wp-image-9778\" srcset=\"https:\/\/blog.vida.at\/pensionisten\/wp-content\/uploads\/sites\/10\/2024\/11\/PHOTO-2024-10-02-09-40-12-002-1024x803.jpg 1024w, https:\/\/blog.vida.at\/pensionisten\/wp-content\/uploads\/sites\/10\/2024\/11\/PHOTO-2024-10-02-09-40-12-002-300x235.jpg 300w, https:\/\/blog.vida.at\/pensionisten\/wp-content\/uploads\/sites\/10\/2024\/11\/PHOTO-2024-10-02-09-40-12-002-768x602.jpg 768w, https:\/\/blog.vida.at\/pensionisten\/wp-content\/uploads\/sites\/10\/2024\/11\/PHOTO-2024-10-02-09-40-12-002-500x392.jpg 500w, https:\/\/blog.vida.at\/pensionisten\/wp-content\/uploads\/sites\/10\/2024\/11\/PHOTO-2024-10-02-09-40-12-002-800x627.jpg 800w, https:\/\/blog.vida.at\/pensionisten\/wp-content\/uploads\/sites\/10\/2024\/11\/PHOTO-2024-10-02-09-40-12-002.jpg 1200w\" sizes=\"auto, (max-width: 1024px) 100vw, 1024px\" \/><\/figure>\n\n\n\n<figure class=\"wp-block-image size-large\"><img loading=\"lazy\" decoding=\"async\" width=\"1024\" height=\"561\" data-id=\"9777\" src=\"https:\/\/blog.vida.at\/pensionisten\/wp-content\/uploads\/sites\/10\/2024\/11\/PHOTO-2024-10-02-09-40-13-002-1024x561.jpg\" alt=\"\" class=\"wp-image-9777\" srcset=\"https:\/\/blog.vida.at\/pensionisten\/wp-content\/uploads\/sites\/10\/2024\/11\/PHOTO-2024-10-02-09-40-13-002-1024x561.jpg 1024w, https:\/\/blog.vida.at\/pensionisten\/wp-content\/uploads\/sites\/10\/2024\/11\/PHOTO-2024-10-02-09-40-13-002-300x164.jpg 300w, https:\/\/blog.vida.at\/pensionisten\/wp-content\/uploads\/sites\/10\/2024\/11\/PHOTO-2024-10-02-09-40-13-002-768x421.jpg 768w, https:\/\/blog.vida.at\/pensionisten\/wp-content\/uploads\/sites\/10\/2024\/11\/PHOTO-2024-10-02-09-40-13-002-500x274.jpg 500w, https:\/\/blog.vida.at\/pensionisten\/wp-content\/uploads\/sites\/10\/2024\/11\/PHOTO-2024-10-02-09-40-13-002-800x438.jpg 800w, https:\/\/blog.vida.at\/pensionisten\/wp-content\/uploads\/sites\/10\/2024\/11\/PHOTO-2024-10-02-09-40-13-002.jpg 1092w\" sizes=\"auto, (max-width: 1024px) 100vw, 1024px\" \/><\/figure>\n\n\n\n<figure class=\"wp-block-image size-large\"><img loading=\"lazy\" decoding=\"async\" width=\"1024\" height=\"945\" data-id=\"9779\" src=\"https:\/\/blog.vida.at\/pensionisten\/wp-content\/uploads\/sites\/10\/2024\/11\/Tombola-1024x945.jpg\" alt=\"\" class=\"wp-image-9779\" srcset=\"https:\/\/blog.vida.at\/pensionisten\/wp-content\/uploads\/sites\/10\/2024\/11\/Tombola-1024x945.jpg 1024w, https:\/\/blog.vida.at\/pensionisten\/wp-content\/uploads\/sites\/10\/2024\/11\/Tombola-300x277.jpg 300w, https:\/\/blog.vida.at\/pensionisten\/wp-content\/uploads\/sites\/10\/2024\/11\/Tombola-768x709.jpg 768w, https:\/\/blog.vida.at\/pensionisten\/wp-content\/uploads\/sites\/10\/2024\/11\/Tombola-500x462.jpg 500w, https:\/\/blog.vida.at\/pensionisten\/wp-content\/uploads\/sites\/10\/2024\/11\/Tombola-800x739.jpg 800w, https:\/\/blog.vida.at\/pensionisten\/wp-content\/uploads\/sites\/10\/2024\/11\/Tombola.jpg 1200w\" sizes=\"auto, (max-width: 1024px) 100vw, 1024px\" \/><\/figure>\n<\/figure>\n<\/div><\/div>\n","protected":false},"excerpt":{"rendered":"<p>Die vida-Ortsgruppen Innsbruck und Hall luden zu einer Info-Veranstaltung ein.<\/p>\n","protected":false},"author":8,"featured_media":9776,"comment_status":"open","ping_status":"open","sticky":false,"template":"","format":"standard","meta":{"_uag_custom_page_level_css":"","advgb_blocks_editor_width":"","advgb_blocks_columns_visual_guide":"","footnotes":""},"categories":[1,49,58],"tags":[],"Orte":[],"activitytype":[],"class_list":["post-9775","post","type-post","status-publish","format-standard","has-post-thumbnail","hentry","category-allgemein","category-ortsgruppen","category-tirol","entry"],"featured_image_urls":{"full":["https:\/\/blog.vida.at\/pensionisten\/wp-content\/uploads\/sites\/10\/2024\/11\/PHOTO-2024-10-02-09-40-12-0021.jpg",1040,693,false],"thumbnail":["https:\/\/blog.vida.at\/pensionisten\/wp-content\/uploads\/sites\/10\/2024\/11\/PHOTO-2024-10-02-09-40-12-0021-150x150.jpg",150,150,true],"medium":["https:\/\/blog.vida.at\/pensionisten\/wp-content\/uploads\/sites\/10\/2024\/11\/PHOTO-2024-10-02-09-40-12-0021-300x200.jpg",300,200,true],"medium_large":["https:\/\/blog.vida.at\/pensionisten\/wp-content\/uploads\/sites\/10\/2024\/11\/PHOTO-2024-10-02-09-40-12-0021-768x512.jpg",640,427,true],"large":["https:\/\/blog.vida.at\/pensionisten\/wp-content\/uploads\/sites\/10\/2024\/11\/PHOTO-2024-10-02-09-40-12-0021-1024x682.jpg",640,426,true],"1536x1536":["https:\/\/blog.vida.at\/pensionisten\/wp-content\/uploads\/sites\/10\/2024\/11\/PHOTO-2024-10-02-09-40-12-0021.jpg",1040,693,false],"2048x2048":["https:\/\/blog.vida.at\/pensionisten\/wp-content\/uploads\/sites\/10\/2024\/11\/PHOTO-2024-10-02-09-40-12-0021.jpg",1040,693,false],"ab-block-post-grid-landscape":["https:\/\/blog.vida.at\/pensionisten\/wp-content\/uploads\/sites\/10\/2024\/11\/PHOTO-2024-10-02-09-40-12-0021-600x400.jpg",600,400,true],"ab-block-post-grid-square":["https:\/\/blog.vida.at\/pensionisten\/wp-content\/uploads\/sites\/10\/2024\/11\/PHOTO-2024-10-02-09-40-12-0021-600x600.jpg",600,600,true],"post-thumbnail":["https:\/\/blog.vida.at\/pensionisten\/wp-content\/uploads\/sites\/10\/2024\/11\/PHOTO-2024-10-02-09-40-12-0021.jpg",1040,693,false],"awb_sm":["https:\/\/blog.vida.at\/pensionisten\/wp-content\/uploads\/sites\/10\/2024\/11\/PHOTO-2024-10-02-09-40-12-0021-500x333.jpg",500,333,true],"awb_md":["https:\/\/blog.vida.at\/pensionisten\/wp-content\/uploads\/sites\/10\/2024\/11\/PHOTO-2024-10-02-09-40-12-0021-800x533.jpg",800,533,true],"awb_lg":["https:\/\/blog.vida.at\/pensionisten\/wp-content\/uploads\/sites\/10\/2024\/11\/PHOTO-2024-10-02-09-40-12-0021.jpg",1040,693,false],"awb_xl":["https:\/\/blog.vida.at\/pensionisten\/wp-content\/uploads\/sites\/10\/2024\/11\/PHOTO-2024-10-02-09-40-12-0021.jpg",1040,693,false]},"post_excerpt_stackable":"<p>Die vida-Ortsgruppen Innsbruck und Hall luden zu einer Info-Veranstaltung ein. Der Pensionistenvorsitzende der vida-Ortsgruppe Innsbruck, Bernhard Winterle, und der Pensionistenvorsitzende der vida-Ortsgruppe Hall, Erich Gritsch, konnten bei der Informationsveranstaltung \u201eSicherheit f\u00fcr Senior:innen\u201c im \u00d6GB Saal den Chefinspektor Hans Peter Seewald und seinen Kollegen Clemens Lukasser begr\u00fc\u00dfen. Besondere G\u00e4ste waren von der \u00d6BV der Landesdirektor Harald Klotz und sein Vertriebsleiter Manfred Binder. Die vida-Mitglieder wurden von der Pr\u00e4ventionsgruppe des Landespolizeikommandos Tirol unter der Leitung vom Vortragenden Chefinspektor Hans Peter Seewald \u00fcber die Ma\u00dfnahmen f\u00fcr eine Vorgangsweise ohne b\u00f6se \u00dcberraschungen aufgekl\u00e4rt. Die interessierten Zuh\u00f6rer:innen wurden auf informative Internetseiten verwiesen, um wichtige Informationen&hellip;<\/p>\n","category_list":"<a href=\"https:\/\/blog.vida.at\/pensionisten\/category\/allgemein\/\" rel=\"category tag\">Allgemein<\/a>, <a href=\"https:\/\/blog.vida.at\/pensionisten\/category\/ortsgruppen\/\" rel=\"category tag\">Ortsgruppen<\/a>, <a href=\"https:\/\/blog.vida.at\/pensionisten\/category\/ortsgruppen\/tirol\/\" rel=\"category tag\">Tirol<\/a>","author_info":{"display_name":"mariontobola","author_link":"https:\/\/blog.vida.at\/pensionisten\/author\/mariontobola\/"},"comments_num":"0 comments","featured_image_urls_v2":{"full":["https:\/\/blog.vida.at\/pensionisten\/wp-content\/uploads\/sites\/10\/2024\/11\/PHOTO-2024-10-02-09-40-12-0021.jpg",1040,693,false],"thumbnail":["https:\/\/blog.vida.at\/pensionisten\/wp-content\/uploads\/sites\/10\/2024\/11\/PHOTO-2024-10-02-09-40-12-0021-150x150.jpg",150,150,true],"medium":["https:\/\/blog.vida.at\/pensionisten\/wp-content\/uploads\/sites\/10\/2024\/11\/PHOTO-2024-10-02-09-40-12-0021-300x200.jpg",300,200,true],"medium_large":["https:\/\/blog.vida.at\/pensionisten\/wp-content\/uploads\/sites\/10\/2024\/11\/PHOTO-2024-10-02-09-40-12-0021-768x512.jpg",640,427,true],"large":["https:\/\/blog.vida.at\/pensionisten\/wp-content\/uploads\/sites\/10\/2024\/11\/PHOTO-2024-10-02-09-40-12-0021-1024x682.jpg",640,426,true],"1536x1536":["https:\/\/blog.vida.at\/pensionisten\/wp-content\/uploads\/sites\/10\/2024\/11\/PHOTO-2024-10-02-09-40-12-0021.jpg",1040,693,false],"2048x2048":["https:\/\/blog.vida.at\/pensionisten\/wp-content\/uploads\/sites\/10\/2024\/11\/PHOTO-2024-10-02-09-40-12-0021.jpg",1040,693,false],"ab-block-post-grid-landscape":["https:\/\/blog.vida.at\/pensionisten\/wp-content\/uploads\/sites\/10\/2024\/11\/PHOTO-2024-10-02-09-40-12-0021-600x400.jpg",600,400,true],"ab-block-post-grid-square":["https:\/\/blog.vida.at\/pensionisten\/wp-content\/uploads\/sites\/10\/2024\/11\/PHOTO-2024-10-02-09-40-12-0021-600x600.jpg",600,600,true],"post-thumbnail":["https:\/\/blog.vida.at\/pensionisten\/wp-content\/uploads\/sites\/10\/2024\/11\/PHOTO-2024-10-02-09-40-12-0021.jpg",1040,693,false],"awb_sm":["https:\/\/blog.vida.at\/pensionisten\/wp-content\/uploads\/sites\/10\/2024\/11\/PHOTO-2024-10-02-09-40-12-0021-500x333.jpg",500,333,true],"awb_md":["https:\/\/blog.vida.at\/pensionisten\/wp-content\/uploads\/sites\/10\/2024\/11\/PHOTO-2024-10-02-09-40-12-0021-800x533.jpg",800,533,true],"awb_lg":["https:\/\/blog.vida.at\/pensionisten\/wp-content\/uploads\/sites\/10\/2024\/11\/PHOTO-2024-10-02-09-40-12-0021.jpg",1040,693,false],"awb_xl":["https:\/\/blog.vida.at\/pensionisten\/wp-content\/uploads\/sites\/10\/2024\/11\/PHOTO-2024-10-02-09-40-12-0021.jpg",1040,693,false]},"post_excerpt_stackable_v2":"<p>Die vida-Ortsgruppen Innsbruck und Hall luden zu einer Info-Veranstaltung ein. Der Pensionistenvorsitzende der vida-Ortsgruppe Innsbruck, Bernhard Winterle, und der Pensionistenvorsitzende der vida-Ortsgruppe Hall, Erich Gritsch, konnten bei der Informationsveranstaltung \u201eSicherheit f\u00fcr Senior:innen\u201c im \u00d6GB Saal den Chefinspektor Hans Peter Seewald und seinen Kollegen Clemens Lukasser begr\u00fc\u00dfen. Besondere G\u00e4ste waren von der \u00d6BV der Landesdirektor Harald Klotz und sein Vertriebsleiter Manfred Binder. Die vida-Mitglieder wurden von der Pr\u00e4ventionsgruppe des Landespolizeikommandos Tirol unter der Leitung vom Vortragenden Chefinspektor Hans Peter Seewald \u00fcber die Ma\u00dfnahmen f\u00fcr eine Vorgangsweise ohne b\u00f6se \u00dcberraschungen aufgekl\u00e4rt. Die interessierten Zuh\u00f6rer:innen wurden auf informative Internetseiten verwiesen, um wichtige Informationen&hellip;<\/p>\n","category_list_v2":"<a href=\"https:\/\/blog.vida.at\/pensionisten\/category\/allgemein\/\" rel=\"category tag\">Allgemein<\/a>, <a href=\"https:\/\/blog.vida.at\/pensionisten\/category\/ortsgruppen\/\" rel=\"category tag\">Ortsgruppen<\/a>, <a href=\"https:\/\/blog.vida.at\/pensionisten\/category\/ortsgruppen\/tirol\/\" rel=\"category tag\">Tirol<\/a>","author_info_v2":{"name":"mariontobola","url":"https:\/\/blog.vida.at\/pensionisten\/author\/mariontobola\/"},"comments_num_v2":"0 comments","yoast_head":"<!-- This site is optimized with the Yoast SEO plugin v27.3 - https:\/\/yoast.com\/product\/yoast-seo-wordpress\/ -->\n<title>Sicherheit f\u00fcr Senior:innen<\/title>\n<meta name=\"robots\" content=\"index, follow, max-snippet:-1, max-image-preview:large, max-video-preview:-1\" \/>\n<link rel=\"canonical\" href=\"https:\/\/blog.vida.at\/pensionisten\/2024\/11\/05\/sicherheit-fuer-seniorinnen\/\" \/>\n<meta property=\"og:locale\" content=\"de_DE\" \/>\n<meta property=\"og:type\" content=\"article\" \/>\n<meta property=\"og:title\" content=\"Sicherheit f\u00fcr Senior:innen\" \/>\n<meta property=\"og:description\" content=\"Die vida-Ortsgruppen Innsbruck und Hall luden zu einer Info-Veranstaltung ein.\" \/>\n<meta property=\"og:url\" content=\"https:\/\/blog.vida.at\/pensionisten\/2024\/11\/05\/sicherheit-fuer-seniorinnen\/\" \/>\n<meta property=\"og:site_name\" content=\"vida Pensionisten\" \/>\n<meta property=\"article:published_time\" content=\"2024-11-05T14:35:36+00:00\" \/>\n<meta property=\"article:modified_time\" content=\"2024-11-05T14:37:38+00:00\" \/>\n<meta property=\"og:image\" content=\"https:\/\/blog.vida.at\/pensionisten\/wp-content\/uploads\/sites\/10\/2024\/11\/PHOTO-2024-10-02-09-40-12-0021.jpg\" \/>\n\t<meta property=\"og:image:width\" content=\"1040\" \/>\n\t<meta property=\"og:image:height\" content=\"693\" \/>\n\t<meta property=\"og:image:type\" content=\"image\/jpeg\" \/>\n<meta name=\"author\" content=\"mariontobola\" \/>\n<meta name=\"twitter:card\" content=\"summary_large_image\" \/>\n<meta name=\"twitter:label1\" content=\"Verfasst von\" \/>\n\t<meta name=\"twitter:data1\" content=\"mariontobola\" \/>\n\t<meta name=\"twitter:label2\" content=\"Gesch\u00e4tzte Lesezeit\" \/>\n\t<meta name=\"twitter:data2\" content=\"2\u00a0Minuten\" \/>\n<script type=\"application\/ld+json\" class=\"yoast-schema-graph\">{\"@context\":\"https:\\\/\\\/schema.org\",\"@graph\":[{\"@type\":\"Article\",\"@id\":\"https:\\\/\\\/blog.vida.at\\\/pensionisten\\\/2024\\\/11\\\/05\\\/sicherheit-fuer-seniorinnen\\\/#article\",\"isPartOf\":{\"@id\":\"https:\\\/\\\/blog.vida.at\\\/pensionisten\\\/2024\\\/11\\\/05\\\/sicherheit-fuer-seniorinnen\\\/\"},\"author\":{\"name\":\"mariontobola\",\"@id\":\"https:\\\/\\\/blog.vida.at\\\/pensionisten\\\/#\\\/schema\\\/person\\\/88cee3ee93b9afdc51c92f5f63f38b8a\"},\"headline\":\"Sicherheit f\u00fcr Senior:innen\",\"datePublished\":\"2024-11-05T14:35:36+00:00\",\"dateModified\":\"2024-11-05T14:37:38+00:00\",\"mainEntityOfPage\":{\"@id\":\"https:\\\/\\\/blog.vida.at\\\/pensionisten\\\/2024\\\/11\\\/05\\\/sicherheit-fuer-seniorinnen\\\/\"},\"wordCount\":159,\"commentCount\":0,\"image\":{\"@id\":\"https:\\\/\\\/blog.vida.at\\\/pensionisten\\\/2024\\\/11\\\/05\\\/sicherheit-fuer-seniorinnen\\\/#primaryimage\"},\"thumbnailUrl\":\"https:\\\/\\\/blog.vida.at\\\/pensionisten\\\/wp-content\\\/uploads\\\/sites\\\/10\\\/2024\\\/11\\\/PHOTO-2024-10-02-09-40-12-0021.jpg\",\"articleSection\":{\"1\":\"Ortsgruppen\",\"2\":\"Tirol\"},\"inLanguage\":\"de\",\"potentialAction\":[{\"@type\":\"CommentAction\",\"name\":\"Comment\",\"target\":[\"https:\\\/\\\/blog.vida.at\\\/pensionisten\\\/2024\\\/11\\\/05\\\/sicherheit-fuer-seniorinnen\\\/#respond\"]}]},{\"@type\":\"WebPage\",\"@id\":\"https:\\\/\\\/blog.vida.at\\\/pensionisten\\\/2024\\\/11\\\/05\\\/sicherheit-fuer-seniorinnen\\\/\",\"url\":\"https:\\\/\\\/blog.vida.at\\\/pensionisten\\\/2024\\\/11\\\/05\\\/sicherheit-fuer-seniorinnen\\\/\",\"name\":\"Sicherheit f\u00fcr Senior:innen\",\"isPartOf\":{\"@id\":\"https:\\\/\\\/blog.vida.at\\\/pensionisten\\\/#website\"},\"primaryImageOfPage\":{\"@id\":\"https:\\\/\\\/blog.vida.at\\\/pensionisten\\\/2024\\\/11\\\/05\\\/sicherheit-fuer-seniorinnen\\\/#primaryimage\"},\"image\":{\"@id\":\"https:\\\/\\\/blog.vida.at\\\/pensionisten\\\/2024\\\/11\\\/05\\\/sicherheit-fuer-seniorinnen\\\/#primaryimage\"},\"thumbnailUrl\":\"https:\\\/\\\/blog.vida.at\\\/pensionisten\\\/wp-content\\\/uploads\\\/sites\\\/10\\\/2024\\\/11\\\/PHOTO-2024-10-02-09-40-12-0021.jpg\",\"datePublished\":\"2024-11-05T14:35:36+00:00\",\"dateModified\":\"2024-11-05T14:37:38+00:00\",\"author\":{\"@id\":\"https:\\\/\\\/blog.vida.at\\\/pensionisten\\\/#\\\/schema\\\/person\\\/88cee3ee93b9afdc51c92f5f63f38b8a\"},\"breadcrumb\":{\"@id\":\"https:\\\/\\\/blog.vida.at\\\/pensionisten\\\/2024\\\/11\\\/05\\\/sicherheit-fuer-seniorinnen\\\/#breadcrumb\"},\"inLanguage\":\"de\",\"potentialAction\":[{\"@type\":\"ReadAction\",\"target\":[\"https:\\\/\\\/blog.vida.at\\\/pensionisten\\\/2024\\\/11\\\/05\\\/sicherheit-fuer-seniorinnen\\\/\"]}]},{\"@type\":\"ImageObject\",\"inLanguage\":\"de\",\"@id\":\"https:\\\/\\\/blog.vida.at\\\/pensionisten\\\/2024\\\/11\\\/05\\\/sicherheit-fuer-seniorinnen\\\/#primaryimage\",\"url\":\"https:\\\/\\\/blog.vida.at\\\/pensionisten\\\/wp-content\\\/uploads\\\/sites\\\/10\\\/2024\\\/11\\\/PHOTO-2024-10-02-09-40-12-0021.jpg\",\"contentUrl\":\"https:\\\/\\\/blog.vida.at\\\/pensionisten\\\/wp-content\\\/uploads\\\/sites\\\/10\\\/2024\\\/11\\\/PHOTO-2024-10-02-09-40-12-0021.jpg\",\"width\":1040,\"height\":693},{\"@type\":\"BreadcrumbList\",\"@id\":\"https:\\\/\\\/blog.vida.at\\\/pensionisten\\\/2024\\\/11\\\/05\\\/sicherheit-fuer-seniorinnen\\\/#breadcrumb\",\"itemListElement\":[{\"@type\":\"ListItem\",\"position\":1,\"name\":\"Startseite\",\"item\":\"https:\\\/\\\/blog.vida.at\\\/pensionisten\\\/\"},{\"@type\":\"ListItem\",\"position\":2,\"name\":\"Sicherheit f\u00fcr Senior:innen\"}]},{\"@type\":\"WebSite\",\"@id\":\"https:\\\/\\\/blog.vida.at\\\/pensionisten\\\/#website\",\"url\":\"https:\\\/\\\/blog.vida.at\\\/pensionisten\\\/\",\"name\":\"vida Pensionisten\",\"description\":\"\",\"potentialAction\":[{\"@type\":\"SearchAction\",\"target\":{\"@type\":\"EntryPoint\",\"urlTemplate\":\"https:\\\/\\\/blog.vida.at\\\/pensionisten\\\/?s={search_term_string}\"},\"query-input\":{\"@type\":\"PropertyValueSpecification\",\"valueRequired\":true,\"valueName\":\"search_term_string\"}}],\"inLanguage\":\"de\"},{\"@type\":\"Person\",\"@id\":\"https:\\\/\\\/blog.vida.at\\\/pensionisten\\\/#\\\/schema\\\/person\\\/88cee3ee93b9afdc51c92f5f63f38b8a\",\"name\":\"mariontobola\",\"image\":{\"@type\":\"ImageObject\",\"inLanguage\":\"de\",\"@id\":\"https:\\\/\\\/secure.gravatar.com\\\/avatar\\\/5d2c516985e4eda61bca05bd3b4359b4358135bd1e1a5b08c539e9cd1edd6528?s=96&d=mm&r=g\",\"url\":\"https:\\\/\\\/secure.gravatar.com\\\/avatar\\\/5d2c516985e4eda61bca05bd3b4359b4358135bd1e1a5b08c539e9cd1edd6528?s=96&d=mm&r=g\",\"contentUrl\":\"https:\\\/\\\/secure.gravatar.com\\\/avatar\\\/5d2c516985e4eda61bca05bd3b4359b4358135bd1e1a5b08c539e9cd1edd6528?s=96&d=mm&r=g\",\"caption\":\"mariontobola\"},\"url\":\"https:\\\/\\\/blog.vida.at\\\/pensionisten\\\/author\\\/mariontobola\\\/\"}]}<\/script>\n<!-- \/ Yoast SEO plugin. -->","yoast_head_json":{"title":"Sicherheit f\u00fcr Senior:innen","robots":{"index":"index","follow":"follow","max-snippet":"max-snippet:-1","max-image-preview":"max-image-preview:large","max-video-preview":"max-video-preview:-1"},"canonical":"https:\/\/blog.vida.at\/pensionisten\/2024\/11\/05\/sicherheit-fuer-seniorinnen\/","og_locale":"de_DE","og_type":"article","og_title":"Sicherheit f\u00fcr Senior:innen","og_description":"Die vida-Ortsgruppen Innsbruck und Hall luden zu einer Info-Veranstaltung ein.","og_url":"https:\/\/blog.vida.at\/pensionisten\/2024\/11\/05\/sicherheit-fuer-seniorinnen\/","og_site_name":"vida Pensionisten","article_published_time":"2024-11-05T14:35:36+00:00","article_modified_time":"2024-11-05T14:37:38+00:00","og_image":[{"width":1040,"height":693,"url":"https:\/\/blog.vida.at\/pensionisten\/wp-content\/uploads\/sites\/10\/2024\/11\/PHOTO-2024-10-02-09-40-12-0021.jpg","type":"image\/jpeg"}],"author":"mariontobola","twitter_card":"summary_large_image","twitter_misc":{"Verfasst von":"mariontobola","Gesch\u00e4tzte Lesezeit":"2\u00a0Minuten"},"schema":{"@context":"https:\/\/schema.org","@graph":[{"@type":"Article","@id":"https:\/\/blog.vida.at\/pensionisten\/2024\/11\/05\/sicherheit-fuer-seniorinnen\/#article","isPartOf":{"@id":"https:\/\/blog.vida.at\/pensionisten\/2024\/11\/05\/sicherheit-fuer-seniorinnen\/"},"author":{"name":"mariontobola","@id":"https:\/\/blog.vida.at\/pensionisten\/#\/schema\/person\/88cee3ee93b9afdc51c92f5f63f38b8a"},"headline":"Sicherheit f\u00fcr Senior:innen","datePublished":"2024-11-05T14:35:36+00:00","dateModified":"2024-11-05T14:37:38+00:00","mainEntityOfPage":{"@id":"https:\/\/blog.vida.at\/pensionisten\/2024\/11\/05\/sicherheit-fuer-seniorinnen\/"},"wordCount":159,"commentCount":0,"image":{"@id":"https:\/\/blog.vida.at\/pensionisten\/2024\/11\/05\/sicherheit-fuer-seniorinnen\/#primaryimage"},"thumbnailUrl":"https:\/\/blog.vida.at\/pensionisten\/wp-content\/uploads\/sites\/10\/2024\/11\/PHOTO-2024-10-02-09-40-12-0021.jpg","articleSection":{"1":"Ortsgruppen","2":"Tirol"},"inLanguage":"de","potentialAction":[{"@type":"CommentAction","name":"Comment","target":["https:\/\/blog.vida.at\/pensionisten\/2024\/11\/05\/sicherheit-fuer-seniorinnen\/#respond"]}]},{"@type":"WebPage","@id":"https:\/\/blog.vida.at\/pensionisten\/2024\/11\/05\/sicherheit-fuer-seniorinnen\/","url":"https:\/\/blog.vida.at\/pensionisten\/2024\/11\/05\/sicherheit-fuer-seniorinnen\/","name":"Sicherheit f\u00fcr Senior:innen","isPartOf":{"@id":"https:\/\/blog.vida.at\/pensionisten\/#website"},"primaryImageOfPage":{"@id":"https:\/\/blog.vida.at\/pensionisten\/2024\/11\/05\/sicherheit-fuer-seniorinnen\/#primaryimage"},"image":{"@id":"https:\/\/blog.vida.at\/pensionisten\/2024\/11\/05\/sicherheit-fuer-seniorinnen\/#primaryimage"},"thumbnailUrl":"https:\/\/blog.vida.at\/pensionisten\/wp-content\/uploads\/sites\/10\/2024\/11\/PHOTO-2024-10-02-09-40-12-0021.jpg","datePublished":"2024-11-05T14:35:36+00:00","dateModified":"2024-11-05T14:37:38+00:00","author":{"@id":"https:\/\/blog.vida.at\/pensionisten\/#\/schema\/person\/88cee3ee93b9afdc51c92f5f63f38b8a"},"breadcrumb":{"@id":"https:\/\/blog.vida.at\/pensionisten\/2024\/11\/05\/sicherheit-fuer-seniorinnen\/#breadcrumb"},"inLanguage":"de","potentialAction":[{"@type":"ReadAction","target":["https:\/\/blog.vida.at\/pensionisten\/2024\/11\/05\/sicherheit-fuer-seniorinnen\/"]}]},{"@type":"ImageObject","inLanguage":"de","@id":"https:\/\/blog.vida.at\/pensionisten\/2024\/11\/05\/sicherheit-fuer-seniorinnen\/#primaryimage","url":"https:\/\/blog.vida.at\/pensionisten\/wp-content\/uploads\/sites\/10\/2024\/11\/PHOTO-2024-10-02-09-40-12-0021.jpg","contentUrl":"https:\/\/blog.vida.at\/pensionisten\/wp-content\/uploads\/sites\/10\/2024\/11\/PHOTO-2024-10-02-09-40-12-0021.jpg","width":1040,"height":693},{"@type":"BreadcrumbList","@id":"https:\/\/blog.vida.at\/pensionisten\/2024\/11\/05\/sicherheit-fuer-seniorinnen\/#breadcrumb","itemListElement":[{"@type":"ListItem","position":1,"name":"Startseite","item":"https:\/\/blog.vida.at\/pensionisten\/"},{"@type":"ListItem","position":2,"name":"Sicherheit f\u00fcr Senior:innen"}]},{"@type":"WebSite","@id":"https:\/\/blog.vida.at\/pensionisten\/#website","url":"https:\/\/blog.vida.at\/pensionisten\/","name":"vida Pensionisten","description":"","potentialAction":[{"@type":"SearchAction","target":{"@type":"EntryPoint","urlTemplate":"https:\/\/blog.vida.at\/pensionisten\/?s={search_term_string}"},"query-input":{"@type":"PropertyValueSpecification","valueRequired":true,"valueName":"search_term_string"}}],"inLanguage":"de"},{"@type":"Person","@id":"https:\/\/blog.vida.at\/pensionisten\/#\/schema\/person\/88cee3ee93b9afdc51c92f5f63f38b8a","name":"mariontobola","image":{"@type":"ImageObject","inLanguage":"de","@id":"https:\/\/secure.gravatar.com\/avatar\/5d2c516985e4eda61bca05bd3b4359b4358135bd1e1a5b08c539e9cd1edd6528?s=96&d=mm&r=g","url":"https:\/\/secure.gravatar.com\/avatar\/5d2c516985e4eda61bca05bd3b4359b4358135bd1e1a5b08c539e9cd1edd6528?s=96&d=mm&r=g","contentUrl":"https:\/\/secure.gravatar.com\/avatar\/5d2c516985e4eda61bca05bd3b4359b4358135bd1e1a5b08c539e9cd1edd6528?s=96&d=mm&r=g","caption":"mariontobola"},"url":"https:\/\/blog.vida.at\/pensionisten\/author\/mariontobola\/"}]}},"author_meta":{"display_name":"mariontobola","author_link":"https:\/\/blog.vida.at\/pensionisten\/author\/mariontobola\/"},"featured_img":"https:\/\/blog.vida.at\/pensionisten\/wp-content\/uploads\/sites\/10\/2024\/11\/PHOTO-2024-10-02-09-40-12-0021-300x200.jpg","featured_image_src":"https:\/\/blog.vida.at\/pensionisten\/wp-content\/uploads\/sites\/10\/2024\/11\/PHOTO-2024-10-02-09-40-12-0021-600x400.jpg","featured_image_src_square":"https:\/\/blog.vida.at\/pensionisten\/wp-content\/uploads\/sites\/10\/2024\/11\/PHOTO-2024-10-02-09-40-12-0021-600x600.jpg","uagb_featured_image_src":{"full":["https:\/\/blog.vida.at\/pensionisten\/wp-content\/uploads\/sites\/10\/2024\/11\/PHOTO-2024-10-02-09-40-12-0021.jpg",1040,693,false],"thumbnail":["https:\/\/blog.vida.at\/pensionisten\/wp-content\/uploads\/sites\/10\/2024\/11\/PHOTO-2024-10-02-09-40-12-0021-150x150.jpg",150,150,true],"medium":["https:\/\/blog.vida.at\/pensionisten\/wp-content\/uploads\/sites\/10\/2024\/11\/PHOTO-2024-10-02-09-40-12-0021-300x200.jpg",300,200,true],"medium_large":["https:\/\/blog.vida.at\/pensionisten\/wp-content\/uploads\/sites\/10\/2024\/11\/PHOTO-2024-10-02-09-40-12-0021-768x512.jpg",640,427,true],"large":["https:\/\/blog.vida.at\/pensionisten\/wp-content\/uploads\/sites\/10\/2024\/11\/PHOTO-2024-10-02-09-40-12-0021-1024x682.jpg",640,426,true],"1536x1536":["https:\/\/blog.vida.at\/pensionisten\/wp-content\/uploads\/sites\/10\/2024\/11\/PHOTO-2024-10-02-09-40-12-0021.jpg",1040,693,false],"2048x2048":["https:\/\/blog.vida.at\/pensionisten\/wp-content\/uploads\/sites\/10\/2024\/11\/PHOTO-2024-10-02-09-40-12-0021.jpg",1040,693,false],"ab-block-post-grid-landscape":["https:\/\/blog.vida.at\/pensionisten\/wp-content\/uploads\/sites\/10\/2024\/11\/PHOTO-2024-10-02-09-40-12-0021-600x400.jpg",600,400,true],"ab-block-post-grid-square":["https:\/\/blog.vida.at\/pensionisten\/wp-content\/uploads\/sites\/10\/2024\/11\/PHOTO-2024-10-02-09-40-12-0021-600x600.jpg",600,600,true],"post-thumbnail":["https:\/\/blog.vida.at\/pensionisten\/wp-content\/uploads\/sites\/10\/2024\/11\/PHOTO-2024-10-02-09-40-12-0021.jpg",1040,693,false],"awb_sm":["https:\/\/blog.vida.at\/pensionisten\/wp-content\/uploads\/sites\/10\/2024\/11\/PHOTO-2024-10-02-09-40-12-0021-500x333.jpg",500,333,true],"awb_md":["https:\/\/blog.vida.at\/pensionisten\/wp-content\/uploads\/sites\/10\/2024\/11\/PHOTO-2024-10-02-09-40-12-0021-800x533.jpg",800,533,true],"awb_lg":["https:\/\/blog.vida.at\/pensionisten\/wp-content\/uploads\/sites\/10\/2024\/11\/PHOTO-2024-10-02-09-40-12-0021.jpg",1040,693,false],"awb_xl":["https:\/\/blog.vida.at\/pensionisten\/wp-content\/uploads\/sites\/10\/2024\/11\/PHOTO-2024-10-02-09-40-12-0021.jpg",1040,693,false]},"uagb_author_info":{"display_name":"mariontobola","author_link":"https:\/\/blog.vida.at\/pensionisten\/author\/mariontobola\/"},"uagb_comment_info":0,"uagb_excerpt":"Die vida-Ortsgruppen Innsbruck und Hall luden zu einer Info-Veranstaltung ein.","coauthors":[],"tax_additional":{"categories":{"linked":["<a href=\"https:\/\/blog.vida.at\/pensionisten\/category\/allgemein\/\" class=\"advgb-post-tax-term\">Allgemein<\/a>","<a href=\"https:\/\/blog.vida.at\/pensionisten\/category\/ortsgruppen\/\" class=\"advgb-post-tax-term\">Ortsgruppen<\/a>","<a href=\"https:\/\/blog.vida.at\/pensionisten\/category\/ortsgruppen\/tirol\/\" class=\"advgb-post-tax-term\">Tirol<\/a>"],"unlinked":["<span class=\"advgb-post-tax-term\">Allgemein<\/span>","<span class=\"advgb-post-tax-term\">Ortsgruppen<\/span>","<span class=\"advgb-post-tax-term\">Tirol<\/span>"]}},"comment_count":"0","relative_dates":{"created":"Ver\u00f6ffentlicht 1\u00a0Jahr vor","modified":"Aktualisiert 1\u00a0Jahr vor"},"absolute_dates":{"created":"Ver\u00f6ffentlicht am 5. November 2024","modified":"Aktualisiert am 5. November 2024"},"absolute_dates_time":{"created":"Ver\u00f6ffentlicht am 5. November 2024 15:35","modified":"Aktualisiert am 5. November 2024 15:37"},"featured_img_caption":"","series_order":"","_links":{"self":[{"href":"https:\/\/blog.vida.at\/pensionisten\/wp-json\/wp\/v2\/posts\/9775","targetHints":{"allow":["GET"]}}],"collection":[{"href":"https:\/\/blog.vida.at\/pensionisten\/wp-json\/wp\/v2\/posts"}],"about":[{"href":"https:\/\/blog.vida.at\/pensionisten\/wp-json\/wp\/v2\/types\/post"}],"author":[{"embeddable":true,"href":"https:\/\/blog.vida.at\/pensionisten\/wp-json\/wp\/v2\/users\/8"}],"replies":[{"embeddable":true,"href":"https:\/\/blog.vida.at\/pensionisten\/wp-json\/wp\/v2\/comments?post=9775"}],"version-history":[{"count":3,"href":"https:\/\/blog.vida.at\/pensionisten\/wp-json\/wp\/v2\/posts\/9775\/revisions"}],"predecessor-version":[{"id":9783,"href":"https:\/\/blog.vida.at\/pensionisten\/wp-json\/wp\/v2\/posts\/9775\/revisions\/9783"}],"wp:featuredmedia":[{"embeddable":true,"href":"https:\/\/blog.vida.at\/pensionisten\/wp-json\/wp\/v2\/media\/9776"}],"wp:attachment":[{"href":"https:\/\/blog.vida.at\/pensionisten\/wp-json\/wp\/v2\/media?parent=9775"}],"wp:term":[{"taxonomy":"category","embeddable":true,"href":"https:\/\/blog.vida.at\/pensionisten\/wp-json\/wp\/v2\/categories?post=9775"},{"taxonomy":"post_tag","embeddable":true,"href":"https:\/\/blog.vida.at\/pensionisten\/wp-json\/wp\/v2\/tags?post=9775"},{"taxonomy":"Orte","embeddable":true,"href":"https:\/\/blog.vida.at\/pensionisten\/wp-json\/wp\/v2\/Orte?post=9775"},{"taxonomy":"activitytype","embeddable":true,"href":"https:\/\/blog.vida.at\/pensionisten\/wp-json\/wp\/v2\/activitytype?post=9775"}],"curies":[{"name":"wp","href":"https:\/\/api.w.org\/{rel}","templated":true}]}}