
{"id":9936,"date":"2024-11-26T10:08:52","date_gmt":"2024-11-26T09:08:52","guid":{"rendered":"https:\/\/blog.vida.at\/pensionisten\/?p=9936"},"modified":"2024-11-26T10:09:29","modified_gmt":"2024-11-26T09:09:29","slug":"von-der-schanze-auf-die-zugspitze-ins-schloss","status":"publish","type":"post","link":"https:\/\/blog.vida.at\/pensionisten\/2024\/11\/26\/von-der-schanze-auf-die-zugspitze-ins-schloss\/","title":{"rendered":"Von der Schanze auf die Zugspitze bis ins Schloss"},"content":{"rendered":"\n<div class=\"wp-block-group Container\"><div class=\"wp-block-group__inner-container is-layout-flow wp-block-group-is-layout-flow\">\n<h4 class=\"wp-block-heading\">Die vida-Region Pinzgau lud in luftige H\u00f6hen zum Mitgliederausflug 2024 ein.<\/h4>\n\n\n\n<br>\n\n\n\n<p><\/p>\n\n\n\n<!--more-->\n\n\n\n<p>Jedes Jahr veranstaltet die <strong>vida-Region Pinzgau<\/strong> einen mehrt\u00e4gigen <strong>Ausflug f\u00fcr alle Mitglieder<\/strong>. Heuer waren \u00fcber 30 Mitglieder (Aktive und Pensionist:innen) mit dabei.  Die gemeinsame Reise f\u00fchrte uns nach Bayern.<\/p>\n\n\n\n<p>Am <strong>1. Tag <\/strong>besuchten wir die<a href=\"https:\/\/www.gapa-tourismus.de\/de\/Sommer\/Sehensw%C3%BCrdigkeiten\/Olympia%20Sprungschanze\" target=\"_blank\" rel=\"noreferrer noopener\"> <strong>gro\u00dfe Sprungschanze in Garmisch-Partenkirchen<\/strong><\/a>. Der Schanzenchef des Neujahrsskispringen gab uns eine pers\u00f6nliche Schanzenf\u00fchrung.<\/p>\n\n\n\n<p>Am <strong>2. Tag<\/strong> waren wir bei Traumwetter auf der <strong><a href=\"https:\/\/zugspitze.de\/de\" target=\"_blank\" rel=\"noreferrer noopener\">Zugspitze<\/a><\/strong>.<\/p>\n\n\n\n<p>Am <strong>3. Tag <\/strong>besuchten wir noch <a href=\"https:\/\/www.schlosslinderhof.de\/\" target=\"_blank\" rel=\"noreferrer noopener\">Schloss Linderhof<\/a>.<\/p>\n\n\n\n<p><strong><mark style=\"color:#f90606\" class=\"has-inline-color\">Wir freuen uns schon auf unseren n\u00e4chsten Ausflug im neuen Jahr!<\/mark><\/strong><\/p>\n\n\n\n<figure class=\"wp-block-gallery has-nested-images columns-default is-cropped uag-masonry uagb-block-b4485197 wp-block-gallery-1 is-layout-flex wp-block-gallery-is-layout-flex\">\n<figure class=\"wp-block-image size-large\"><img loading=\"lazy\" decoding=\"async\" width=\"1024\" height=\"485\" data-id=\"9946\" src=\"https:\/\/blog.vida.at\/pensionisten\/wp-content\/uploads\/sites\/10\/2024\/11\/20240906_140343-1024x485.jpg\" alt=\"\" class=\"wp-image-9946\" srcset=\"https:\/\/blog.vida.at\/pensionisten\/wp-content\/uploads\/sites\/10\/2024\/11\/20240906_140343-1024x485.jpg 1024w, https:\/\/blog.vida.at\/pensionisten\/wp-content\/uploads\/sites\/10\/2024\/11\/20240906_140343-300x142.jpg 300w, https:\/\/blog.vida.at\/pensionisten\/wp-content\/uploads\/sites\/10\/2024\/11\/20240906_140343-768x363.jpg 768w, https:\/\/blog.vida.at\/pensionisten\/wp-content\/uploads\/sites\/10\/2024\/11\/20240906_140343-1536x727.jpg 1536w, https:\/\/blog.vida.at\/pensionisten\/wp-content\/uploads\/sites\/10\/2024\/11\/20240906_140343-2048x969.jpg 2048w, https:\/\/blog.vida.at\/pensionisten\/wp-content\/uploads\/sites\/10\/2024\/11\/20240906_140343-500x237.jpg 500w, https:\/\/blog.vida.at\/pensionisten\/wp-content\/uploads\/sites\/10\/2024\/11\/20240906_140343-800x379.jpg 800w, https:\/\/blog.vida.at\/pensionisten\/wp-content\/uploads\/sites\/10\/2024\/11\/20240906_140343-1280x606.jpg 1280w, https:\/\/blog.vida.at\/pensionisten\/wp-content\/uploads\/sites\/10\/2024\/11\/20240906_140343-1920x909.jpg 1920w, https:\/\/blog.vida.at\/pensionisten\/wp-content\/uploads\/sites\/10\/2024\/11\/20240906_140343-1568x742.jpg 1568w\" sizes=\"auto, (max-width: 1024px) 100vw, 1024px\" \/><\/figure>\n\n\n\n<figure class=\"wp-block-image size-large\"><img loading=\"lazy\" decoding=\"async\" width=\"1024\" height=\"485\" data-id=\"9945\" src=\"https:\/\/blog.vida.at\/pensionisten\/wp-content\/uploads\/sites\/10\/2024\/11\/20240906_151253-1024x485.jpg\" alt=\"\" class=\"wp-image-9945\" srcset=\"https:\/\/blog.vida.at\/pensionisten\/wp-content\/uploads\/sites\/10\/2024\/11\/20240906_151253-1024x485.jpg 1024w, https:\/\/blog.vida.at\/pensionisten\/wp-content\/uploads\/sites\/10\/2024\/11\/20240906_151253-300x142.jpg 300w, https:\/\/blog.vida.at\/pensionisten\/wp-content\/uploads\/sites\/10\/2024\/11\/20240906_151253-768x363.jpg 768w, https:\/\/blog.vida.at\/pensionisten\/wp-content\/uploads\/sites\/10\/2024\/11\/20240906_151253-1536x727.jpg 1536w, https:\/\/blog.vida.at\/pensionisten\/wp-content\/uploads\/sites\/10\/2024\/11\/20240906_151253-2048x969.jpg 2048w, https:\/\/blog.vida.at\/pensionisten\/wp-content\/uploads\/sites\/10\/2024\/11\/20240906_151253-500x237.jpg 500w, https:\/\/blog.vida.at\/pensionisten\/wp-content\/uploads\/sites\/10\/2024\/11\/20240906_151253-800x379.jpg 800w, https:\/\/blog.vida.at\/pensionisten\/wp-content\/uploads\/sites\/10\/2024\/11\/20240906_151253-1280x606.jpg 1280w, https:\/\/blog.vida.at\/pensionisten\/wp-content\/uploads\/sites\/10\/2024\/11\/20240906_151253-1920x909.jpg 1920w, https:\/\/blog.vida.at\/pensionisten\/wp-content\/uploads\/sites\/10\/2024\/11\/20240906_151253-1568x742.jpg 1568w\" sizes=\"auto, (max-width: 1024px) 100vw, 1024px\" \/><\/figure>\n\n\n\n<figure class=\"wp-block-image size-large\"><img loading=\"lazy\" decoding=\"async\" width=\"485\" height=\"1024\" data-id=\"9943\" src=\"https:\/\/blog.vida.at\/pensionisten\/wp-content\/uploads\/sites\/10\/2024\/11\/20240906_152617-485x1024.jpg\" alt=\"\" class=\"wp-image-9943\" srcset=\"https:\/\/blog.vida.at\/pensionisten\/wp-content\/uploads\/sites\/10\/2024\/11\/20240906_152617-485x1024.jpg 485w, https:\/\/blog.vida.at\/pensionisten\/wp-content\/uploads\/sites\/10\/2024\/11\/20240906_152617-142x300.jpg 142w, https:\/\/blog.vida.at\/pensionisten\/wp-content\/uploads\/sites\/10\/2024\/11\/20240906_152617-768x1623.jpg 768w, https:\/\/blog.vida.at\/pensionisten\/wp-content\/uploads\/sites\/10\/2024\/11\/20240906_152617-727x1536.jpg 727w, https:\/\/blog.vida.at\/pensionisten\/wp-content\/uploads\/sites\/10\/2024\/11\/20240906_152617-969x2048.jpg 969w, https:\/\/blog.vida.at\/pensionisten\/wp-content\/uploads\/sites\/10\/2024\/11\/20240906_152617-500x1057.jpg 500w, https:\/\/blog.vida.at\/pensionisten\/wp-content\/uploads\/sites\/10\/2024\/11\/20240906_152617-800x1691.jpg 800w, https:\/\/blog.vida.at\/pensionisten\/wp-content\/uploads\/sites\/10\/2024\/11\/20240906_152617-1280x2705.jpg 1280w, https:\/\/blog.vida.at\/pensionisten\/wp-content\/uploads\/sites\/10\/2024\/11\/20240906_152617-1568x3314.jpg 1568w, https:\/\/blog.vida.at\/pensionisten\/wp-content\/uploads\/sites\/10\/2024\/11\/20240906_152617-scaled.jpg 1211w\" sizes=\"auto, (max-width: 485px) 100vw, 485px\" \/><\/figure>\n\n\n\n<figure class=\"wp-block-image size-large\"><img loading=\"lazy\" decoding=\"async\" width=\"1024\" height=\"485\" data-id=\"9944\" src=\"https:\/\/blog.vida.at\/pensionisten\/wp-content\/uploads\/sites\/10\/2024\/11\/20240907_141723-1024x485.jpg\" alt=\"\" class=\"wp-image-9944\" srcset=\"https:\/\/blog.vida.at\/pensionisten\/wp-content\/uploads\/sites\/10\/2024\/11\/20240907_141723-1024x485.jpg 1024w, https:\/\/blog.vida.at\/pensionisten\/wp-content\/uploads\/sites\/10\/2024\/11\/20240907_141723-300x142.jpg 300w, https:\/\/blog.vida.at\/pensionisten\/wp-content\/uploads\/sites\/10\/2024\/11\/20240907_141723-768x363.jpg 768w, https:\/\/blog.vida.at\/pensionisten\/wp-content\/uploads\/sites\/10\/2024\/11\/20240907_141723-1536x727.jpg 1536w, https:\/\/blog.vida.at\/pensionisten\/wp-content\/uploads\/sites\/10\/2024\/11\/20240907_141723-2048x969.jpg 2048w, https:\/\/blog.vida.at\/pensionisten\/wp-content\/uploads\/sites\/10\/2024\/11\/20240907_141723-500x237.jpg 500w, https:\/\/blog.vida.at\/pensionisten\/wp-content\/uploads\/sites\/10\/2024\/11\/20240907_141723-800x379.jpg 800w, https:\/\/blog.vida.at\/pensionisten\/wp-content\/uploads\/sites\/10\/2024\/11\/20240907_141723-1280x606.jpg 1280w, https:\/\/blog.vida.at\/pensionisten\/wp-content\/uploads\/sites\/10\/2024\/11\/20240907_141723-1920x909.jpg 1920w, https:\/\/blog.vida.at\/pensionisten\/wp-content\/uploads\/sites\/10\/2024\/11\/20240907_141723-1568x742.jpg 1568w\" sizes=\"auto, (max-width: 1024px) 100vw, 1024px\" \/><\/figure>\n\n\n\n<figure class=\"wp-block-image size-large\"><img loading=\"lazy\" decoding=\"async\" width=\"485\" height=\"1024\" data-id=\"9947\" src=\"https:\/\/blog.vida.at\/pensionisten\/wp-content\/uploads\/sites\/10\/2024\/11\/20240908_103509-485x1024.jpg\" alt=\"\" class=\"wp-image-9947\" srcset=\"https:\/\/blog.vida.at\/pensionisten\/wp-content\/uploads\/sites\/10\/2024\/11\/20240908_103509-485x1024.jpg 485w, https:\/\/blog.vida.at\/pensionisten\/wp-content\/uploads\/sites\/10\/2024\/11\/20240908_103509-142x300.jpg 142w, https:\/\/blog.vida.at\/pensionisten\/wp-content\/uploads\/sites\/10\/2024\/11\/20240908_103509-768x1623.jpg 768w, https:\/\/blog.vida.at\/pensionisten\/wp-content\/uploads\/sites\/10\/2024\/11\/20240908_103509-727x1536.jpg 727w, https:\/\/blog.vida.at\/pensionisten\/wp-content\/uploads\/sites\/10\/2024\/11\/20240908_103509-969x2048.jpg 969w, https:\/\/blog.vida.at\/pensionisten\/wp-content\/uploads\/sites\/10\/2024\/11\/20240908_103509-500x1057.jpg 500w, https:\/\/blog.vida.at\/pensionisten\/wp-content\/uploads\/sites\/10\/2024\/11\/20240908_103509-800x1691.jpg 800w, https:\/\/blog.vida.at\/pensionisten\/wp-content\/uploads\/sites\/10\/2024\/11\/20240908_103509-1280x2705.jpg 1280w, https:\/\/blog.vida.at\/pensionisten\/wp-content\/uploads\/sites\/10\/2024\/11\/20240908_103509-1568x3314.jpg 1568w, https:\/\/blog.vida.at\/pensionisten\/wp-content\/uploads\/sites\/10\/2024\/11\/20240908_103509-scaled.jpg 1211w\" sizes=\"auto, (max-width: 485px) 100vw, 485px\" \/><\/figure>\n\n\n\n<figure class=\"wp-block-image size-large\"><img loading=\"lazy\" decoding=\"async\" width=\"1024\" height=\"576\" data-id=\"9939\" src=\"https:\/\/blog.vida.at\/pensionisten\/wp-content\/uploads\/sites\/10\/2024\/11\/IMG-20240906-WA0013-1024x576.jpg\" alt=\"\" class=\"wp-image-9939\" srcset=\"https:\/\/blog.vida.at\/pensionisten\/wp-content\/uploads\/sites\/10\/2024\/11\/IMG-20240906-WA0013-1024x576.jpg 1024w, https:\/\/blog.vida.at\/pensionisten\/wp-content\/uploads\/sites\/10\/2024\/11\/IMG-20240906-WA0013-300x169.jpg 300w, https:\/\/blog.vida.at\/pensionisten\/wp-content\/uploads\/sites\/10\/2024\/11\/IMG-20240906-WA0013-768x432.jpg 768w, https:\/\/blog.vida.at\/pensionisten\/wp-content\/uploads\/sites\/10\/2024\/11\/IMG-20240906-WA0013-1536x864.jpg 1536w, https:\/\/blog.vida.at\/pensionisten\/wp-content\/uploads\/sites\/10\/2024\/11\/IMG-20240906-WA0013-500x281.jpg 500w, https:\/\/blog.vida.at\/pensionisten\/wp-content\/uploads\/sites\/10\/2024\/11\/IMG-20240906-WA0013-800x450.jpg 800w, https:\/\/blog.vida.at\/pensionisten\/wp-content\/uploads\/sites\/10\/2024\/11\/IMG-20240906-WA0013-1280x720.jpg 1280w, https:\/\/blog.vida.at\/pensionisten\/wp-content\/uploads\/sites\/10\/2024\/11\/IMG-20240906-WA0013-1568x882.jpg 1568w, https:\/\/blog.vida.at\/pensionisten\/wp-content\/uploads\/sites\/10\/2024\/11\/IMG-20240906-WA0013.jpg 1600w\" sizes=\"auto, (max-width: 1024px) 100vw, 1024px\" \/><\/figure>\n\n\n\n<figure class=\"wp-block-image size-large\"><img loading=\"lazy\" decoding=\"async\" width=\"1024\" height=\"576\" data-id=\"9941\" src=\"https:\/\/blog.vida.at\/pensionisten\/wp-content\/uploads\/sites\/10\/2024\/11\/IMG-20240906-WA0020-1024x576.jpg\" alt=\"\" class=\"wp-image-9941\" srcset=\"https:\/\/blog.vida.at\/pensionisten\/wp-content\/uploads\/sites\/10\/2024\/11\/IMG-20240906-WA0020-1024x576.jpg 1024w, https:\/\/blog.vida.at\/pensionisten\/wp-content\/uploads\/sites\/10\/2024\/11\/IMG-20240906-WA0020-300x169.jpg 300w, https:\/\/blog.vida.at\/pensionisten\/wp-content\/uploads\/sites\/10\/2024\/11\/IMG-20240906-WA0020-768x432.jpg 768w, https:\/\/blog.vida.at\/pensionisten\/wp-content\/uploads\/sites\/10\/2024\/11\/IMG-20240906-WA0020-1536x864.jpg 1536w, https:\/\/blog.vida.at\/pensionisten\/wp-content\/uploads\/sites\/10\/2024\/11\/IMG-20240906-WA0020-500x281.jpg 500w, https:\/\/blog.vida.at\/pensionisten\/wp-content\/uploads\/sites\/10\/2024\/11\/IMG-20240906-WA0020-800x450.jpg 800w, https:\/\/blog.vida.at\/pensionisten\/wp-content\/uploads\/sites\/10\/2024\/11\/IMG-20240906-WA0020-1280x720.jpg 1280w, https:\/\/blog.vida.at\/pensionisten\/wp-content\/uploads\/sites\/10\/2024\/11\/IMG-20240906-WA0020-1920x1080.jpg 1920w, https:\/\/blog.vida.at\/pensionisten\/wp-content\/uploads\/sites\/10\/2024\/11\/IMG-20240906-WA0020-1568x882.jpg 1568w, https:\/\/blog.vida.at\/pensionisten\/wp-content\/uploads\/sites\/10\/2024\/11\/IMG-20240906-WA0020.jpg 2000w\" sizes=\"auto, (max-width: 1024px) 100vw, 1024px\" \/><\/figure>\n\n\n\n<figure class=\"wp-block-image size-large\"><img loading=\"lazy\" decoding=\"async\" width=\"1024\" height=\"768\" data-id=\"9942\" src=\"https:\/\/blog.vida.at\/pensionisten\/wp-content\/uploads\/sites\/10\/2024\/11\/IMG-20240908-WA0002-1024x768.jpg\" alt=\"\" class=\"wp-image-9942\" srcset=\"https:\/\/blog.vida.at\/pensionisten\/wp-content\/uploads\/sites\/10\/2024\/11\/IMG-20240908-WA0002-1024x768.jpg 1024w, https:\/\/blog.vida.at\/pensionisten\/wp-content\/uploads\/sites\/10\/2024\/11\/IMG-20240908-WA0002-300x225.jpg 300w, https:\/\/blog.vida.at\/pensionisten\/wp-content\/uploads\/sites\/10\/2024\/11\/IMG-20240908-WA0002-768x576.jpg 768w, https:\/\/blog.vida.at\/pensionisten\/wp-content\/uploads\/sites\/10\/2024\/11\/IMG-20240908-WA0002-1536x1152.jpg 1536w, https:\/\/blog.vida.at\/pensionisten\/wp-content\/uploads\/sites\/10\/2024\/11\/IMG-20240908-WA0002-500x375.jpg 500w, https:\/\/blog.vida.at\/pensionisten\/wp-content\/uploads\/sites\/10\/2024\/11\/IMG-20240908-WA0002-800x600.jpg 800w, https:\/\/blog.vida.at\/pensionisten\/wp-content\/uploads\/sites\/10\/2024\/11\/IMG-20240908-WA0002-1280x960.jpg 1280w, https:\/\/blog.vida.at\/pensionisten\/wp-content\/uploads\/sites\/10\/2024\/11\/IMG-20240908-WA0002-1920x1440.jpg 1920w, https:\/\/blog.vida.at\/pensionisten\/wp-content\/uploads\/sites\/10\/2024\/11\/IMG-20240908-WA0002-1568x1176.jpg 1568w, https:\/\/blog.vida.at\/pensionisten\/wp-content\/uploads\/sites\/10\/2024\/11\/IMG-20240908-WA0002.jpg 2040w\" sizes=\"auto, (max-width: 1024px) 100vw, 1024px\" \/><\/figure>\n\n\n\n<figure class=\"wp-block-image size-large\"><img loading=\"lazy\" decoding=\"async\" width=\"1024\" height=\"576\" data-id=\"9940\" src=\"https:\/\/blog.vida.at\/pensionisten\/wp-content\/uploads\/sites\/10\/2024\/11\/IMG-20240908-WA0004-1024x576.jpg\" alt=\"\" class=\"wp-image-9940\" srcset=\"https:\/\/blog.vida.at\/pensionisten\/wp-content\/uploads\/sites\/10\/2024\/11\/IMG-20240908-WA0004-1024x576.jpg 1024w, https:\/\/blog.vida.at\/pensionisten\/wp-content\/uploads\/sites\/10\/2024\/11\/IMG-20240908-WA0004-300x169.jpg 300w, https:\/\/blog.vida.at\/pensionisten\/wp-content\/uploads\/sites\/10\/2024\/11\/IMG-20240908-WA0004-768x432.jpg 768w, https:\/\/blog.vida.at\/pensionisten\/wp-content\/uploads\/sites\/10\/2024\/11\/IMG-20240908-WA0004-1536x864.jpg 1536w, https:\/\/blog.vida.at\/pensionisten\/wp-content\/uploads\/sites\/10\/2024\/11\/IMG-20240908-WA0004-500x281.jpg 500w, https:\/\/blog.vida.at\/pensionisten\/wp-content\/uploads\/sites\/10\/2024\/11\/IMG-20240908-WA0004-800x450.jpg 800w, https:\/\/blog.vida.at\/pensionisten\/wp-content\/uploads\/sites\/10\/2024\/11\/IMG-20240908-WA0004-1280x720.jpg 1280w, https:\/\/blog.vida.at\/pensionisten\/wp-content\/uploads\/sites\/10\/2024\/11\/IMG-20240908-WA0004-1920x1080.jpg 1920w, https:\/\/blog.vida.at\/pensionisten\/wp-content\/uploads\/sites\/10\/2024\/11\/IMG-20240908-WA0004-1568x882.jpg 1568w, https:\/\/blog.vida.at\/pensionisten\/wp-content\/uploads\/sites\/10\/2024\/11\/IMG-20240908-WA0004.jpg 2000w\" sizes=\"auto, (max-width: 1024px) 100vw, 1024px\" \/><\/figure>\n<\/figure>\n\n\n\n<p><\/p>\n<\/div><\/div>\n","protected":false},"excerpt":{"rendered":"<p>Die vida-Region Pinzgau lud in luftige H\u00f6hen zum Mitgliederausflug 2024 ein.<\/p>\n","protected":false},"author":8,"featured_media":9948,"comment_status":"open","ping_status":"open","sticky":false,"template":"","format":"standard","meta":{"_uag_custom_page_level_css":"","advgb_blocks_editor_width":"","advgb_blocks_columns_visual_guide":"","footnotes":""},"categories":[1,49,55],"tags":[],"Orte":[],"activitytype":[],"class_list":["post-9936","post","type-post","status-publish","format-standard","has-post-thumbnail","hentry","category-allgemein","category-ortsgruppen","category-salzburg","entry"],"featured_image_urls":{"full":["https:\/\/blog.vida.at\/pensionisten\/wp-content\/uploads\/sites\/10\/2024\/11\/IMG-20240906-WA0020-1.jpg",1000,563,false],"thumbnail":["https:\/\/blog.vida.at\/pensionisten\/wp-content\/uploads\/sites\/10\/2024\/11\/IMG-20240906-WA0020-1-150x150.jpg",150,150,true],"medium":["https:\/\/blog.vida.at\/pensionisten\/wp-content\/uploads\/sites\/10\/2024\/11\/IMG-20240906-WA0020-1-300x169.jpg",300,169,true],"medium_large":["https:\/\/blog.vida.at\/pensionisten\/wp-content\/uploads\/sites\/10\/2024\/11\/IMG-20240906-WA0020-1-768x432.jpg",640,360,true],"large":["https:\/\/blog.vida.at\/pensionisten\/wp-content\/uploads\/sites\/10\/2024\/11\/IMG-20240906-WA0020-1.jpg",640,360,false],"1536x1536":["https:\/\/blog.vida.at\/pensionisten\/wp-content\/uploads\/sites\/10\/2024\/11\/IMG-20240906-WA0020-1.jpg",1000,563,false],"2048x2048":["https:\/\/blog.vida.at\/pensionisten\/wp-content\/uploads\/sites\/10\/2024\/11\/IMG-20240906-WA0020-1.jpg",1000,563,false],"ab-block-post-grid-landscape":["https:\/\/blog.vida.at\/pensionisten\/wp-content\/uploads\/sites\/10\/2024\/11\/IMG-20240906-WA0020-1-600x400.jpg",600,400,true],"ab-block-post-grid-square":["https:\/\/blog.vida.at\/pensionisten\/wp-content\/uploads\/sites\/10\/2024\/11\/IMG-20240906-WA0020-1-600x563.jpg",600,563,true],"post-thumbnail":["https:\/\/blog.vida.at\/pensionisten\/wp-content\/uploads\/sites\/10\/2024\/11\/IMG-20240906-WA0020-1.jpg",1000,563,false],"awb_sm":["https:\/\/blog.vida.at\/pensionisten\/wp-content\/uploads\/sites\/10\/2024\/11\/IMG-20240906-WA0020-1-500x282.jpg",500,282,true],"awb_md":["https:\/\/blog.vida.at\/pensionisten\/wp-content\/uploads\/sites\/10\/2024\/11\/IMG-20240906-WA0020-1-800x450.jpg",800,450,true],"awb_lg":["https:\/\/blog.vida.at\/pensionisten\/wp-content\/uploads\/sites\/10\/2024\/11\/IMG-20240906-WA0020-1.jpg",1000,563,false],"awb_xl":["https:\/\/blog.vida.at\/pensionisten\/wp-content\/uploads\/sites\/10\/2024\/11\/IMG-20240906-WA0020-1.jpg",1000,563,false]},"post_excerpt_stackable":"<p>Die vida-Region Pinzgau lud in luftige H\u00f6hen zum Mitgliederausflug 2024 ein. Jedes Jahr veranstaltet die vida-Region Pinzgau einen mehrt\u00e4gigen Ausflug f\u00fcr alle Mitglieder. Heuer waren \u00fcber 30 Mitglieder (Aktive und Pensionist:innen) mit dabei. Die gemeinsame Reise f\u00fchrte uns nach Bayern. Am 1. Tag besuchten wir die gro\u00dfe Sprungschanze in Garmisch-Partenkirchen. Der Schanzenchef des Neujahrsskispringen gab uns eine pers\u00f6nliche Schanzenf\u00fchrung. Am 2. Tag waren wir bei Traumwetter auf der Zugspitze. Am 3. Tag besuchten wir noch Schloss Linderhof. Wir freuen uns schon auf unseren n\u00e4chsten Ausflug im neuen Jahr!<\/p>\n","category_list":"<a href=\"https:\/\/blog.vida.at\/pensionisten\/category\/allgemein\/\" rel=\"category tag\">Allgemein<\/a>, <a href=\"https:\/\/blog.vida.at\/pensionisten\/category\/ortsgruppen\/\" rel=\"category tag\">Ortsgruppen<\/a>, <a href=\"https:\/\/blog.vida.at\/pensionisten\/category\/ortsgruppen\/salzburg\/\" rel=\"category tag\">Salzburg<\/a>","author_info":{"display_name":"mariontobola","author_link":"https:\/\/blog.vida.at\/pensionisten\/author\/mariontobola\/"},"comments_num":"0 comments","featured_image_urls_v2":{"full":["https:\/\/blog.vida.at\/pensionisten\/wp-content\/uploads\/sites\/10\/2024\/11\/IMG-20240906-WA0020-1.jpg",1000,563,false],"thumbnail":["https:\/\/blog.vida.at\/pensionisten\/wp-content\/uploads\/sites\/10\/2024\/11\/IMG-20240906-WA0020-1-150x150.jpg",150,150,true],"medium":["https:\/\/blog.vida.at\/pensionisten\/wp-content\/uploads\/sites\/10\/2024\/11\/IMG-20240906-WA0020-1-300x169.jpg",300,169,true],"medium_large":["https:\/\/blog.vida.at\/pensionisten\/wp-content\/uploads\/sites\/10\/2024\/11\/IMG-20240906-WA0020-1-768x432.jpg",640,360,true],"large":["https:\/\/blog.vida.at\/pensionisten\/wp-content\/uploads\/sites\/10\/2024\/11\/IMG-20240906-WA0020-1.jpg",640,360,false],"1536x1536":["https:\/\/blog.vida.at\/pensionisten\/wp-content\/uploads\/sites\/10\/2024\/11\/IMG-20240906-WA0020-1.jpg",1000,563,false],"2048x2048":["https:\/\/blog.vida.at\/pensionisten\/wp-content\/uploads\/sites\/10\/2024\/11\/IMG-20240906-WA0020-1.jpg",1000,563,false],"ab-block-post-grid-landscape":["https:\/\/blog.vida.at\/pensionisten\/wp-content\/uploads\/sites\/10\/2024\/11\/IMG-20240906-WA0020-1-600x400.jpg",600,400,true],"ab-block-post-grid-square":["https:\/\/blog.vida.at\/pensionisten\/wp-content\/uploads\/sites\/10\/2024\/11\/IMG-20240906-WA0020-1-600x563.jpg",600,563,true],"post-thumbnail":["https:\/\/blog.vida.at\/pensionisten\/wp-content\/uploads\/sites\/10\/2024\/11\/IMG-20240906-WA0020-1.jpg",1000,563,false],"awb_sm":["https:\/\/blog.vida.at\/pensionisten\/wp-content\/uploads\/sites\/10\/2024\/11\/IMG-20240906-WA0020-1-500x282.jpg",500,282,true],"awb_md":["https:\/\/blog.vida.at\/pensionisten\/wp-content\/uploads\/sites\/10\/2024\/11\/IMG-20240906-WA0020-1-800x450.jpg",800,450,true],"awb_lg":["https:\/\/blog.vida.at\/pensionisten\/wp-content\/uploads\/sites\/10\/2024\/11\/IMG-20240906-WA0020-1.jpg",1000,563,false],"awb_xl":["https:\/\/blog.vida.at\/pensionisten\/wp-content\/uploads\/sites\/10\/2024\/11\/IMG-20240906-WA0020-1.jpg",1000,563,false]},"post_excerpt_stackable_v2":"<p>Die vida-Region Pinzgau lud in luftige H\u00f6hen zum Mitgliederausflug 2024 ein. Jedes Jahr veranstaltet die vida-Region Pinzgau einen mehrt\u00e4gigen Ausflug f\u00fcr alle Mitglieder. Heuer waren \u00fcber 30 Mitglieder (Aktive und Pensionist:innen) mit dabei. Die gemeinsame Reise f\u00fchrte uns nach Bayern. Am 1. Tag besuchten wir die gro\u00dfe Sprungschanze in Garmisch-Partenkirchen. Der Schanzenchef des Neujahrsskispringen gab uns eine pers\u00f6nliche Schanzenf\u00fchrung. Am 2. Tag waren wir bei Traumwetter auf der Zugspitze. Am 3. Tag besuchten wir noch Schloss Linderhof. Wir freuen uns schon auf unseren n\u00e4chsten Ausflug im neuen Jahr!<\/p>\n","category_list_v2":"<a href=\"https:\/\/blog.vida.at\/pensionisten\/category\/allgemein\/\" rel=\"category tag\">Allgemein<\/a>, <a href=\"https:\/\/blog.vida.at\/pensionisten\/category\/ortsgruppen\/\" rel=\"category tag\">Ortsgruppen<\/a>, <a href=\"https:\/\/blog.vida.at\/pensionisten\/category\/ortsgruppen\/salzburg\/\" rel=\"category tag\">Salzburg<\/a>","author_info_v2":{"name":"mariontobola","url":"https:\/\/blog.vida.at\/pensionisten\/author\/mariontobola\/"},"comments_num_v2":"0 comments","yoast_head":"<!-- This site is optimized with the Yoast SEO plugin v27.3 - https:\/\/yoast.com\/product\/yoast-seo-wordpress\/ -->\n<title>Von der Schanze auf die Zugspitze bis ins Schloss<\/title>\n<meta name=\"robots\" content=\"index, follow, max-snippet:-1, max-image-preview:large, max-video-preview:-1\" \/>\n<link rel=\"canonical\" href=\"https:\/\/blog.vida.at\/pensionisten\/2024\/11\/26\/von-der-schanze-auf-die-zugspitze-ins-schloss\/\" \/>\n<meta property=\"og:locale\" content=\"de_DE\" \/>\n<meta property=\"og:type\" content=\"article\" \/>\n<meta property=\"og:title\" content=\"Von der Schanze auf die Zugspitze bis ins Schloss\" \/>\n<meta property=\"og:description\" content=\"Die vida-Region Pinzgau lud in luftige H\u00f6hen zum Mitgliederausflug 2024 ein.\" \/>\n<meta property=\"og:url\" content=\"https:\/\/blog.vida.at\/pensionisten\/2024\/11\/26\/von-der-schanze-auf-die-zugspitze-ins-schloss\/\" \/>\n<meta property=\"og:site_name\" content=\"vida Pensionisten\" \/>\n<meta property=\"article:published_time\" content=\"2024-11-26T09:08:52+00:00\" \/>\n<meta property=\"article:modified_time\" content=\"2024-11-26T09:09:29+00:00\" \/>\n<meta property=\"og:image\" content=\"https:\/\/blog.vida.at\/pensionisten\/wp-content\/uploads\/sites\/10\/2024\/11\/IMG-20240906-WA0020-1.jpg\" \/>\n\t<meta property=\"og:image:width\" content=\"1000\" \/>\n\t<meta property=\"og:image:height\" content=\"563\" \/>\n\t<meta property=\"og:image:type\" content=\"image\/jpeg\" \/>\n<meta name=\"author\" content=\"mariontobola\" \/>\n<meta name=\"twitter:card\" content=\"summary_large_image\" \/>\n<meta name=\"twitter:label1\" content=\"Verfasst von\" \/>\n\t<meta name=\"twitter:data1\" content=\"mariontobola\" \/>\n\t<meta name=\"twitter:label2\" content=\"Gesch\u00e4tzte Lesezeit\" \/>\n\t<meta name=\"twitter:data2\" content=\"3\u00a0Minuten\" \/>\n<script type=\"application\/ld+json\" class=\"yoast-schema-graph\">{\"@context\":\"https:\\\/\\\/schema.org\",\"@graph\":[{\"@type\":\"Article\",\"@id\":\"https:\\\/\\\/blog.vida.at\\\/pensionisten\\\/2024\\\/11\\\/26\\\/von-der-schanze-auf-die-zugspitze-ins-schloss\\\/#article\",\"isPartOf\":{\"@id\":\"https:\\\/\\\/blog.vida.at\\\/pensionisten\\\/2024\\\/11\\\/26\\\/von-der-schanze-auf-die-zugspitze-ins-schloss\\\/\"},\"author\":{\"name\":\"mariontobola\",\"@id\":\"https:\\\/\\\/blog.vida.at\\\/pensionisten\\\/#\\\/schema\\\/person\\\/88cee3ee93b9afdc51c92f5f63f38b8a\"},\"headline\":\"Von der Schanze auf die Zugspitze bis ins Schloss\",\"datePublished\":\"2024-11-26T09:08:52+00:00\",\"dateModified\":\"2024-11-26T09:09:29+00:00\",\"mainEntityOfPage\":{\"@id\":\"https:\\\/\\\/blog.vida.at\\\/pensionisten\\\/2024\\\/11\\\/26\\\/von-der-schanze-auf-die-zugspitze-ins-schloss\\\/\"},\"wordCount\":101,\"commentCount\":0,\"image\":{\"@id\":\"https:\\\/\\\/blog.vida.at\\\/pensionisten\\\/2024\\\/11\\\/26\\\/von-der-schanze-auf-die-zugspitze-ins-schloss\\\/#primaryimage\"},\"thumbnailUrl\":\"https:\\\/\\\/blog.vida.at\\\/pensionisten\\\/wp-content\\\/uploads\\\/sites\\\/10\\\/2024\\\/11\\\/IMG-20240906-WA0020-1.jpg\",\"articleSection\":{\"1\":\"Ortsgruppen\",\"2\":\"Salzburg\"},\"inLanguage\":\"de\",\"potentialAction\":[{\"@type\":\"CommentAction\",\"name\":\"Comment\",\"target\":[\"https:\\\/\\\/blog.vida.at\\\/pensionisten\\\/2024\\\/11\\\/26\\\/von-der-schanze-auf-die-zugspitze-ins-schloss\\\/#respond\"]}]},{\"@type\":\"WebPage\",\"@id\":\"https:\\\/\\\/blog.vida.at\\\/pensionisten\\\/2024\\\/11\\\/26\\\/von-der-schanze-auf-die-zugspitze-ins-schloss\\\/\",\"url\":\"https:\\\/\\\/blog.vida.at\\\/pensionisten\\\/2024\\\/11\\\/26\\\/von-der-schanze-auf-die-zugspitze-ins-schloss\\\/\",\"name\":\"Von der Schanze auf die Zugspitze bis ins Schloss\",\"isPartOf\":{\"@id\":\"https:\\\/\\\/blog.vida.at\\\/pensionisten\\\/#website\"},\"primaryImageOfPage\":{\"@id\":\"https:\\\/\\\/blog.vida.at\\\/pensionisten\\\/2024\\\/11\\\/26\\\/von-der-schanze-auf-die-zugspitze-ins-schloss\\\/#primaryimage\"},\"image\":{\"@id\":\"https:\\\/\\\/blog.vida.at\\\/pensionisten\\\/2024\\\/11\\\/26\\\/von-der-schanze-auf-die-zugspitze-ins-schloss\\\/#primaryimage\"},\"thumbnailUrl\":\"https:\\\/\\\/blog.vida.at\\\/pensionisten\\\/wp-content\\\/uploads\\\/sites\\\/10\\\/2024\\\/11\\\/IMG-20240906-WA0020-1.jpg\",\"datePublished\":\"2024-11-26T09:08:52+00:00\",\"dateModified\":\"2024-11-26T09:09:29+00:00\",\"author\":{\"@id\":\"https:\\\/\\\/blog.vida.at\\\/pensionisten\\\/#\\\/schema\\\/person\\\/88cee3ee93b9afdc51c92f5f63f38b8a\"},\"breadcrumb\":{\"@id\":\"https:\\\/\\\/blog.vida.at\\\/pensionisten\\\/2024\\\/11\\\/26\\\/von-der-schanze-auf-die-zugspitze-ins-schloss\\\/#breadcrumb\"},\"inLanguage\":\"de\",\"potentialAction\":[{\"@type\":\"ReadAction\",\"target\":[\"https:\\\/\\\/blog.vida.at\\\/pensionisten\\\/2024\\\/11\\\/26\\\/von-der-schanze-auf-die-zugspitze-ins-schloss\\\/\"]}]},{\"@type\":\"ImageObject\",\"inLanguage\":\"de\",\"@id\":\"https:\\\/\\\/blog.vida.at\\\/pensionisten\\\/2024\\\/11\\\/26\\\/von-der-schanze-auf-die-zugspitze-ins-schloss\\\/#primaryimage\",\"url\":\"https:\\\/\\\/blog.vida.at\\\/pensionisten\\\/wp-content\\\/uploads\\\/sites\\\/10\\\/2024\\\/11\\\/IMG-20240906-WA0020-1.jpg\",\"contentUrl\":\"https:\\\/\\\/blog.vida.at\\\/pensionisten\\\/wp-content\\\/uploads\\\/sites\\\/10\\\/2024\\\/11\\\/IMG-20240906-WA0020-1.jpg\",\"width\":1000,\"height\":563},{\"@type\":\"BreadcrumbList\",\"@id\":\"https:\\\/\\\/blog.vida.at\\\/pensionisten\\\/2024\\\/11\\\/26\\\/von-der-schanze-auf-die-zugspitze-ins-schloss\\\/#breadcrumb\",\"itemListElement\":[{\"@type\":\"ListItem\",\"position\":1,\"name\":\"Startseite\",\"item\":\"https:\\\/\\\/blog.vida.at\\\/pensionisten\\\/\"},{\"@type\":\"ListItem\",\"position\":2,\"name\":\"Von der Schanze auf die Zugspitze bis ins Schloss\"}]},{\"@type\":\"WebSite\",\"@id\":\"https:\\\/\\\/blog.vida.at\\\/pensionisten\\\/#website\",\"url\":\"https:\\\/\\\/blog.vida.at\\\/pensionisten\\\/\",\"name\":\"vida Pensionisten\",\"description\":\"\",\"potentialAction\":[{\"@type\":\"SearchAction\",\"target\":{\"@type\":\"EntryPoint\",\"urlTemplate\":\"https:\\\/\\\/blog.vida.at\\\/pensionisten\\\/?s={search_term_string}\"},\"query-input\":{\"@type\":\"PropertyValueSpecification\",\"valueRequired\":true,\"valueName\":\"search_term_string\"}}],\"inLanguage\":\"de\"},{\"@type\":\"Person\",\"@id\":\"https:\\\/\\\/blog.vida.at\\\/pensionisten\\\/#\\\/schema\\\/person\\\/88cee3ee93b9afdc51c92f5f63f38b8a\",\"name\":\"mariontobola\",\"image\":{\"@type\":\"ImageObject\",\"inLanguage\":\"de\",\"@id\":\"https:\\\/\\\/secure.gravatar.com\\\/avatar\\\/5d2c516985e4eda61bca05bd3b4359b4358135bd1e1a5b08c539e9cd1edd6528?s=96&d=mm&r=g\",\"url\":\"https:\\\/\\\/secure.gravatar.com\\\/avatar\\\/5d2c516985e4eda61bca05bd3b4359b4358135bd1e1a5b08c539e9cd1edd6528?s=96&d=mm&r=g\",\"contentUrl\":\"https:\\\/\\\/secure.gravatar.com\\\/avatar\\\/5d2c516985e4eda61bca05bd3b4359b4358135bd1e1a5b08c539e9cd1edd6528?s=96&d=mm&r=g\",\"caption\":\"mariontobola\"},\"url\":\"https:\\\/\\\/blog.vida.at\\\/pensionisten\\\/author\\\/mariontobola\\\/\"}]}<\/script>\n<!-- \/ Yoast SEO plugin. -->","yoast_head_json":{"title":"Von der Schanze auf die Zugspitze bis ins Schloss","robots":{"index":"index","follow":"follow","max-snippet":"max-snippet:-1","max-image-preview":"max-image-preview:large","max-video-preview":"max-video-preview:-1"},"canonical":"https:\/\/blog.vida.at\/pensionisten\/2024\/11\/26\/von-der-schanze-auf-die-zugspitze-ins-schloss\/","og_locale":"de_DE","og_type":"article","og_title":"Von der Schanze auf die Zugspitze bis ins Schloss","og_description":"Die vida-Region Pinzgau lud in luftige H\u00f6hen zum Mitgliederausflug 2024 ein.","og_url":"https:\/\/blog.vida.at\/pensionisten\/2024\/11\/26\/von-der-schanze-auf-die-zugspitze-ins-schloss\/","og_site_name":"vida Pensionisten","article_published_time":"2024-11-26T09:08:52+00:00","article_modified_time":"2024-11-26T09:09:29+00:00","og_image":[{"width":1000,"height":563,"url":"https:\/\/blog.vida.at\/pensionisten\/wp-content\/uploads\/sites\/10\/2024\/11\/IMG-20240906-WA0020-1.jpg","type":"image\/jpeg"}],"author":"mariontobola","twitter_card":"summary_large_image","twitter_misc":{"Verfasst von":"mariontobola","Gesch\u00e4tzte Lesezeit":"3\u00a0Minuten"},"schema":{"@context":"https:\/\/schema.org","@graph":[{"@type":"Article","@id":"https:\/\/blog.vida.at\/pensionisten\/2024\/11\/26\/von-der-schanze-auf-die-zugspitze-ins-schloss\/#article","isPartOf":{"@id":"https:\/\/blog.vida.at\/pensionisten\/2024\/11\/26\/von-der-schanze-auf-die-zugspitze-ins-schloss\/"},"author":{"name":"mariontobola","@id":"https:\/\/blog.vida.at\/pensionisten\/#\/schema\/person\/88cee3ee93b9afdc51c92f5f63f38b8a"},"headline":"Von der Schanze auf die Zugspitze bis ins Schloss","datePublished":"2024-11-26T09:08:52+00:00","dateModified":"2024-11-26T09:09:29+00:00","mainEntityOfPage":{"@id":"https:\/\/blog.vida.at\/pensionisten\/2024\/11\/26\/von-der-schanze-auf-die-zugspitze-ins-schloss\/"},"wordCount":101,"commentCount":0,"image":{"@id":"https:\/\/blog.vida.at\/pensionisten\/2024\/11\/26\/von-der-schanze-auf-die-zugspitze-ins-schloss\/#primaryimage"},"thumbnailUrl":"https:\/\/blog.vida.at\/pensionisten\/wp-content\/uploads\/sites\/10\/2024\/11\/IMG-20240906-WA0020-1.jpg","articleSection":{"1":"Ortsgruppen","2":"Salzburg"},"inLanguage":"de","potentialAction":[{"@type":"CommentAction","name":"Comment","target":["https:\/\/blog.vida.at\/pensionisten\/2024\/11\/26\/von-der-schanze-auf-die-zugspitze-ins-schloss\/#respond"]}]},{"@type":"WebPage","@id":"https:\/\/blog.vida.at\/pensionisten\/2024\/11\/26\/von-der-schanze-auf-die-zugspitze-ins-schloss\/","url":"https:\/\/blog.vida.at\/pensionisten\/2024\/11\/26\/von-der-schanze-auf-die-zugspitze-ins-schloss\/","name":"Von der Schanze auf die Zugspitze bis ins Schloss","isPartOf":{"@id":"https:\/\/blog.vida.at\/pensionisten\/#website"},"primaryImageOfPage":{"@id":"https:\/\/blog.vida.at\/pensionisten\/2024\/11\/26\/von-der-schanze-auf-die-zugspitze-ins-schloss\/#primaryimage"},"image":{"@id":"https:\/\/blog.vida.at\/pensionisten\/2024\/11\/26\/von-der-schanze-auf-die-zugspitze-ins-schloss\/#primaryimage"},"thumbnailUrl":"https:\/\/blog.vida.at\/pensionisten\/wp-content\/uploads\/sites\/10\/2024\/11\/IMG-20240906-WA0020-1.jpg","datePublished":"2024-11-26T09:08:52+00:00","dateModified":"2024-11-26T09:09:29+00:00","author":{"@id":"https:\/\/blog.vida.at\/pensionisten\/#\/schema\/person\/88cee3ee93b9afdc51c92f5f63f38b8a"},"breadcrumb":{"@id":"https:\/\/blog.vida.at\/pensionisten\/2024\/11\/26\/von-der-schanze-auf-die-zugspitze-ins-schloss\/#breadcrumb"},"inLanguage":"de","potentialAction":[{"@type":"ReadAction","target":["https:\/\/blog.vida.at\/pensionisten\/2024\/11\/26\/von-der-schanze-auf-die-zugspitze-ins-schloss\/"]}]},{"@type":"ImageObject","inLanguage":"de","@id":"https:\/\/blog.vida.at\/pensionisten\/2024\/11\/26\/von-der-schanze-auf-die-zugspitze-ins-schloss\/#primaryimage","url":"https:\/\/blog.vida.at\/pensionisten\/wp-content\/uploads\/sites\/10\/2024\/11\/IMG-20240906-WA0020-1.jpg","contentUrl":"https:\/\/blog.vida.at\/pensionisten\/wp-content\/uploads\/sites\/10\/2024\/11\/IMG-20240906-WA0020-1.jpg","width":1000,"height":563},{"@type":"BreadcrumbList","@id":"https:\/\/blog.vida.at\/pensionisten\/2024\/11\/26\/von-der-schanze-auf-die-zugspitze-ins-schloss\/#breadcrumb","itemListElement":[{"@type":"ListItem","position":1,"name":"Startseite","item":"https:\/\/blog.vida.at\/pensionisten\/"},{"@type":"ListItem","position":2,"name":"Von der Schanze auf die Zugspitze bis ins Schloss"}]},{"@type":"WebSite","@id":"https:\/\/blog.vida.at\/pensionisten\/#website","url":"https:\/\/blog.vida.at\/pensionisten\/","name":"vida Pensionisten","description":"","potentialAction":[{"@type":"SearchAction","target":{"@type":"EntryPoint","urlTemplate":"https:\/\/blog.vida.at\/pensionisten\/?s={search_term_string}"},"query-input":{"@type":"PropertyValueSpecification","valueRequired":true,"valueName":"search_term_string"}}],"inLanguage":"de"},{"@type":"Person","@id":"https:\/\/blog.vida.at\/pensionisten\/#\/schema\/person\/88cee3ee93b9afdc51c92f5f63f38b8a","name":"mariontobola","image":{"@type":"ImageObject","inLanguage":"de","@id":"https:\/\/secure.gravatar.com\/avatar\/5d2c516985e4eda61bca05bd3b4359b4358135bd1e1a5b08c539e9cd1edd6528?s=96&d=mm&r=g","url":"https:\/\/secure.gravatar.com\/avatar\/5d2c516985e4eda61bca05bd3b4359b4358135bd1e1a5b08c539e9cd1edd6528?s=96&d=mm&r=g","contentUrl":"https:\/\/secure.gravatar.com\/avatar\/5d2c516985e4eda61bca05bd3b4359b4358135bd1e1a5b08c539e9cd1edd6528?s=96&d=mm&r=g","caption":"mariontobola"},"url":"https:\/\/blog.vida.at\/pensionisten\/author\/mariontobola\/"}]}},"author_meta":{"display_name":"mariontobola","author_link":"https:\/\/blog.vida.at\/pensionisten\/author\/mariontobola\/"},"featured_img":"https:\/\/blog.vida.at\/pensionisten\/wp-content\/uploads\/sites\/10\/2024\/11\/IMG-20240906-WA0020-1-300x169.jpg","featured_image_src":"https:\/\/blog.vida.at\/pensionisten\/wp-content\/uploads\/sites\/10\/2024\/11\/IMG-20240906-WA0020-1-600x400.jpg","featured_image_src_square":"https:\/\/blog.vida.at\/pensionisten\/wp-content\/uploads\/sites\/10\/2024\/11\/IMG-20240906-WA0020-1-600x563.jpg","uagb_featured_image_src":{"full":["https:\/\/blog.vida.at\/pensionisten\/wp-content\/uploads\/sites\/10\/2024\/11\/IMG-20240906-WA0020-1.jpg",1000,563,false],"thumbnail":["https:\/\/blog.vida.at\/pensionisten\/wp-content\/uploads\/sites\/10\/2024\/11\/IMG-20240906-WA0020-1-150x150.jpg",150,150,true],"medium":["https:\/\/blog.vida.at\/pensionisten\/wp-content\/uploads\/sites\/10\/2024\/11\/IMG-20240906-WA0020-1-300x169.jpg",300,169,true],"medium_large":["https:\/\/blog.vida.at\/pensionisten\/wp-content\/uploads\/sites\/10\/2024\/11\/IMG-20240906-WA0020-1-768x432.jpg",640,360,true],"large":["https:\/\/blog.vida.at\/pensionisten\/wp-content\/uploads\/sites\/10\/2024\/11\/IMG-20240906-WA0020-1.jpg",640,360,false],"1536x1536":["https:\/\/blog.vida.at\/pensionisten\/wp-content\/uploads\/sites\/10\/2024\/11\/IMG-20240906-WA0020-1.jpg",1000,563,false],"2048x2048":["https:\/\/blog.vida.at\/pensionisten\/wp-content\/uploads\/sites\/10\/2024\/11\/IMG-20240906-WA0020-1.jpg",1000,563,false],"ab-block-post-grid-landscape":["https:\/\/blog.vida.at\/pensionisten\/wp-content\/uploads\/sites\/10\/2024\/11\/IMG-20240906-WA0020-1-600x400.jpg",600,400,true],"ab-block-post-grid-square":["https:\/\/blog.vida.at\/pensionisten\/wp-content\/uploads\/sites\/10\/2024\/11\/IMG-20240906-WA0020-1-600x563.jpg",600,563,true],"post-thumbnail":["https:\/\/blog.vida.at\/pensionisten\/wp-content\/uploads\/sites\/10\/2024\/11\/IMG-20240906-WA0020-1.jpg",1000,563,false],"awb_sm":["https:\/\/blog.vida.at\/pensionisten\/wp-content\/uploads\/sites\/10\/2024\/11\/IMG-20240906-WA0020-1-500x282.jpg",500,282,true],"awb_md":["https:\/\/blog.vida.at\/pensionisten\/wp-content\/uploads\/sites\/10\/2024\/11\/IMG-20240906-WA0020-1-800x450.jpg",800,450,true],"awb_lg":["https:\/\/blog.vida.at\/pensionisten\/wp-content\/uploads\/sites\/10\/2024\/11\/IMG-20240906-WA0020-1.jpg",1000,563,false],"awb_xl":["https:\/\/blog.vida.at\/pensionisten\/wp-content\/uploads\/sites\/10\/2024\/11\/IMG-20240906-WA0020-1.jpg",1000,563,false]},"uagb_author_info":{"display_name":"mariontobola","author_link":"https:\/\/blog.vida.at\/pensionisten\/author\/mariontobola\/"},"uagb_comment_info":0,"uagb_excerpt":"Die vida-Region Pinzgau lud in luftige H\u00f6hen zum Mitgliederausflug 2024 ein.","coauthors":[],"tax_additional":{"categories":{"linked":["<a href=\"https:\/\/blog.vida.at\/pensionisten\/category\/allgemein\/\" class=\"advgb-post-tax-term\">Allgemein<\/a>","<a href=\"https:\/\/blog.vida.at\/pensionisten\/category\/ortsgruppen\/\" class=\"advgb-post-tax-term\">Ortsgruppen<\/a>","<a href=\"https:\/\/blog.vida.at\/pensionisten\/category\/ortsgruppen\/salzburg\/\" class=\"advgb-post-tax-term\">Salzburg<\/a>"],"unlinked":["<span class=\"advgb-post-tax-term\">Allgemein<\/span>","<span class=\"advgb-post-tax-term\">Ortsgruppen<\/span>","<span class=\"advgb-post-tax-term\">Salzburg<\/span>"]}},"comment_count":"0","relative_dates":{"created":"Ver\u00f6ffentlicht 1\u00a0Jahr vor","modified":"Aktualisiert 1\u00a0Jahr vor"},"absolute_dates":{"created":"Ver\u00f6ffentlicht am 26. November 2024","modified":"Aktualisiert am 26. November 2024"},"absolute_dates_time":{"created":"Ver\u00f6ffentlicht am 26. November 2024 10:08","modified":"Aktualisiert am 26. November 2024 10:09"},"featured_img_caption":"","series_order":"","_links":{"self":[{"href":"https:\/\/blog.vida.at\/pensionisten\/wp-json\/wp\/v2\/posts\/9936","targetHints":{"allow":["GET"]}}],"collection":[{"href":"https:\/\/blog.vida.at\/pensionisten\/wp-json\/wp\/v2\/posts"}],"about":[{"href":"https:\/\/blog.vida.at\/pensionisten\/wp-json\/wp\/v2\/types\/post"}],"author":[{"embeddable":true,"href":"https:\/\/blog.vida.at\/pensionisten\/wp-json\/wp\/v2\/users\/8"}],"replies":[{"embeddable":true,"href":"https:\/\/blog.vida.at\/pensionisten\/wp-json\/wp\/v2\/comments?post=9936"}],"version-history":[{"count":3,"href":"https:\/\/blog.vida.at\/pensionisten\/wp-json\/wp\/v2\/posts\/9936\/revisions"}],"predecessor-version":[{"id":9950,"href":"https:\/\/blog.vida.at\/pensionisten\/wp-json\/wp\/v2\/posts\/9936\/revisions\/9950"}],"wp:featuredmedia":[{"embeddable":true,"href":"https:\/\/blog.vida.at\/pensionisten\/wp-json\/wp\/v2\/media\/9948"}],"wp:attachment":[{"href":"https:\/\/blog.vida.at\/pensionisten\/wp-json\/wp\/v2\/media?parent=9936"}],"wp:term":[{"taxonomy":"category","embeddable":true,"href":"https:\/\/blog.vida.at\/pensionisten\/wp-json\/wp\/v2\/categories?post=9936"},{"taxonomy":"post_tag","embeddable":true,"href":"https:\/\/blog.vida.at\/pensionisten\/wp-json\/wp\/v2\/tags?post=9936"},{"taxonomy":"Orte","embeddable":true,"href":"https:\/\/blog.vida.at\/pensionisten\/wp-json\/wp\/v2\/Orte?post=9936"},{"taxonomy":"activitytype","embeddable":true,"href":"https:\/\/blog.vida.at\/pensionisten\/wp-json\/wp\/v2\/activitytype?post=9936"}],"curies":[{"name":"wp","href":"https:\/\/api.w.org\/{rel}","templated":true}]}}